{"id":3593,"date":"2017-11-17T13:58:23","date_gmt":"2017-11-17T11:58:23","guid":{"rendered":"http:\/\/gremicafe.cat\/?p=3593"},"modified":"2018-04-04T09:22:45","modified_gmt":"2018-04-04T07:22:45","slug":"els-respon-cat-premien-cafes-novell","status":"publish","type":"post","link":"https:\/\/gremicafe.cat\/es\/2017\/11\/17\/els-respon-cat-premien-cafes-novell\/","title":{"rendered":"Los Respon.cat premian Caf\u00e8s Novell"},"content":{"rendered":"<section id=\"ut-section-69f3f42f609af\" data-vc-full-width=\"true\" data-vc-full-width-init=\"false\" class=\"vc_section vc_section-has-no-fill ut-section-69f3f42f609c9\"><div id=\"ut-row-69f3f42f61103\" data-vc-full-width=\"true\" data-vc-full-width-init=\"false\" class=\"vc_row wpb_row vc_row-fluid vc_column-gap-0 ut-row-69f3f42f61117\" ><div class=\"wpb_column vc_column_container vc_col-sm-12\" ><div id=\"ut_inner_column_69f3f42f61af4\" class=\"vc_column-inner\"><div class=\"wpb_wrapper\"><div class=\"wpb_content_element\"><style type=\"text\/css\" scoped>#ut_header_69f3f42f61eaa h2 span { color:; }#ut_header_69f3f42f61eaa h2.section-title { font-size: 25px; }#ut_header_69f3f42f61eaa.pt-style-2 .page-title:after, #ut_header_69f3f42f61eaa.pt-style-2 .parallax-title:after, #ut_header_69f3f42f61eaa.pt-style-2 .section-title:after {background-color: ;height: ;width: ;}<\/style><header id=\"ut_header_69f3f42f61eaa\" class=\"section-header pt-style-2 header-left\"><h2  class=\"section-title\"><span>Caf\u00e8s Novell, por su trayectoria en responsabilidad social empresarial, ha recibido el premio Respon.cat.<\/span><\/h2><\/header><\/div><\/div><\/div><\/div><\/div><div class=\"vc_row-full-width vc_clearfix\"><\/div><div id=\"ut-row-69f3f42f6228c\" data-vc-full-width=\"true\" data-vc-full-width-init=\"false\" class=\"vc_row wpb_row vc_row-fluid vc_column-gap-0 ut-row-69f3f42f6229d\" ><div class=\"wpb_column vc_column_container vc_col-sm-3\" ><div id=\"ut_inner_column_69f3f42f626f9\" class=\"vc_column-inner\"><div class=\"wpb_wrapper\">\n\t<div class=\"wpb_text_column wpb_content_element\" >\n\t\t<div class=\"wpb_wrapper\">\n\t\t\t<p style=\"text-align: justify;\">Seis organizaciones, una persona y un territorio han sido reconocidos por sus buenas pr\u00e1cticas y su trayectoria en materia de Responsabilidad Social Empresarial en el acto de entrega de premios <span class=\"skimlinks-unlinked\">Respon.cat<\/span>, en la tercera edici\u00f3n de estos reconocimientos de referencia en Catalu\u00f1a. Ciento cincuenta personas se congregaron este mi\u00e9rcoles por la tarde en la casa Llotja de Mar de Barcelona para asistir al acto de entrega de los premios, organizados por la asociaci\u00f3n empresarial <span class=\"skimlinks-unlinked\">Respon.cat<\/span>. Entre los premiados se encuentra la empresa cafetera Caf\u00e8s Novell, por su trayectoria socialmente responsable.<\/p>\n\n\t\t<\/div>\n\t<\/div>\n<\/div><\/div><\/div><div class=\"wpb_column vc_column_container vc_col-sm-9\" ><div id=\"ut_inner_column_69f3f42f62ad1\" class=\"vc_column-inner\"><div class=\"wpb_wrapper\"><div class=\"wpb_content_element   clearfix\">            \n            <script type=\"text\/javascript\">\n                \n                (function($){\n                    \n                    $(document).ready(function(){\n                        \n                                                                        \n                        function get_animated_objects( $all_appeared_elements, effect ) {\n                            \n                            var counter = 0;\n                            \n                            $all_appeared_elements.each(function(){\n                                        \n                                if( $(this).hasClass(effect) ) {\n\n                                    counter++;\n\n                                }\n\n                            });\n                            \n                            return counter;\n                            \n                        }\n                        \n                          \n                    });\n                        \n                })(jQuery);\n            \n            <\/script>\n            \n            <style type=\"text\/css\" scoped>#ut_ig_69f3f42f62b8e .ut-lazy:not(.ut-image-loaded) + .ut-video-module-loading { display:block; }#ut_ig_69f3f42f62b8e .ut-lazy.ut-image-loaded + .ut-video-module-loading { display:none; }<\/style><div id=\"ut_ig_69f3f42f62b8e\" class=\"ut-image-gallery  clearfix\"><div  data-count=\"1\" class=\"ut-image-gallery-item ut-animation-done grid-100 tablet-grid-100 mobile-grid-100\"><a  class=\"ut-vc-images-lightbox\"  data-exthumbimage=\"https:\/\/gremicafe.cat\/wp-content\/uploads\/2018\/04\/acte_premis_respon-cat_2017_premiades2-1024x682-150x150.jpg\" href=\"https:\/\/gremicafe.cat\/wp-content\/uploads\/2018\/04\/acte_premis_respon-cat_2017_premiades2-1024x682.jpg\"><div class=\"ut-image-gallery-image\"><img loading=\"lazy\" decoding=\"async\"  class=\"\" src=\"https:\/\/gremicafe.cat\/wp-content\/uploads\/2018\/04\/acte_premis_respon-cat_2017_premiades2-1024x682.jpg\" width=\"1024\" height=\"682\"><\/div><\/a><\/div><div class=\"clear\"><\/div><\/div><\/div>\n\t<div class=\"wpb_text_column wpb_content_element\" >\n\t\t<div class=\"wpb_wrapper\">\n\t\t\t<p style=\"text-align: left; color: #666666!important; font-size: 0.8em;\">Ramon Novell, de Caf\u00e9s Novell, entre los premiados <span class=\"skimlinks-unlinked\">Respon.cat<\/span><\/p>\n\n\t\t<\/div>\n\t<\/div>\n<\/div><\/div><\/div><\/div><div class=\"vc_row-full-width vc_clearfix\"><\/div><div id=\"ut-row-69f3f42f63aa3\" data-vc-full-width=\"true\" data-vc-full-width-init=\"false\" class=\"vc_row wpb_row vc_row-fluid vc_column-gap-0 ut-row-69f3f42f63ab1\" ><div class=\"wpb_column vc_column_container vc_col-sm-12\" ><div id=\"ut_inner_column_69f3f42f63e60\" class=\"vc_column-inner\"><div class=\"wpb_wrapper\">\n\t<div class=\"wpb_text_column wpb_content_element\" >\n\t\t<div class=\"wpb_wrapper\">\n\t\t\t<p style=\"text-align: justify;\">En nombre de la empresa, su codirector general Ramon Novell agradec\u00eda el reconocimiento y explicaba que los valores de responsabilidad social y empresarial est\u00e1n muy arraigados en todos los trabajadores de la organizaci\u00f3n.<\/p>\n<p style=\"text-align: justify;\">Entre los dem\u00e1s premiados, en esta tercera edici\u00f3n, los Premios <span class=\"skimlinks-unlinked\">Respon.cat<\/span> han reconocido por primera vez a un organismo p\u00fablico por las buenas pr\u00e1cticas en reforma horaria. El jurado decidi\u00f3 otorgar este reconocimiento al Parlament de Catalunya por c\u00f3mo est\u00e1 aplicando este compromiso en su organizaci\u00f3n interna, aparte de los esfuerzos por impulsar esta reforma desde el \u00e1mbito legislativo con consenso pol\u00edtico.<\/p>\n<p style=\"text-align: left;\">Ver la noticia completa en:<\/p>\n<p><a href=\"http:\/\/www.respon.cat\/catalunya-premia-les-seves-empreses-responsables\/\" target=\"_blank\" rel=\"nofollow noopener\">http:\/\/www.respon.cat\/catalunya-premia-les-seves-empreses-responsables\/<\/a><\/p>\n<p><a href=\"http:\/\/www.rtvvilafranca.cat\/2017\/11\/respon-cat-premien-lalt-penedes-cafes-novell\/\" target=\"_blank\" rel=\"nofollow noopener\">http:\/\/www.rtvvilafranca.cat\/2017\/11\/respon-cat-premien-lalt-penedes-cafes-novell\/<\/a><\/p>\n\n\t\t<\/div>\n\t<\/div>\n<\/div><\/div><\/div><\/div><div class=\"vc_row-full-width vc_clearfix\"><\/div><\/section><div class=\"vc_row-full-width vc_clearfix\"><\/div>","protected":false},"excerpt":{"rendered":"#ut_header_69f3f42f655c9 h2 span { color:; }#ut_header_69f3f42f655c9 h2.section-title { font-size: 25px; }#ut_header_69f3f42f655c9.pt-style-2 .page-title:after, #ut_header_69f3f42f655c9.pt-style-2 .parallax-title:after, #ut_header_69f3f42f655c9.pt-style-2 .section-title:after {background-color: ;height: ;width: ;}Caf\u00e8s Novell, per la seva traject\u00f2ria en responsabilitat social empresarial, ha rebut el premi Respon.cat. Sis organitzacions, una persona i un territori han estat reconeguts per les seves bones pr\u00e0ctiques i la seva traject\u00f2ria en mat\u00e8ria [...]","protected":false},"author":1,"featured_media":3594,"comment_status":"closed","ping_status":"open","sticky":false,"template":"","format":"standard","meta":{"_acf_changed":false,"inline_featured_image":false,"footnotes":""},"categories":[1],"tags":[],"class_list":["post-3593","post","type-post","status-publish","format-standard","has-post-thumbnail","hentry","category-noticies"],"acf":[],"yoast_head":"<!-- This site is optimized with the Yoast SEO plugin v25.5 - https:\/\/yoast.com\/wordpress\/plugins\/seo\/ -->\n<title>Els Respon.cat premien Caf\u00e8s Novell - Gremi del Caf\u00e8, torradors de Catalunya<\/title>\n<meta name=\"robots\" content=\"index, follow, max-snippet:-1, max-image-preview:large, max-video-preview:-1\" \/>\n<link rel=\"canonical\" href=\"https:\/\/gremicafe.cat\/es\/2017\/11\/17\/els-respon-cat-premien-cafes-novell\/\" \/>\n<meta property=\"og:locale\" content=\"es_ES\" \/>\n<meta property=\"og:type\" content=\"article\" \/>\n<meta property=\"og:title\" content=\"Els Respon.cat premien Caf\u00e8s Novell - Gremi del Caf\u00e8, torradors de Catalunya\" \/>\n<meta property=\"og:url\" content=\"https:\/\/gremicafe.cat\/es\/2017\/11\/17\/els-respon-cat-premien-cafes-novell\/\" \/>\n<meta property=\"og:site_name\" content=\"Gremi del Caf\u00e8, torradors de Catalunya\" \/>\n<meta property=\"article:publisher\" content=\"https:\/\/www.facebook.com\/gremicafecat\" \/>\n<meta property=\"article:published_time\" content=\"2017-11-17T11:58:23+00:00\" \/>\n<meta property=\"article:modified_time\" content=\"2018-04-04T07:22:45+00:00\" \/>\n<meta property=\"og:image\" content=\"https:\/\/gremicafe.cat\/wp-content\/uploads\/2018\/04\/acte_premis_respon-cat_2017_premiades2-1024x682.jpg\" \/>\n\t<meta property=\"og:image:width\" content=\"1024\" \/>\n\t<meta property=\"og:image:height\" content=\"682\" \/>\n\t<meta property=\"og:image:type\" content=\"image\/jpeg\" \/>\n<meta name=\"author\" content=\"gremicafe\" \/>\n<meta name=\"twitter:card\" content=\"summary_large_image\" \/>\n<meta name=\"twitter:creator\" content=\"@gremicafecat\" \/>\n<meta name=\"twitter:site\" content=\"@gremicafecat\" \/>\n<meta name=\"twitter:label1\" content=\"Escrito por\" \/>\n\t<meta name=\"twitter:data1\" content=\"gremicafe\" \/>\n\t<meta name=\"twitter:label2\" content=\"Tiempo de lectura\" \/>\n\t<meta name=\"twitter:data2\" content=\"2 minutos\" \/>\n<script type=\"application\/ld+json\" class=\"yoast-schema-graph\">{\"@context\":\"https:\/\/schema.org\",\"@graph\":[{\"@type\":\"Article\",\"@id\":\"https:\/\/gremicafe.cat\/2017\/11\/17\/els-respon-cat-premien-cafes-novell\/#article\",\"isPartOf\":{\"@id\":\"https:\/\/gremicafe.cat\/2017\/11\/17\/els-respon-cat-premien-cafes-novell\/\"},\"author\":{\"name\":\"gremicafe\",\"@id\":\"https:\/\/gremicafe.cat\/#\/schema\/person\/dabfdbb3d0fa36260855a380f94e4733\"},\"headline\":\"Els Respon.cat premien Caf\u00e8s Novell\",\"datePublished\":\"2017-11-17T11:58:23+00:00\",\"dateModified\":\"2018-04-04T07:22:45+00:00\",\"mainEntityOfPage\":{\"@id\":\"https:\/\/gremicafe.cat\/2017\/11\/17\/els-respon-cat-premien-cafes-novell\/\"},\"wordCount\":327,\"publisher\":{\"@id\":\"https:\/\/gremicafe.cat\/#organization\"},\"image\":{\"@id\":\"https:\/\/gremicafe.cat\/2017\/11\/17\/els-respon-cat-premien-cafes-novell\/#primaryimage\"},\"thumbnailUrl\":\"https:\/\/gremicafe.cat\/wp-content\/uploads\/2018\/04\/acte_premis_respon-cat_2017_premiades2-1024x682.jpg\",\"articleSection\":[\"Not\u00edcies\"],\"inLanguage\":\"es\"},{\"@type\":\"WebPage\",\"@id\":\"https:\/\/gremicafe.cat\/2017\/11\/17\/els-respon-cat-premien-cafes-novell\/\",\"url\":\"https:\/\/gremicafe.cat\/2017\/11\/17\/els-respon-cat-premien-cafes-novell\/\",\"name\":\"Els Respon.cat premien Caf\u00e8s Novell - Gremi del Caf\u00e8, torradors de Catalunya\",\"isPartOf\":{\"@id\":\"https:\/\/gremicafe.cat\/#website\"},\"primaryImageOfPage\":{\"@id\":\"https:\/\/gremicafe.cat\/2017\/11\/17\/els-respon-cat-premien-cafes-novell\/#primaryimage\"},\"image\":{\"@id\":\"https:\/\/gremicafe.cat\/2017\/11\/17\/els-respon-cat-premien-cafes-novell\/#primaryimage\"},\"thumbnailUrl\":\"https:\/\/gremicafe.cat\/wp-content\/uploads\/2018\/04\/acte_premis_respon-cat_2017_premiades2-1024x682.jpg\",\"datePublished\":\"2017-11-17T11:58:23+00:00\",\"dateModified\":\"2018-04-04T07:22:45+00:00\",\"breadcrumb\":{\"@id\":\"https:\/\/gremicafe.cat\/2017\/11\/17\/els-respon-cat-premien-cafes-novell\/#breadcrumb\"},\"inLanguage\":\"es\",\"potentialAction\":[{\"@type\":\"ReadAction\",\"target\":[\"https:\/\/gremicafe.cat\/2017\/11\/17\/els-respon-cat-premien-cafes-novell\/\"]}]},{\"@type\":\"ImageObject\",\"inLanguage\":\"es\",\"@id\":\"https:\/\/gremicafe.cat\/2017\/11\/17\/els-respon-cat-premien-cafes-novell\/#primaryimage\",\"url\":\"https:\/\/gremicafe.cat\/wp-content\/uploads\/2018\/04\/acte_premis_respon-cat_2017_premiades2-1024x682.jpg\",\"contentUrl\":\"https:\/\/gremicafe.cat\/wp-content\/uploads\/2018\/04\/acte_premis_respon-cat_2017_premiades2-1024x682.jpg\",\"width\":1024,\"height\":682,\"caption\":\"Fotografia acte premis Respon\"},{\"@type\":\"BreadcrumbList\",\"@id\":\"https:\/\/gremicafe.cat\/2017\/11\/17\/els-respon-cat-premien-cafes-novell\/#breadcrumb\",\"itemListElement\":[{\"@type\":\"ListItem\",\"position\":1,\"name\":\"Inici\",\"item\":\"https:\/\/gremicafe.cat\/\"},{\"@type\":\"ListItem\",\"position\":2,\"name\":\"Els Respon.cat premien Caf\u00e8s Novell\"}]},{\"@type\":\"WebSite\",\"@id\":\"https:\/\/gremicafe.cat\/#website\",\"url\":\"https:\/\/gremicafe.cat\/\",\"name\":\"Gremi del Caf\u00e8, torradors de Catalunya\",\"description\":\"Web oficial del gremi de torradors de caf\u00e8 de Catalunya\",\"publisher\":{\"@id\":\"https:\/\/gremicafe.cat\/#organization\"},\"potentialAction\":[{\"@type\":\"SearchAction\",\"target\":{\"@type\":\"EntryPoint\",\"urlTemplate\":\"https:\/\/gremicafe.cat\/?s={search_term_string}\"},\"query-input\":{\"@type\":\"PropertyValueSpecification\",\"valueRequired\":true,\"valueName\":\"search_term_string\"}}],\"inLanguage\":\"es\"},{\"@type\":\"Organization\",\"@id\":\"https:\/\/gremicafe.cat\/#organization\",\"name\":\"Gremi del Caf\u00e8, Torradors de Catalunya\",\"url\":\"https:\/\/gremicafe.cat\/\",\"logo\":{\"@type\":\"ImageObject\",\"inLanguage\":\"es\",\"@id\":\"https:\/\/gremicafe.cat\/#\/schema\/logo\/image\/\",\"url\":\"https:\/\/gremicafe.cat\/wp-content\/uploads\/2018\/03\/gremicafe-logo250.png\",\"contentUrl\":\"https:\/\/gremicafe.cat\/wp-content\/uploads\/2018\/03\/gremicafe-logo250.png\",\"width\":250,\"height\":49,\"caption\":\"Gremi del Caf\u00e8, Torradors de Catalunya\"},\"image\":{\"@id\":\"https:\/\/gremicafe.cat\/#\/schema\/logo\/image\/\"},\"sameAs\":[\"https:\/\/www.facebook.com\/gremicafecat\",\"https:\/\/x.com\/gremicafecat\",\"https:\/\/www.instagram.com\/gremicafecat\/\",\"https:\/\/www.pinterest.es\/gremicafecat\/\",\"https:\/\/www.youtube.com\/channel\/UCGLo5Y35vLwLvP4FrPZrCrw\/\"]},{\"@type\":\"Person\",\"@id\":\"https:\/\/gremicafe.cat\/#\/schema\/person\/dabfdbb3d0fa36260855a380f94e4733\",\"name\":\"gremicafe\",\"image\":{\"@type\":\"ImageObject\",\"inLanguage\":\"es\",\"@id\":\"https:\/\/gremicafe.cat\/#\/schema\/person\/image\/\",\"url\":\"https:\/\/secure.gravatar.com\/avatar\/e59baa4ca8f6f97576d6375fb6d3c8f0?s=96&d=mm&r=g\",\"contentUrl\":\"https:\/\/secure.gravatar.com\/avatar\/e59baa4ca8f6f97576d6375fb6d3c8f0?s=96&d=mm&r=g\",\"caption\":\"gremicafe\"}}]}<\/script>\n<!-- \/ Yoast SEO plugin. -->","yoast_head_json":{"title":"Els Respon.cat premien Caf\u00e8s Novell - Gremi del Caf\u00e8, torradors de Catalunya","robots":{"index":"index","follow":"follow","max-snippet":"max-snippet:-1","max-image-preview":"max-image-preview:large","max-video-preview":"max-video-preview:-1"},"canonical":"https:\/\/gremicafe.cat\/es\/2017\/11\/17\/els-respon-cat-premien-cafes-novell\/","og_locale":"es_ES","og_type":"article","og_title":"Els Respon.cat premien Caf\u00e8s Novell - Gremi del Caf\u00e8, torradors de Catalunya","og_url":"https:\/\/gremicafe.cat\/es\/2017\/11\/17\/els-respon-cat-premien-cafes-novell\/","og_site_name":"Gremi del Caf\u00e8, torradors de Catalunya","article_publisher":"https:\/\/www.facebook.com\/gremicafecat","article_published_time":"2017-11-17T11:58:23+00:00","article_modified_time":"2018-04-04T07:22:45+00:00","og_image":[{"width":1024,"height":682,"url":"https:\/\/gremicafe.cat\/wp-content\/uploads\/2018\/04\/acte_premis_respon-cat_2017_premiades2-1024x682.jpg","type":"image\/jpeg"}],"author":"gremicafe","twitter_card":"summary_large_image","twitter_creator":"@gremicafecat","twitter_site":"@gremicafecat","twitter_misc":{"Escrito por":"gremicafe","Tiempo de lectura":"2 minutos"},"schema":{"@context":"https:\/\/schema.org","@graph":[{"@type":"Article","@id":"https:\/\/gremicafe.cat\/2017\/11\/17\/els-respon-cat-premien-cafes-novell\/#article","isPartOf":{"@id":"https:\/\/gremicafe.cat\/2017\/11\/17\/els-respon-cat-premien-cafes-novell\/"},"author":{"name":"gremicafe","@id":"https:\/\/gremicafe.cat\/#\/schema\/person\/dabfdbb3d0fa36260855a380f94e4733"},"headline":"Els Respon.cat premien Caf\u00e8s Novell","datePublished":"2017-11-17T11:58:23+00:00","dateModified":"2018-04-04T07:22:45+00:00","mainEntityOfPage":{"@id":"https:\/\/gremicafe.cat\/2017\/11\/17\/els-respon-cat-premien-cafes-novell\/"},"wordCount":327,"publisher":{"@id":"https:\/\/gremicafe.cat\/#organization"},"image":{"@id":"https:\/\/gremicafe.cat\/2017\/11\/17\/els-respon-cat-premien-cafes-novell\/#primaryimage"},"thumbnailUrl":"https:\/\/gremicafe.cat\/wp-content\/uploads\/2018\/04\/acte_premis_respon-cat_2017_premiades2-1024x682.jpg","articleSection":["Not\u00edcies"],"inLanguage":"es"},{"@type":"WebPage","@id":"https:\/\/gremicafe.cat\/2017\/11\/17\/els-respon-cat-premien-cafes-novell\/","url":"https:\/\/gremicafe.cat\/2017\/11\/17\/els-respon-cat-premien-cafes-novell\/","name":"Els Respon.cat premien Caf\u00e8s Novell - Gremi del Caf\u00e8, torradors de Catalunya","isPartOf":{"@id":"https:\/\/gremicafe.cat\/#website"},"primaryImageOfPage":{"@id":"https:\/\/gremicafe.cat\/2017\/11\/17\/els-respon-cat-premien-cafes-novell\/#primaryimage"},"image":{"@id":"https:\/\/gremicafe.cat\/2017\/11\/17\/els-respon-cat-premien-cafes-novell\/#primaryimage"},"thumbnailUrl":"https:\/\/gremicafe.cat\/wp-content\/uploads\/2018\/04\/acte_premis_respon-cat_2017_premiades2-1024x682.jpg","datePublished":"2017-11-17T11:58:23+00:00","dateModified":"2018-04-04T07:22:45+00:00","breadcrumb":{"@id":"https:\/\/gremicafe.cat\/2017\/11\/17\/els-respon-cat-premien-cafes-novell\/#breadcrumb"},"inLanguage":"es","potentialAction":[{"@type":"ReadAction","target":["https:\/\/gremicafe.cat\/2017\/11\/17\/els-respon-cat-premien-cafes-novell\/"]}]},{"@type":"ImageObject","inLanguage":"es","@id":"https:\/\/gremicafe.cat\/2017\/11\/17\/els-respon-cat-premien-cafes-novell\/#primaryimage","url":"https:\/\/gremicafe.cat\/wp-content\/uploads\/2018\/04\/acte_premis_respon-cat_2017_premiades2-1024x682.jpg","contentUrl":"https:\/\/gremicafe.cat\/wp-content\/uploads\/2018\/04\/acte_premis_respon-cat_2017_premiades2-1024x682.jpg","width":1024,"height":682,"caption":"Fotografia acte premis Respon"},{"@type":"BreadcrumbList","@id":"https:\/\/gremicafe.cat\/2017\/11\/17\/els-respon-cat-premien-cafes-novell\/#breadcrumb","itemListElement":[{"@type":"ListItem","position":1,"name":"Inici","item":"https:\/\/gremicafe.cat\/"},{"@type":"ListItem","position":2,"name":"Els Respon.cat premien Caf\u00e8s Novell"}]},{"@type":"WebSite","@id":"https:\/\/gremicafe.cat\/#website","url":"https:\/\/gremicafe.cat\/","name":"Gremio del Caf\u00e9, tostadores de Catalu\u00f1a","description":"Web oficial del gremio de tostadores de caf\u00e9 de Catalunya","publisher":{"@id":"https:\/\/gremicafe.cat\/#organization"},"potentialAction":[{"@type":"SearchAction","target":{"@type":"EntryPoint","urlTemplate":"https:\/\/gremicafe.cat\/?s={search_term_string}"},"query-input":{"@type":"PropertyValueSpecification","valueRequired":true,"valueName":"search_term_string"}}],"inLanguage":"es"},{"@type":"Organization","@id":"https:\/\/gremicafe.cat\/#organization","name":"Gremio del Caf\u00e9, Tostadores de Catalu\u00f1a","url":"https:\/\/gremicafe.cat\/","logo":{"@type":"ImageObject","inLanguage":"es","@id":"https:\/\/gremicafe.cat\/#\/schema\/logo\/image\/","url":"https:\/\/gremicafe.cat\/wp-content\/uploads\/2018\/03\/gremicafe-logo250.png","contentUrl":"https:\/\/gremicafe.cat\/wp-content\/uploads\/2018\/03\/gremicafe-logo250.png","width":250,"height":49,"caption":"Gremi del Caf\u00e8, Torradors de Catalunya"},"image":{"@id":"https:\/\/gremicafe.cat\/#\/schema\/logo\/image\/"},"sameAs":["https:\/\/www.facebook.com\/gremicafecat","https:\/\/x.com\/gremicafecat","https:\/\/www.instagram.com\/gremicafecat\/","https:\/\/www.pinterest.es\/gremicafecat\/","https:\/\/www.youtube.com\/channel\/UCGLo5Y35vLwLvP4FrPZrCrw\/"]},{"@type":"Person","@id":"https:\/\/gremicafe.cat\/#\/schema\/person\/dabfdbb3d0fa36260855a380f94e4733","name":"gremicafe","image":{"@type":"ImageObject","inLanguage":"es","@id":"https:\/\/gremicafe.cat\/#\/schema\/person\/image\/","url":"https:\/\/secure.gravatar.com\/avatar\/e59baa4ca8f6f97576d6375fb6d3c8f0?s=96&d=mm&r=g","contentUrl":"https:\/\/secure.gravatar.com\/avatar\/e59baa4ca8f6f97576d6375fb6d3c8f0?s=96&d=mm&r=g","caption":"gremicafe"}}]}},"_links":{"self":[{"href":"https:\/\/gremicafe.cat\/es\/wp-json\/wp\/v2\/posts\/3593"}],"collection":[{"href":"https:\/\/gremicafe.cat\/es\/wp-json\/wp\/v2\/posts"}],"about":[{"href":"https:\/\/gremicafe.cat\/es\/wp-json\/wp\/v2\/types\/post"}],"author":[{"embeddable":true,"href":"https:\/\/gremicafe.cat\/es\/wp-json\/wp\/v2\/users\/1"}],"replies":[{"embeddable":true,"href":"https:\/\/gremicafe.cat\/es\/wp-json\/wp\/v2\/comments?post=3593"}],"version-history":[{"count":0,"href":"https:\/\/gremicafe.cat\/es\/wp-json\/wp\/v2\/posts\/3593\/revisions"}],"wp:featuredmedia":[{"embeddable":true,"href":"https:\/\/gremicafe.cat\/es\/wp-json\/wp\/v2\/media\/3594"}],"wp:attachment":[{"href":"https:\/\/gremicafe.cat\/es\/wp-json\/wp\/v2\/media?parent=3593"}],"wp:term":[{"taxonomy":"category","embeddable":true,"href":"https:\/\/gremicafe.cat\/es\/wp-json\/wp\/v2\/categories?post=3593"},{"taxonomy":"post_tag","embeddable":true,"href":"https:\/\/gremicafe.cat\/es\/wp-json\/wp\/v2\/tags?post=3593"}],"curies":[{"name":"wp","href":"https:\/\/api.w.org\/{rel}","templated":true}]}}