{"id":3643,"date":"2017-11-24T09:27:15","date_gmt":"2017-11-24T07:27:15","guid":{"rendered":"http:\/\/gremicafe.cat\/?p=3643"},"modified":"2018-04-24T16:47:06","modified_gmt":"2018-04-24T14:47:06","slug":"coffeeexperience-a-bracafe","status":"publish","type":"post","link":"https:\/\/gremicafe.cat\/es\/2017\/11\/24\/coffeeexperience-a-bracafe\/","title":{"rendered":"CoffeeExperience en BRACAF\u00c9"},"content":{"rendered":"<section id=\"ut-section-69f3f195c2509\" data-vc-full-width=\"true\" data-vc-full-width-init=\"false\" class=\"vc_section vc_section-has-no-fill ut-section-69f3f195c2518\"><div id=\"ut-row-69f3f195c2897\" data-vc-full-width=\"true\" data-vc-full-width-init=\"false\" class=\"vc_row wpb_row vc_row-fluid vc_column-gap-0 ut-row-69f3f195c28a2\" ><div class=\"wpb_column vc_column_container vc_col-sm-12\" ><div id=\"ut_inner_column_69f3f195c2d03\" class=\"vc_column-inner\"><div class=\"wpb_wrapper\"><div class=\"wpb_content_element\"><style type=\"text\/css\" scoped>#ut_header_69f3f195c2e94 h2 span { color:; }#ut_header_69f3f195c2e94.pt-style-2 .page-title:after, #ut_header_69f3f195c2e94.pt-style-2 .parallax-title:after, #ut_header_69f3f195c2e94.pt-style-2 .section-title:after {background-color: ;height: ;width: ;}<\/style><header id=\"ut_header_69f3f195c2e94\" class=\"section-header pt-style-2 header-left\"><h2  class=\"section-title\"><span>CoffeeExperience en BRACAF\u00c9<\/span><\/h2><\/header><\/div><\/div><\/div><\/div><\/div><div class=\"vc_row-full-width vc_clearfix\"><\/div><div id=\"ut-row-69f3f195c30d3\" data-vc-full-width=\"true\" data-vc-full-width-init=\"false\" class=\"vc_row wpb_row vc_row-fluid vc_column-gap-0 ut-row-69f3f195c30dc\" ><div class=\"wpb_column vc_column_container vc_col-sm-4\" ><div id=\"ut_inner_column_69f3f195c332c\" class=\"vc_column-inner\"><div class=\"wpb_wrapper\">\n\t<div class=\"wpb_text_column wpb_content_element\" >\n\t\t<div class=\"wpb_wrapper\">\n\t\t\t<p style=\"text-align: justify;\">El asociado del Gremio, <strong>BRACAF\u00c9<\/strong>, es una de las empresas del Gremio del Caf\u00e9 (Tostadores de Catalu\u00f1a) que ofrece la posibilidad de realizar visitas tur\u00edsticas <a href=\"\/es\/coffeexperience\/\"><strong>CoffeeExperience<\/strong><\/a> en sus instalaciones.<\/p>\n<p style=\"text-align: justify;\">Una visita <span class=\"hiddenSpellError\">CoffeeExperience<\/span>, incluye todo el proceso de elaboraci\u00f3n de un buen caf\u00e9; desde los or\u00edgenes del caf\u00e9 verde, importaci\u00f3n, tostado, envasado, hasta la preparaci\u00f3n de un caf\u00e9 expreso y la degustaci\u00f3n de una buena taza de caf\u00e9.<\/p>\n<p style=\"text-align: justify;\">Si est\u00e1 interesado en disfrutar de esta experiencia sensorial y gastron\u00f3mica, puede ponerse en contacto con Xavier de Erausquin.<\/p>\n\n\t\t<\/div>\n\t<\/div>\n<div class=\"wpb_content_element\"><style type=\"text\/css\" scoped>#ut_sc_69f3f195c34d1 .ut-service-column p { margin-top: 0px; }<\/style><div id=\"ut_sc_69f3f195c34d1\"  class=\"ut-horizontal-style-align-left  clearfix\" ><figure class=\"ut-service-icon ut-service-icon-small ut-service-icon-normal\"><i style=\"color: #69A1EE;\" class=\"fa fa fa-phone\"><\/i><\/figure><div class=\"ut-service-column ut-service-column-horiz\" ><h3>Tel\u00e9fonos<\/h3><p>93 425 05 12 \u2013 685 925 269<\/p><\/div><\/div><\/div><div class=\"wpb_content_element\"><style type=\"text\/css\" scoped>#ut_sc_69f3f195c3507 .ut-service-column p { margin-top: 0px; }<\/style><div id=\"ut_sc_69f3f195c3507\"  class=\"ut-horizontal-style-align-left  clearfix\" ><figure class=\"ut-service-icon ut-service-icon-small ut-service-icon-normal\"><i style=\"color: #69A1EE;\" class=\"fa fa fa-envelope-o\"><\/i><\/figure><div class=\"ut-service-column ut-service-column-horiz\" ><h3>Email<\/h3><p>bracafe@bracafe.com<\/p><\/div><\/div><\/div><div class=\"wpb_content_element\"><style type=\"text\/css\" scoped>#ut_sc_69f3f195c3525 .ut-service-column p { margin-top: 0px; }<\/style><div id=\"ut_sc_69f3f195c3525\"  class=\"ut-horizontal-style-align-left  clearfix\" ><figure class=\"ut-service-icon ut-service-icon-small ut-service-icon-normal\"><i style=\"color: #69A1EE;\" class=\"fa fa fa-home\"><\/i><\/figure><div class=\"ut-service-column ut-service-column-horiz\" ><a class=\"ut-service-column-link\" title=\"http:\/\/bracafe.com\/\" href=\"http:\/\/bracafe.com\/\" target=\" _blank\" >http:\/\/bracafe.com\/<\/a><\/div><\/div><\/div><\/div><\/div><\/div><div class=\"wpb_column vc_column_container vc_col-sm-8\" ><div id=\"ut_inner_column_69f3f195c3631\" class=\"vc_column-inner\"><div class=\"wpb_wrapper\"><div class=\"wpb_content_element ut-gallery-5  clearfix\">            \n            <script type=\"text\/javascript\">\n                \n                (function($){\n                    \n                    $(document).ready(function(){\n                        \n                                                                        \n                        function get_animated_objects( $all_appeared_elements, effect ) {\n                            \n                            var counter = 0;\n                            \n                            $all_appeared_elements.each(function(){\n                                        \n                                if( $(this).hasClass(effect) ) {\n\n                                    counter++;\n\n                                }\n\n                            });\n                            \n                            return counter;\n                            \n                        }\n                        \n                          \n                    });\n                        \n                })(jQuery);\n            \n            <\/script>\n            \n            <style type=\"text\/css\" scoped>#ut_ig_69f3f195c368b .ut-lazy:not(.ut-image-loaded) + .ut-video-module-loading { display:block; }#ut_ig_69f3f195c368b .ut-lazy.ut-image-loaded + .ut-video-module-loading { display:none; }<\/style><div id=\"ut_ig_69f3f195c368b\" class=\"ut-image-gallery  ut-image-gallery-5 clearfix\"><div  data-count=\"3\" class=\"ut-image-gallery-item ut-animation-done grid-50 tablet-grid-50 mobile-grid-100\"><a  class=\"ut-vc-images-lightbox\"  data-exthumbimage=\"https:\/\/gremicafe.cat\/wp-content\/uploads\/2018\/03\/creu-roja-barcelones-nord16102017-4-150x150.png\" href=\"https:\/\/gremicafe.cat\/wp-content\/uploads\/2018\/03\/creu-roja-barcelones-nord16102017-4.png\"><div class=\"ut-image-gallery-image\"><img loading=\"lazy\" decoding=\"async\"  class=\"\" src=\"https:\/\/gremicafe.cat\/wp-content\/uploads\/2018\/03\/creu-roja-barcelones-nord16102017-4-1160x1160.png\" width=\"1160\" height=\"1160\"><\/div><\/a><\/div><div  data-count=\"1\" class=\"ut-image-gallery-item ut-animation-done ut-animation-done grid-50 tablet-grid-50 mobile-grid-100 ut-desktop-last\"><a  class=\"ut-vc-images-lightbox\"  data-exthumbimage=\"https:\/\/gremicafe.cat\/wp-content\/uploads\/2018\/03\/creu-roja-barcelones-nord16102017-3-150x150.jpg\" href=\"https:\/\/gremicafe.cat\/wp-content\/uploads\/2018\/03\/creu-roja-barcelones-nord16102017-3-405x720.jpg\"><div class=\"ut-image-gallery-image\"><img loading=\"lazy\" decoding=\"async\"  class=\"ut-desktop-last\" src=\"https:\/\/gremicafe.cat\/wp-content\/uploads\/2018\/03\/creu-roja-barcelones-nord16102017-3-1160x1160.jpg\" width=\"1160\" height=\"1160\"><\/div><\/a><\/div><div class=\"clear hide-on-tablet\"><\/div><div  data-count=\"1\" class=\"ut-image-gallery-item ut-animation-done ut-animation-done ut-animation-done grid-100 tablet-grid-100 mobile-grid-100\"><a  class=\"ut-vc-images-lightbox\"  data-exthumbimage=\"https:\/\/gremicafe.cat\/wp-content\/uploads\/2018\/03\/creu-roja-barcelones-nord16102017-1-150x150.jpg\" href=\"https:\/\/gremicafe.cat\/wp-content\/uploads\/2018\/03\/creu-roja-barcelones-nord16102017-1.jpg\"><div class=\"ut-image-gallery-image\"><img loading=\"lazy\" decoding=\"async\"  class=\"\" src=\"https:\/\/gremicafe.cat\/wp-content\/uploads\/2018\/03\/creu-roja-barcelones-nord16102017-1-1160x1160.jpg\" width=\"1160\" height=\"1160\"><\/div><\/a><\/div><div class=\"clear\"><\/div><\/div><\/div>\n\t<div class=\"wpb_text_column wpb_content_element\" >\n\t\t<div class=\"wpb_wrapper\">\n\t\t\t<p style=\"text-align: center;\">\u00a9 Bracaf\u00e9 \u2013 Barcelona, 2017<\/p>\n\n\t\t<\/div>\n\t<\/div>\n<\/div><\/div><\/div><\/div><div class=\"vc_row-full-width vc_clearfix\"><\/div><\/section><div class=\"vc_row-full-width vc_clearfix\"><\/div>","protected":false},"excerpt":{"rendered":"#ut_header_69f3f195c5943 h2 span { color:; }#ut_header_69f3f195c5943.pt-style-2 .page-title:after, #ut_header_69f3f195c5943.pt-style-2 .parallax-title:after, #ut_header_69f3f195c5943.pt-style-2 .section-title:after {background-color: ;height: ;width: ;}CoffeeExperience a BRACAF\u00c9 L\u2019associat del Gremi, BRACAF\u00c9, \u00e9s una de les empreses del Gremi del Caf\u00e8 (Torradors de Catalunya) que ofereix la possibilitat de fer visites tur\u00edstiques CoffeeExperience a les seves instal\u00b7lacions. Una visita CoffeeExperience, inclou tot el proc\u00e9s d\u2019elaboraci\u00f3 d\u2019un [...]","protected":false},"author":1,"featured_media":3362,"comment_status":"closed","ping_status":"open","sticky":false,"template":"","format":"standard","meta":{"_acf_changed":false,"inline_featured_image":false,"footnotes":""},"categories":[1],"tags":[],"class_list":["post-3643","post","type-post","status-publish","format-standard","has-post-thumbnail","hentry","category-noticies"],"acf":[],"yoast_head":"<!-- This site is optimized with the Yoast SEO plugin v25.5 - https:\/\/yoast.com\/wordpress\/plugins\/seo\/ -->\n<title>CoffeeExperience a BRACAF\u00c9 - Gremi del Caf\u00e8, torradors de Catalunya<\/title>\n<meta name=\"robots\" content=\"index, follow, max-snippet:-1, max-image-preview:large, max-video-preview:-1\" \/>\n<link rel=\"canonical\" href=\"https:\/\/gremicafe.cat\/es\/2017\/11\/24\/coffeeexperience-a-bracafe\/\" \/>\n<meta property=\"og:locale\" content=\"es_ES\" \/>\n<meta property=\"og:type\" content=\"article\" \/>\n<meta property=\"og:title\" content=\"CoffeeExperience a BRACAF\u00c9 - Gremi del Caf\u00e8, torradors de Catalunya\" \/>\n<meta property=\"og:url\" content=\"https:\/\/gremicafe.cat\/es\/2017\/11\/24\/coffeeexperience-a-bracafe\/\" \/>\n<meta property=\"og:site_name\" content=\"Gremi del Caf\u00e8, torradors de Catalunya\" \/>\n<meta property=\"article:publisher\" content=\"https:\/\/www.facebook.com\/gremicafecat\" \/>\n<meta property=\"article:published_time\" content=\"2017-11-24T07:27:15+00:00\" \/>\n<meta property=\"article:modified_time\" content=\"2018-04-24T14:47:06+00:00\" \/>\n<meta property=\"og:image\" content=\"https:\/\/gremicafe.cat\/wp-content\/uploads\/2018\/03\/creu-roja-barcelones-nord16102017-1.jpg\" \/>\n\t<meta property=\"og:image:width\" content=\"960\" \/>\n\t<meta property=\"og:image:height\" content=\"540\" \/>\n\t<meta property=\"og:image:type\" content=\"image\/jpeg\" \/>\n<meta name=\"author\" content=\"gremicafe\" \/>\n<meta name=\"twitter:card\" content=\"summary_large_image\" \/>\n<meta name=\"twitter:creator\" content=\"@gremicafecat\" \/>\n<meta name=\"twitter:site\" content=\"@gremicafecat\" \/>\n<meta name=\"twitter:label1\" content=\"Escrito por\" \/>\n\t<meta name=\"twitter:data1\" content=\"gremicafe\" \/>\n\t<meta name=\"twitter:label2\" content=\"Tiempo de lectura\" \/>\n\t<meta name=\"twitter:data2\" content=\"1 minuto\" \/>\n<script type=\"application\/ld+json\" class=\"yoast-schema-graph\">{\"@context\":\"https:\/\/schema.org\",\"@graph\":[{\"@type\":\"Article\",\"@id\":\"https:\/\/gremicafe.cat\/2017\/11\/24\/coffeeexperience-a-bracafe\/#article\",\"isPartOf\":{\"@id\":\"https:\/\/gremicafe.cat\/2017\/11\/24\/coffeeexperience-a-bracafe\/\"},\"author\":{\"name\":\"gremicafe\",\"@id\":\"https:\/\/gremicafe.cat\/#\/schema\/person\/dabfdbb3d0fa36260855a380f94e4733\"},\"headline\":\"CoffeeExperience a BRACAF\u00c9\",\"datePublished\":\"2017-11-24T07:27:15+00:00\",\"dateModified\":\"2018-04-24T14:47:06+00:00\",\"mainEntityOfPage\":{\"@id\":\"https:\/\/gremicafe.cat\/2017\/11\/24\/coffeeexperience-a-bracafe\/\"},\"wordCount\":233,\"publisher\":{\"@id\":\"https:\/\/gremicafe.cat\/#organization\"},\"image\":{\"@id\":\"https:\/\/gremicafe.cat\/2017\/11\/24\/coffeeexperience-a-bracafe\/#primaryimage\"},\"thumbnailUrl\":\"https:\/\/gremicafe.cat\/wp-content\/uploads\/2018\/03\/creu-roja-barcelones-nord16102017-1.jpg\",\"articleSection\":[\"Not\u00edcies\"],\"inLanguage\":\"es\"},{\"@type\":\"WebPage\",\"@id\":\"https:\/\/gremicafe.cat\/2017\/11\/24\/coffeeexperience-a-bracafe\/\",\"url\":\"https:\/\/gremicafe.cat\/2017\/11\/24\/coffeeexperience-a-bracafe\/\",\"name\":\"CoffeeExperience a BRACAF\u00c9 - Gremi del Caf\u00e8, torradors de Catalunya\",\"isPartOf\":{\"@id\":\"https:\/\/gremicafe.cat\/#website\"},\"primaryImageOfPage\":{\"@id\":\"https:\/\/gremicafe.cat\/2017\/11\/24\/coffeeexperience-a-bracafe\/#primaryimage\"},\"image\":{\"@id\":\"https:\/\/gremicafe.cat\/2017\/11\/24\/coffeeexperience-a-bracafe\/#primaryimage\"},\"thumbnailUrl\":\"https:\/\/gremicafe.cat\/wp-content\/uploads\/2018\/03\/creu-roja-barcelones-nord16102017-1.jpg\",\"datePublished\":\"2017-11-24T07:27:15+00:00\",\"dateModified\":\"2018-04-24T14:47:06+00:00\",\"breadcrumb\":{\"@id\":\"https:\/\/gremicafe.cat\/2017\/11\/24\/coffeeexperience-a-bracafe\/#breadcrumb\"},\"inLanguage\":\"es\",\"potentialAction\":[{\"@type\":\"ReadAction\",\"target\":[\"https:\/\/gremicafe.cat\/2017\/11\/24\/coffeeexperience-a-bracafe\/\"]}]},{\"@type\":\"ImageObject\",\"inLanguage\":\"es\",\"@id\":\"https:\/\/gremicafe.cat\/2017\/11\/24\/coffeeexperience-a-bracafe\/#primaryimage\",\"url\":\"https:\/\/gremicafe.cat\/wp-content\/uploads\/2018\/03\/creu-roja-barcelones-nord16102017-1.jpg\",\"contentUrl\":\"https:\/\/gremicafe.cat\/wp-content\/uploads\/2018\/03\/creu-roja-barcelones-nord16102017-1.jpg\",\"width\":960,\"height\":540,\"caption\":\"Activitats; Fotografia CoffeeExperience a Bracaf\u00e9, amb Xavier de Erausquin\"},{\"@type\":\"BreadcrumbList\",\"@id\":\"https:\/\/gremicafe.cat\/2017\/11\/24\/coffeeexperience-a-bracafe\/#breadcrumb\",\"itemListElement\":[{\"@type\":\"ListItem\",\"position\":1,\"name\":\"Inici\",\"item\":\"https:\/\/gremicafe.cat\/\"},{\"@type\":\"ListItem\",\"position\":2,\"name\":\"CoffeeExperience a BRACAF\u00c9\"}]},{\"@type\":\"WebSite\",\"@id\":\"https:\/\/gremicafe.cat\/#website\",\"url\":\"https:\/\/gremicafe.cat\/\",\"name\":\"Gremi del Caf\u00e8, torradors de Catalunya\",\"description\":\"Web oficial del gremi de torradors de caf\u00e8 de Catalunya\",\"publisher\":{\"@id\":\"https:\/\/gremicafe.cat\/#organization\"},\"potentialAction\":[{\"@type\":\"SearchAction\",\"target\":{\"@type\":\"EntryPoint\",\"urlTemplate\":\"https:\/\/gremicafe.cat\/?s={search_term_string}\"},\"query-input\":{\"@type\":\"PropertyValueSpecification\",\"valueRequired\":true,\"valueName\":\"search_term_string\"}}],\"inLanguage\":\"es\"},{\"@type\":\"Organization\",\"@id\":\"https:\/\/gremicafe.cat\/#organization\",\"name\":\"Gremi del Caf\u00e8, Torradors de Catalunya\",\"url\":\"https:\/\/gremicafe.cat\/\",\"logo\":{\"@type\":\"ImageObject\",\"inLanguage\":\"es\",\"@id\":\"https:\/\/gremicafe.cat\/#\/schema\/logo\/image\/\",\"url\":\"https:\/\/gremicafe.cat\/wp-content\/uploads\/2018\/03\/gremicafe-logo250.png\",\"contentUrl\":\"https:\/\/gremicafe.cat\/wp-content\/uploads\/2018\/03\/gremicafe-logo250.png\",\"width\":250,\"height\":49,\"caption\":\"Gremi del Caf\u00e8, Torradors de Catalunya\"},\"image\":{\"@id\":\"https:\/\/gremicafe.cat\/#\/schema\/logo\/image\/\"},\"sameAs\":[\"https:\/\/www.facebook.com\/gremicafecat\",\"https:\/\/x.com\/gremicafecat\",\"https:\/\/www.instagram.com\/gremicafecat\/\",\"https:\/\/www.pinterest.es\/gremicafecat\/\",\"https:\/\/www.youtube.com\/channel\/UCGLo5Y35vLwLvP4FrPZrCrw\/\"]},{\"@type\":\"Person\",\"@id\":\"https:\/\/gremicafe.cat\/#\/schema\/person\/dabfdbb3d0fa36260855a380f94e4733\",\"name\":\"gremicafe\",\"image\":{\"@type\":\"ImageObject\",\"inLanguage\":\"es\",\"@id\":\"https:\/\/gremicafe.cat\/#\/schema\/person\/image\/\",\"url\":\"https:\/\/secure.gravatar.com\/avatar\/e59baa4ca8f6f97576d6375fb6d3c8f0?s=96&d=mm&r=g\",\"contentUrl\":\"https:\/\/secure.gravatar.com\/avatar\/e59baa4ca8f6f97576d6375fb6d3c8f0?s=96&d=mm&r=g\",\"caption\":\"gremicafe\"}}]}<\/script>\n<!-- \/ Yoast SEO plugin. -->","yoast_head_json":{"title":"CoffeeExperience a BRACAF\u00c9 - Gremi del Caf\u00e8, torradors de Catalunya","robots":{"index":"index","follow":"follow","max-snippet":"max-snippet:-1","max-image-preview":"max-image-preview:large","max-video-preview":"max-video-preview:-1"},"canonical":"https:\/\/gremicafe.cat\/es\/2017\/11\/24\/coffeeexperience-a-bracafe\/","og_locale":"es_ES","og_type":"article","og_title":"CoffeeExperience a BRACAF\u00c9 - Gremi del Caf\u00e8, torradors de Catalunya","og_url":"https:\/\/gremicafe.cat\/es\/2017\/11\/24\/coffeeexperience-a-bracafe\/","og_site_name":"Gremi del Caf\u00e8, torradors de Catalunya","article_publisher":"https:\/\/www.facebook.com\/gremicafecat","article_published_time":"2017-11-24T07:27:15+00:00","article_modified_time":"2018-04-24T14:47:06+00:00","og_image":[{"width":960,"height":540,"url":"https:\/\/gremicafe.cat\/wp-content\/uploads\/2018\/03\/creu-roja-barcelones-nord16102017-1.jpg","type":"image\/jpeg"}],"author":"gremicafe","twitter_card":"summary_large_image","twitter_creator":"@gremicafecat","twitter_site":"@gremicafecat","twitter_misc":{"Escrito por":"gremicafe","Tiempo de lectura":"1 minuto"},"schema":{"@context":"https:\/\/schema.org","@graph":[{"@type":"Article","@id":"https:\/\/gremicafe.cat\/2017\/11\/24\/coffeeexperience-a-bracafe\/#article","isPartOf":{"@id":"https:\/\/gremicafe.cat\/2017\/11\/24\/coffeeexperience-a-bracafe\/"},"author":{"name":"gremicafe","@id":"https:\/\/gremicafe.cat\/#\/schema\/person\/dabfdbb3d0fa36260855a380f94e4733"},"headline":"CoffeeExperience a BRACAF\u00c9","datePublished":"2017-11-24T07:27:15+00:00","dateModified":"2018-04-24T14:47:06+00:00","mainEntityOfPage":{"@id":"https:\/\/gremicafe.cat\/2017\/11\/24\/coffeeexperience-a-bracafe\/"},"wordCount":233,"publisher":{"@id":"https:\/\/gremicafe.cat\/#organization"},"image":{"@id":"https:\/\/gremicafe.cat\/2017\/11\/24\/coffeeexperience-a-bracafe\/#primaryimage"},"thumbnailUrl":"https:\/\/gremicafe.cat\/wp-content\/uploads\/2018\/03\/creu-roja-barcelones-nord16102017-1.jpg","articleSection":["Not\u00edcies"],"inLanguage":"es"},{"@type":"WebPage","@id":"https:\/\/gremicafe.cat\/2017\/11\/24\/coffeeexperience-a-bracafe\/","url":"https:\/\/gremicafe.cat\/2017\/11\/24\/coffeeexperience-a-bracafe\/","name":"CoffeeExperience a BRACAF\u00c9 - Gremi del Caf\u00e8, torradors de Catalunya","isPartOf":{"@id":"https:\/\/gremicafe.cat\/#website"},"primaryImageOfPage":{"@id":"https:\/\/gremicafe.cat\/2017\/11\/24\/coffeeexperience-a-bracafe\/#primaryimage"},"image":{"@id":"https:\/\/gremicafe.cat\/2017\/11\/24\/coffeeexperience-a-bracafe\/#primaryimage"},"thumbnailUrl":"https:\/\/gremicafe.cat\/wp-content\/uploads\/2018\/03\/creu-roja-barcelones-nord16102017-1.jpg","datePublished":"2017-11-24T07:27:15+00:00","dateModified":"2018-04-24T14:47:06+00:00","breadcrumb":{"@id":"https:\/\/gremicafe.cat\/2017\/11\/24\/coffeeexperience-a-bracafe\/#breadcrumb"},"inLanguage":"es","potentialAction":[{"@type":"ReadAction","target":["https:\/\/gremicafe.cat\/2017\/11\/24\/coffeeexperience-a-bracafe\/"]}]},{"@type":"ImageObject","inLanguage":"es","@id":"https:\/\/gremicafe.cat\/2017\/11\/24\/coffeeexperience-a-bracafe\/#primaryimage","url":"https:\/\/gremicafe.cat\/wp-content\/uploads\/2018\/03\/creu-roja-barcelones-nord16102017-1.jpg","contentUrl":"https:\/\/gremicafe.cat\/wp-content\/uploads\/2018\/03\/creu-roja-barcelones-nord16102017-1.jpg","width":960,"height":540,"caption":"Activitats; Fotografia CoffeeExperience a Bracaf\u00e9, amb Xavier de Erausquin"},{"@type":"BreadcrumbList","@id":"https:\/\/gremicafe.cat\/2017\/11\/24\/coffeeexperience-a-bracafe\/#breadcrumb","itemListElement":[{"@type":"ListItem","position":1,"name":"Inici","item":"https:\/\/gremicafe.cat\/"},{"@type":"ListItem","position":2,"name":"CoffeeExperience a BRACAF\u00c9"}]},{"@type":"WebSite","@id":"https:\/\/gremicafe.cat\/#website","url":"https:\/\/gremicafe.cat\/","name":"Gremio del Caf\u00e9, tostadores de Catalu\u00f1a","description":"Web oficial del gremio de tostadores de caf\u00e9 de Catalunya","publisher":{"@id":"https:\/\/gremicafe.cat\/#organization"},"potentialAction":[{"@type":"SearchAction","target":{"@type":"EntryPoint","urlTemplate":"https:\/\/gremicafe.cat\/?s={search_term_string}"},"query-input":{"@type":"PropertyValueSpecification","valueRequired":true,"valueName":"search_term_string"}}],"inLanguage":"es"},{"@type":"Organization","@id":"https:\/\/gremicafe.cat\/#organization","name":"Gremio del Caf\u00e9, Tostadores de Catalu\u00f1a","url":"https:\/\/gremicafe.cat\/","logo":{"@type":"ImageObject","inLanguage":"es","@id":"https:\/\/gremicafe.cat\/#\/schema\/logo\/image\/","url":"https:\/\/gremicafe.cat\/wp-content\/uploads\/2018\/03\/gremicafe-logo250.png","contentUrl":"https:\/\/gremicafe.cat\/wp-content\/uploads\/2018\/03\/gremicafe-logo250.png","width":250,"height":49,"caption":"Gremi del Caf\u00e8, Torradors de Catalunya"},"image":{"@id":"https:\/\/gremicafe.cat\/#\/schema\/logo\/image\/"},"sameAs":["https:\/\/www.facebook.com\/gremicafecat","https:\/\/x.com\/gremicafecat","https:\/\/www.instagram.com\/gremicafecat\/","https:\/\/www.pinterest.es\/gremicafecat\/","https:\/\/www.youtube.com\/channel\/UCGLo5Y35vLwLvP4FrPZrCrw\/"]},{"@type":"Person","@id":"https:\/\/gremicafe.cat\/#\/schema\/person\/dabfdbb3d0fa36260855a380f94e4733","name":"gremicafe","image":{"@type":"ImageObject","inLanguage":"es","@id":"https:\/\/gremicafe.cat\/#\/schema\/person\/image\/","url":"https:\/\/secure.gravatar.com\/avatar\/e59baa4ca8f6f97576d6375fb6d3c8f0?s=96&d=mm&r=g","contentUrl":"https:\/\/secure.gravatar.com\/avatar\/e59baa4ca8f6f97576d6375fb6d3c8f0?s=96&d=mm&r=g","caption":"gremicafe"}}]}},"_links":{"self":[{"href":"https:\/\/gremicafe.cat\/es\/wp-json\/wp\/v2\/posts\/3643"}],"collection":[{"href":"https:\/\/gremicafe.cat\/es\/wp-json\/wp\/v2\/posts"}],"about":[{"href":"https:\/\/gremicafe.cat\/es\/wp-json\/wp\/v2\/types\/post"}],"author":[{"embeddable":true,"href":"https:\/\/gremicafe.cat\/es\/wp-json\/wp\/v2\/users\/1"}],"replies":[{"embeddable":true,"href":"https:\/\/gremicafe.cat\/es\/wp-json\/wp\/v2\/comments?post=3643"}],"version-history":[{"count":0,"href":"https:\/\/gremicafe.cat\/es\/wp-json\/wp\/v2\/posts\/3643\/revisions"}],"wp:featuredmedia":[{"embeddable":true,"href":"https:\/\/gremicafe.cat\/es\/wp-json\/wp\/v2\/media\/3362"}],"wp:attachment":[{"href":"https:\/\/gremicafe.cat\/es\/wp-json\/wp\/v2\/media?parent=3643"}],"wp:term":[{"taxonomy":"category","embeddable":true,"href":"https:\/\/gremicafe.cat\/es\/wp-json\/wp\/v2\/categories?post=3643"},{"taxonomy":"post_tag","embeddable":true,"href":"https:\/\/gremicafe.cat\/es\/wp-json\/wp\/v2\/tags?post=3643"}],"curies":[{"name":"wp","href":"https:\/\/api.w.org\/{rel}","templated":true}]}}