{"id":3664,"date":"2017-11-22T10:07:12","date_gmt":"2017-11-22T08:07:12","guid":{"rendered":"http:\/\/gremicafe.cat\/?p=3664"},"modified":"2018-04-05T09:54:28","modified_gmt":"2018-04-05T07:54:28","slug":"capsula-compostable-de-cafes-novell","status":"publish","type":"post","link":"https:\/\/gremicafe.cat\/es\/2017\/11\/22\/capsula-compostable-de-cafes-novell\/","title":{"rendered":"C\u00e1psula compostable de Caf\u00e9s Novell"},"content":{"rendered":"<section id=\"ut-section-69f3da7ec207b\" data-vc-full-width=\"true\" data-vc-full-width-init=\"false\" class=\"vc_section vc_section-has-no-fill ut-section-69f3da7ec208e\"><div id=\"ut-row-69f3da7ec251c\" data-vc-full-width=\"true\" data-vc-full-width-init=\"false\" class=\"vc_row wpb_row vc_row-fluid vc_column-gap-0 ut-row-69f3da7ec252f\" ><div class=\"wpb_column vc_column_container vc_col-sm-3\" ><div id=\"ut_inner_column_69f3da7ec2ca1\" class=\"vc_column-inner\"><div class=\"wpb_wrapper\"><div class=\"wpb_content_element\"><style type=\"text\/css\" scoped>#ut_header_69f3da7ec2ecf h2 span { color:; }#ut_header_69f3da7ec2ecf.pt-style-2 .page-title:after, #ut_header_69f3da7ec2ecf.pt-style-2 .parallax-title:after, #ut_header_69f3da7ec2ecf.pt-style-2 .section-title:after {background-color: ;height: ;width: ;}<\/style><header id=\"ut_header_69f3da7ec2ecf\" class=\"section-header pt-style-2 header-left\"><h2  class=\"section-title\"><span>C\u00e1psula compostable de Caf\u00e9s Novell<\/span><\/h2><div data-delay=\"0\" class=\"lead\"><p>INNOVACI\u00d3N EN EL SECTOR CAFETER<\/p>\n<\/div><\/header><\/div>\n\t<div class=\"wpb_text_column wpb_content_element\" >\n\t\t<div class=\"wpb_wrapper\">\n\t\t\t<p style=\"text-align: justify;\">Caf\u00e9s Novell saca al mercado la primera c\u00e1psula de caf\u00e9 compostable: <a href=\"http:\/\/cafesnovell.com\/ca\/\" target=\"_blank\" rel=\"noopener\">http:\/\/cafesnovell.com\/ca\/<\/a><\/p>\n\n\t\t<\/div>\n\t<\/div>\n<\/div><\/div><\/div><div class=\"wpb_column vc_column_container vc_col-sm-9\" ><div id=\"ut_inner_column_69f3da7ec31d5\" class=\"vc_column-inner\"><div class=\"wpb_wrapper\"><div  class=\"wpb_content_element   clearfix\"><style type=\"text\/css\" scoped>#ut_am_69f3da7ec3981 { opacity: 1; }<\/style><div id=\"ut_am_wrap_69f3da7ec3982\" class=\"ut-image-gallery-image\" style=\"text-align:left;\"><div class=\"ut-animated-image-item ut-image-gallery-item ut-animation-done\"><a class=\"ut-deactivated-link\" href=\"#\"><img loading=\"lazy\" decoding=\"async\" title=\"Capsula compostable Cafes Novell Gerentes\" id=\"ut_am_69f3da7ec3981\" style=\"\" src=\"https:\/\/gremicafe.cat\/wp-content\/uploads\/2018\/04\/lavanguardia_g_19922023899-kxah-u422063805210foc-992x558lavanguardia-web2.jpg\" width=\"992\" height=\"558\" alt=\"Presentaci\u00f3 Capsula compostable Cafes Novell Gerents\"\/><\/a><\/div><\/div><\/div>\n\t<div class=\"wpb_text_column wpb_content_element  vc_custom_1522830132577\" >\n\t\t<div class=\"wpb_wrapper\">\n\t\t\t<p style=\"text-align: center;\">Ramon, Dolors y Josep Novell, gerentes de Caf\u00e8s Novell. (\u00a9 Foto: Carlos Castro \/ La Vanguardia)<\/p>\n\n\t\t<\/div>\n\t<\/div>\n<\/div><\/div><\/div><\/div><div class=\"vc_row-full-width vc_clearfix\"><\/div><\/section><div class=\"vc_row-full-width vc_clearfix\"><\/div>","protected":false},"excerpt":{"rendered":"#ut_header_69f3da7ec4d05 h2 span { color:; }#ut_header_69f3da7ec4d05.pt-style-2 .page-title:after, #ut_header_69f3da7ec4d05.pt-style-2 .parallax-title:after, #ut_header_69f3da7ec4d05.pt-style-2 .section-title:after {background-color: ;height: ;width: ;}C\u00e0psula compostable de Caf\u00e8s NovellINNOVACI\u00d3 EN EL SECTOR CAFETER Caf\u00e8s Novell treu al mercat la primera c\u00e0psula de caf\u00e8 compostable: http:\/\/cafesnovell.com\/ca\/ #ut_am_69f3da7ec5080 { opacity: 1; } Ramon, Dolors i Josep Novell, gerents de Caf\u00e8s Novell. (\u00a9 Foto: Carles Castro \/ La [...]","protected":false},"author":1,"featured_media":3670,"comment_status":"closed","ping_status":"open","sticky":false,"template":"","format":"video","meta":{"_acf_changed":false,"inline_featured_image":false,"footnotes":""},"categories":[1],"tags":[],"class_list":["post-3664","post","type-post","status-publish","format-video","has-post-thumbnail","hentry","category-noticies","post_format-post-format-video"],"acf":[],"yoast_head":"<!-- This site is optimized with the Yoast SEO plugin v25.5 - https:\/\/yoast.com\/wordpress\/plugins\/seo\/ -->\n<title>C\u00e0psula compostable de Caf\u00e8s Novell - Gremi del Caf\u00e8, torradors de Catalunya<\/title>\n<meta name=\"robots\" content=\"index, follow, max-snippet:-1, max-image-preview:large, max-video-preview:-1\" \/>\n<link rel=\"canonical\" href=\"https:\/\/gremicafe.cat\/es\/2017\/11\/22\/capsula-compostable-de-cafes-novell\/\" \/>\n<meta property=\"og:locale\" content=\"es_ES\" \/>\n<meta property=\"og:type\" content=\"article\" \/>\n<meta property=\"og:title\" content=\"C\u00e0psula compostable de Caf\u00e8s Novell - Gremi del Caf\u00e8, torradors de Catalunya\" \/>\n<meta property=\"og:url\" content=\"https:\/\/gremicafe.cat\/es\/2017\/11\/22\/capsula-compostable-de-cafes-novell\/\" \/>\n<meta property=\"og:site_name\" content=\"Gremi del Caf\u00e8, torradors de Catalunya\" \/>\n<meta property=\"article:publisher\" content=\"https:\/\/www.facebook.com\/gremicafecat\" \/>\n<meta property=\"article:published_time\" content=\"2017-11-22T08:07:12+00:00\" \/>\n<meta property=\"article:modified_time\" content=\"2018-04-05T07:54:28+00:00\" \/>\n<meta property=\"og:image\" content=\"https:\/\/gremicafe.cat\/wp-content\/uploads\/2018\/04\/lavanguardia_g_19922023899-kxah-u422063805210foc-992x558lavanguardia-web2.jpg\" \/>\n\t<meta property=\"og:image:width\" content=\"992\" \/>\n\t<meta property=\"og:image:height\" content=\"558\" \/>\n\t<meta property=\"og:image:type\" content=\"image\/jpeg\" \/>\n<meta name=\"author\" content=\"gremicafe\" \/>\n<meta name=\"twitter:card\" content=\"summary_large_image\" \/>\n<meta name=\"twitter:creator\" content=\"@gremicafecat\" \/>\n<meta name=\"twitter:site\" content=\"@gremicafecat\" \/>\n<meta name=\"twitter:label1\" content=\"Escrito por\" \/>\n\t<meta name=\"twitter:data1\" content=\"gremicafe\" \/>\n<script type=\"application\/ld+json\" class=\"yoast-schema-graph\">{\"@context\":\"https:\/\/schema.org\",\"@graph\":[{\"@type\":\"Article\",\"@id\":\"https:\/\/gremicafe.cat\/2017\/11\/22\/capsula-compostable-de-cafes-novell\/#article\",\"isPartOf\":{\"@id\":\"https:\/\/gremicafe.cat\/2017\/11\/22\/capsula-compostable-de-cafes-novell\/\"},\"author\":{\"name\":\"gremicafe\",\"@id\":\"https:\/\/gremicafe.cat\/#\/schema\/person\/dabfdbb3d0fa36260855a380f94e4733\"},\"headline\":\"C\u00e0psula compostable de Caf\u00e8s Novell\",\"datePublished\":\"2017-11-22T08:07:12+00:00\",\"dateModified\":\"2018-04-05T07:54:28+00:00\",\"mainEntityOfPage\":{\"@id\":\"https:\/\/gremicafe.cat\/2017\/11\/22\/capsula-compostable-de-cafes-novell\/\"},\"wordCount\":101,\"publisher\":{\"@id\":\"https:\/\/gremicafe.cat\/#organization\"},\"image\":{\"@id\":\"https:\/\/gremicafe.cat\/2017\/11\/22\/capsula-compostable-de-cafes-novell\/#primaryimage\"},\"thumbnailUrl\":\"https:\/\/gremicafe.cat\/wp-content\/uploads\/2018\/04\/lavanguardia_g_19922023899-kxah-u422063805210foc-992x558lavanguardia-web2.jpg\",\"articleSection\":[\"Not\u00edcies\"],\"inLanguage\":\"es\"},{\"@type\":\"WebPage\",\"@id\":\"https:\/\/gremicafe.cat\/2017\/11\/22\/capsula-compostable-de-cafes-novell\/\",\"url\":\"https:\/\/gremicafe.cat\/2017\/11\/22\/capsula-compostable-de-cafes-novell\/\",\"name\":\"C\u00e0psula compostable de Caf\u00e8s Novell - Gremi del Caf\u00e8, torradors de Catalunya\",\"isPartOf\":{\"@id\":\"https:\/\/gremicafe.cat\/#website\"},\"primaryImageOfPage\":{\"@id\":\"https:\/\/gremicafe.cat\/2017\/11\/22\/capsula-compostable-de-cafes-novell\/#primaryimage\"},\"image\":{\"@id\":\"https:\/\/gremicafe.cat\/2017\/11\/22\/capsula-compostable-de-cafes-novell\/#primaryimage\"},\"thumbnailUrl\":\"https:\/\/gremicafe.cat\/wp-content\/uploads\/2018\/04\/lavanguardia_g_19922023899-kxah-u422063805210foc-992x558lavanguardia-web2.jpg\",\"datePublished\":\"2017-11-22T08:07:12+00:00\",\"dateModified\":\"2018-04-05T07:54:28+00:00\",\"breadcrumb\":{\"@id\":\"https:\/\/gremicafe.cat\/2017\/11\/22\/capsula-compostable-de-cafes-novell\/#breadcrumb\"},\"inLanguage\":\"es\",\"potentialAction\":[{\"@type\":\"ReadAction\",\"target\":[\"https:\/\/gremicafe.cat\/2017\/11\/22\/capsula-compostable-de-cafes-novell\/\"]}]},{\"@type\":\"ImageObject\",\"inLanguage\":\"es\",\"@id\":\"https:\/\/gremicafe.cat\/2017\/11\/22\/capsula-compostable-de-cafes-novell\/#primaryimage\",\"url\":\"https:\/\/gremicafe.cat\/wp-content\/uploads\/2018\/04\/lavanguardia_g_19922023899-kxah-u422063805210foc-992x558lavanguardia-web2.jpg\",\"contentUrl\":\"https:\/\/gremicafe.cat\/wp-content\/uploads\/2018\/04\/lavanguardia_g_19922023899-kxah-u422063805210foc-992x558lavanguardia-web2.jpg\",\"width\":992,\"height\":558,\"caption\":\"Presentaci\u00f3 Capsula compostable Cafes Novell Gerents\"},{\"@type\":\"BreadcrumbList\",\"@id\":\"https:\/\/gremicafe.cat\/2017\/11\/22\/capsula-compostable-de-cafes-novell\/#breadcrumb\",\"itemListElement\":[{\"@type\":\"ListItem\",\"position\":1,\"name\":\"Inici\",\"item\":\"https:\/\/gremicafe.cat\/\"},{\"@type\":\"ListItem\",\"position\":2,\"name\":\"C\u00e0psula compostable de Caf\u00e8s Novell\"}]},{\"@type\":\"WebSite\",\"@id\":\"https:\/\/gremicafe.cat\/#website\",\"url\":\"https:\/\/gremicafe.cat\/\",\"name\":\"Gremi del Caf\u00e8, torradors de Catalunya\",\"description\":\"Web oficial del gremi de torradors de caf\u00e8 de Catalunya\",\"publisher\":{\"@id\":\"https:\/\/gremicafe.cat\/#organization\"},\"potentialAction\":[{\"@type\":\"SearchAction\",\"target\":{\"@type\":\"EntryPoint\",\"urlTemplate\":\"https:\/\/gremicafe.cat\/?s={search_term_string}\"},\"query-input\":{\"@type\":\"PropertyValueSpecification\",\"valueRequired\":true,\"valueName\":\"search_term_string\"}}],\"inLanguage\":\"es\"},{\"@type\":\"Organization\",\"@id\":\"https:\/\/gremicafe.cat\/#organization\",\"name\":\"Gremi del Caf\u00e8, Torradors de Catalunya\",\"url\":\"https:\/\/gremicafe.cat\/\",\"logo\":{\"@type\":\"ImageObject\",\"inLanguage\":\"es\",\"@id\":\"https:\/\/gremicafe.cat\/#\/schema\/logo\/image\/\",\"url\":\"https:\/\/gremicafe.cat\/wp-content\/uploads\/2018\/03\/gremicafe-logo250.png\",\"contentUrl\":\"https:\/\/gremicafe.cat\/wp-content\/uploads\/2018\/03\/gremicafe-logo250.png\",\"width\":250,\"height\":49,\"caption\":\"Gremi del Caf\u00e8, Torradors de Catalunya\"},\"image\":{\"@id\":\"https:\/\/gremicafe.cat\/#\/schema\/logo\/image\/\"},\"sameAs\":[\"https:\/\/www.facebook.com\/gremicafecat\",\"https:\/\/x.com\/gremicafecat\",\"https:\/\/www.instagram.com\/gremicafecat\/\",\"https:\/\/www.pinterest.es\/gremicafecat\/\",\"https:\/\/www.youtube.com\/channel\/UCGLo5Y35vLwLvP4FrPZrCrw\/\"]},{\"@type\":\"Person\",\"@id\":\"https:\/\/gremicafe.cat\/#\/schema\/person\/dabfdbb3d0fa36260855a380f94e4733\",\"name\":\"gremicafe\",\"image\":{\"@type\":\"ImageObject\",\"inLanguage\":\"es\",\"@id\":\"https:\/\/gremicafe.cat\/#\/schema\/person\/image\/\",\"url\":\"https:\/\/secure.gravatar.com\/avatar\/e59baa4ca8f6f97576d6375fb6d3c8f0?s=96&d=mm&r=g\",\"contentUrl\":\"https:\/\/secure.gravatar.com\/avatar\/e59baa4ca8f6f97576d6375fb6d3c8f0?s=96&d=mm&r=g\",\"caption\":\"gremicafe\"}}]}<\/script>\n<!-- \/ Yoast SEO plugin. -->","yoast_head_json":{"title":"C\u00e0psula compostable de Caf\u00e8s Novell - Gremi del Caf\u00e8, torradors de Catalunya","robots":{"index":"index","follow":"follow","max-snippet":"max-snippet:-1","max-image-preview":"max-image-preview:large","max-video-preview":"max-video-preview:-1"},"canonical":"https:\/\/gremicafe.cat\/es\/2017\/11\/22\/capsula-compostable-de-cafes-novell\/","og_locale":"es_ES","og_type":"article","og_title":"C\u00e0psula compostable de Caf\u00e8s Novell - Gremi del Caf\u00e8, torradors de Catalunya","og_url":"https:\/\/gremicafe.cat\/es\/2017\/11\/22\/capsula-compostable-de-cafes-novell\/","og_site_name":"Gremi del Caf\u00e8, torradors de Catalunya","article_publisher":"https:\/\/www.facebook.com\/gremicafecat","article_published_time":"2017-11-22T08:07:12+00:00","article_modified_time":"2018-04-05T07:54:28+00:00","og_image":[{"width":992,"height":558,"url":"https:\/\/gremicafe.cat\/wp-content\/uploads\/2018\/04\/lavanguardia_g_19922023899-kxah-u422063805210foc-992x558lavanguardia-web2.jpg","type":"image\/jpeg"}],"author":"gremicafe","twitter_card":"summary_large_image","twitter_creator":"@gremicafecat","twitter_site":"@gremicafecat","twitter_misc":{"Escrito por":"gremicafe"},"schema":{"@context":"https:\/\/schema.org","@graph":[{"@type":"Article","@id":"https:\/\/gremicafe.cat\/2017\/11\/22\/capsula-compostable-de-cafes-novell\/#article","isPartOf":{"@id":"https:\/\/gremicafe.cat\/2017\/11\/22\/capsula-compostable-de-cafes-novell\/"},"author":{"name":"gremicafe","@id":"https:\/\/gremicafe.cat\/#\/schema\/person\/dabfdbb3d0fa36260855a380f94e4733"},"headline":"C\u00e0psula compostable de Caf\u00e8s Novell","datePublished":"2017-11-22T08:07:12+00:00","dateModified":"2018-04-05T07:54:28+00:00","mainEntityOfPage":{"@id":"https:\/\/gremicafe.cat\/2017\/11\/22\/capsula-compostable-de-cafes-novell\/"},"wordCount":101,"publisher":{"@id":"https:\/\/gremicafe.cat\/#organization"},"image":{"@id":"https:\/\/gremicafe.cat\/2017\/11\/22\/capsula-compostable-de-cafes-novell\/#primaryimage"},"thumbnailUrl":"https:\/\/gremicafe.cat\/wp-content\/uploads\/2018\/04\/lavanguardia_g_19922023899-kxah-u422063805210foc-992x558lavanguardia-web2.jpg","articleSection":["Not\u00edcies"],"inLanguage":"es"},{"@type":"WebPage","@id":"https:\/\/gremicafe.cat\/2017\/11\/22\/capsula-compostable-de-cafes-novell\/","url":"https:\/\/gremicafe.cat\/2017\/11\/22\/capsula-compostable-de-cafes-novell\/","name":"C\u00e0psula compostable de Caf\u00e8s Novell - Gremi del Caf\u00e8, torradors de Catalunya","isPartOf":{"@id":"https:\/\/gremicafe.cat\/#website"},"primaryImageOfPage":{"@id":"https:\/\/gremicafe.cat\/2017\/11\/22\/capsula-compostable-de-cafes-novell\/#primaryimage"},"image":{"@id":"https:\/\/gremicafe.cat\/2017\/11\/22\/capsula-compostable-de-cafes-novell\/#primaryimage"},"thumbnailUrl":"https:\/\/gremicafe.cat\/wp-content\/uploads\/2018\/04\/lavanguardia_g_19922023899-kxah-u422063805210foc-992x558lavanguardia-web2.jpg","datePublished":"2017-11-22T08:07:12+00:00","dateModified":"2018-04-05T07:54:28+00:00","breadcrumb":{"@id":"https:\/\/gremicafe.cat\/2017\/11\/22\/capsula-compostable-de-cafes-novell\/#breadcrumb"},"inLanguage":"es","potentialAction":[{"@type":"ReadAction","target":["https:\/\/gremicafe.cat\/2017\/11\/22\/capsula-compostable-de-cafes-novell\/"]}]},{"@type":"ImageObject","inLanguage":"es","@id":"https:\/\/gremicafe.cat\/2017\/11\/22\/capsula-compostable-de-cafes-novell\/#primaryimage","url":"https:\/\/gremicafe.cat\/wp-content\/uploads\/2018\/04\/lavanguardia_g_19922023899-kxah-u422063805210foc-992x558lavanguardia-web2.jpg","contentUrl":"https:\/\/gremicafe.cat\/wp-content\/uploads\/2018\/04\/lavanguardia_g_19922023899-kxah-u422063805210foc-992x558lavanguardia-web2.jpg","width":992,"height":558,"caption":"Presentaci\u00f3 Capsula compostable Cafes Novell Gerents"},{"@type":"BreadcrumbList","@id":"https:\/\/gremicafe.cat\/2017\/11\/22\/capsula-compostable-de-cafes-novell\/#breadcrumb","itemListElement":[{"@type":"ListItem","position":1,"name":"Inici","item":"https:\/\/gremicafe.cat\/"},{"@type":"ListItem","position":2,"name":"C\u00e0psula compostable de Caf\u00e8s Novell"}]},{"@type":"WebSite","@id":"https:\/\/gremicafe.cat\/#website","url":"https:\/\/gremicafe.cat\/","name":"Gremio del Caf\u00e9, tostadores de Catalu\u00f1a","description":"Web oficial del gremio de tostadores de caf\u00e9 de Catalunya","publisher":{"@id":"https:\/\/gremicafe.cat\/#organization"},"potentialAction":[{"@type":"SearchAction","target":{"@type":"EntryPoint","urlTemplate":"https:\/\/gremicafe.cat\/?s={search_term_string}"},"query-input":{"@type":"PropertyValueSpecification","valueRequired":true,"valueName":"search_term_string"}}],"inLanguage":"es"},{"@type":"Organization","@id":"https:\/\/gremicafe.cat\/#organization","name":"Gremio del Caf\u00e9, Tostadores de Catalu\u00f1a","url":"https:\/\/gremicafe.cat\/","logo":{"@type":"ImageObject","inLanguage":"es","@id":"https:\/\/gremicafe.cat\/#\/schema\/logo\/image\/","url":"https:\/\/gremicafe.cat\/wp-content\/uploads\/2018\/03\/gremicafe-logo250.png","contentUrl":"https:\/\/gremicafe.cat\/wp-content\/uploads\/2018\/03\/gremicafe-logo250.png","width":250,"height":49,"caption":"Gremi del Caf\u00e8, Torradors de Catalunya"},"image":{"@id":"https:\/\/gremicafe.cat\/#\/schema\/logo\/image\/"},"sameAs":["https:\/\/www.facebook.com\/gremicafecat","https:\/\/x.com\/gremicafecat","https:\/\/www.instagram.com\/gremicafecat\/","https:\/\/www.pinterest.es\/gremicafecat\/","https:\/\/www.youtube.com\/channel\/UCGLo5Y35vLwLvP4FrPZrCrw\/"]},{"@type":"Person","@id":"https:\/\/gremicafe.cat\/#\/schema\/person\/dabfdbb3d0fa36260855a380f94e4733","name":"gremicafe","image":{"@type":"ImageObject","inLanguage":"es","@id":"https:\/\/gremicafe.cat\/#\/schema\/person\/image\/","url":"https:\/\/secure.gravatar.com\/avatar\/e59baa4ca8f6f97576d6375fb6d3c8f0?s=96&d=mm&r=g","contentUrl":"https:\/\/secure.gravatar.com\/avatar\/e59baa4ca8f6f97576d6375fb6d3c8f0?s=96&d=mm&r=g","caption":"gremicafe"}}]}},"_links":{"self":[{"href":"https:\/\/gremicafe.cat\/es\/wp-json\/wp\/v2\/posts\/3664"}],"collection":[{"href":"https:\/\/gremicafe.cat\/es\/wp-json\/wp\/v2\/posts"}],"about":[{"href":"https:\/\/gremicafe.cat\/es\/wp-json\/wp\/v2\/types\/post"}],"author":[{"embeddable":true,"href":"https:\/\/gremicafe.cat\/es\/wp-json\/wp\/v2\/users\/1"}],"replies":[{"embeddable":true,"href":"https:\/\/gremicafe.cat\/es\/wp-json\/wp\/v2\/comments?post=3664"}],"version-history":[{"count":0,"href":"https:\/\/gremicafe.cat\/es\/wp-json\/wp\/v2\/posts\/3664\/revisions"}],"wp:featuredmedia":[{"embeddable":true,"href":"https:\/\/gremicafe.cat\/es\/wp-json\/wp\/v2\/media\/3670"}],"wp:attachment":[{"href":"https:\/\/gremicafe.cat\/es\/wp-json\/wp\/v2\/media?parent=3664"}],"wp:term":[{"taxonomy":"category","embeddable":true,"href":"https:\/\/gremicafe.cat\/es\/wp-json\/wp\/v2\/categories?post=3664"},{"taxonomy":"post_tag","embeddable":true,"href":"https:\/\/gremicafe.cat\/es\/wp-json\/wp\/v2\/tags?post=3664"}],"curies":[{"name":"wp","href":"https:\/\/api.w.org\/{rel}","templated":true}]}}