{"id":4266,"date":"2018-06-13T16:26:38","date_gmt":"2018-06-13T14:26:38","guid":{"rendered":"http:\/\/gremicafe.cat\/?p=4266"},"modified":"2018-06-13T16:30:10","modified_gmt":"2018-06-13T14:30:10","slug":"cafes-delsams-obra-de-cafe-espai-a-lleida","status":"publish","type":"post","link":"https:\/\/gremicafe.cat\/es\/2018\/06\/13\/cafes-delsams-obra-de-cafe-espai-a-lleida\/","title":{"rendered":"Caf\u00e9s Delsams obra De.Caf\u00e8 Espai en Lleida"},"content":{"rendered":"<section id=\"ut-section-69f5d5524e820\" data-vc-full-width=\"true\" data-vc-full-width-init=\"false\" class=\"vc_section vc_section-has-no-fill ut-section-69f5d5524e82b\"><div id=\"ut-row-69f5d5524ec23\" data-vc-full-width=\"true\" data-vc-full-width-init=\"false\" class=\"vc_row wpb_row vc_row-fluid vc_column-gap-0 ut-row-69f5d5524ec2e\" ><div class=\"wpb_column vc_column_container vc_col-sm-12\" ><div id=\"ut_inner_column_69f5d5524f154\" class=\"vc_column-inner\"><div class=\"wpb_wrapper\"><div class=\"wpb_content_element\"><style type=\"text\/css\" scoped>#ut_header_69f5d5524f32f h2 span { color:; }#ut_header_69f5d5524f32f.pt-style-2 .page-title:after, #ut_header_69f5d5524f32f.pt-style-2 .parallax-title:after, #ut_header_69f5d5524f32f.pt-style-2 .section-title:after {background-color: ;height: ;width: ;}<\/style><header id=\"ut_header_69f5d5524f32f\" class=\"section-header pt-style-2 header-left\"><h2  class=\"section-title\"><span>Caf\u00e9s Delsams obra De.Caf\u00e8 Espai en Lleida<\/span><\/h2><\/header><\/div><\/div><\/div><\/div><\/div><div class=\"vc_row-full-width vc_clearfix\"><\/div><div id=\"ut-row-69f5d5524f59d\" data-vc-full-width=\"true\" data-vc-full-width-init=\"false\" class=\"vc_row wpb_row vc_row-fluid vc_column-gap-0 ut-row-69f5d5524f5a6\" ><div class=\"wpb_column vc_column_container vc_col-sm-4\" ><div id=\"ut_inner_column_69f5d5524f80c\" class=\"vc_column-inner\"><div class=\"wpb_wrapper\">\n\t<div class=\"wpb_text_column wpb_content_element\" >\n\t\t<div class=\"wpb_wrapper\">\n\t\t\t<p class=\"p1\">Concretamente en la calle Obispo Ruano n\u00famero 4 de la capital del Segri\u00e0. De.Caf\u00e8 Espai, est\u00e1 pensado para dar a conocer y potenciar tanto al profesional como al consumidor final, los diferentes tipos y calidades de caf\u00e9s: or\u00edgenes, variedades, procesos y propiedades organol\u00e9pticas que podemos encontrar en el maravilloso mundo del caf\u00e9. Tambi\u00e9n podremos trabajar las distintas formas de preparaci\u00f3n del caf\u00e9 como bebida.<\/p>\n\n\t\t<\/div>\n\t<\/div>\n<\/div><\/div><\/div><div class=\"wpb_column vc_column_container vc_col-sm-8\" ><div id=\"ut_inner_column_69f5d5524fa69\" class=\"vc_column-inner\"><div class=\"wpb_wrapper\"><div  class=\"wpb_content_element   clearfix\"><style type=\"text\/css\" scoped>#ut_am_69f5d55250115 { opacity: 1; }<\/style><div id=\"ut_am_wrap_69f5d55250116\" class=\"ut-image-gallery-image\" style=\"text-align:left;\"><div class=\"ut-animated-image-item ut-image-gallery-item ut-animation-done\"><a class=\"ut-deactivated-link\" href=\"#\"><img loading=\"lazy\" decoding=\"async\" title=\"Fachada-De.Caf\u00e9\" id=\"ut_am_69f5d55250115\" style=\"\" src=\"https:\/\/gremicafe.cat\/wp-content\/uploads\/2018\/06\/Fac\u0327ana-De.Cafe\u0300.jpg\" width=\"929\" height=\"623\" alt=\"\"\/><\/a><\/div><\/div><\/div><div  class=\"wpb_content_element   clearfix\"><style type=\"text\/css\" scoped>#ut_am_69f5d552505cc { opacity: 1; }<\/style><div id=\"ut_am_wrap_69f5d552505cd\" class=\"ut-image-gallery-image\" style=\"text-align:left;\"><div class=\"ut-animated-image-item ut-image-gallery-item ut-animation-done\"><a class=\"ut-deactivated-link\" href=\"#\"><img loading=\"lazy\" decoding=\"async\" title=\"Area-Expresso\" id=\"ut_am_69f5d552505cc\" style=\"\" src=\"https:\/\/gremicafe.cat\/wp-content\/uploads\/2018\/06\/Area-Expresso.jpg\" width=\"912\" height=\"609\" alt=\"\"\/><\/a><\/div><\/div><\/div><\/div><\/div><\/div><\/div><div class=\"vc_row-full-width vc_clearfix\"><\/div><\/section><div class=\"vc_row-full-width vc_clearfix\"><\/div>","protected":false},"excerpt":{"rendered":"#ut_header_69f5d552514ad h2 span { color:; }#ut_header_69f5d552514ad.pt-style-2 .page-title:after, #ut_header_69f5d552514ad.pt-style-2 .parallax-title:after, #ut_header_69f5d552514ad.pt-style-2 .section-title:after {background-color: ;height: ;width: ;}Caf\u00e8s Delsams obra De.Caf\u00e8 Espai a Lleida Concretament al carrer Bisbe Ruano n\u00famero 4 de la capital del Segri\u00e0. De.Caf\u00e8 Espai, est\u00e0 pensat per donar a con\u00e8ixer i potenciar tant al professional com al consumidor final, els diferents tipus i qualitats [...]","protected":false},"author":1,"featured_media":4268,"comment_status":"closed","ping_status":"open","sticky":false,"template":"","format":"standard","meta":{"_acf_changed":false,"inline_featured_image":false,"footnotes":""},"categories":[1],"tags":[],"class_list":["post-4266","post","type-post","status-publish","format-standard","has-post-thumbnail","hentry","category-noticies"],"acf":[],"yoast_head":"<!-- This site is optimized with the Yoast SEO plugin v25.5 - https:\/\/yoast.com\/wordpress\/plugins\/seo\/ -->\n<title>Caf\u00e8s Delsams obra De.Caf\u00e8 Espai a Lleida - Gremi del Caf\u00e8, torradors de Catalunya<\/title>\n<meta name=\"robots\" content=\"index, follow, max-snippet:-1, max-image-preview:large, max-video-preview:-1\" \/>\n<link rel=\"canonical\" href=\"https:\/\/gremicafe.cat\/es\/2018\/06\/13\/cafes-delsams-obra-de-cafe-espai-a-lleida\/\" \/>\n<meta property=\"og:locale\" content=\"es_ES\" \/>\n<meta property=\"og:type\" content=\"article\" \/>\n<meta property=\"og:title\" content=\"Caf\u00e8s Delsams obra De.Caf\u00e8 Espai a Lleida - Gremi del Caf\u00e8, torradors de Catalunya\" \/>\n<meta property=\"og:url\" content=\"https:\/\/gremicafe.cat\/es\/2018\/06\/13\/cafes-delsams-obra-de-cafe-espai-a-lleida\/\" \/>\n<meta property=\"og:site_name\" content=\"Gremi del Caf\u00e8, torradors de Catalunya\" \/>\n<meta property=\"article:publisher\" content=\"https:\/\/www.facebook.com\/gremicafecat\" \/>\n<meta property=\"article:published_time\" content=\"2018-06-13T14:26:38+00:00\" \/>\n<meta property=\"article:modified_time\" content=\"2018-06-13T14:30:10+00:00\" \/>\n<meta property=\"og:image\" content=\"https:\/\/gremicafe.cat\/wp-content\/uploads\/2018\/06\/Fac\u0327ana-De.Cafe\u0300.jpg\" \/>\n\t<meta property=\"og:image:width\" content=\"929\" \/>\n\t<meta property=\"og:image:height\" content=\"623\" \/>\n\t<meta property=\"og:image:type\" content=\"image\/jpeg\" \/>\n<meta name=\"author\" content=\"gremicafe\" \/>\n<meta name=\"twitter:card\" content=\"summary_large_image\" \/>\n<meta name=\"twitter:creator\" content=\"@gremicafecat\" \/>\n<meta name=\"twitter:site\" content=\"@gremicafecat\" \/>\n<meta name=\"twitter:label1\" content=\"Escrito por\" \/>\n\t<meta name=\"twitter:data1\" content=\"gremicafe\" \/>\n\t<meta name=\"twitter:label2\" content=\"Tiempo de lectura\" \/>\n\t<meta name=\"twitter:data2\" content=\"1 minuto\" \/>\n<script type=\"application\/ld+json\" class=\"yoast-schema-graph\">{\"@context\":\"https:\/\/schema.org\",\"@graph\":[{\"@type\":\"Article\",\"@id\":\"https:\/\/gremicafe.cat\/2018\/06\/13\/cafes-delsams-obra-de-cafe-espai-a-lleida\/#article\",\"isPartOf\":{\"@id\":\"https:\/\/gremicafe.cat\/2018\/06\/13\/cafes-delsams-obra-de-cafe-espai-a-lleida\/\"},\"author\":{\"name\":\"gremicafe\",\"@id\":\"https:\/\/gremicafe.cat\/#\/schema\/person\/dabfdbb3d0fa36260855a380f94e4733\"},\"headline\":\"Caf\u00e8s Delsams obra De.Caf\u00e8 Espai a Lleida\",\"datePublished\":\"2018-06-13T14:26:38+00:00\",\"dateModified\":\"2018-06-13T14:30:10+00:00\",\"mainEntityOfPage\":{\"@id\":\"https:\/\/gremicafe.cat\/2018\/06\/13\/cafes-delsams-obra-de-cafe-espai-a-lleida\/\"},\"wordCount\":139,\"publisher\":{\"@id\":\"https:\/\/gremicafe.cat\/#organization\"},\"image\":{\"@id\":\"https:\/\/gremicafe.cat\/2018\/06\/13\/cafes-delsams-obra-de-cafe-espai-a-lleida\/#primaryimage\"},\"thumbnailUrl\":\"https:\/\/gremicafe.cat\/wp-content\/uploads\/2018\/06\/Fac\u0327ana-De.Cafe\u0300.jpg\",\"articleSection\":[\"Not\u00edcies\"],\"inLanguage\":\"es\"},{\"@type\":\"WebPage\",\"@id\":\"https:\/\/gremicafe.cat\/2018\/06\/13\/cafes-delsams-obra-de-cafe-espai-a-lleida\/\",\"url\":\"https:\/\/gremicafe.cat\/2018\/06\/13\/cafes-delsams-obra-de-cafe-espai-a-lleida\/\",\"name\":\"Caf\u00e8s Delsams obra De.Caf\u00e8 Espai a Lleida - Gremi del Caf\u00e8, torradors de Catalunya\",\"isPartOf\":{\"@id\":\"https:\/\/gremicafe.cat\/#website\"},\"primaryImageOfPage\":{\"@id\":\"https:\/\/gremicafe.cat\/2018\/06\/13\/cafes-delsams-obra-de-cafe-espai-a-lleida\/#primaryimage\"},\"image\":{\"@id\":\"https:\/\/gremicafe.cat\/2018\/06\/13\/cafes-delsams-obra-de-cafe-espai-a-lleida\/#primaryimage\"},\"thumbnailUrl\":\"https:\/\/gremicafe.cat\/wp-content\/uploads\/2018\/06\/Fac\u0327ana-De.Cafe\u0300.jpg\",\"datePublished\":\"2018-06-13T14:26:38+00:00\",\"dateModified\":\"2018-06-13T14:30:10+00:00\",\"breadcrumb\":{\"@id\":\"https:\/\/gremicafe.cat\/2018\/06\/13\/cafes-delsams-obra-de-cafe-espai-a-lleida\/#breadcrumb\"},\"inLanguage\":\"es\",\"potentialAction\":[{\"@type\":\"ReadAction\",\"target\":[\"https:\/\/gremicafe.cat\/2018\/06\/13\/cafes-delsams-obra-de-cafe-espai-a-lleida\/\"]}]},{\"@type\":\"ImageObject\",\"inLanguage\":\"es\",\"@id\":\"https:\/\/gremicafe.cat\/2018\/06\/13\/cafes-delsams-obra-de-cafe-espai-a-lleida\/#primaryimage\",\"url\":\"https:\/\/gremicafe.cat\/wp-content\/uploads\/2018\/06\/Fac\u0327ana-De.Cafe\u0300.jpg\",\"contentUrl\":\"https:\/\/gremicafe.cat\/wp-content\/uploads\/2018\/06\/Fac\u0327ana-De.Cafe\u0300.jpg\",\"width\":929,\"height\":623},{\"@type\":\"BreadcrumbList\",\"@id\":\"https:\/\/gremicafe.cat\/2018\/06\/13\/cafes-delsams-obra-de-cafe-espai-a-lleida\/#breadcrumb\",\"itemListElement\":[{\"@type\":\"ListItem\",\"position\":1,\"name\":\"Inici\",\"item\":\"https:\/\/gremicafe.cat\/\"},{\"@type\":\"ListItem\",\"position\":2,\"name\":\"Caf\u00e8s Delsams obra De.Caf\u00e8 Espai a Lleida\"}]},{\"@type\":\"WebSite\",\"@id\":\"https:\/\/gremicafe.cat\/#website\",\"url\":\"https:\/\/gremicafe.cat\/\",\"name\":\"Gremi del Caf\u00e8, torradors de Catalunya\",\"description\":\"Web oficial del gremi de torradors de caf\u00e8 de Catalunya\",\"publisher\":{\"@id\":\"https:\/\/gremicafe.cat\/#organization\"},\"potentialAction\":[{\"@type\":\"SearchAction\",\"target\":{\"@type\":\"EntryPoint\",\"urlTemplate\":\"https:\/\/gremicafe.cat\/?s={search_term_string}\"},\"query-input\":{\"@type\":\"PropertyValueSpecification\",\"valueRequired\":true,\"valueName\":\"search_term_string\"}}],\"inLanguage\":\"es\"},{\"@type\":\"Organization\",\"@id\":\"https:\/\/gremicafe.cat\/#organization\",\"name\":\"Gremi del Caf\u00e8, Torradors de Catalunya\",\"url\":\"https:\/\/gremicafe.cat\/\",\"logo\":{\"@type\":\"ImageObject\",\"inLanguage\":\"es\",\"@id\":\"https:\/\/gremicafe.cat\/#\/schema\/logo\/image\/\",\"url\":\"https:\/\/gremicafe.cat\/wp-content\/uploads\/2018\/03\/gremicafe-logo250.png\",\"contentUrl\":\"https:\/\/gremicafe.cat\/wp-content\/uploads\/2018\/03\/gremicafe-logo250.png\",\"width\":250,\"height\":49,\"caption\":\"Gremi del Caf\u00e8, Torradors de Catalunya\"},\"image\":{\"@id\":\"https:\/\/gremicafe.cat\/#\/schema\/logo\/image\/\"},\"sameAs\":[\"https:\/\/www.facebook.com\/gremicafecat\",\"https:\/\/x.com\/gremicafecat\",\"https:\/\/www.instagram.com\/gremicafecat\/\",\"https:\/\/www.pinterest.es\/gremicafecat\/\",\"https:\/\/www.youtube.com\/channel\/UCGLo5Y35vLwLvP4FrPZrCrw\/\"]},{\"@type\":\"Person\",\"@id\":\"https:\/\/gremicafe.cat\/#\/schema\/person\/dabfdbb3d0fa36260855a380f94e4733\",\"name\":\"gremicafe\",\"image\":{\"@type\":\"ImageObject\",\"inLanguage\":\"es\",\"@id\":\"https:\/\/gremicafe.cat\/#\/schema\/person\/image\/\",\"url\":\"https:\/\/secure.gravatar.com\/avatar\/e59baa4ca8f6f97576d6375fb6d3c8f0?s=96&d=mm&r=g\",\"contentUrl\":\"https:\/\/secure.gravatar.com\/avatar\/e59baa4ca8f6f97576d6375fb6d3c8f0?s=96&d=mm&r=g\",\"caption\":\"gremicafe\"}}]}<\/script>\n<!-- \/ Yoast SEO plugin. -->","yoast_head_json":{"title":"Caf\u00e8s Delsams obra De.Caf\u00e8 Espai a Lleida - Gremi del Caf\u00e8, torradors de Catalunya","robots":{"index":"index","follow":"follow","max-snippet":"max-snippet:-1","max-image-preview":"max-image-preview:large","max-video-preview":"max-video-preview:-1"},"canonical":"https:\/\/gremicafe.cat\/es\/2018\/06\/13\/cafes-delsams-obra-de-cafe-espai-a-lleida\/","og_locale":"es_ES","og_type":"article","og_title":"Caf\u00e8s Delsams obra De.Caf\u00e8 Espai a Lleida - Gremi del Caf\u00e8, torradors de Catalunya","og_url":"https:\/\/gremicafe.cat\/es\/2018\/06\/13\/cafes-delsams-obra-de-cafe-espai-a-lleida\/","og_site_name":"Gremi del Caf\u00e8, torradors de Catalunya","article_publisher":"https:\/\/www.facebook.com\/gremicafecat","article_published_time":"2018-06-13T14:26:38+00:00","article_modified_time":"2018-06-13T14:30:10+00:00","og_image":[{"width":929,"height":623,"url":"https:\/\/gremicafe.cat\/wp-content\/uploads\/2018\/06\/Fac\u0327ana-De.Cafe\u0300.jpg","type":"image\/jpeg"}],"author":"gremicafe","twitter_card":"summary_large_image","twitter_creator":"@gremicafecat","twitter_site":"@gremicafecat","twitter_misc":{"Escrito por":"gremicafe","Tiempo de lectura":"1 minuto"},"schema":{"@context":"https:\/\/schema.org","@graph":[{"@type":"Article","@id":"https:\/\/gremicafe.cat\/2018\/06\/13\/cafes-delsams-obra-de-cafe-espai-a-lleida\/#article","isPartOf":{"@id":"https:\/\/gremicafe.cat\/2018\/06\/13\/cafes-delsams-obra-de-cafe-espai-a-lleida\/"},"author":{"name":"gremicafe","@id":"https:\/\/gremicafe.cat\/#\/schema\/person\/dabfdbb3d0fa36260855a380f94e4733"},"headline":"Caf\u00e8s Delsams obra De.Caf\u00e8 Espai a Lleida","datePublished":"2018-06-13T14:26:38+00:00","dateModified":"2018-06-13T14:30:10+00:00","mainEntityOfPage":{"@id":"https:\/\/gremicafe.cat\/2018\/06\/13\/cafes-delsams-obra-de-cafe-espai-a-lleida\/"},"wordCount":139,"publisher":{"@id":"https:\/\/gremicafe.cat\/#organization"},"image":{"@id":"https:\/\/gremicafe.cat\/2018\/06\/13\/cafes-delsams-obra-de-cafe-espai-a-lleida\/#primaryimage"},"thumbnailUrl":"https:\/\/gremicafe.cat\/wp-content\/uploads\/2018\/06\/Fac\u0327ana-De.Cafe\u0300.jpg","articleSection":["Not\u00edcies"],"inLanguage":"es"},{"@type":"WebPage","@id":"https:\/\/gremicafe.cat\/2018\/06\/13\/cafes-delsams-obra-de-cafe-espai-a-lleida\/","url":"https:\/\/gremicafe.cat\/2018\/06\/13\/cafes-delsams-obra-de-cafe-espai-a-lleida\/","name":"Caf\u00e8s Delsams obra De.Caf\u00e8 Espai a Lleida - Gremi del Caf\u00e8, torradors de Catalunya","isPartOf":{"@id":"https:\/\/gremicafe.cat\/#website"},"primaryImageOfPage":{"@id":"https:\/\/gremicafe.cat\/2018\/06\/13\/cafes-delsams-obra-de-cafe-espai-a-lleida\/#primaryimage"},"image":{"@id":"https:\/\/gremicafe.cat\/2018\/06\/13\/cafes-delsams-obra-de-cafe-espai-a-lleida\/#primaryimage"},"thumbnailUrl":"https:\/\/gremicafe.cat\/wp-content\/uploads\/2018\/06\/Fac\u0327ana-De.Cafe\u0300.jpg","datePublished":"2018-06-13T14:26:38+00:00","dateModified":"2018-06-13T14:30:10+00:00","breadcrumb":{"@id":"https:\/\/gremicafe.cat\/2018\/06\/13\/cafes-delsams-obra-de-cafe-espai-a-lleida\/#breadcrumb"},"inLanguage":"es","potentialAction":[{"@type":"ReadAction","target":["https:\/\/gremicafe.cat\/2018\/06\/13\/cafes-delsams-obra-de-cafe-espai-a-lleida\/"]}]},{"@type":"ImageObject","inLanguage":"es","@id":"https:\/\/gremicafe.cat\/2018\/06\/13\/cafes-delsams-obra-de-cafe-espai-a-lleida\/#primaryimage","url":"https:\/\/gremicafe.cat\/wp-content\/uploads\/2018\/06\/Fac\u0327ana-De.Cafe\u0300.jpg","contentUrl":"https:\/\/gremicafe.cat\/wp-content\/uploads\/2018\/06\/Fac\u0327ana-De.Cafe\u0300.jpg","width":929,"height":623},{"@type":"BreadcrumbList","@id":"https:\/\/gremicafe.cat\/2018\/06\/13\/cafes-delsams-obra-de-cafe-espai-a-lleida\/#breadcrumb","itemListElement":[{"@type":"ListItem","position":1,"name":"Inici","item":"https:\/\/gremicafe.cat\/"},{"@type":"ListItem","position":2,"name":"Caf\u00e8s Delsams obra De.Caf\u00e8 Espai a Lleida"}]},{"@type":"WebSite","@id":"https:\/\/gremicafe.cat\/#website","url":"https:\/\/gremicafe.cat\/","name":"Gremio del Caf\u00e9, tostadores de Catalu\u00f1a","description":"Web oficial del gremio de tostadores de caf\u00e9 de Catalunya","publisher":{"@id":"https:\/\/gremicafe.cat\/#organization"},"potentialAction":[{"@type":"SearchAction","target":{"@type":"EntryPoint","urlTemplate":"https:\/\/gremicafe.cat\/?s={search_term_string}"},"query-input":{"@type":"PropertyValueSpecification","valueRequired":true,"valueName":"search_term_string"}}],"inLanguage":"es"},{"@type":"Organization","@id":"https:\/\/gremicafe.cat\/#organization","name":"Gremio del Caf\u00e9, Tostadores de Catalu\u00f1a","url":"https:\/\/gremicafe.cat\/","logo":{"@type":"ImageObject","inLanguage":"es","@id":"https:\/\/gremicafe.cat\/#\/schema\/logo\/image\/","url":"https:\/\/gremicafe.cat\/wp-content\/uploads\/2018\/03\/gremicafe-logo250.png","contentUrl":"https:\/\/gremicafe.cat\/wp-content\/uploads\/2018\/03\/gremicafe-logo250.png","width":250,"height":49,"caption":"Gremi del Caf\u00e8, Torradors de Catalunya"},"image":{"@id":"https:\/\/gremicafe.cat\/#\/schema\/logo\/image\/"},"sameAs":["https:\/\/www.facebook.com\/gremicafecat","https:\/\/x.com\/gremicafecat","https:\/\/www.instagram.com\/gremicafecat\/","https:\/\/www.pinterest.es\/gremicafecat\/","https:\/\/www.youtube.com\/channel\/UCGLo5Y35vLwLvP4FrPZrCrw\/"]},{"@type":"Person","@id":"https:\/\/gremicafe.cat\/#\/schema\/person\/dabfdbb3d0fa36260855a380f94e4733","name":"gremicafe","image":{"@type":"ImageObject","inLanguage":"es","@id":"https:\/\/gremicafe.cat\/#\/schema\/person\/image\/","url":"https:\/\/secure.gravatar.com\/avatar\/e59baa4ca8f6f97576d6375fb6d3c8f0?s=96&d=mm&r=g","contentUrl":"https:\/\/secure.gravatar.com\/avatar\/e59baa4ca8f6f97576d6375fb6d3c8f0?s=96&d=mm&r=g","caption":"gremicafe"}}]}},"_links":{"self":[{"href":"https:\/\/gremicafe.cat\/es\/wp-json\/wp\/v2\/posts\/4266"}],"collection":[{"href":"https:\/\/gremicafe.cat\/es\/wp-json\/wp\/v2\/posts"}],"about":[{"href":"https:\/\/gremicafe.cat\/es\/wp-json\/wp\/v2\/types\/post"}],"author":[{"embeddable":true,"href":"https:\/\/gremicafe.cat\/es\/wp-json\/wp\/v2\/users\/1"}],"replies":[{"embeddable":true,"href":"https:\/\/gremicafe.cat\/es\/wp-json\/wp\/v2\/comments?post=4266"}],"version-history":[{"count":0,"href":"https:\/\/gremicafe.cat\/es\/wp-json\/wp\/v2\/posts\/4266\/revisions"}],"wp:featuredmedia":[{"embeddable":true,"href":"https:\/\/gremicafe.cat\/es\/wp-json\/wp\/v2\/media\/4268"}],"wp:attachment":[{"href":"https:\/\/gremicafe.cat\/es\/wp-json\/wp\/v2\/media?parent=4266"}],"wp:term":[{"taxonomy":"category","embeddable":true,"href":"https:\/\/gremicafe.cat\/es\/wp-json\/wp\/v2\/categories?post=4266"},{"taxonomy":"post_tag","embeddable":true,"href":"https:\/\/gremicafe.cat\/es\/wp-json\/wp\/v2\/tags?post=4266"}],"curies":[{"name":"wp","href":"https:\/\/api.w.org\/{rel}","templated":true}]}}