{"id":4275,"date":"2018-06-12T15:21:58","date_gmt":"2018-06-12T13:21:58","guid":{"rendered":"http:\/\/gremicafe.cat\/?p=4275"},"modified":"2018-06-20T09:52:48","modified_gmt":"2018-06-20T07:52:48","slug":"vistia-dels-alumnes-del-institut-gili-i-gaya-de-lleida-a-la-fabrica-de-cafes-batalla","status":"publish","type":"post","link":"https:\/\/gremicafe.cat\/es\/2018\/06\/12\/vistia-dels-alumnes-del-institut-gili-i-gaya-de-lleida-a-la-fabrica-de-cafes-batalla\/","title":{"rendered":"Visita de los alumnos del instituto Gili y Gaya de Lleida a la f\u00e1brica de Caf\u00e8s Batalla"},"content":{"rendered":"<div id=\"ut-row-69f5d0bce5ea0\" data-vc-full-width=\"true\" data-vc-full-width-init=\"false\" class=\"vc_row wpb_row vc_row-fluid vc_column-gap-0 ut-row-69f5d0bce5eb5\" ><div class=\"wpb_column vc_column_container vc_col-sm-12\" ><div id=\"ut_inner_column_69f5d0bce6887\" class=\"vc_column-inner\"><div class=\"wpb_wrapper\"><div class=\"wpb_content_element\"><style type=\"text\/css\" scoped>#ut_header_69f5d0bce6b18 h2 span { color:; }#ut_header_69f5d0bce6b18 h2.section-title { font-size: 30px; }#ut_header_69f5d0bce6b18.pt-style-2 .page-title:after, #ut_header_69f5d0bce6b18.pt-style-2 .parallax-title:after, #ut_header_69f5d0bce6b18.pt-style-2 .section-title:after {background-color: ;height: ;width: ;}<\/style><header id=\"ut_header_69f5d0bce6b18\" class=\"section-header pt-style-2 header-left\"><h2  class=\"section-title\"><span>Visita de los Alumnos del Instituto Gili y Gaya de Lleida en la f\u00e1brica de Caf\u00e8s Batalla<\/span><\/h2><\/header><\/div><\/div><\/div><\/div><\/div><div class=\"vc_row-full-width vc_clearfix\"><\/div><div id=\"ut-row-69f5d0bce708a\" data-vc-full-width=\"true\" data-vc-full-width-init=\"false\" class=\"vc_row wpb_row vc_row-fluid vc_column-gap-0 ut-row-69f5d0bce7097\" ><div class=\"wpb_column vc_column_container vc_col-sm-3\" ><div id=\"ut_inner_column_69f5d0bce740c\" class=\"vc_column-inner\"><div class=\"wpb_wrapper\">\n\t<div class=\"wpb_text_column wpb_content_element\" >\n\t\t<div class=\"wpb_wrapper\">\n\t\t\t<p class=\"p1\">Visita a las instalaciones de\u00a0<a href=\"http:\/\/www.cafesbatalla.com\/ca\"><span class=\"s1\">Batalla Caf\u00e9s<\/span><\/a>\u00a0de los alumnos de 1\u00ba de bachillerato del<a href=\"https:\/\/www.facebook.com\/insgiligaya\/?fref=mentions\"><span class=\"s1\">Instituto Samuel Gili y Gaya<\/span><\/a>\u00a0de Lleida, donde realizaron la visita a la f\u00e1brica y pudieron observar las distintas fases del proceso de producci\u00f3n del caf\u00e9.<\/p>\n\n\t\t<\/div>\n\t<\/div>\n<\/div><\/div><\/div><div class=\"wpb_column vc_column_container vc_col-sm-9\" ><div id=\"ut_inner_column_69f5d0bce767f\" class=\"vc_column-inner\"><div class=\"wpb_wrapper\"><div class=\"wpb_content_element ut-gallery-5  clearfix\">            \n            <script type=\"text\/javascript\">\n                \n                (function($){\n                    \n                    $(document).ready(function(){\n                        \n                                                                        \n                        function get_animated_objects( $all_appeared_elements, effect ) {\n                            \n                            var counter = 0;\n                            \n                            $all_appeared_elements.each(function(){\n                                        \n                                if( $(this).hasClass(effect) ) {\n\n                                    counter++;\n\n                                }\n\n                            });\n                            \n                            return counter;\n                            \n                        }\n                        \n                          \n                    });\n                        \n                })(jQuery);\n            \n            <\/script>\n            \n            <style type=\"text\/css\" scoped>#ut_ig_69f5d0bce76d1 .ut-lazy:not(.ut-image-loaded) + .ut-video-module-loading { display:block; }#ut_ig_69f5d0bce76d1 .ut-lazy.ut-image-loaded + .ut-video-module-loading { display:none; }<\/style><div id=\"ut_ig_69f5d0bce76d1\" class=\"ut-image-gallery  ut-image-gallery-5 clearfix\"><div  data-count=\"2\" class=\"ut-image-gallery-item ut-animation-done grid-50 tablet-grid-50 mobile-grid-100\"><a  class=\"ut-vc-images-lightbox\"  data-exthumbimage=\"https:\/\/gremicafe.cat\/wp-content\/uploads\/2018\/06\/image004-150x150.jpg\" href=\"https:\/\/gremicafe.cat\/wp-content\/uploads\/2018\/06\/image004.jpg\"><div class=\"ut-image-gallery-image\"><img loading=\"lazy\" decoding=\"async\"  class=\"\" src=\"https:\/\/gremicafe.cat\/wp-content\/uploads\/2018\/06\/image004-1160x1160.jpg\" width=\"1160\" height=\"1160\"><\/div><\/a><\/div><div  data-count=\"2\" class=\"ut-image-gallery-item ut-animation-done ut-animation-done grid-50 tablet-grid-50 mobile-grid-100\"><a  class=\"ut-vc-images-lightbox\"  data-exthumbimage=\"https:\/\/gremicafe.cat\/wp-content\/uploads\/2018\/06\/image006-150x150.jpg\" href=\"https:\/\/gremicafe.cat\/wp-content\/uploads\/2018\/06\/image006.jpg\"><div class=\"ut-image-gallery-image\"><img loading=\"lazy\" decoding=\"async\"  class=\"\" src=\"https:\/\/gremicafe.cat\/wp-content\/uploads\/2018\/06\/image006-1160x1160.jpg\" width=\"1160\" height=\"1160\"><\/div><\/a><\/div><div class=\"clear\"><\/div><\/div><\/div><\/div><\/div><\/div><\/div><div class=\"vc_row-full-width vc_clearfix\"><\/div>","protected":false},"excerpt":{"rendered":"#ut_header_69f5d0bce907d h2 span { color:; }#ut_header_69f5d0bce907d h2.section-title { font-size: 30px; }#ut_header_69f5d0bce907d.pt-style-2 .page-title:after, #ut_header_69f5d0bce907d.pt-style-2 .parallax-title:after, #ut_header_69f5d0bce907d.pt-style-2 .section-title:after {background-color: ;height: ;width: ;}Visita dels Alumnes del Institut Gili i Gaya de Lleida a la f\u00e0brica de Caf\u00e8s Batalla Visita a les instal\u00b7lacions de\u00a0Batalla Caf\u00e9s\u00a0dels alumnes de 1r de batxillerat de l'Institut Samuel Gili i Gaya\u00a0de Lleida, on van [...]","protected":false},"author":1,"featured_media":4277,"comment_status":"closed","ping_status":"open","sticky":false,"template":"","format":"standard","meta":{"_acf_changed":false,"inline_featured_image":false,"footnotes":""},"categories":[1],"tags":[],"class_list":["post-4275","post","type-post","status-publish","format-standard","has-post-thumbnail","hentry","category-noticies"],"acf":[],"yoast_head":"<!-- This site is optimized with the Yoast SEO plugin v25.5 - https:\/\/yoast.com\/wordpress\/plugins\/seo\/ -->\n<title>Visita dels alumnes de l&#039;institut Gili i Gaya de Lleida a la f\u00e0brica de Caf\u00e8s Batalla - Gremi del Caf\u00e8, torradors de Catalunya<\/title>\n<meta name=\"robots\" content=\"index, follow, max-snippet:-1, max-image-preview:large, max-video-preview:-1\" \/>\n<link rel=\"canonical\" href=\"https:\/\/gremicafe.cat\/es\/2018\/06\/12\/vistia-dels-alumnes-del-institut-gili-i-gaya-de-lleida-a-la-fabrica-de-cafes-batalla\/\" \/>\n<meta property=\"og:locale\" content=\"es_ES\" \/>\n<meta property=\"og:type\" content=\"article\" \/>\n<meta property=\"og:title\" content=\"Visita dels alumnes de l&#039;institut Gili i Gaya de Lleida a la f\u00e0brica de Caf\u00e8s Batalla - Gremi del Caf\u00e8, torradors de Catalunya\" \/>\n<meta property=\"og:url\" content=\"https:\/\/gremicafe.cat\/es\/2018\/06\/12\/vistia-dels-alumnes-del-institut-gili-i-gaya-de-lleida-a-la-fabrica-de-cafes-batalla\/\" \/>\n<meta property=\"og:site_name\" content=\"Gremi del Caf\u00e8, torradors de Catalunya\" \/>\n<meta property=\"article:publisher\" content=\"https:\/\/www.facebook.com\/gremicafecat\" \/>\n<meta property=\"article:published_time\" content=\"2018-06-12T13:21:58+00:00\" \/>\n<meta property=\"article:modified_time\" content=\"2018-06-20T07:52:48+00:00\" \/>\n<meta property=\"og:image\" content=\"https:\/\/gremicafe.cat\/wp-content\/uploads\/2018\/06\/image006.jpg\" \/>\n\t<meta property=\"og:image:width\" content=\"678\" \/>\n\t<meta property=\"og:image:height\" content=\"452\" \/>\n\t<meta property=\"og:image:type\" content=\"image\/jpeg\" \/>\n<meta name=\"author\" content=\"gremicafe\" \/>\n<meta name=\"twitter:card\" content=\"summary_large_image\" \/>\n<meta name=\"twitter:creator\" content=\"@gremicafecat\" \/>\n<meta name=\"twitter:site\" content=\"@gremicafecat\" \/>\n<meta name=\"twitter:label1\" content=\"Escrito por\" \/>\n\t<meta name=\"twitter:data1\" content=\"gremicafe\" \/>\n\t<meta name=\"twitter:label2\" content=\"Tiempo de lectura\" \/>\n\t<meta name=\"twitter:data2\" content=\"1 minuto\" \/>\n<script type=\"application\/ld+json\" class=\"yoast-schema-graph\">{\"@context\":\"https:\/\/schema.org\",\"@graph\":[{\"@type\":\"Article\",\"@id\":\"https:\/\/gremicafe.cat\/2018\/06\/12\/vistia-dels-alumnes-del-institut-gili-i-gaya-de-lleida-a-la-fabrica-de-cafes-batalla\/#article\",\"isPartOf\":{\"@id\":\"https:\/\/gremicafe.cat\/2018\/06\/12\/vistia-dels-alumnes-del-institut-gili-i-gaya-de-lleida-a-la-fabrica-de-cafes-batalla\/\"},\"author\":{\"name\":\"gremicafe\",\"@id\":\"https:\/\/gremicafe.cat\/#\/schema\/person\/dabfdbb3d0fa36260855a380f94e4733\"},\"headline\":\"Visita dels alumnes de l&#8217;institut Gili i Gaya de Lleida a la f\u00e0brica de Caf\u00e8s Batalla\",\"datePublished\":\"2018-06-12T13:21:58+00:00\",\"dateModified\":\"2018-06-20T07:52:48+00:00\",\"mainEntityOfPage\":{\"@id\":\"https:\/\/gremicafe.cat\/2018\/06\/12\/vistia-dels-alumnes-del-institut-gili-i-gaya-de-lleida-a-la-fabrica-de-cafes-batalla\/\"},\"wordCount\":131,\"publisher\":{\"@id\":\"https:\/\/gremicafe.cat\/#organization\"},\"image\":{\"@id\":\"https:\/\/gremicafe.cat\/2018\/06\/12\/vistia-dels-alumnes-del-institut-gili-i-gaya-de-lleida-a-la-fabrica-de-cafes-batalla\/#primaryimage\"},\"thumbnailUrl\":\"https:\/\/gremicafe.cat\/wp-content\/uploads\/2018\/06\/image006.jpg\",\"articleSection\":[\"Not\u00edcies\"],\"inLanguage\":\"es\"},{\"@type\":\"WebPage\",\"@id\":\"https:\/\/gremicafe.cat\/2018\/06\/12\/vistia-dels-alumnes-del-institut-gili-i-gaya-de-lleida-a-la-fabrica-de-cafes-batalla\/\",\"url\":\"https:\/\/gremicafe.cat\/2018\/06\/12\/vistia-dels-alumnes-del-institut-gili-i-gaya-de-lleida-a-la-fabrica-de-cafes-batalla\/\",\"name\":\"Visita dels alumnes de l'institut Gili i Gaya de Lleida a la f\u00e0brica de Caf\u00e8s Batalla - Gremi del Caf\u00e8, torradors de Catalunya\",\"isPartOf\":{\"@id\":\"https:\/\/gremicafe.cat\/#website\"},\"primaryImageOfPage\":{\"@id\":\"https:\/\/gremicafe.cat\/2018\/06\/12\/vistia-dels-alumnes-del-institut-gili-i-gaya-de-lleida-a-la-fabrica-de-cafes-batalla\/#primaryimage\"},\"image\":{\"@id\":\"https:\/\/gremicafe.cat\/2018\/06\/12\/vistia-dels-alumnes-del-institut-gili-i-gaya-de-lleida-a-la-fabrica-de-cafes-batalla\/#primaryimage\"},\"thumbnailUrl\":\"https:\/\/gremicafe.cat\/wp-content\/uploads\/2018\/06\/image006.jpg\",\"datePublished\":\"2018-06-12T13:21:58+00:00\",\"dateModified\":\"2018-06-20T07:52:48+00:00\",\"breadcrumb\":{\"@id\":\"https:\/\/gremicafe.cat\/2018\/06\/12\/vistia-dels-alumnes-del-institut-gili-i-gaya-de-lleida-a-la-fabrica-de-cafes-batalla\/#breadcrumb\"},\"inLanguage\":\"es\",\"potentialAction\":[{\"@type\":\"ReadAction\",\"target\":[\"https:\/\/gremicafe.cat\/2018\/06\/12\/vistia-dels-alumnes-del-institut-gili-i-gaya-de-lleida-a-la-fabrica-de-cafes-batalla\/\"]}]},{\"@type\":\"ImageObject\",\"inLanguage\":\"es\",\"@id\":\"https:\/\/gremicafe.cat\/2018\/06\/12\/vistia-dels-alumnes-del-institut-gili-i-gaya-de-lleida-a-la-fabrica-de-cafes-batalla\/#primaryimage\",\"url\":\"https:\/\/gremicafe.cat\/wp-content\/uploads\/2018\/06\/image006.jpg\",\"contentUrl\":\"https:\/\/gremicafe.cat\/wp-content\/uploads\/2018\/06\/image006.jpg\",\"width\":678,\"height\":452},{\"@type\":\"BreadcrumbList\",\"@id\":\"https:\/\/gremicafe.cat\/2018\/06\/12\/vistia-dels-alumnes-del-institut-gili-i-gaya-de-lleida-a-la-fabrica-de-cafes-batalla\/#breadcrumb\",\"itemListElement\":[{\"@type\":\"ListItem\",\"position\":1,\"name\":\"Inici\",\"item\":\"https:\/\/gremicafe.cat\/\"},{\"@type\":\"ListItem\",\"position\":2,\"name\":\"Visita dels alumnes de l&#8217;institut Gili i Gaya de Lleida a la f\u00e0brica de Caf\u00e8s Batalla\"}]},{\"@type\":\"WebSite\",\"@id\":\"https:\/\/gremicafe.cat\/#website\",\"url\":\"https:\/\/gremicafe.cat\/\",\"name\":\"Gremi del Caf\u00e8, torradors de Catalunya\",\"description\":\"Web oficial del gremi de torradors de caf\u00e8 de Catalunya\",\"publisher\":{\"@id\":\"https:\/\/gremicafe.cat\/#organization\"},\"potentialAction\":[{\"@type\":\"SearchAction\",\"target\":{\"@type\":\"EntryPoint\",\"urlTemplate\":\"https:\/\/gremicafe.cat\/?s={search_term_string}\"},\"query-input\":{\"@type\":\"PropertyValueSpecification\",\"valueRequired\":true,\"valueName\":\"search_term_string\"}}],\"inLanguage\":\"es\"},{\"@type\":\"Organization\",\"@id\":\"https:\/\/gremicafe.cat\/#organization\",\"name\":\"Gremi del Caf\u00e8, Torradors de Catalunya\",\"url\":\"https:\/\/gremicafe.cat\/\",\"logo\":{\"@type\":\"ImageObject\",\"inLanguage\":\"es\",\"@id\":\"https:\/\/gremicafe.cat\/#\/schema\/logo\/image\/\",\"url\":\"https:\/\/gremicafe.cat\/wp-content\/uploads\/2018\/03\/gremicafe-logo250.png\",\"contentUrl\":\"https:\/\/gremicafe.cat\/wp-content\/uploads\/2018\/03\/gremicafe-logo250.png\",\"width\":250,\"height\":49,\"caption\":\"Gremi del Caf\u00e8, Torradors de Catalunya\"},\"image\":{\"@id\":\"https:\/\/gremicafe.cat\/#\/schema\/logo\/image\/\"},\"sameAs\":[\"https:\/\/www.facebook.com\/gremicafecat\",\"https:\/\/x.com\/gremicafecat\",\"https:\/\/www.instagram.com\/gremicafecat\/\",\"https:\/\/www.pinterest.es\/gremicafecat\/\",\"https:\/\/www.youtube.com\/channel\/UCGLo5Y35vLwLvP4FrPZrCrw\/\"]},{\"@type\":\"Person\",\"@id\":\"https:\/\/gremicafe.cat\/#\/schema\/person\/dabfdbb3d0fa36260855a380f94e4733\",\"name\":\"gremicafe\",\"image\":{\"@type\":\"ImageObject\",\"inLanguage\":\"es\",\"@id\":\"https:\/\/gremicafe.cat\/#\/schema\/person\/image\/\",\"url\":\"https:\/\/secure.gravatar.com\/avatar\/e59baa4ca8f6f97576d6375fb6d3c8f0?s=96&d=mm&r=g\",\"contentUrl\":\"https:\/\/secure.gravatar.com\/avatar\/e59baa4ca8f6f97576d6375fb6d3c8f0?s=96&d=mm&r=g\",\"caption\":\"gremicafe\"}}]}<\/script>\n<!-- \/ Yoast SEO plugin. -->","yoast_head_json":{"title":"Visita dels alumnes de l'institut Gili i Gaya de Lleida a la f\u00e0brica de Caf\u00e8s Batalla - Gremi del Caf\u00e8, torradors de Catalunya","robots":{"index":"index","follow":"follow","max-snippet":"max-snippet:-1","max-image-preview":"max-image-preview:large","max-video-preview":"max-video-preview:-1"},"canonical":"https:\/\/gremicafe.cat\/es\/2018\/06\/12\/vistia-dels-alumnes-del-institut-gili-i-gaya-de-lleida-a-la-fabrica-de-cafes-batalla\/","og_locale":"es_ES","og_type":"article","og_title":"Visita dels alumnes de l'institut Gili i Gaya de Lleida a la f\u00e0brica de Caf\u00e8s Batalla - Gremi del Caf\u00e8, torradors de Catalunya","og_url":"https:\/\/gremicafe.cat\/es\/2018\/06\/12\/vistia-dels-alumnes-del-institut-gili-i-gaya-de-lleida-a-la-fabrica-de-cafes-batalla\/","og_site_name":"Gremi del Caf\u00e8, torradors de Catalunya","article_publisher":"https:\/\/www.facebook.com\/gremicafecat","article_published_time":"2018-06-12T13:21:58+00:00","article_modified_time":"2018-06-20T07:52:48+00:00","og_image":[{"width":678,"height":452,"url":"https:\/\/gremicafe.cat\/wp-content\/uploads\/2018\/06\/image006.jpg","type":"image\/jpeg"}],"author":"gremicafe","twitter_card":"summary_large_image","twitter_creator":"@gremicafecat","twitter_site":"@gremicafecat","twitter_misc":{"Escrito por":"gremicafe","Tiempo de lectura":"1 minuto"},"schema":{"@context":"https:\/\/schema.org","@graph":[{"@type":"Article","@id":"https:\/\/gremicafe.cat\/2018\/06\/12\/vistia-dels-alumnes-del-institut-gili-i-gaya-de-lleida-a-la-fabrica-de-cafes-batalla\/#article","isPartOf":{"@id":"https:\/\/gremicafe.cat\/2018\/06\/12\/vistia-dels-alumnes-del-institut-gili-i-gaya-de-lleida-a-la-fabrica-de-cafes-batalla\/"},"author":{"name":"gremicafe","@id":"https:\/\/gremicafe.cat\/#\/schema\/person\/dabfdbb3d0fa36260855a380f94e4733"},"headline":"Visita dels alumnes de l&#8217;institut Gili i Gaya de Lleida a la f\u00e0brica de Caf\u00e8s Batalla","datePublished":"2018-06-12T13:21:58+00:00","dateModified":"2018-06-20T07:52:48+00:00","mainEntityOfPage":{"@id":"https:\/\/gremicafe.cat\/2018\/06\/12\/vistia-dels-alumnes-del-institut-gili-i-gaya-de-lleida-a-la-fabrica-de-cafes-batalla\/"},"wordCount":131,"publisher":{"@id":"https:\/\/gremicafe.cat\/#organization"},"image":{"@id":"https:\/\/gremicafe.cat\/2018\/06\/12\/vistia-dels-alumnes-del-institut-gili-i-gaya-de-lleida-a-la-fabrica-de-cafes-batalla\/#primaryimage"},"thumbnailUrl":"https:\/\/gremicafe.cat\/wp-content\/uploads\/2018\/06\/image006.jpg","articleSection":["Not\u00edcies"],"inLanguage":"es"},{"@type":"WebPage","@id":"https:\/\/gremicafe.cat\/2018\/06\/12\/vistia-dels-alumnes-del-institut-gili-i-gaya-de-lleida-a-la-fabrica-de-cafes-batalla\/","url":"https:\/\/gremicafe.cat\/2018\/06\/12\/vistia-dels-alumnes-del-institut-gili-i-gaya-de-lleida-a-la-fabrica-de-cafes-batalla\/","name":"Visita dels alumnes de l'institut Gili i Gaya de Lleida a la f\u00e0brica de Caf\u00e8s Batalla - Gremi del Caf\u00e8, torradors de Catalunya","isPartOf":{"@id":"https:\/\/gremicafe.cat\/#website"},"primaryImageOfPage":{"@id":"https:\/\/gremicafe.cat\/2018\/06\/12\/vistia-dels-alumnes-del-institut-gili-i-gaya-de-lleida-a-la-fabrica-de-cafes-batalla\/#primaryimage"},"image":{"@id":"https:\/\/gremicafe.cat\/2018\/06\/12\/vistia-dels-alumnes-del-institut-gili-i-gaya-de-lleida-a-la-fabrica-de-cafes-batalla\/#primaryimage"},"thumbnailUrl":"https:\/\/gremicafe.cat\/wp-content\/uploads\/2018\/06\/image006.jpg","datePublished":"2018-06-12T13:21:58+00:00","dateModified":"2018-06-20T07:52:48+00:00","breadcrumb":{"@id":"https:\/\/gremicafe.cat\/2018\/06\/12\/vistia-dels-alumnes-del-institut-gili-i-gaya-de-lleida-a-la-fabrica-de-cafes-batalla\/#breadcrumb"},"inLanguage":"es","potentialAction":[{"@type":"ReadAction","target":["https:\/\/gremicafe.cat\/2018\/06\/12\/vistia-dels-alumnes-del-institut-gili-i-gaya-de-lleida-a-la-fabrica-de-cafes-batalla\/"]}]},{"@type":"ImageObject","inLanguage":"es","@id":"https:\/\/gremicafe.cat\/2018\/06\/12\/vistia-dels-alumnes-del-institut-gili-i-gaya-de-lleida-a-la-fabrica-de-cafes-batalla\/#primaryimage","url":"https:\/\/gremicafe.cat\/wp-content\/uploads\/2018\/06\/image006.jpg","contentUrl":"https:\/\/gremicafe.cat\/wp-content\/uploads\/2018\/06\/image006.jpg","width":678,"height":452},{"@type":"BreadcrumbList","@id":"https:\/\/gremicafe.cat\/2018\/06\/12\/vistia-dels-alumnes-del-institut-gili-i-gaya-de-lleida-a-la-fabrica-de-cafes-batalla\/#breadcrumb","itemListElement":[{"@type":"ListItem","position":1,"name":"Inici","item":"https:\/\/gremicafe.cat\/"},{"@type":"ListItem","position":2,"name":"Visita dels alumnes de l&#8217;institut Gili i Gaya de Lleida a la f\u00e0brica de Caf\u00e8s Batalla"}]},{"@type":"WebSite","@id":"https:\/\/gremicafe.cat\/#website","url":"https:\/\/gremicafe.cat\/","name":"Gremio del Caf\u00e9, tostadores de Catalu\u00f1a","description":"Web oficial del gremio de tostadores de caf\u00e9 de Catalunya","publisher":{"@id":"https:\/\/gremicafe.cat\/#organization"},"potentialAction":[{"@type":"SearchAction","target":{"@type":"EntryPoint","urlTemplate":"https:\/\/gremicafe.cat\/?s={search_term_string}"},"query-input":{"@type":"PropertyValueSpecification","valueRequired":true,"valueName":"search_term_string"}}],"inLanguage":"es"},{"@type":"Organization","@id":"https:\/\/gremicafe.cat\/#organization","name":"Gremio del Caf\u00e9, Tostadores de Catalu\u00f1a","url":"https:\/\/gremicafe.cat\/","logo":{"@type":"ImageObject","inLanguage":"es","@id":"https:\/\/gremicafe.cat\/#\/schema\/logo\/image\/","url":"https:\/\/gremicafe.cat\/wp-content\/uploads\/2018\/03\/gremicafe-logo250.png","contentUrl":"https:\/\/gremicafe.cat\/wp-content\/uploads\/2018\/03\/gremicafe-logo250.png","width":250,"height":49,"caption":"Gremi del Caf\u00e8, Torradors de Catalunya"},"image":{"@id":"https:\/\/gremicafe.cat\/#\/schema\/logo\/image\/"},"sameAs":["https:\/\/www.facebook.com\/gremicafecat","https:\/\/x.com\/gremicafecat","https:\/\/www.instagram.com\/gremicafecat\/","https:\/\/www.pinterest.es\/gremicafecat\/","https:\/\/www.youtube.com\/channel\/UCGLo5Y35vLwLvP4FrPZrCrw\/"]},{"@type":"Person","@id":"https:\/\/gremicafe.cat\/#\/schema\/person\/dabfdbb3d0fa36260855a380f94e4733","name":"gremicafe","image":{"@type":"ImageObject","inLanguage":"es","@id":"https:\/\/gremicafe.cat\/#\/schema\/person\/image\/","url":"https:\/\/secure.gravatar.com\/avatar\/e59baa4ca8f6f97576d6375fb6d3c8f0?s=96&d=mm&r=g","contentUrl":"https:\/\/secure.gravatar.com\/avatar\/e59baa4ca8f6f97576d6375fb6d3c8f0?s=96&d=mm&r=g","caption":"gremicafe"}}]}},"_links":{"self":[{"href":"https:\/\/gremicafe.cat\/es\/wp-json\/wp\/v2\/posts\/4275"}],"collection":[{"href":"https:\/\/gremicafe.cat\/es\/wp-json\/wp\/v2\/posts"}],"about":[{"href":"https:\/\/gremicafe.cat\/es\/wp-json\/wp\/v2\/types\/post"}],"author":[{"embeddable":true,"href":"https:\/\/gremicafe.cat\/es\/wp-json\/wp\/v2\/users\/1"}],"replies":[{"embeddable":true,"href":"https:\/\/gremicafe.cat\/es\/wp-json\/wp\/v2\/comments?post=4275"}],"version-history":[{"count":0,"href":"https:\/\/gremicafe.cat\/es\/wp-json\/wp\/v2\/posts\/4275\/revisions"}],"wp:featuredmedia":[{"embeddable":true,"href":"https:\/\/gremicafe.cat\/es\/wp-json\/wp\/v2\/media\/4277"}],"wp:attachment":[{"href":"https:\/\/gremicafe.cat\/es\/wp-json\/wp\/v2\/media?parent=4275"}],"wp:term":[{"taxonomy":"category","embeddable":true,"href":"https:\/\/gremicafe.cat\/es\/wp-json\/wp\/v2\/categories?post=4275"},{"taxonomy":"post_tag","embeddable":true,"href":"https:\/\/gremicafe.cat\/es\/wp-json\/wp\/v2\/tags?post=4275"}],"curies":[{"name":"wp","href":"https:\/\/api.w.org\/{rel}","templated":true}]}}