{"id":4292,"date":"2018-06-20T09:47:55","date_gmt":"2018-06-20T07:47:55","guid":{"rendered":"http:\/\/gremicafe.cat\/?p=4292"},"modified":"2018-06-20T09:50:36","modified_gmt":"2018-06-20T07:50:36","slug":"la-vanguardia-entrevista-a-ramon-batalla-gerent-de-cafes-batalla","status":"publish","type":"post","link":"https:\/\/gremicafe.cat\/es\/2018\/06\/20\/la-vanguardia-entrevista-a-ramon-batalla-gerent-de-cafes-batalla\/","title":{"rendered":"Ramon Batalla: &quot;Hemos encontrado la manera de competir con las grandes multinacionales cafeteras&quot;"},"content":{"rendered":"<div id=\"ut-row-69f5d1a2910a3\" data-vc-full-width=\"true\" data-vc-full-width-init=\"false\" class=\"vc_row wpb_row vc_row-fluid vc_column-gap-0 ut-row-69f5d1a2910b1\" ><div class=\"wpb_column vc_column_container vc_col-sm-12\" ><div id=\"ut_inner_column_69f5d1a2917c3\" class=\"vc_column-inner\"><div class=\"wpb_wrapper\"><div class=\"wpb_content_element\"><style type=\"text\/css\" scoped>#ut_header_69f5d1a291970 h2 span { color:; }#ut_header_69f5d1a291970 h2.section-title { font-size: 30px; }#ut_header_69f5d1a291970.pt-style-2 .page-title:after, #ut_header_69f5d1a291970.pt-style-2 .parallax-title:after, #ut_header_69f5d1a291970.pt-style-2 .section-title:after {background-color: ;height: ;width: ;}<\/style><header id=\"ut_header_69f5d1a291970\" class=\"section-header pt-style-2 header-left\"><h2  class=\"section-title\"><span>Ramon Batalla: &quot;Hemos encontrado la manera de competir con las grandes multinacionales cafeteras&quot;<\/span><\/h2><\/header><\/div><div class=\"vc_empty_space\"   style=\"height: 40px\" ><span class=\"vc_empty_space_inner\"><\/span><\/div>\n<\/div><\/div><\/div><\/div><div class=\"vc_row-full-width vc_clearfix\"><\/div><div id=\"ut-row-69f5d1a291e5d\" data-vc-full-width=\"true\" data-vc-full-width-init=\"false\" class=\"vc_row wpb_row vc_row-fluid vc_column-gap-0 ut-row-69f5d1a291e67\" ><div class=\"wpb_column vc_column_container vc_col-sm-6\" ><div id=\"ut_inner_column_69f5d1a292111\" class=\"vc_column-inner\"><div class=\"wpb_wrapper\"><div  class=\"wpb_content_element   clearfix\"><style type=\"text\/css\" scoped>#ut_am_69f5d1a2927f5 { opacity: 1; }#ut_am_wrap_69f5d1a2927f6 .ut-gallery-slider-caption { font-weight: normal; }<\/style><div id=\"ut_am_wrap_69f5d1a2927f6\" class=\"ut-image-gallery-image\" style=\"text-align:left;\"><div class=\"ut-animated-image-item ut-image-gallery-item ut-animation-done\"><a class=\"ut-deactivated-link\" href=\"#\"><img loading=\"lazy\" decoding=\"async\" title=\"bbva\" id=\"ut_am_69f5d1a2927f5\" style=\"\" src=\"https:\/\/gremicafe.cat\/wp-content\/uploads\/2018\/06\/bbva.jpg\" width=\"1000\" height=\"597\" alt=\"\"\/><\/a><div class=\"ut-gallery-slider-caption\">Ramon Batalla. Fuente: La Vanguardia<\/div><\/div><\/div><\/div><\/div><\/div><\/div><div class=\"wpb_column vc_column_container vc_col-sm-6\" ><div id=\"ut_inner_column_69f5d1a29291f\" class=\"vc_column-inner\"><div class=\"wpb_wrapper\"><div class=\"wpb_content_element\"><style type=\"text\/css\" scoped>#ut_header_69f5d1a292aa4 h2 span { color:; }#ut_header_69f5d1a292aa4 h2.section-title { font-size: 22px; }#ut_header_69f5d1a292aa4.pt-style-2 .page-title:after, #ut_header_69f5d1a292aa4.pt-style-2 .parallax-title:after, #ut_header_69f5d1a292aa4.pt-style-2 .section-title:after {background-color: ;height: ;width: ;}<\/style><header id=\"ut_header_69f5d1a292aa4\" class=\"section-header pt-style-2 header-left\"><h2  class=\"section-title\"><span>La Vanguardia entrevista a Ramon Batalla, gerente de Caf\u00e8s Batalla<\/span><\/h2><div data-delay=\"0\" class=\"lead\"><p>Entrevista a Ramon Batalla, director general de Caf\u00e9s Batalla<\/p>\n<\/div><\/header><\/div><div class=\"wpb_content_element\"><style type=\"text\/css\" scoped>#ut_cl_69f5d1a292b1e { text-align:left; }<\/style><div id=\"ut_cl_69f5d1a292b1e\"  class=\"ut-custom-link-module-holder  ut-custom-link-module-icon-before ut-custom-link-module-left\"><a title=\"Pulsa para leer la entrevista\" href=\"http:\/\/www.lavanguardia.com\/lv\/monograficos\/cafes-batalla-creando-oportunidades-bbva\/index_ca.html\" target=\" _blank\" class=\"ut-custom-link-module\" ><i class=\"fa fa-hand-o-right\"><\/i>Pulsa para leer la entrevista<\/a><\/div><\/div><\/div><\/div><\/div><\/div><div class=\"vc_row-full-width vc_clearfix\"><\/div>","protected":false},"excerpt":{"rendered":"#ut_header_69f5d1a293490 h2 span { color:; }#ut_header_69f5d1a293490 h2.section-title { font-size: 30px; }#ut_header_69f5d1a293490.pt-style-2 .page-title:after, #ut_header_69f5d1a293490.pt-style-2 .parallax-title:after, #ut_header_69f5d1a293490.pt-style-2 .section-title:after {background-color: ;height: ;width: ;}Ramon Batalla: &#8220;Hem trobat la manera de competir amb les grans multinacionals cafeteres&#8221; #ut_am_69f5d1a293bc3 { opacity: 1; }#ut_am_wrap_69f5d1a293bc4 .ut-gallery-slider-caption { font-weight: normal; }Ramon Batalla. Font: La Vanguardia#ut_header_69f5d1a293e7b h2 span { color:; }#ut_header_69f5d1a293e7b h2.section-title { font-size: 22px; [...]","protected":false},"author":1,"featured_media":4293,"comment_status":"closed","ping_status":"open","sticky":false,"template":"","format":"standard","meta":{"_acf_changed":false,"inline_featured_image":false,"footnotes":""},"categories":[1],"tags":[],"class_list":["post-4292","post","type-post","status-publish","format-standard","has-post-thumbnail","hentry","category-noticies"],"acf":[],"yoast_head":"<!-- This site is optimized with the Yoast SEO plugin v25.5 - https:\/\/yoast.com\/wordpress\/plugins\/seo\/ -->\n<title>Ramon Batalla: &quot;Hem trobat la manera de competir amb les grans multinacionals cafeteres&quot; - Gremi del Caf\u00e8, torradors de Catalunya<\/title>\n<meta name=\"robots\" content=\"index, follow, max-snippet:-1, max-image-preview:large, max-video-preview:-1\" \/>\n<link rel=\"canonical\" href=\"https:\/\/gremicafe.cat\/es\/2018\/06\/20\/la-vanguardia-entrevista-a-ramon-batalla-gerent-de-cafes-batalla\/\" \/>\n<meta property=\"og:locale\" content=\"es_ES\" \/>\n<meta property=\"og:type\" content=\"article\" \/>\n<meta property=\"og:title\" content=\"Ramon Batalla: &quot;Hem trobat la manera de competir amb les grans multinacionals cafeteres&quot; - Gremi del Caf\u00e8, torradors de Catalunya\" \/>\n<meta property=\"og:url\" content=\"https:\/\/gremicafe.cat\/es\/2018\/06\/20\/la-vanguardia-entrevista-a-ramon-batalla-gerent-de-cafes-batalla\/\" \/>\n<meta property=\"og:site_name\" content=\"Gremi del Caf\u00e8, torradors de Catalunya\" \/>\n<meta property=\"article:publisher\" content=\"https:\/\/www.facebook.com\/gremicafecat\" \/>\n<meta property=\"article:published_time\" content=\"2018-06-20T07:47:55+00:00\" \/>\n<meta property=\"article:modified_time\" content=\"2018-06-20T07:50:36+00:00\" \/>\n<meta property=\"og:image\" content=\"https:\/\/gremicafe.cat\/wp-content\/uploads\/2018\/06\/bbva.jpg\" \/>\n\t<meta property=\"og:image:width\" content=\"1000\" \/>\n\t<meta property=\"og:image:height\" content=\"597\" \/>\n\t<meta property=\"og:image:type\" content=\"image\/jpeg\" \/>\n<meta name=\"author\" content=\"gremicafe\" \/>\n<meta name=\"twitter:card\" content=\"summary_large_image\" \/>\n<meta name=\"twitter:creator\" content=\"@gremicafecat\" \/>\n<meta name=\"twitter:site\" content=\"@gremicafecat\" \/>\n<meta name=\"twitter:label1\" content=\"Escrito por\" \/>\n\t<meta name=\"twitter:data1\" content=\"gremicafe\" \/>\n\t<meta name=\"twitter:label2\" content=\"Tiempo de lectura\" \/>\n\t<meta name=\"twitter:data2\" content=\"1 minuto\" \/>\n<script type=\"application\/ld+json\" class=\"yoast-schema-graph\">{\"@context\":\"https:\/\/schema.org\",\"@graph\":[{\"@type\":\"Article\",\"@id\":\"https:\/\/gremicafe.cat\/2018\/06\/20\/la-vanguardia-entrevista-a-ramon-batalla-gerent-de-cafes-batalla\/#article\",\"isPartOf\":{\"@id\":\"https:\/\/gremicafe.cat\/2018\/06\/20\/la-vanguardia-entrevista-a-ramon-batalla-gerent-de-cafes-batalla\/\"},\"author\":{\"name\":\"gremicafe\",\"@id\":\"https:\/\/gremicafe.cat\/#\/schema\/person\/dabfdbb3d0fa36260855a380f94e4733\"},\"headline\":\"Ramon Batalla: &#8220;Hem trobat la manera de competir amb les grans multinacionals cafeteres&#8221;\",\"datePublished\":\"2018-06-20T07:47:55+00:00\",\"dateModified\":\"2018-06-20T07:50:36+00:00\",\"mainEntityOfPage\":{\"@id\":\"https:\/\/gremicafe.cat\/2018\/06\/20\/la-vanguardia-entrevista-a-ramon-batalla-gerent-de-cafes-batalla\/\"},\"wordCount\":132,\"publisher\":{\"@id\":\"https:\/\/gremicafe.cat\/#organization\"},\"image\":{\"@id\":\"https:\/\/gremicafe.cat\/2018\/06\/20\/la-vanguardia-entrevista-a-ramon-batalla-gerent-de-cafes-batalla\/#primaryimage\"},\"thumbnailUrl\":\"https:\/\/gremicafe.cat\/wp-content\/uploads\/2018\/06\/bbva.jpg\",\"articleSection\":[\"Not\u00edcies\"],\"inLanguage\":\"es\"},{\"@type\":\"WebPage\",\"@id\":\"https:\/\/gremicafe.cat\/2018\/06\/20\/la-vanguardia-entrevista-a-ramon-batalla-gerent-de-cafes-batalla\/\",\"url\":\"https:\/\/gremicafe.cat\/2018\/06\/20\/la-vanguardia-entrevista-a-ramon-batalla-gerent-de-cafes-batalla\/\",\"name\":\"Ramon Batalla: \\\"Hem trobat la manera de competir amb les grans multinacionals cafeteres\\\" - Gremi del Caf\u00e8, torradors de Catalunya\",\"isPartOf\":{\"@id\":\"https:\/\/gremicafe.cat\/#website\"},\"primaryImageOfPage\":{\"@id\":\"https:\/\/gremicafe.cat\/2018\/06\/20\/la-vanguardia-entrevista-a-ramon-batalla-gerent-de-cafes-batalla\/#primaryimage\"},\"image\":{\"@id\":\"https:\/\/gremicafe.cat\/2018\/06\/20\/la-vanguardia-entrevista-a-ramon-batalla-gerent-de-cafes-batalla\/#primaryimage\"},\"thumbnailUrl\":\"https:\/\/gremicafe.cat\/wp-content\/uploads\/2018\/06\/bbva.jpg\",\"datePublished\":\"2018-06-20T07:47:55+00:00\",\"dateModified\":\"2018-06-20T07:50:36+00:00\",\"breadcrumb\":{\"@id\":\"https:\/\/gremicafe.cat\/2018\/06\/20\/la-vanguardia-entrevista-a-ramon-batalla-gerent-de-cafes-batalla\/#breadcrumb\"},\"inLanguage\":\"es\",\"potentialAction\":[{\"@type\":\"ReadAction\",\"target\":[\"https:\/\/gremicafe.cat\/2018\/06\/20\/la-vanguardia-entrevista-a-ramon-batalla-gerent-de-cafes-batalla\/\"]}]},{\"@type\":\"ImageObject\",\"inLanguage\":\"es\",\"@id\":\"https:\/\/gremicafe.cat\/2018\/06\/20\/la-vanguardia-entrevista-a-ramon-batalla-gerent-de-cafes-batalla\/#primaryimage\",\"url\":\"https:\/\/gremicafe.cat\/wp-content\/uploads\/2018\/06\/bbva.jpg\",\"contentUrl\":\"https:\/\/gremicafe.cat\/wp-content\/uploads\/2018\/06\/bbva.jpg\",\"width\":1000,\"height\":597,\"caption\":\"Ramon Batalla. Font: La Vanguardia\"},{\"@type\":\"BreadcrumbList\",\"@id\":\"https:\/\/gremicafe.cat\/2018\/06\/20\/la-vanguardia-entrevista-a-ramon-batalla-gerent-de-cafes-batalla\/#breadcrumb\",\"itemListElement\":[{\"@type\":\"ListItem\",\"position\":1,\"name\":\"Inici\",\"item\":\"https:\/\/gremicafe.cat\/\"},{\"@type\":\"ListItem\",\"position\":2,\"name\":\"Ramon Batalla: &#8220;Hem trobat la manera de competir amb les grans multinacionals cafeteres&#8221;\"}]},{\"@type\":\"WebSite\",\"@id\":\"https:\/\/gremicafe.cat\/#website\",\"url\":\"https:\/\/gremicafe.cat\/\",\"name\":\"Gremi del Caf\u00e8, torradors de Catalunya\",\"description\":\"Web oficial del gremi de torradors de caf\u00e8 de Catalunya\",\"publisher\":{\"@id\":\"https:\/\/gremicafe.cat\/#organization\"},\"potentialAction\":[{\"@type\":\"SearchAction\",\"target\":{\"@type\":\"EntryPoint\",\"urlTemplate\":\"https:\/\/gremicafe.cat\/?s={search_term_string}\"},\"query-input\":{\"@type\":\"PropertyValueSpecification\",\"valueRequired\":true,\"valueName\":\"search_term_string\"}}],\"inLanguage\":\"es\"},{\"@type\":\"Organization\",\"@id\":\"https:\/\/gremicafe.cat\/#organization\",\"name\":\"Gremi del Caf\u00e8, Torradors de Catalunya\",\"url\":\"https:\/\/gremicafe.cat\/\",\"logo\":{\"@type\":\"ImageObject\",\"inLanguage\":\"es\",\"@id\":\"https:\/\/gremicafe.cat\/#\/schema\/logo\/image\/\",\"url\":\"https:\/\/gremicafe.cat\/wp-content\/uploads\/2018\/03\/gremicafe-logo250.png\",\"contentUrl\":\"https:\/\/gremicafe.cat\/wp-content\/uploads\/2018\/03\/gremicafe-logo250.png\",\"width\":250,\"height\":49,\"caption\":\"Gremi del Caf\u00e8, Torradors de Catalunya\"},\"image\":{\"@id\":\"https:\/\/gremicafe.cat\/#\/schema\/logo\/image\/\"},\"sameAs\":[\"https:\/\/www.facebook.com\/gremicafecat\",\"https:\/\/x.com\/gremicafecat\",\"https:\/\/www.instagram.com\/gremicafecat\/\",\"https:\/\/www.pinterest.es\/gremicafecat\/\",\"https:\/\/www.youtube.com\/channel\/UCGLo5Y35vLwLvP4FrPZrCrw\/\"]},{\"@type\":\"Person\",\"@id\":\"https:\/\/gremicafe.cat\/#\/schema\/person\/dabfdbb3d0fa36260855a380f94e4733\",\"name\":\"gremicafe\",\"image\":{\"@type\":\"ImageObject\",\"inLanguage\":\"es\",\"@id\":\"https:\/\/gremicafe.cat\/#\/schema\/person\/image\/\",\"url\":\"https:\/\/secure.gravatar.com\/avatar\/e59baa4ca8f6f97576d6375fb6d3c8f0?s=96&d=mm&r=g\",\"contentUrl\":\"https:\/\/secure.gravatar.com\/avatar\/e59baa4ca8f6f97576d6375fb6d3c8f0?s=96&d=mm&r=g\",\"caption\":\"gremicafe\"}}]}<\/script>\n<!-- \/ Yoast SEO plugin. -->","yoast_head_json":{"title":"Ramon Batalla: \"Hem trobat la manera de competir amb les grans multinacionals cafeteres\" - Gremi del Caf\u00e8, torradors de Catalunya","robots":{"index":"index","follow":"follow","max-snippet":"max-snippet:-1","max-image-preview":"max-image-preview:large","max-video-preview":"max-video-preview:-1"},"canonical":"https:\/\/gremicafe.cat\/es\/2018\/06\/20\/la-vanguardia-entrevista-a-ramon-batalla-gerent-de-cafes-batalla\/","og_locale":"es_ES","og_type":"article","og_title":"Ramon Batalla: \"Hem trobat la manera de competir amb les grans multinacionals cafeteres\" - Gremi del Caf\u00e8, torradors de Catalunya","og_url":"https:\/\/gremicafe.cat\/es\/2018\/06\/20\/la-vanguardia-entrevista-a-ramon-batalla-gerent-de-cafes-batalla\/","og_site_name":"Gremi del Caf\u00e8, torradors de Catalunya","article_publisher":"https:\/\/www.facebook.com\/gremicafecat","article_published_time":"2018-06-20T07:47:55+00:00","article_modified_time":"2018-06-20T07:50:36+00:00","og_image":[{"width":1000,"height":597,"url":"https:\/\/gremicafe.cat\/wp-content\/uploads\/2018\/06\/bbva.jpg","type":"image\/jpeg"}],"author":"gremicafe","twitter_card":"summary_large_image","twitter_creator":"@gremicafecat","twitter_site":"@gremicafecat","twitter_misc":{"Escrito por":"gremicafe","Tiempo de lectura":"1 minuto"},"schema":{"@context":"https:\/\/schema.org","@graph":[{"@type":"Article","@id":"https:\/\/gremicafe.cat\/2018\/06\/20\/la-vanguardia-entrevista-a-ramon-batalla-gerent-de-cafes-batalla\/#article","isPartOf":{"@id":"https:\/\/gremicafe.cat\/2018\/06\/20\/la-vanguardia-entrevista-a-ramon-batalla-gerent-de-cafes-batalla\/"},"author":{"name":"gremicafe","@id":"https:\/\/gremicafe.cat\/#\/schema\/person\/dabfdbb3d0fa36260855a380f94e4733"},"headline":"Ramon Batalla: &#8220;Hem trobat la manera de competir amb les grans multinacionals cafeteres&#8221;","datePublished":"2018-06-20T07:47:55+00:00","dateModified":"2018-06-20T07:50:36+00:00","mainEntityOfPage":{"@id":"https:\/\/gremicafe.cat\/2018\/06\/20\/la-vanguardia-entrevista-a-ramon-batalla-gerent-de-cafes-batalla\/"},"wordCount":132,"publisher":{"@id":"https:\/\/gremicafe.cat\/#organization"},"image":{"@id":"https:\/\/gremicafe.cat\/2018\/06\/20\/la-vanguardia-entrevista-a-ramon-batalla-gerent-de-cafes-batalla\/#primaryimage"},"thumbnailUrl":"https:\/\/gremicafe.cat\/wp-content\/uploads\/2018\/06\/bbva.jpg","articleSection":["Not\u00edcies"],"inLanguage":"es"},{"@type":"WebPage","@id":"https:\/\/gremicafe.cat\/2018\/06\/20\/la-vanguardia-entrevista-a-ramon-batalla-gerent-de-cafes-batalla\/","url":"https:\/\/gremicafe.cat\/2018\/06\/20\/la-vanguardia-entrevista-a-ramon-batalla-gerent-de-cafes-batalla\/","name":"Ramon Batalla: \"Hem trobat la manera de competir amb les grans multinacionals cafeteres\" - Gremi del Caf\u00e8, torradors de Catalunya","isPartOf":{"@id":"https:\/\/gremicafe.cat\/#website"},"primaryImageOfPage":{"@id":"https:\/\/gremicafe.cat\/2018\/06\/20\/la-vanguardia-entrevista-a-ramon-batalla-gerent-de-cafes-batalla\/#primaryimage"},"image":{"@id":"https:\/\/gremicafe.cat\/2018\/06\/20\/la-vanguardia-entrevista-a-ramon-batalla-gerent-de-cafes-batalla\/#primaryimage"},"thumbnailUrl":"https:\/\/gremicafe.cat\/wp-content\/uploads\/2018\/06\/bbva.jpg","datePublished":"2018-06-20T07:47:55+00:00","dateModified":"2018-06-20T07:50:36+00:00","breadcrumb":{"@id":"https:\/\/gremicafe.cat\/2018\/06\/20\/la-vanguardia-entrevista-a-ramon-batalla-gerent-de-cafes-batalla\/#breadcrumb"},"inLanguage":"es","potentialAction":[{"@type":"ReadAction","target":["https:\/\/gremicafe.cat\/2018\/06\/20\/la-vanguardia-entrevista-a-ramon-batalla-gerent-de-cafes-batalla\/"]}]},{"@type":"ImageObject","inLanguage":"es","@id":"https:\/\/gremicafe.cat\/2018\/06\/20\/la-vanguardia-entrevista-a-ramon-batalla-gerent-de-cafes-batalla\/#primaryimage","url":"https:\/\/gremicafe.cat\/wp-content\/uploads\/2018\/06\/bbva.jpg","contentUrl":"https:\/\/gremicafe.cat\/wp-content\/uploads\/2018\/06\/bbva.jpg","width":1000,"height":597,"caption":"Ramon Batalla. Font: La Vanguardia"},{"@type":"BreadcrumbList","@id":"https:\/\/gremicafe.cat\/2018\/06\/20\/la-vanguardia-entrevista-a-ramon-batalla-gerent-de-cafes-batalla\/#breadcrumb","itemListElement":[{"@type":"ListItem","position":1,"name":"Inici","item":"https:\/\/gremicafe.cat\/"},{"@type":"ListItem","position":2,"name":"Ramon Batalla: &#8220;Hem trobat la manera de competir amb les grans multinacionals cafeteres&#8221;"}]},{"@type":"WebSite","@id":"https:\/\/gremicafe.cat\/#website","url":"https:\/\/gremicafe.cat\/","name":"Gremio del Caf\u00e9, tostadores de Catalu\u00f1a","description":"Web oficial del gremio de tostadores de caf\u00e9 de Catalunya","publisher":{"@id":"https:\/\/gremicafe.cat\/#organization"},"potentialAction":[{"@type":"SearchAction","target":{"@type":"EntryPoint","urlTemplate":"https:\/\/gremicafe.cat\/?s={search_term_string}"},"query-input":{"@type":"PropertyValueSpecification","valueRequired":true,"valueName":"search_term_string"}}],"inLanguage":"es"},{"@type":"Organization","@id":"https:\/\/gremicafe.cat\/#organization","name":"Gremio del Caf\u00e9, Tostadores de Catalu\u00f1a","url":"https:\/\/gremicafe.cat\/","logo":{"@type":"ImageObject","inLanguage":"es","@id":"https:\/\/gremicafe.cat\/#\/schema\/logo\/image\/","url":"https:\/\/gremicafe.cat\/wp-content\/uploads\/2018\/03\/gremicafe-logo250.png","contentUrl":"https:\/\/gremicafe.cat\/wp-content\/uploads\/2018\/03\/gremicafe-logo250.png","width":250,"height":49,"caption":"Gremi del Caf\u00e8, Torradors de Catalunya"},"image":{"@id":"https:\/\/gremicafe.cat\/#\/schema\/logo\/image\/"},"sameAs":["https:\/\/www.facebook.com\/gremicafecat","https:\/\/x.com\/gremicafecat","https:\/\/www.instagram.com\/gremicafecat\/","https:\/\/www.pinterest.es\/gremicafecat\/","https:\/\/www.youtube.com\/channel\/UCGLo5Y35vLwLvP4FrPZrCrw\/"]},{"@type":"Person","@id":"https:\/\/gremicafe.cat\/#\/schema\/person\/dabfdbb3d0fa36260855a380f94e4733","name":"gremicafe","image":{"@type":"ImageObject","inLanguage":"es","@id":"https:\/\/gremicafe.cat\/#\/schema\/person\/image\/","url":"https:\/\/secure.gravatar.com\/avatar\/e59baa4ca8f6f97576d6375fb6d3c8f0?s=96&d=mm&r=g","contentUrl":"https:\/\/secure.gravatar.com\/avatar\/e59baa4ca8f6f97576d6375fb6d3c8f0?s=96&d=mm&r=g","caption":"gremicafe"}}]}},"_links":{"self":[{"href":"https:\/\/gremicafe.cat\/es\/wp-json\/wp\/v2\/posts\/4292"}],"collection":[{"href":"https:\/\/gremicafe.cat\/es\/wp-json\/wp\/v2\/posts"}],"about":[{"href":"https:\/\/gremicafe.cat\/es\/wp-json\/wp\/v2\/types\/post"}],"author":[{"embeddable":true,"href":"https:\/\/gremicafe.cat\/es\/wp-json\/wp\/v2\/users\/1"}],"replies":[{"embeddable":true,"href":"https:\/\/gremicafe.cat\/es\/wp-json\/wp\/v2\/comments?post=4292"}],"version-history":[{"count":0,"href":"https:\/\/gremicafe.cat\/es\/wp-json\/wp\/v2\/posts\/4292\/revisions"}],"wp:featuredmedia":[{"embeddable":true,"href":"https:\/\/gremicafe.cat\/es\/wp-json\/wp\/v2\/media\/4293"}],"wp:attachment":[{"href":"https:\/\/gremicafe.cat\/es\/wp-json\/wp\/v2\/media?parent=4292"}],"wp:term":[{"taxonomy":"category","embeddable":true,"href":"https:\/\/gremicafe.cat\/es\/wp-json\/wp\/v2\/categories?post=4292"},{"taxonomy":"post_tag","embeddable":true,"href":"https:\/\/gremicafe.cat\/es\/wp-json\/wp\/v2\/tags?post=4292"}],"curies":[{"name":"wp","href":"https:\/\/api.w.org\/{rel}","templated":true}]}}