{"id":4328,"date":"2018-06-28T15:34:22","date_gmt":"2018-06-28T13:34:22","guid":{"rendered":"http:\/\/gremicafe.cat\/?p=4328"},"modified":"2018-06-28T15:48:32","modified_gmt":"2018-06-28T13:48:32","slug":"carlo-padial-porta-el-bracafe-del-carrer-de-casp-al-programa-dandreu-buenafuente","status":"publish","type":"post","link":"https:\/\/gremicafe.cat\/es\/2018\/06\/28\/carlo-padial-porta-el-bracafe-del-carrer-de-casp-al-programa-dandreu-buenafuente\/","title":{"rendered":"Carlo Padial lleva el BRACAF\u00c9 de la calle Casp al programa de Andreu Buenafuente"},"content":{"rendered":"<section id=\"ut-section-69f5b5a4686ac\" data-vc-full-width=\"true\" data-vc-full-width-init=\"false\" class=\"vc_section vc_section-has-no-fill ut-section-69f5b5a4686b8\"><div id=\"ut-row-69f5b5a468bb8\" data-vc-full-width=\"true\" data-vc-full-width-init=\"false\" class=\"vc_row wpb_row vc_row-fluid vc_column-gap-0 ut-row-69f5b5a468bc6\" ><div class=\"wpb_column vc_column_container vc_col-sm-12\" ><div id=\"ut_inner_column_69f5b5a4692a7\" class=\"vc_column-inner\"><div class=\"wpb_wrapper\"><div class=\"wpb_content_element\"><style type=\"text\/css\" scoped>#ut_header_69f5b5a4694e2 h2 span { color:; }#ut_header_69f5b5a4694e2.pt-style-2 .page-title:after, #ut_header_69f5b5a4694e2.pt-style-2 .parallax-title:after, #ut_header_69f5b5a4694e2.pt-style-2 .section-title:after {background-color: ;height: ;width: ;}<\/style><header id=\"ut_header_69f5b5a4694e2\" class=\"section-header pt-style-2 header-left\"><h2  class=\"section-title\"><span>Carlo Padial lleva el BRACAF\u00c9 de la calle Casp al programa de Andreu Buenafuente<\/span><\/h2><\/header><\/div><\/div><\/div><\/div><\/div><div class=\"vc_row-full-width vc_clearfix\"><\/div><div id=\"ut-row-69f5b5a46995c\" data-vc-full-width=\"true\" data-vc-full-width-init=\"false\" class=\"vc_row wpb_row vc_row-fluid vc_column-gap-0 ut-row-69f5b5a469969\" ><div class=\"wpb_column vc_column_container vc_col-sm-4\" ><div id=\"ut_inner_column_69f5b5a469ca3\" class=\"vc_column-inner\"><div class=\"wpb_wrapper\">\n\t<div class=\"wpb_text_column wpb_content_element\" >\n\t\t<div class=\"wpb_wrapper\">\n\t\t\t<p style=\"text-align: justify;\">El popular escritor particip\u00f3 en el programa LateMotiv, de Andreu Buenafuente, en Movistar+. Carlo Padial asegura que: \u201cYo nunca me he implicado en nada. Ni movimientos pol\u00edticos ni nada de eso. Pero en esta ocasi\u00f3n, sent\u00eda que deb\u00eda dar un paso al frente\u201d. Aparte del programa con Andreu Buenafuente, se ha hecho eco en las redes sociales, donde el v\u00eddeo de Bracaf\u00e8 ha tenido bastante audiencia: \u201cEl cierre de mi cafeter\u00eda favorita en Barcelona me ha hecho salir de mi peque\u00f1o mundo de neurosis y caf\u00e9s con hielo. He decidido iniciar una campa\u00f1a ANTI CIERRE DEL BRACAF\u00c9.\u201d<\/p>\n<p style=\"text-align: justify;\">Os invitamos a ver el v\u00eddeo especial realizado por BRACAF\u00c9, con la presencia de Xavier de Erausquin, miembro de la junta del Gremio del Caf\u00e9, y tambi\u00e9n adjuntamos el v\u00eddeo completo de la intervenci\u00f3n de Carlo Padial en el programa de Andreu Buenafuente.<\/p>\n<p>Pulsa para ver el <a href=\"https:\/\/twitter.com\/cero\/status\/1011727745515126786\" target=\"_blank\" rel=\"noopener\">v\u00eddeo especial BRACAF\u00c9 con Carlo Padial<\/a>.<\/p>\n<p>Pulsa para ver la <a href=\"https:\/\/youtu.be\/iepu3bdoJJA\" target=\"_blank\" rel=\"noopener\">intervenci\u00f3n de Carlo Padial en LateMotiv<\/a>.<\/p>\n\n\t\t<\/div>\n\t<\/div>\n<\/div><\/div><\/div><div class=\"wpb_column vc_column_container vc_col-sm-8\" ><div id=\"ut_inner_column_69f5b5a469fa1\" class=\"vc_column-inner\"><div class=\"wpb_wrapper\"><div class=\"wpb_content_element   vc_custom_1530192859176 clearfix\">            \n            <script type=\"text\/javascript\">\n                \n                (function($){\n                    \n                    $(document).ready(function(){\n                        \n                                                                        \n                        function get_animated_objects( $all_appeared_elements, effect ) {\n                            \n                            var counter = 0;\n                            \n                            $all_appeared_elements.each(function(){\n                                        \n                                if( $(this).hasClass(effect) ) {\n\n                                    counter++;\n\n                                }\n\n                            });\n                            \n                            return counter;\n                            \n                        }\n                        \n                          \n                    });\n                        \n                })(jQuery);\n            \n            <\/script>\n            \n            <style type=\"text\/css\" scoped>#ut_ig_69f5b5a46a049 .ut-lazy:not(.ut-image-loaded) + .ut-video-module-loading { display:block; }#ut_ig_69f5b5a46a049 .ut-lazy.ut-image-loaded + .ut-video-module-loading { display:none; }<\/style><div id=\"ut_ig_69f5b5a46a049\" class=\"ut-image-gallery  clearfix\"><div  data-count=\"1\" class=\"ut-image-gallery-item ut-animation-done grid-100 tablet-grid-100 mobile-grid-100\"><a  class=\"ut-vc-images-lightbox\"  data-exthumbimage=\"https:\/\/gremicafe.cat\/wp-content\/uploads\/2018\/06\/bracafeBuenafuente003-150x150.jpg\" href=\"https:\/\/gremicafe.cat\/wp-content\/uploads\/2018\/06\/bracafeBuenafuente003.jpg\"><div class=\"ut-image-gallery-image\"><img loading=\"lazy\" decoding=\"async\"  class=\"\" src=\"https:\/\/gremicafe.cat\/wp-content\/uploads\/2018\/06\/bracafeBuenafuente003.jpg\" width=\"1200\" height=\"641\"><\/div><\/a><\/div><div class=\"clear\"><\/div><\/div><\/div><div class=\"wpb_content_element ut-gallery-5  clearfix\">            \n            <script type=\"text\/javascript\">\n                \n                (function($){\n                    \n                    $(document).ready(function(){\n                        \n                                                                        \n                        function get_animated_objects( $all_appeared_elements, effect ) {\n                            \n                            var counter = 0;\n                            \n                            $all_appeared_elements.each(function(){\n                                        \n                                if( $(this).hasClass(effect) ) {\n\n                                    counter++;\n\n                                }\n\n                            });\n                            \n                            return counter;\n                            \n                        }\n                        \n                          \n                    });\n                        \n                })(jQuery);\n            \n            <\/script>\n            \n            <style type=\"text\/css\" scoped>#ut_ig_69f5b5a46a670 .ut-lazy:not(.ut-image-loaded) + .ut-video-module-loading { display:block; }#ut_ig_69f5b5a46a670 .ut-lazy.ut-image-loaded + .ut-video-module-loading { display:none; }<\/style><div id=\"ut_ig_69f5b5a46a670\" class=\"ut-image-gallery  ut-image-gallery-5 clearfix\"><div  data-count=\"2\" class=\"ut-image-gallery-item ut-animation-done grid-50 tablet-grid-50 mobile-grid-100\"><a  class=\"ut-vc-images-lightbox\"  data-exthumbimage=\"https:\/\/gremicafe.cat\/wp-content\/uploads\/2018\/06\/bracafeBuenafuente001-150x150.jpg\" href=\"https:\/\/gremicafe.cat\/wp-content\/uploads\/2018\/06\/bracafeBuenafuente001.jpg\"><div class=\"ut-image-gallery-image\"><img loading=\"lazy\" decoding=\"async\"  class=\"\" src=\"https:\/\/gremicafe.cat\/wp-content\/uploads\/2018\/06\/bracafeBuenafuente001-1160x1160.jpg\" width=\"1160\" height=\"1160\"><\/div><\/a><\/div><div  data-count=\"2\" class=\"ut-image-gallery-item ut-animation-done ut-animation-done grid-50 tablet-grid-50 mobile-grid-100\"><a  class=\"ut-vc-images-lightbox\"  data-exthumbimage=\"https:\/\/gremicafe.cat\/wp-content\/uploads\/2018\/06\/bracafeBuenafuente002-150x150.jpg\" href=\"https:\/\/gremicafe.cat\/wp-content\/uploads\/2018\/06\/bracafeBuenafuente002.jpg\"><div class=\"ut-image-gallery-image\"><img loading=\"lazy\" decoding=\"async\"  class=\"\" src=\"https:\/\/gremicafe.cat\/wp-content\/uploads\/2018\/06\/bracafeBuenafuente002-1160x675-1160x1160.jpg\" width=\"1160\" height=\"1160\"><\/div><\/a><\/div><div class=\"clear\"><\/div><\/div><\/div><\/div><\/div><\/div><\/div><div class=\"vc_row-full-width vc_clearfix\"><\/div><\/section><div class=\"vc_row-full-width vc_clearfix\"><\/div>","protected":false},"excerpt":{"rendered":"#ut_header_69f5b5a46f854 h2 span { color:; }#ut_header_69f5b5a46f854.pt-style-2 .page-title:after, #ut_header_69f5b5a46f854.pt-style-2 .parallax-title:after, #ut_header_69f5b5a46f854.pt-style-2 .section-title:after {background-color: ;height: ;width: ;}Carlo Padial porta el BRACAF\u00c9 del carrer de Casp al programa d&#8217;Andreu Buenafuente El popular escriptor va participar en el programa LateMotiv, d'Andreu Buenafuente, a Movistar+.\u00a0Carlo Padial assegura que: \"Yo nunca me he implicado en nada. Ni movimientos pol\u00edticos ni nada [...]","protected":false},"author":1,"featured_media":4331,"comment_status":"closed","ping_status":"open","sticky":false,"template":"","format":"standard","meta":{"_acf_changed":false,"inline_featured_image":false,"footnotes":""},"categories":[1],"tags":[],"class_list":["post-4328","post","type-post","status-publish","format-standard","has-post-thumbnail","hentry","category-noticies"],"acf":[],"yoast_head":"<!-- This site is optimized with the Yoast SEO plugin v25.5 - https:\/\/yoast.com\/wordpress\/plugins\/seo\/ -->\n<title>Carlo Padial porta el BRACAF\u00c9 del carrer de Casp al programa d&#039;Andreu Buenafuente - Gremi del Caf\u00e8, torradors de Catalunya<\/title>\n<meta name=\"robots\" content=\"index, follow, max-snippet:-1, max-image-preview:large, max-video-preview:-1\" \/>\n<link rel=\"canonical\" href=\"https:\/\/gremicafe.cat\/es\/2018\/06\/28\/carlo-padial-porta-el-bracafe-del-carrer-de-casp-al-programa-dandreu-buenafuente\/\" \/>\n<meta property=\"og:locale\" content=\"es_ES\" \/>\n<meta property=\"og:type\" content=\"article\" \/>\n<meta property=\"og:title\" content=\"Carlo Padial porta el BRACAF\u00c9 del carrer de Casp al programa d&#039;Andreu Buenafuente - Gremi del Caf\u00e8, torradors de Catalunya\" \/>\n<meta property=\"og:url\" content=\"https:\/\/gremicafe.cat\/es\/2018\/06\/28\/carlo-padial-porta-el-bracafe-del-carrer-de-casp-al-programa-dandreu-buenafuente\/\" \/>\n<meta property=\"og:site_name\" content=\"Gremi del Caf\u00e8, torradors de Catalunya\" \/>\n<meta property=\"article:publisher\" content=\"https:\/\/www.facebook.com\/gremicafecat\" \/>\n<meta property=\"article:published_time\" content=\"2018-06-28T13:34:22+00:00\" \/>\n<meta property=\"article:modified_time\" content=\"2018-06-28T13:48:32+00:00\" \/>\n<meta property=\"og:image\" content=\"https:\/\/gremicafe.cat\/wp-content\/uploads\/2018\/06\/bracafeBuenafuente003.jpg\" \/>\n\t<meta property=\"og:image:width\" content=\"1200\" \/>\n\t<meta property=\"og:image:height\" content=\"641\" \/>\n\t<meta property=\"og:image:type\" content=\"image\/jpeg\" \/>\n<meta name=\"author\" content=\"gremicafe\" \/>\n<meta name=\"twitter:card\" content=\"summary_large_image\" \/>\n<meta name=\"twitter:creator\" content=\"@gremicafecat\" \/>\n<meta name=\"twitter:site\" content=\"@gremicafecat\" \/>\n<meta name=\"twitter:label1\" content=\"Escrito por\" \/>\n\t<meta name=\"twitter:data1\" content=\"gremicafe\" \/>\n\t<meta name=\"twitter:label2\" content=\"Tiempo de lectura\" \/>\n\t<meta name=\"twitter:data2\" content=\"1 minuto\" \/>\n<script type=\"application\/ld+json\" class=\"yoast-schema-graph\">{\"@context\":\"https:\/\/schema.org\",\"@graph\":[{\"@type\":\"Article\",\"@id\":\"https:\/\/gremicafe.cat\/2018\/06\/28\/carlo-padial-porta-el-bracafe-del-carrer-de-casp-al-programa-dandreu-buenafuente\/#article\",\"isPartOf\":{\"@id\":\"https:\/\/gremicafe.cat\/2018\/06\/28\/carlo-padial-porta-el-bracafe-del-carrer-de-casp-al-programa-dandreu-buenafuente\/\"},\"author\":{\"name\":\"gremicafe\",\"@id\":\"https:\/\/gremicafe.cat\/#\/schema\/person\/dabfdbb3d0fa36260855a380f94e4733\"},\"headline\":\"Carlo Padial porta el BRACAF\u00c9 del carrer de Casp al programa d&#8217;Andreu Buenafuente\",\"datePublished\":\"2018-06-28T13:34:22+00:00\",\"dateModified\":\"2018-06-28T13:48:32+00:00\",\"mainEntityOfPage\":{\"@id\":\"https:\/\/gremicafe.cat\/2018\/06\/28\/carlo-padial-porta-el-bracafe-del-carrer-de-casp-al-programa-dandreu-buenafuente\/\"},\"wordCount\":258,\"publisher\":{\"@id\":\"https:\/\/gremicafe.cat\/#organization\"},\"image\":{\"@id\":\"https:\/\/gremicafe.cat\/2018\/06\/28\/carlo-padial-porta-el-bracafe-del-carrer-de-casp-al-programa-dandreu-buenafuente\/#primaryimage\"},\"thumbnailUrl\":\"https:\/\/gremicafe.cat\/wp-content\/uploads\/2018\/06\/bracafeBuenafuente003.jpg\",\"articleSection\":[\"Not\u00edcies\"],\"inLanguage\":\"es\"},{\"@type\":\"WebPage\",\"@id\":\"https:\/\/gremicafe.cat\/2018\/06\/28\/carlo-padial-porta-el-bracafe-del-carrer-de-casp-al-programa-dandreu-buenafuente\/\",\"url\":\"https:\/\/gremicafe.cat\/2018\/06\/28\/carlo-padial-porta-el-bracafe-del-carrer-de-casp-al-programa-dandreu-buenafuente\/\",\"name\":\"Carlo Padial porta el BRACAF\u00c9 del carrer de Casp al programa d'Andreu Buenafuente - Gremi del Caf\u00e8, torradors de Catalunya\",\"isPartOf\":{\"@id\":\"https:\/\/gremicafe.cat\/#website\"},\"primaryImageOfPage\":{\"@id\":\"https:\/\/gremicafe.cat\/2018\/06\/28\/carlo-padial-porta-el-bracafe-del-carrer-de-casp-al-programa-dandreu-buenafuente\/#primaryimage\"},\"image\":{\"@id\":\"https:\/\/gremicafe.cat\/2018\/06\/28\/carlo-padial-porta-el-bracafe-del-carrer-de-casp-al-programa-dandreu-buenafuente\/#primaryimage\"},\"thumbnailUrl\":\"https:\/\/gremicafe.cat\/wp-content\/uploads\/2018\/06\/bracafeBuenafuente003.jpg\",\"datePublished\":\"2018-06-28T13:34:22+00:00\",\"dateModified\":\"2018-06-28T13:48:32+00:00\",\"breadcrumb\":{\"@id\":\"https:\/\/gremicafe.cat\/2018\/06\/28\/carlo-padial-porta-el-bracafe-del-carrer-de-casp-al-programa-dandreu-buenafuente\/#breadcrumb\"},\"inLanguage\":\"es\",\"potentialAction\":[{\"@type\":\"ReadAction\",\"target\":[\"https:\/\/gremicafe.cat\/2018\/06\/28\/carlo-padial-porta-el-bracafe-del-carrer-de-casp-al-programa-dandreu-buenafuente\/\"]}]},{\"@type\":\"ImageObject\",\"inLanguage\":\"es\",\"@id\":\"https:\/\/gremicafe.cat\/2018\/06\/28\/carlo-padial-porta-el-bracafe-del-carrer-de-casp-al-programa-dandreu-buenafuente\/#primaryimage\",\"url\":\"https:\/\/gremicafe.cat\/wp-content\/uploads\/2018\/06\/bracafeBuenafuente003.jpg\",\"contentUrl\":\"https:\/\/gremicafe.cat\/wp-content\/uploads\/2018\/06\/bracafeBuenafuente003.jpg\",\"width\":1200,\"height\":641},{\"@type\":\"BreadcrumbList\",\"@id\":\"https:\/\/gremicafe.cat\/2018\/06\/28\/carlo-padial-porta-el-bracafe-del-carrer-de-casp-al-programa-dandreu-buenafuente\/#breadcrumb\",\"itemListElement\":[{\"@type\":\"ListItem\",\"position\":1,\"name\":\"Inici\",\"item\":\"https:\/\/gremicafe.cat\/\"},{\"@type\":\"ListItem\",\"position\":2,\"name\":\"Carlo Padial porta el BRACAF\u00c9 del carrer de Casp al programa d&#8217;Andreu Buenafuente\"}]},{\"@type\":\"WebSite\",\"@id\":\"https:\/\/gremicafe.cat\/#website\",\"url\":\"https:\/\/gremicafe.cat\/\",\"name\":\"Gremi del Caf\u00e8, torradors de Catalunya\",\"description\":\"Web oficial del gremi de torradors de caf\u00e8 de Catalunya\",\"publisher\":{\"@id\":\"https:\/\/gremicafe.cat\/#organization\"},\"potentialAction\":[{\"@type\":\"SearchAction\",\"target\":{\"@type\":\"EntryPoint\",\"urlTemplate\":\"https:\/\/gremicafe.cat\/?s={search_term_string}\"},\"query-input\":{\"@type\":\"PropertyValueSpecification\",\"valueRequired\":true,\"valueName\":\"search_term_string\"}}],\"inLanguage\":\"es\"},{\"@type\":\"Organization\",\"@id\":\"https:\/\/gremicafe.cat\/#organization\",\"name\":\"Gremi del Caf\u00e8, Torradors de Catalunya\",\"url\":\"https:\/\/gremicafe.cat\/\",\"logo\":{\"@type\":\"ImageObject\",\"inLanguage\":\"es\",\"@id\":\"https:\/\/gremicafe.cat\/#\/schema\/logo\/image\/\",\"url\":\"https:\/\/gremicafe.cat\/wp-content\/uploads\/2018\/03\/gremicafe-logo250.png\",\"contentUrl\":\"https:\/\/gremicafe.cat\/wp-content\/uploads\/2018\/03\/gremicafe-logo250.png\",\"width\":250,\"height\":49,\"caption\":\"Gremi del Caf\u00e8, Torradors de Catalunya\"},\"image\":{\"@id\":\"https:\/\/gremicafe.cat\/#\/schema\/logo\/image\/\"},\"sameAs\":[\"https:\/\/www.facebook.com\/gremicafecat\",\"https:\/\/x.com\/gremicafecat\",\"https:\/\/www.instagram.com\/gremicafecat\/\",\"https:\/\/www.pinterest.es\/gremicafecat\/\",\"https:\/\/www.youtube.com\/channel\/UCGLo5Y35vLwLvP4FrPZrCrw\/\"]},{\"@type\":\"Person\",\"@id\":\"https:\/\/gremicafe.cat\/#\/schema\/person\/dabfdbb3d0fa36260855a380f94e4733\",\"name\":\"gremicafe\",\"image\":{\"@type\":\"ImageObject\",\"inLanguage\":\"es\",\"@id\":\"https:\/\/gremicafe.cat\/#\/schema\/person\/image\/\",\"url\":\"https:\/\/secure.gravatar.com\/avatar\/e59baa4ca8f6f97576d6375fb6d3c8f0?s=96&d=mm&r=g\",\"contentUrl\":\"https:\/\/secure.gravatar.com\/avatar\/e59baa4ca8f6f97576d6375fb6d3c8f0?s=96&d=mm&r=g\",\"caption\":\"gremicafe\"}}]}<\/script>\n<!-- \/ Yoast SEO plugin. -->","yoast_head_json":{"title":"Carlo Padial porta el BRACAF\u00c9 del carrer de Casp al programa d'Andreu Buenafuente - Gremi del Caf\u00e8, torradors de Catalunya","robots":{"index":"index","follow":"follow","max-snippet":"max-snippet:-1","max-image-preview":"max-image-preview:large","max-video-preview":"max-video-preview:-1"},"canonical":"https:\/\/gremicafe.cat\/es\/2018\/06\/28\/carlo-padial-porta-el-bracafe-del-carrer-de-casp-al-programa-dandreu-buenafuente\/","og_locale":"es_ES","og_type":"article","og_title":"Carlo Padial porta el BRACAF\u00c9 del carrer de Casp al programa d'Andreu Buenafuente - Gremi del Caf\u00e8, torradors de Catalunya","og_url":"https:\/\/gremicafe.cat\/es\/2018\/06\/28\/carlo-padial-porta-el-bracafe-del-carrer-de-casp-al-programa-dandreu-buenafuente\/","og_site_name":"Gremi del Caf\u00e8, torradors de Catalunya","article_publisher":"https:\/\/www.facebook.com\/gremicafecat","article_published_time":"2018-06-28T13:34:22+00:00","article_modified_time":"2018-06-28T13:48:32+00:00","og_image":[{"width":1200,"height":641,"url":"https:\/\/gremicafe.cat\/wp-content\/uploads\/2018\/06\/bracafeBuenafuente003.jpg","type":"image\/jpeg"}],"author":"gremicafe","twitter_card":"summary_large_image","twitter_creator":"@gremicafecat","twitter_site":"@gremicafecat","twitter_misc":{"Escrito por":"gremicafe","Tiempo de lectura":"1 minuto"},"schema":{"@context":"https:\/\/schema.org","@graph":[{"@type":"Article","@id":"https:\/\/gremicafe.cat\/2018\/06\/28\/carlo-padial-porta-el-bracafe-del-carrer-de-casp-al-programa-dandreu-buenafuente\/#article","isPartOf":{"@id":"https:\/\/gremicafe.cat\/2018\/06\/28\/carlo-padial-porta-el-bracafe-del-carrer-de-casp-al-programa-dandreu-buenafuente\/"},"author":{"name":"gremicafe","@id":"https:\/\/gremicafe.cat\/#\/schema\/person\/dabfdbb3d0fa36260855a380f94e4733"},"headline":"Carlo Padial porta el BRACAF\u00c9 del carrer de Casp al programa d&#8217;Andreu Buenafuente","datePublished":"2018-06-28T13:34:22+00:00","dateModified":"2018-06-28T13:48:32+00:00","mainEntityOfPage":{"@id":"https:\/\/gremicafe.cat\/2018\/06\/28\/carlo-padial-porta-el-bracafe-del-carrer-de-casp-al-programa-dandreu-buenafuente\/"},"wordCount":258,"publisher":{"@id":"https:\/\/gremicafe.cat\/#organization"},"image":{"@id":"https:\/\/gremicafe.cat\/2018\/06\/28\/carlo-padial-porta-el-bracafe-del-carrer-de-casp-al-programa-dandreu-buenafuente\/#primaryimage"},"thumbnailUrl":"https:\/\/gremicafe.cat\/wp-content\/uploads\/2018\/06\/bracafeBuenafuente003.jpg","articleSection":["Not\u00edcies"],"inLanguage":"es"},{"@type":"WebPage","@id":"https:\/\/gremicafe.cat\/2018\/06\/28\/carlo-padial-porta-el-bracafe-del-carrer-de-casp-al-programa-dandreu-buenafuente\/","url":"https:\/\/gremicafe.cat\/2018\/06\/28\/carlo-padial-porta-el-bracafe-del-carrer-de-casp-al-programa-dandreu-buenafuente\/","name":"Carlo Padial porta el BRACAF\u00c9 del carrer de Casp al programa d'Andreu Buenafuente - Gremi del Caf\u00e8, torradors de Catalunya","isPartOf":{"@id":"https:\/\/gremicafe.cat\/#website"},"primaryImageOfPage":{"@id":"https:\/\/gremicafe.cat\/2018\/06\/28\/carlo-padial-porta-el-bracafe-del-carrer-de-casp-al-programa-dandreu-buenafuente\/#primaryimage"},"image":{"@id":"https:\/\/gremicafe.cat\/2018\/06\/28\/carlo-padial-porta-el-bracafe-del-carrer-de-casp-al-programa-dandreu-buenafuente\/#primaryimage"},"thumbnailUrl":"https:\/\/gremicafe.cat\/wp-content\/uploads\/2018\/06\/bracafeBuenafuente003.jpg","datePublished":"2018-06-28T13:34:22+00:00","dateModified":"2018-06-28T13:48:32+00:00","breadcrumb":{"@id":"https:\/\/gremicafe.cat\/2018\/06\/28\/carlo-padial-porta-el-bracafe-del-carrer-de-casp-al-programa-dandreu-buenafuente\/#breadcrumb"},"inLanguage":"es","potentialAction":[{"@type":"ReadAction","target":["https:\/\/gremicafe.cat\/2018\/06\/28\/carlo-padial-porta-el-bracafe-del-carrer-de-casp-al-programa-dandreu-buenafuente\/"]}]},{"@type":"ImageObject","inLanguage":"es","@id":"https:\/\/gremicafe.cat\/2018\/06\/28\/carlo-padial-porta-el-bracafe-del-carrer-de-casp-al-programa-dandreu-buenafuente\/#primaryimage","url":"https:\/\/gremicafe.cat\/wp-content\/uploads\/2018\/06\/bracafeBuenafuente003.jpg","contentUrl":"https:\/\/gremicafe.cat\/wp-content\/uploads\/2018\/06\/bracafeBuenafuente003.jpg","width":1200,"height":641},{"@type":"BreadcrumbList","@id":"https:\/\/gremicafe.cat\/2018\/06\/28\/carlo-padial-porta-el-bracafe-del-carrer-de-casp-al-programa-dandreu-buenafuente\/#breadcrumb","itemListElement":[{"@type":"ListItem","position":1,"name":"Inici","item":"https:\/\/gremicafe.cat\/"},{"@type":"ListItem","position":2,"name":"Carlo Padial porta el BRACAF\u00c9 del carrer de Casp al programa d&#8217;Andreu Buenafuente"}]},{"@type":"WebSite","@id":"https:\/\/gremicafe.cat\/#website","url":"https:\/\/gremicafe.cat\/","name":"Gremio del Caf\u00e9, tostadores de Catalu\u00f1a","description":"Web oficial del gremio de tostadores de caf\u00e9 de Catalunya","publisher":{"@id":"https:\/\/gremicafe.cat\/#organization"},"potentialAction":[{"@type":"SearchAction","target":{"@type":"EntryPoint","urlTemplate":"https:\/\/gremicafe.cat\/?s={search_term_string}"},"query-input":{"@type":"PropertyValueSpecification","valueRequired":true,"valueName":"search_term_string"}}],"inLanguage":"es"},{"@type":"Organization","@id":"https:\/\/gremicafe.cat\/#organization","name":"Gremio del Caf\u00e9, Tostadores de Catalu\u00f1a","url":"https:\/\/gremicafe.cat\/","logo":{"@type":"ImageObject","inLanguage":"es","@id":"https:\/\/gremicafe.cat\/#\/schema\/logo\/image\/","url":"https:\/\/gremicafe.cat\/wp-content\/uploads\/2018\/03\/gremicafe-logo250.png","contentUrl":"https:\/\/gremicafe.cat\/wp-content\/uploads\/2018\/03\/gremicafe-logo250.png","width":250,"height":49,"caption":"Gremi del Caf\u00e8, Torradors de Catalunya"},"image":{"@id":"https:\/\/gremicafe.cat\/#\/schema\/logo\/image\/"},"sameAs":["https:\/\/www.facebook.com\/gremicafecat","https:\/\/x.com\/gremicafecat","https:\/\/www.instagram.com\/gremicafecat\/","https:\/\/www.pinterest.es\/gremicafecat\/","https:\/\/www.youtube.com\/channel\/UCGLo5Y35vLwLvP4FrPZrCrw\/"]},{"@type":"Person","@id":"https:\/\/gremicafe.cat\/#\/schema\/person\/dabfdbb3d0fa36260855a380f94e4733","name":"gremicafe","image":{"@type":"ImageObject","inLanguage":"es","@id":"https:\/\/gremicafe.cat\/#\/schema\/person\/image\/","url":"https:\/\/secure.gravatar.com\/avatar\/e59baa4ca8f6f97576d6375fb6d3c8f0?s=96&d=mm&r=g","contentUrl":"https:\/\/secure.gravatar.com\/avatar\/e59baa4ca8f6f97576d6375fb6d3c8f0?s=96&d=mm&r=g","caption":"gremicafe"}}]}},"_links":{"self":[{"href":"https:\/\/gremicafe.cat\/es\/wp-json\/wp\/v2\/posts\/4328"}],"collection":[{"href":"https:\/\/gremicafe.cat\/es\/wp-json\/wp\/v2\/posts"}],"about":[{"href":"https:\/\/gremicafe.cat\/es\/wp-json\/wp\/v2\/types\/post"}],"author":[{"embeddable":true,"href":"https:\/\/gremicafe.cat\/es\/wp-json\/wp\/v2\/users\/1"}],"replies":[{"embeddable":true,"href":"https:\/\/gremicafe.cat\/es\/wp-json\/wp\/v2\/comments?post=4328"}],"version-history":[{"count":0,"href":"https:\/\/gremicafe.cat\/es\/wp-json\/wp\/v2\/posts\/4328\/revisions"}],"wp:featuredmedia":[{"embeddable":true,"href":"https:\/\/gremicafe.cat\/es\/wp-json\/wp\/v2\/media\/4331"}],"wp:attachment":[{"href":"https:\/\/gremicafe.cat\/es\/wp-json\/wp\/v2\/media?parent=4328"}],"wp:term":[{"taxonomy":"category","embeddable":true,"href":"https:\/\/gremicafe.cat\/es\/wp-json\/wp\/v2\/categories?post=4328"},{"taxonomy":"post_tag","embeddable":true,"href":"https:\/\/gremicafe.cat\/es\/wp-json\/wp\/v2\/tags?post=4328"}],"curies":[{"name":"wp","href":"https:\/\/api.w.org\/{rel}","templated":true}]}}