{"id":4395,"date":"2018-10-04T10:15:34","date_gmt":"2018-10-04T08:15:34","guid":{"rendered":"https:\/\/gremicafe.cat\/?p=4395"},"modified":"2018-10-04T10:30:51","modified_gmt":"2018-10-04T08:30:51","slug":"campionat-barista-lleida-11-10-2018","status":"publish","type":"post","link":"https:\/\/gremicafe.cat\/es\/2018\/10\/04\/campionat-barista-lleida-11-10-2018\/","title":{"rendered":"XII Campeonato Barista de leida, 11 de octubre de 2018"},"content":{"rendered":"<section id=\"ut-section-69f427fe1fd16\" data-vc-full-width=\"true\" data-vc-full-width-init=\"false\" class=\"vc_section vc_section-has-no-fill ut-section-69f427fe1fd2a\"><div id=\"ut-row-69f427fe2166d\" data-vc-full-width=\"true\" data-vc-full-width-init=\"false\" class=\"vc_row wpb_row vc_row-fluid vc_column-gap-0 ut-row-69f427fe21683\" ><div class=\"wpb_column vc_column_container vc_col-sm-12\" ><div id=\"ut_inner_column_69f427fe23239\" class=\"vc_column-inner\"><div class=\"wpb_wrapper\"><div class=\"wpb_content_element\"><style type=\"text\/css\" scoped>#ut_header_69f427fe235fd h2 span { color:; }#ut_header_69f427fe235fd.pt-style-2 .page-title:after, #ut_header_69f427fe235fd.pt-style-2 .parallax-title:after, #ut_header_69f427fe235fd.pt-style-2 .section-title:after {background-color: ;height: ;width: ;}<\/style><header id=\"ut_header_69f427fe235fd\" class=\"section-header pt-style-2 header-left\"><h2  class=\"section-title\"><span>XII Campeonato Barista de Lleida, 11 de octubre de 2018<\/span><\/h2><\/header><\/div><div class=\"wpb_content_element\"><style type=\"text\/css\" scoped>#ut_header_69f427fe2373b h2 span { color:; }#ut_header_69f427fe2373b h2.section-title { font-size: 20px; }<\/style><header id=\"ut_header_69f427fe2373b\" class=\"section-header pt-style-7 header-left\"><h2  class=\"section-title\"><span>El XII Campeonato Barista de Lleida, F\u00f3rum del Caf\u00e9, coorganizado por Batalla Caf\u00e9s tendr\u00e1 lugar el pr\u00f3ximo d\u00eda 11 de octubre, a partir de las 9 de la ma\u00f1ana en la Escuela de Hosteler\u00eda y Turismo de Lleida.<br \/>\n<\/span><\/h2><\/header><\/div><\/div><\/div><\/div><\/div><div class=\"vc_row-full-width vc_clearfix\"><\/div><div id=\"ut-row-69f427fe23aa2\" data-vc-full-width=\"true\" data-vc-full-width-init=\"false\" class=\"vc_row wpb_row vc_row-fluid vc_column-gap-0 ut-row-69f427fe23aaf\" ><div class=\"wpb_column vc_column_container vc_col-sm-6\" ><div id=\"ut_inner_column_69f427fe23ea1\" class=\"vc_column-inner\"><div class=\"wpb_wrapper\">\n\t<div class=\"wpb_text_column wpb_content_element\" >\n\t\t<div class=\"wpb_wrapper\">\n\t\t\t<div class=\"\">En la mayor\u00eda de los casos, la preparaci\u00f3n de caf\u00e9 en la hosteler\u00eda queda limitada a los t\u00edpicos caf\u00e9s <span class=\"hiddenSpellError\">espressos<\/span>, cortados, manchados y <span class=\"hiddenSpellError\">cappuccinos<\/span>. Sin embargo, desde hace unos a\u00f1os ha surgido un movimiento que apuesta con fuerza por el arte en el caf\u00e9 y propone como alternativa a las preparaciones cl\u00e1sicas, otras m\u00e1s trabajadas, como <span class=\"hiddenSpellError\">cappuccinos<\/span> decorados con flores, corazones, u otras formas dibujadas con leche emulsionada, o simplemente, tazas perfectas de<span class=\"hiddenSpellError\">espresso<\/span>. Quienes integran este movimiento son aut\u00e9nticos profesionales en la materia, a los que se les puede exigir la perfecci\u00f3n en la elaboraci\u00f3n de estos preparados. No s\u00f3lo tienen conocimientos superiores en relaci\u00f3n con la preparaci\u00f3n del caf\u00e9, sino que, adem\u00e1s, conocen con cierta profundidad el producto en sus diferentes facetas, sus or\u00edgenes, mezclas y tostado. Son los llamados <span class=\"hiddenSpellError\">baristas<\/span>.<br class=\"\" \/><br class=\"\" \/>En Espa\u00f1a, es el <span class=\"hiddenSpellError\">F\u00f3rum<\/span> Cultural del <span class=\"hiddenGreenError\">Caf\u00e9<\/span>, que ha creado y registrado el Campeonato Nacional de <span class=\"hiddenSpellError\">Baristas<\/span> y Grup Caf\u00e8s Batalla es de las empresas pioneras que m\u00e1s ha apostado por este evento, ya que complementa perfectamente la espectacularidad con toda la labor de formaci\u00f3n que la empresa realiza.<br class=\"\" \/>Es en Lleida donde en 2006 se hizo la primera edici\u00f3n del campeonato <span class=\"hiddenSpellError\">barista<\/span> y este a\u00f1o estamos ante nuestra duod\u00e9cima edici\u00f3n.<br class=\"\" \/><br class=\"\" \/>El funcionamiento del concurso consiste en que cada participante tendr\u00e1 que elaborar en 16 minutos, 4 <span class=\"hiddenSpellError\">espressos<\/span>, 2 <span class=\"hiddenSpellError\">cappuccinos<\/span> arte, 2 bebidas con base de caf\u00e9 sin alcohol y 2 bebidas con base de caf\u00e9 con alcohol, todo ello acompa\u00f1ado de una perfecta puesta en escena con las respectivas explicaciones de los caf\u00e9s utilizados as\u00ed como la mejor forma de degustarlos. Se valorar\u00e1 tanto las habilidades t\u00e9cnicas del propio <span class=\"hiddenSpellError\">barista<\/span> como sus preparaciones por parte de los jueces.<br class=\"\" \/><br class=\"\" \/>Los primeros clasificados de esta edici\u00f3n de Lleida pasar\u00e1n a competir en el campeonato de Catalu\u00f1a el 31 de octubre de 2018<br class=\"\" \/><br class=\"\" \/><\/div>\n\n\t\t<\/div>\n\t<\/div>\n<\/div><\/div><\/div><div class=\"wpb_column vc_column_container vc_col-sm-6\" ><div id=\"ut_inner_column_69f427fe24c7d\" class=\"vc_column-inner\"><div class=\"wpb_wrapper\"><div class=\"wpb_content_element ut-gallery-5  clearfix\">            \n            <script type=\"text\/javascript\">\n                \n                (function($){\n                    \n                    $(document).ready(function(){\n                        \n                                                                        \n                        function get_animated_objects( $all_appeared_elements, effect ) {\n                            \n                            var counter = 0;\n                            \n                            $all_appeared_elements.each(function(){\n                                        \n                                if( $(this).hasClass(effect) ) {\n\n                                    counter++;\n\n                                }\n\n                            });\n                            \n                            return counter;\n                            \n                        }\n                        \n                          \n                    });\n                        \n                })(jQuery);\n            \n            <\/script>\n            \n            <style type=\"text\/css\" scoped>#ut_ig_69f427fe24d4e .ut-lazy:not(.ut-image-loaded) + .ut-video-module-loading { display:block; }#ut_ig_69f427fe24d4e .ut-lazy.ut-image-loaded + .ut-video-module-loading { display:none; }<\/style><div id=\"ut_ig_69f427fe24d4e\" class=\"ut-image-gallery  ut-image-gallery-5 clearfix\"><div  data-count=\"1\" class=\"ut-image-gallery-item ut-animation-done grid-100 tablet-grid-100 mobile-grid-100\"><a  class=\"ut-vc-images-lightbox\"  data-exthumbimage=\"https:\/\/gremicafe.cat\/wp-content\/uploads\/2018\/10\/XII-CAMPIONAT-BARISTA-LLEIDA-700px-150x150.jpg\" href=\"https:\/\/gremicafe.cat\/wp-content\/uploads\/2018\/10\/XII-CAMPIONAT-BARISTA-LLEIDA-700px-506x720.jpg\"><div class=\"ut-image-gallery-image\"><img loading=\"lazy\" decoding=\"async\"  class=\"\" src=\"https:\/\/gremicafe.cat\/wp-content\/uploads\/2018\/10\/XII-CAMPIONAT-BARISTA-LLEIDA-700px.jpg\" width=\"689\" height=\"981\"><\/div><\/a><\/div><div class=\"clear\"><\/div><\/div><\/div><div class=\"wpb_content_element ut-gallery-5  clearfix\">            \n            <script type=\"text\/javascript\">\n                \n                (function($){\n                    \n                    $(document).ready(function(){\n                        \n                                                                        \n                        function get_animated_objects( $all_appeared_elements, effect ) {\n                            \n                            var counter = 0;\n                            \n                            $all_appeared_elements.each(function(){\n                                        \n                                if( $(this).hasClass(effect) ) {\n\n                                    counter++;\n\n                                }\n\n                            });\n                            \n                            return counter;\n                            \n                        }\n                        \n                          \n                    });\n                        \n                })(jQuery);\n            \n            <\/script>\n            \n            <style type=\"text\/css\" scoped>#ut_ig_69f427fe25688 .ut-lazy:not(.ut-image-loaded) + .ut-video-module-loading { display:block; }#ut_ig_69f427fe25688 .ut-lazy.ut-image-loaded + .ut-video-module-loading { display:none; }<\/style><div id=\"ut_ig_69f427fe25688\" class=\"ut-image-gallery  ut-image-gallery-5 clearfix\"><div  data-count=\"2\" class=\"ut-image-gallery-item ut-animation-done grid-50 tablet-grid-50 mobile-grid-100\"><a  class=\"ut-vc-images-lightbox\"  data-exthumbimage=\"https:\/\/gremicafe.cat\/wp-content\/uploads\/2018\/10\/Campionat-Barista-Lleida-2017-479-1200px-150x150.jpg\" href=\"https:\/\/gremicafe.cat\/wp-content\/uploads\/2018\/10\/Campionat-Barista-Lleida-2017-479-1200px-1080x720.jpg\"><div class=\"ut-image-gallery-image\"><img loading=\"lazy\" decoding=\"async\"  class=\"\" src=\"https:\/\/gremicafe.cat\/wp-content\/uploads\/2018\/10\/Campionat-Barista-Lleida-2017-479-1200px-300x300.jpg\" width=\"300\" height=\"300\"><\/div><\/a><\/div><div  data-count=\"2\" class=\"ut-image-gallery-item ut-animation-done ut-animation-done grid-50 tablet-grid-50 mobile-grid-100\"><a  class=\"ut-vc-images-lightbox\"  data-exthumbimage=\"https:\/\/gremicafe.cat\/wp-content\/uploads\/2018\/10\/Campionat-Barista-Lleida-2017-314-1200px-150x150.jpg\" href=\"https:\/\/gremicafe.cat\/wp-content\/uploads\/2018\/10\/Campionat-Barista-Lleida-2017-314-1200px-1080x720.jpg\"><div class=\"ut-image-gallery-image\"><img loading=\"lazy\" decoding=\"async\"  class=\"\" src=\"https:\/\/gremicafe.cat\/wp-content\/uploads\/2018\/10\/Campionat-Barista-Lleida-2017-314-1200px-300x300.jpg\" width=\"300\" height=\"300\"><\/div><\/a><\/div><div class=\"clear\"><\/div><\/div><\/div><\/div><\/div><\/div><\/div><div class=\"vc_row-full-width vc_clearfix\"><\/div><\/section><div class=\"vc_row-full-width vc_clearfix\"><\/div>","protected":false},"excerpt":{"rendered":"#ut_header_69f427fe285de h2 span { color:; }#ut_header_69f427fe285de.pt-style-2 .page-title:after, #ut_header_69f427fe285de.pt-style-2 .parallax-title:after, #ut_header_69f427fe285de.pt-style-2 .section-title:after {background-color: ;height: ;width: ;}XII Campionat Barista de Lleida, 11 d'octubre de 2018#ut_header_69f427fe286db h2 span { color:; }#ut_header_69f427fe286db h2.section-title { font-size: 20px; }El XII Campionat Barista de Lleida, F\u00f3rum del Caf\u00e9, coorganitzat per Batalla Caf\u00e9s tindr\u00e0 lloc el pr\u00f2xim dia 11 d'octubre, a partir de [...]","protected":false},"author":1,"featured_media":4407,"comment_status":"closed","ping_status":"open","sticky":false,"template":"","format":"standard","meta":{"_acf_changed":false,"inline_featured_image":false,"footnotes":""},"categories":[1],"tags":[],"class_list":["post-4395","post","type-post","status-publish","format-standard","has-post-thumbnail","hentry","category-noticies"],"acf":[],"yoast_head":"<!-- This site is optimized with the Yoast SEO plugin v25.5 - https:\/\/yoast.com\/wordpress\/plugins\/seo\/ -->\n<title>XII Campionat Barista de leida, 11 d&#039;octubre de 2018 - Gremi del Caf\u00e8, torradors de Catalunya<\/title>\n<meta name=\"robots\" content=\"index, follow, max-snippet:-1, max-image-preview:large, max-video-preview:-1\" \/>\n<link rel=\"canonical\" href=\"https:\/\/gremicafe.cat\/es\/2018\/10\/04\/campionat-barista-lleida-11-10-2018\/\" \/>\n<meta property=\"og:locale\" content=\"es_ES\" \/>\n<meta property=\"og:type\" content=\"article\" \/>\n<meta property=\"og:title\" content=\"XII Campionat Barista de leida, 11 d&#039;octubre de 2018 - Gremi del Caf\u00e8, torradors de Catalunya\" \/>\n<meta property=\"og:url\" content=\"https:\/\/gremicafe.cat\/es\/2018\/10\/04\/campionat-barista-lleida-11-10-2018\/\" \/>\n<meta property=\"og:site_name\" content=\"Gremi del Caf\u00e8, torradors de Catalunya\" \/>\n<meta property=\"article:publisher\" content=\"https:\/\/www.facebook.com\/gremicafecat\" \/>\n<meta property=\"article:published_time\" content=\"2018-10-04T08:15:34+00:00\" \/>\n<meta property=\"article:modified_time\" content=\"2018-10-04T08:30:51+00:00\" \/>\n<meta property=\"og:image\" content=\"https:\/\/gremicafe.cat\/wp-content\/uploads\/2018\/10\/XII-CAMPIONAT-BARISTA-LLEIDA-700px.jpg\" \/>\n\t<meta property=\"og:image:width\" content=\"689\" \/>\n\t<meta property=\"og:image:height\" content=\"981\" \/>\n\t<meta property=\"og:image:type\" content=\"image\/jpeg\" \/>\n<meta name=\"author\" content=\"gremicafe\" \/>\n<meta name=\"twitter:card\" content=\"summary_large_image\" \/>\n<meta name=\"twitter:creator\" content=\"@gremicafecat\" \/>\n<meta name=\"twitter:site\" content=\"@gremicafecat\" \/>\n<meta name=\"twitter:label1\" content=\"Escrito por\" \/>\n\t<meta name=\"twitter:data1\" content=\"gremicafe\" \/>\n\t<meta name=\"twitter:label2\" content=\"Tiempo de lectura\" \/>\n\t<meta name=\"twitter:data2\" content=\"2 minutos\" \/>\n<script type=\"application\/ld+json\" class=\"yoast-schema-graph\">{\"@context\":\"https:\/\/schema.org\",\"@graph\":[{\"@type\":\"Article\",\"@id\":\"https:\/\/gremicafe.cat\/2018\/10\/04\/campionat-barista-lleida-11-10-2018\/#article\",\"isPartOf\":{\"@id\":\"https:\/\/gremicafe.cat\/2018\/10\/04\/campionat-barista-lleida-11-10-2018\/\"},\"author\":{\"name\":\"gremicafe\",\"@id\":\"https:\/\/gremicafe.cat\/#\/schema\/person\/dabfdbb3d0fa36260855a380f94e4733\"},\"headline\":\"XII Campionat Barista de leida, 11 d&#8217;octubre de 2018\",\"datePublished\":\"2018-10-04T08:15:34+00:00\",\"dateModified\":\"2018-10-04T08:30:51+00:00\",\"mainEntityOfPage\":{\"@id\":\"https:\/\/gremicafe.cat\/2018\/10\/04\/campionat-barista-lleida-11-10-2018\/\"},\"wordCount\":424,\"publisher\":{\"@id\":\"https:\/\/gremicafe.cat\/#organization\"},\"image\":{\"@id\":\"https:\/\/gremicafe.cat\/2018\/10\/04\/campionat-barista-lleida-11-10-2018\/#primaryimage\"},\"thumbnailUrl\":\"https:\/\/gremicafe.cat\/wp-content\/uploads\/2018\/10\/XII-CAMPIONAT-BARISTA-LLEIDA-700px.jpg\",\"articleSection\":[\"Not\u00edcies\"],\"inLanguage\":\"es\"},{\"@type\":\"WebPage\",\"@id\":\"https:\/\/gremicafe.cat\/2018\/10\/04\/campionat-barista-lleida-11-10-2018\/\",\"url\":\"https:\/\/gremicafe.cat\/2018\/10\/04\/campionat-barista-lleida-11-10-2018\/\",\"name\":\"XII Campionat Barista de leida, 11 d'octubre de 2018 - Gremi del Caf\u00e8, torradors de Catalunya\",\"isPartOf\":{\"@id\":\"https:\/\/gremicafe.cat\/#website\"},\"primaryImageOfPage\":{\"@id\":\"https:\/\/gremicafe.cat\/2018\/10\/04\/campionat-barista-lleida-11-10-2018\/#primaryimage\"},\"image\":{\"@id\":\"https:\/\/gremicafe.cat\/2018\/10\/04\/campionat-barista-lleida-11-10-2018\/#primaryimage\"},\"thumbnailUrl\":\"https:\/\/gremicafe.cat\/wp-content\/uploads\/2018\/10\/XII-CAMPIONAT-BARISTA-LLEIDA-700px.jpg\",\"datePublished\":\"2018-10-04T08:15:34+00:00\",\"dateModified\":\"2018-10-04T08:30:51+00:00\",\"breadcrumb\":{\"@id\":\"https:\/\/gremicafe.cat\/2018\/10\/04\/campionat-barista-lleida-11-10-2018\/#breadcrumb\"},\"inLanguage\":\"es\",\"potentialAction\":[{\"@type\":\"ReadAction\",\"target\":[\"https:\/\/gremicafe.cat\/2018\/10\/04\/campionat-barista-lleida-11-10-2018\/\"]}]},{\"@type\":\"ImageObject\",\"inLanguage\":\"es\",\"@id\":\"https:\/\/gremicafe.cat\/2018\/10\/04\/campionat-barista-lleida-11-10-2018\/#primaryimage\",\"url\":\"https:\/\/gremicafe.cat\/wp-content\/uploads\/2018\/10\/XII-CAMPIONAT-BARISTA-LLEIDA-700px.jpg\",\"contentUrl\":\"https:\/\/gremicafe.cat\/wp-content\/uploads\/2018\/10\/XII-CAMPIONAT-BARISTA-LLEIDA-700px.jpg\",\"width\":689,\"height\":981},{\"@type\":\"BreadcrumbList\",\"@id\":\"https:\/\/gremicafe.cat\/2018\/10\/04\/campionat-barista-lleida-11-10-2018\/#breadcrumb\",\"itemListElement\":[{\"@type\":\"ListItem\",\"position\":1,\"name\":\"Inici\",\"item\":\"https:\/\/gremicafe.cat\/\"},{\"@type\":\"ListItem\",\"position\":2,\"name\":\"XII Campionat Barista de leida, 11 d&#8217;octubre de 2018\"}]},{\"@type\":\"WebSite\",\"@id\":\"https:\/\/gremicafe.cat\/#website\",\"url\":\"https:\/\/gremicafe.cat\/\",\"name\":\"Gremi del Caf\u00e8, torradors de Catalunya\",\"description\":\"Web oficial del gremi de torradors de caf\u00e8 de Catalunya\",\"publisher\":{\"@id\":\"https:\/\/gremicafe.cat\/#organization\"},\"potentialAction\":[{\"@type\":\"SearchAction\",\"target\":{\"@type\":\"EntryPoint\",\"urlTemplate\":\"https:\/\/gremicafe.cat\/?s={search_term_string}\"},\"query-input\":{\"@type\":\"PropertyValueSpecification\",\"valueRequired\":true,\"valueName\":\"search_term_string\"}}],\"inLanguage\":\"es\"},{\"@type\":\"Organization\",\"@id\":\"https:\/\/gremicafe.cat\/#organization\",\"name\":\"Gremi del Caf\u00e8, Torradors de Catalunya\",\"url\":\"https:\/\/gremicafe.cat\/\",\"logo\":{\"@type\":\"ImageObject\",\"inLanguage\":\"es\",\"@id\":\"https:\/\/gremicafe.cat\/#\/schema\/logo\/image\/\",\"url\":\"https:\/\/gremicafe.cat\/wp-content\/uploads\/2018\/03\/gremicafe-logo250.png\",\"contentUrl\":\"https:\/\/gremicafe.cat\/wp-content\/uploads\/2018\/03\/gremicafe-logo250.png\",\"width\":250,\"height\":49,\"caption\":\"Gremi del Caf\u00e8, Torradors de Catalunya\"},\"image\":{\"@id\":\"https:\/\/gremicafe.cat\/#\/schema\/logo\/image\/\"},\"sameAs\":[\"https:\/\/www.facebook.com\/gremicafecat\",\"https:\/\/x.com\/gremicafecat\",\"https:\/\/www.instagram.com\/gremicafecat\/\",\"https:\/\/www.pinterest.es\/gremicafecat\/\",\"https:\/\/www.youtube.com\/channel\/UCGLo5Y35vLwLvP4FrPZrCrw\/\"]},{\"@type\":\"Person\",\"@id\":\"https:\/\/gremicafe.cat\/#\/schema\/person\/dabfdbb3d0fa36260855a380f94e4733\",\"name\":\"gremicafe\",\"image\":{\"@type\":\"ImageObject\",\"inLanguage\":\"es\",\"@id\":\"https:\/\/gremicafe.cat\/#\/schema\/person\/image\/\",\"url\":\"https:\/\/secure.gravatar.com\/avatar\/e59baa4ca8f6f97576d6375fb6d3c8f0?s=96&d=mm&r=g\",\"contentUrl\":\"https:\/\/secure.gravatar.com\/avatar\/e59baa4ca8f6f97576d6375fb6d3c8f0?s=96&d=mm&r=g\",\"caption\":\"gremicafe\"}}]}<\/script>\n<!-- \/ Yoast SEO plugin. -->","yoast_head_json":{"title":"XII Campionat Barista de leida, 11 d'octubre de 2018 - Gremi del Caf\u00e8, torradors de Catalunya","robots":{"index":"index","follow":"follow","max-snippet":"max-snippet:-1","max-image-preview":"max-image-preview:large","max-video-preview":"max-video-preview:-1"},"canonical":"https:\/\/gremicafe.cat\/es\/2018\/10\/04\/campionat-barista-lleida-11-10-2018\/","og_locale":"es_ES","og_type":"article","og_title":"XII Campionat Barista de leida, 11 d'octubre de 2018 - Gremi del Caf\u00e8, torradors de Catalunya","og_url":"https:\/\/gremicafe.cat\/es\/2018\/10\/04\/campionat-barista-lleida-11-10-2018\/","og_site_name":"Gremi del Caf\u00e8, torradors de Catalunya","article_publisher":"https:\/\/www.facebook.com\/gremicafecat","article_published_time":"2018-10-04T08:15:34+00:00","article_modified_time":"2018-10-04T08:30:51+00:00","og_image":[{"width":689,"height":981,"url":"https:\/\/gremicafe.cat\/wp-content\/uploads\/2018\/10\/XII-CAMPIONAT-BARISTA-LLEIDA-700px.jpg","type":"image\/jpeg"}],"author":"gremicafe","twitter_card":"summary_large_image","twitter_creator":"@gremicafecat","twitter_site":"@gremicafecat","twitter_misc":{"Escrito por":"gremicafe","Tiempo de lectura":"2 minutos"},"schema":{"@context":"https:\/\/schema.org","@graph":[{"@type":"Article","@id":"https:\/\/gremicafe.cat\/2018\/10\/04\/campionat-barista-lleida-11-10-2018\/#article","isPartOf":{"@id":"https:\/\/gremicafe.cat\/2018\/10\/04\/campionat-barista-lleida-11-10-2018\/"},"author":{"name":"gremicafe","@id":"https:\/\/gremicafe.cat\/#\/schema\/person\/dabfdbb3d0fa36260855a380f94e4733"},"headline":"XII Campionat Barista de leida, 11 d&#8217;octubre de 2018","datePublished":"2018-10-04T08:15:34+00:00","dateModified":"2018-10-04T08:30:51+00:00","mainEntityOfPage":{"@id":"https:\/\/gremicafe.cat\/2018\/10\/04\/campionat-barista-lleida-11-10-2018\/"},"wordCount":424,"publisher":{"@id":"https:\/\/gremicafe.cat\/#organization"},"image":{"@id":"https:\/\/gremicafe.cat\/2018\/10\/04\/campionat-barista-lleida-11-10-2018\/#primaryimage"},"thumbnailUrl":"https:\/\/gremicafe.cat\/wp-content\/uploads\/2018\/10\/XII-CAMPIONAT-BARISTA-LLEIDA-700px.jpg","articleSection":["Not\u00edcies"],"inLanguage":"es"},{"@type":"WebPage","@id":"https:\/\/gremicafe.cat\/2018\/10\/04\/campionat-barista-lleida-11-10-2018\/","url":"https:\/\/gremicafe.cat\/2018\/10\/04\/campionat-barista-lleida-11-10-2018\/","name":"XII Campionat Barista de leida, 11 d'octubre de 2018 - Gremi del Caf\u00e8, torradors de Catalunya","isPartOf":{"@id":"https:\/\/gremicafe.cat\/#website"},"primaryImageOfPage":{"@id":"https:\/\/gremicafe.cat\/2018\/10\/04\/campionat-barista-lleida-11-10-2018\/#primaryimage"},"image":{"@id":"https:\/\/gremicafe.cat\/2018\/10\/04\/campionat-barista-lleida-11-10-2018\/#primaryimage"},"thumbnailUrl":"https:\/\/gremicafe.cat\/wp-content\/uploads\/2018\/10\/XII-CAMPIONAT-BARISTA-LLEIDA-700px.jpg","datePublished":"2018-10-04T08:15:34+00:00","dateModified":"2018-10-04T08:30:51+00:00","breadcrumb":{"@id":"https:\/\/gremicafe.cat\/2018\/10\/04\/campionat-barista-lleida-11-10-2018\/#breadcrumb"},"inLanguage":"es","potentialAction":[{"@type":"ReadAction","target":["https:\/\/gremicafe.cat\/2018\/10\/04\/campionat-barista-lleida-11-10-2018\/"]}]},{"@type":"ImageObject","inLanguage":"es","@id":"https:\/\/gremicafe.cat\/2018\/10\/04\/campionat-barista-lleida-11-10-2018\/#primaryimage","url":"https:\/\/gremicafe.cat\/wp-content\/uploads\/2018\/10\/XII-CAMPIONAT-BARISTA-LLEIDA-700px.jpg","contentUrl":"https:\/\/gremicafe.cat\/wp-content\/uploads\/2018\/10\/XII-CAMPIONAT-BARISTA-LLEIDA-700px.jpg","width":689,"height":981},{"@type":"BreadcrumbList","@id":"https:\/\/gremicafe.cat\/2018\/10\/04\/campionat-barista-lleida-11-10-2018\/#breadcrumb","itemListElement":[{"@type":"ListItem","position":1,"name":"Inici","item":"https:\/\/gremicafe.cat\/"},{"@type":"ListItem","position":2,"name":"XII Campionat Barista de leida, 11 d&#8217;octubre de 2018"}]},{"@type":"WebSite","@id":"https:\/\/gremicafe.cat\/#website","url":"https:\/\/gremicafe.cat\/","name":"Gremio del Caf\u00e9, tostadores de Catalu\u00f1a","description":"Web oficial del gremio de tostadores de caf\u00e9 de Catalunya","publisher":{"@id":"https:\/\/gremicafe.cat\/#organization"},"potentialAction":[{"@type":"SearchAction","target":{"@type":"EntryPoint","urlTemplate":"https:\/\/gremicafe.cat\/?s={search_term_string}"},"query-input":{"@type":"PropertyValueSpecification","valueRequired":true,"valueName":"search_term_string"}}],"inLanguage":"es"},{"@type":"Organization","@id":"https:\/\/gremicafe.cat\/#organization","name":"Gremio del Caf\u00e9, Tostadores de Catalu\u00f1a","url":"https:\/\/gremicafe.cat\/","logo":{"@type":"ImageObject","inLanguage":"es","@id":"https:\/\/gremicafe.cat\/#\/schema\/logo\/image\/","url":"https:\/\/gremicafe.cat\/wp-content\/uploads\/2018\/03\/gremicafe-logo250.png","contentUrl":"https:\/\/gremicafe.cat\/wp-content\/uploads\/2018\/03\/gremicafe-logo250.png","width":250,"height":49,"caption":"Gremi del Caf\u00e8, Torradors de Catalunya"},"image":{"@id":"https:\/\/gremicafe.cat\/#\/schema\/logo\/image\/"},"sameAs":["https:\/\/www.facebook.com\/gremicafecat","https:\/\/x.com\/gremicafecat","https:\/\/www.instagram.com\/gremicafecat\/","https:\/\/www.pinterest.es\/gremicafecat\/","https:\/\/www.youtube.com\/channel\/UCGLo5Y35vLwLvP4FrPZrCrw\/"]},{"@type":"Person","@id":"https:\/\/gremicafe.cat\/#\/schema\/person\/dabfdbb3d0fa36260855a380f94e4733","name":"gremicafe","image":{"@type":"ImageObject","inLanguage":"es","@id":"https:\/\/gremicafe.cat\/#\/schema\/person\/image\/","url":"https:\/\/secure.gravatar.com\/avatar\/e59baa4ca8f6f97576d6375fb6d3c8f0?s=96&d=mm&r=g","contentUrl":"https:\/\/secure.gravatar.com\/avatar\/e59baa4ca8f6f97576d6375fb6d3c8f0?s=96&d=mm&r=g","caption":"gremicafe"}}]}},"_links":{"self":[{"href":"https:\/\/gremicafe.cat\/es\/wp-json\/wp\/v2\/posts\/4395"}],"collection":[{"href":"https:\/\/gremicafe.cat\/es\/wp-json\/wp\/v2\/posts"}],"about":[{"href":"https:\/\/gremicafe.cat\/es\/wp-json\/wp\/v2\/types\/post"}],"author":[{"embeddable":true,"href":"https:\/\/gremicafe.cat\/es\/wp-json\/wp\/v2\/users\/1"}],"replies":[{"embeddable":true,"href":"https:\/\/gremicafe.cat\/es\/wp-json\/wp\/v2\/comments?post=4395"}],"version-history":[{"count":0,"href":"https:\/\/gremicafe.cat\/es\/wp-json\/wp\/v2\/posts\/4395\/revisions"}],"wp:featuredmedia":[{"embeddable":true,"href":"https:\/\/gremicafe.cat\/es\/wp-json\/wp\/v2\/media\/4407"}],"wp:attachment":[{"href":"https:\/\/gremicafe.cat\/es\/wp-json\/wp\/v2\/media?parent=4395"}],"wp:term":[{"taxonomy":"category","embeddable":true,"href":"https:\/\/gremicafe.cat\/es\/wp-json\/wp\/v2\/categories?post=4395"},{"taxonomy":"post_tag","embeddable":true,"href":"https:\/\/gremicafe.cat\/es\/wp-json\/wp\/v2\/tags?post=4395"}],"curies":[{"name":"wp","href":"https:\/\/api.w.org\/{rel}","templated":true}]}}