{"id":4413,"date":"2018-10-17T13:49:34","date_gmt":"2018-10-17T11:49:34","guid":{"rendered":"https:\/\/gremicafe.cat\/?p=4413"},"modified":"2018-10-17T14:01:21","modified_gmt":"2018-10-17T12:01:21","slug":"xavier-catalan-millor-barista-lleida","status":"publish","type":"post","link":"https:\/\/gremicafe.cat\/es\/2018\/10\/17\/xavier-catalan-millor-barista-lleida\/","title":{"rendered":"Xavier Catal\u00e1n, mejor barista de Lleida 2018"},"content":{"rendered":"<div id=\"ut-row-69f428a715c64\" data-vc-full-width=\"true\" data-vc-full-width-init=\"false\" class=\"vc_row wpb_row vc_row-fluid vc_column-gap-0 ut-row-69f428a715c7b\" ><div class=\"wpb_column vc_column_container vc_col-sm-6\" ><div id=\"ut_inner_column_69f428a716a12\" class=\"vc_column-inner\"><div class=\"wpb_wrapper\">\n\t<div class=\"wpb_text_column wpb_content_element\" >\n\t\t<div class=\"wpb_wrapper\">\n\t\t\t<p>El jueves 11 de Octubre tuvo lugar, en la Escuela de Hosteler\u00eda y Turismo de Lleida, la Duod\u00e9cima edici\u00f3n del Campeonato de Baristas de Lleida que organiza Batalla Caf\u00e8s junto con la Escuela.<\/p>\n<p>Con una gran asistencia de p\u00fablico durante toda la jornada, los concursantes han tenido que demostrar sus habilidades y preparar durante 16 minutos 4 caf\u00e9s\u00a0<span class=\"hiddenSpellError\">espressos<\/span>, 2\u00a0<span class=\"hiddenSpellError\">capuccinos<\/span>\u00a0y 2 bebidas de especialidad\u00a0<span class=\"hiddenGrammarError\">con o sin<\/span>\u00a0alcohol. Los jueces eran los encargados de valorar sus capacidades tanto t\u00e9cnicas como sensoriales de las bebidas.<\/p>\n<p>Despu\u00e9s de una disputada competici\u00f3n los galardones han sido por:<\/p>\n<p>\u2013 1er clasificado y campe\u00f3n de Lleida 2018: XAVIER\u00a0<span class=\"hiddenSpellError\">CATAL\u00c1N<\/span>\u00a0(<span class=\"hiddenSpellError\">EscHotur<\/span>\u00a0Lleida)<br \/>\n\u2013 2\u00aa clasificada:\u00a0<span class=\"hiddenSpellError\">ESTHER<\/span>\u00a0ORNA (<span class=\"hiddenSpellError\">EscHotur<\/span>\u00a0Lleida)<br \/>\n\u2013 3\u00aa clasificada: ELENA\u00a0<span class=\"hiddenSpellError\">EXP\u00d3SITO<\/span>\u00a0(Escuela\u00a0<span class=\"hiddenSpellError\">Hosteler\u00eda<\/span>\u00a0Mart\u00ed Dot de Sant Feliu)<\/p>\n<p>Los premios por cada bebida han sido por:<\/p>\n<p>\u2013 Mejor\u00a0<span class=\"hiddenSpellError\">capuccino<\/span>\u00a0arte:\u00a0<span class=\"hiddenSpellError\">ALBERTO<\/span>\u00a0<span class=\"hiddenSpellError\">CHIN\u00c9<\/span>\u00a0(<span class=\"hiddenSpellError\">EscHotur<\/span>\u00a0Lleida)<br \/>\n\u2013 Mejor bebida de especialidad:\u00a0<span class=\"hiddenSpellError\">ESTHER<\/span>\u00a0ORNA (<span class=\"hiddenSpellError\">EscHotur<\/span>\u00a0Lleida)<br \/>\n\u2013 Mejor caf\u00e9 espresso: XAVIER\u00a0<span class=\"hiddenSpellError\">CATAL\u00c1N<\/span>\u00a0(<span class=\"hiddenSpellError\">EscHotur<\/span>\u00a0Lleida)<\/p>\n<p>Cabe recordar que los primeros clasificados representar\u00e1n a Lleida en el pr\u00f3ximo Campeonato de Catalu\u00f1a que tendr\u00e1 lugar el d\u00eda 31 de Octubre en Girona.<\/p>\n\n\t\t<\/div>\n\t<\/div>\n<\/div><\/div><\/div><div class=\"wpb_column vc_column_container vc_col-sm-6\" ><div id=\"ut_inner_column_69f428a716fd7\" class=\"vc_column-inner\"><div class=\"wpb_wrapper\"><div class=\"wpb_content_element ut-gallery-5  clearfix\">            \n            <script type=\"text\/javascript\">\n                \n                (function($){\n                    \n                    $(document).ready(function(){\n                        \n                                                                        \n                        function get_animated_objects( $all_appeared_elements, effect ) {\n                            \n                            var counter = 0;\n                            \n                            $all_appeared_elements.each(function(){\n                                        \n                                if( $(this).hasClass(effect) ) {\n\n                                    counter++;\n\n                                }\n\n                            });\n                            \n                            return counter;\n                            \n                        }\n                        \n                          \n                    });\n                        \n                })(jQuery);\n            \n            <\/script>\n            \n            <style type=\"text\/css\" scoped>#ut_ig_69f428a7170d8 .ut-lazy:not(.ut-image-loaded) + .ut-video-module-loading { display:block; }#ut_ig_69f428a7170d8 .ut-lazy.ut-image-loaded + .ut-video-module-loading { display:none; }<\/style><div id=\"ut_ig_69f428a7170d8\" class=\"ut-image-gallery  ut-image-gallery-5 clearfix\"><div  data-count=\"4\" class=\"ut-image-gallery-item ut-animation-done grid-50 tablet-grid-50 mobile-grid-100\"><a  class=\"ut-vc-images-lightbox\"  data-exthumbimage=\"https:\/\/gremicafe.cat\/wp-content\/uploads\/2018\/10\/NOTA-PREMSA-BARISTES-2018-000-150x150.jpg\" href=\"https:\/\/gremicafe.cat\/wp-content\/uploads\/2018\/10\/NOTA-PREMSA-BARISTES-2018-000.jpg\"><div class=\"ut-image-gallery-image\"><img loading=\"lazy\" decoding=\"async\"  class=\"\" src=\"https:\/\/gremicafe.cat\/wp-content\/uploads\/2018\/10\/NOTA-PREMSA-BARISTES-2018-000-1160x1160.jpg\" width=\"1160\" height=\"1160\"><\/div><\/a><\/div><div  data-count=\"2\" class=\"ut-image-gallery-item ut-animation-done ut-animation-done grid-50 tablet-grid-50 mobile-grid-100 ut-desktop-last\"><a  class=\"ut-vc-images-lightbox\"  data-exthumbimage=\"https:\/\/gremicafe.cat\/wp-content\/uploads\/2018\/10\/NOTA-PREMSA-BARISTES-2018-001-150x150.jpg\" href=\"https:\/\/gremicafe.cat\/wp-content\/uploads\/2018\/10\/NOTA-PREMSA-BARISTES-2018-001.jpg\"><div class=\"ut-image-gallery-image\"><img loading=\"lazy\" decoding=\"async\"  class=\"ut-desktop-last\" src=\"https:\/\/gremicafe.cat\/wp-content\/uploads\/2018\/10\/NOTA-PREMSA-BARISTES-2018-001-1160x1160.jpg\" width=\"1160\" height=\"1160\"><\/div><\/a><\/div><div class=\"clear hide-on-tablet\"><\/div><div  data-count=\"2\" class=\"ut-image-gallery-item ut-animation-done ut-animation-done ut-animation-done grid-50 tablet-grid-50 mobile-grid-100 ut-tablet-last\"><a  class=\"ut-vc-images-lightbox\"  data-exthumbimage=\"https:\/\/gremicafe.cat\/wp-content\/uploads\/2018\/10\/NOTA-PREMSA-BARISTES-2018-002-150x150.jpg\" href=\"https:\/\/gremicafe.cat\/wp-content\/uploads\/2018\/10\/NOTA-PREMSA-BARISTES-2018-002.jpg\"><div class=\"ut-image-gallery-image\"><img loading=\"lazy\" decoding=\"async\"  class=\"ut-tablet-last\" src=\"https:\/\/gremicafe.cat\/wp-content\/uploads\/2018\/10\/NOTA-PREMSA-BARISTES-2018-002-1160x1160.jpg\" width=\"1160\" height=\"1160\"><\/div><\/a><\/div><div class=\"clear hide-on-desktop hide-on-tablet\"><\/div><div  data-count=\"2\" class=\"ut-image-gallery-item ut-animation-done ut-animation-done ut-animation-done ut-animation-done grid-50 tablet-grid-50 mobile-grid-100\"><a  class=\"ut-vc-images-lightbox\"  data-exthumbimage=\"https:\/\/gremicafe.cat\/wp-content\/uploads\/2018\/10\/NOTA-PREMSA-BARISTES-2018-003-150x150.jpg\" href=\"https:\/\/gremicafe.cat\/wp-content\/uploads\/2018\/10\/NOTA-PREMSA-BARISTES-2018-003.jpg\"><div class=\"ut-image-gallery-image\"><img loading=\"lazy\" decoding=\"async\"  class=\"\" src=\"https:\/\/gremicafe.cat\/wp-content\/uploads\/2018\/10\/NOTA-PREMSA-BARISTES-2018-003-1160x1160.jpg\" width=\"1160\" height=\"1160\"><\/div><\/a><\/div><div class=\"clear\"><\/div><\/div><\/div><\/div><\/div><\/div><\/div><div class=\"vc_row-full-width vc_clearfix\"><\/div>","protected":false},"excerpt":{"rendered":"Dijous 11 d'Octubre va tenir lloc, a l'Escola d'Hoteleria i Turisme de Lleida, la Dotzena edici\u00f3 del Campionat de Baristes de Lleida que organitza Batalla Caf\u00e8s juntament amb l'Escola. Amb una gran assist\u00e8ncia de\u00a0p\u00fablic\u00a0durant tota la jornada els concursants han\u00a0hagut de\u00a0demostrar les\u00a0seves\u00a0habilitats i preparar durant 16 minuts 4\u00a0caf\u00e8s\u00a0espressos, 2\u00a0capuccinos\u00a0i 2 begudes d'especialitat\u00a0amb o sense\u00a0alcohol. Els [...]","protected":false},"author":1,"featured_media":4414,"comment_status":"closed","ping_status":"open","sticky":false,"template":"","format":"standard","meta":{"_acf_changed":false,"inline_featured_image":false,"footnotes":""},"categories":[1],"tags":[],"class_list":["post-4413","post","type-post","status-publish","format-standard","has-post-thumbnail","hentry","category-noticies"],"acf":[],"yoast_head":"<!-- This site is optimized with the Yoast SEO plugin v25.5 - https:\/\/yoast.com\/wordpress\/plugins\/seo\/ -->\n<title>Xavier Catal\u00e1n, millor barista de Lleida 2018 - Gremi del Caf\u00e8, torradors de Catalunya<\/title>\n<meta name=\"robots\" content=\"index, follow, max-snippet:-1, max-image-preview:large, max-video-preview:-1\" \/>\n<link rel=\"canonical\" href=\"https:\/\/gremicafe.cat\/es\/2018\/10\/17\/xavier-catalan-millor-barista-lleida\/\" \/>\n<meta property=\"og:locale\" content=\"es_ES\" \/>\n<meta property=\"og:type\" content=\"article\" \/>\n<meta property=\"og:title\" content=\"Xavier Catal\u00e1n, millor barista de Lleida 2018 - Gremi del Caf\u00e8, torradors de Catalunya\" \/>\n<meta property=\"og:url\" content=\"https:\/\/gremicafe.cat\/es\/2018\/10\/17\/xavier-catalan-millor-barista-lleida\/\" \/>\n<meta property=\"og:site_name\" content=\"Gremi del Caf\u00e8, torradors de Catalunya\" \/>\n<meta property=\"article:publisher\" content=\"https:\/\/www.facebook.com\/gremicafecat\" \/>\n<meta property=\"article:published_time\" content=\"2018-10-17T11:49:34+00:00\" \/>\n<meta property=\"article:modified_time\" content=\"2018-10-17T12:01:21+00:00\" \/>\n<meta property=\"og:image\" content=\"https:\/\/gremicafe.cat\/wp-content\/uploads\/2018\/10\/NOTA-PREMSA-BARISTES-2018-000.jpg\" \/>\n\t<meta property=\"og:image:width\" content=\"719\" \/>\n\t<meta property=\"og:image:height\" content=\"673\" \/>\n\t<meta property=\"og:image:type\" content=\"image\/jpeg\" \/>\n<meta name=\"author\" content=\"gremicafe\" \/>\n<meta name=\"twitter:card\" content=\"summary_large_image\" \/>\n<meta name=\"twitter:creator\" content=\"@gremicafecat\" \/>\n<meta name=\"twitter:site\" content=\"@gremicafecat\" \/>\n<meta name=\"twitter:label1\" content=\"Escrito por\" \/>\n\t<meta name=\"twitter:data1\" content=\"gremicafe\" \/>\n\t<meta name=\"twitter:label2\" content=\"Tiempo de lectura\" \/>\n\t<meta name=\"twitter:data2\" content=\"1 minuto\" \/>\n<script type=\"application\/ld+json\" class=\"yoast-schema-graph\">{\"@context\":\"https:\/\/schema.org\",\"@graph\":[{\"@type\":\"Article\",\"@id\":\"https:\/\/gremicafe.cat\/2018\/10\/17\/xavier-catalan-millor-barista-lleida\/#article\",\"isPartOf\":{\"@id\":\"https:\/\/gremicafe.cat\/2018\/10\/17\/xavier-catalan-millor-barista-lleida\/\"},\"author\":{\"name\":\"gremicafe\",\"@id\":\"https:\/\/gremicafe.cat\/#\/schema\/person\/dabfdbb3d0fa36260855a380f94e4733\"},\"headline\":\"Xavier Catal\u00e1n, millor barista de Lleida 2018\",\"datePublished\":\"2018-10-17T11:49:34+00:00\",\"dateModified\":\"2018-10-17T12:01:21+00:00\",\"mainEntityOfPage\":{\"@id\":\"https:\/\/gremicafe.cat\/2018\/10\/17\/xavier-catalan-millor-barista-lleida\/\"},\"wordCount\":220,\"publisher\":{\"@id\":\"https:\/\/gremicafe.cat\/#organization\"},\"image\":{\"@id\":\"https:\/\/gremicafe.cat\/2018\/10\/17\/xavier-catalan-millor-barista-lleida\/#primaryimage\"},\"thumbnailUrl\":\"https:\/\/gremicafe.cat\/wp-content\/uploads\/2018\/10\/NOTA-PREMSA-BARISTES-2018-000.jpg\",\"articleSection\":[\"Not\u00edcies\"],\"inLanguage\":\"es\"},{\"@type\":\"WebPage\",\"@id\":\"https:\/\/gremicafe.cat\/2018\/10\/17\/xavier-catalan-millor-barista-lleida\/\",\"url\":\"https:\/\/gremicafe.cat\/2018\/10\/17\/xavier-catalan-millor-barista-lleida\/\",\"name\":\"Xavier Catal\u00e1n, millor barista de Lleida 2018 - Gremi del Caf\u00e8, torradors de Catalunya\",\"isPartOf\":{\"@id\":\"https:\/\/gremicafe.cat\/#website\"},\"primaryImageOfPage\":{\"@id\":\"https:\/\/gremicafe.cat\/2018\/10\/17\/xavier-catalan-millor-barista-lleida\/#primaryimage\"},\"image\":{\"@id\":\"https:\/\/gremicafe.cat\/2018\/10\/17\/xavier-catalan-millor-barista-lleida\/#primaryimage\"},\"thumbnailUrl\":\"https:\/\/gremicafe.cat\/wp-content\/uploads\/2018\/10\/NOTA-PREMSA-BARISTES-2018-000.jpg\",\"datePublished\":\"2018-10-17T11:49:34+00:00\",\"dateModified\":\"2018-10-17T12:01:21+00:00\",\"breadcrumb\":{\"@id\":\"https:\/\/gremicafe.cat\/2018\/10\/17\/xavier-catalan-millor-barista-lleida\/#breadcrumb\"},\"inLanguage\":\"es\",\"potentialAction\":[{\"@type\":\"ReadAction\",\"target\":[\"https:\/\/gremicafe.cat\/2018\/10\/17\/xavier-catalan-millor-barista-lleida\/\"]}]},{\"@type\":\"ImageObject\",\"inLanguage\":\"es\",\"@id\":\"https:\/\/gremicafe.cat\/2018\/10\/17\/xavier-catalan-millor-barista-lleida\/#primaryimage\",\"url\":\"https:\/\/gremicafe.cat\/wp-content\/uploads\/2018\/10\/NOTA-PREMSA-BARISTES-2018-000.jpg\",\"contentUrl\":\"https:\/\/gremicafe.cat\/wp-content\/uploads\/2018\/10\/NOTA-PREMSA-BARISTES-2018-000.jpg\",\"width\":719,\"height\":673},{\"@type\":\"BreadcrumbList\",\"@id\":\"https:\/\/gremicafe.cat\/2018\/10\/17\/xavier-catalan-millor-barista-lleida\/#breadcrumb\",\"itemListElement\":[{\"@type\":\"ListItem\",\"position\":1,\"name\":\"Inici\",\"item\":\"https:\/\/gremicafe.cat\/\"},{\"@type\":\"ListItem\",\"position\":2,\"name\":\"Xavier Catal\u00e1n, millor barista de Lleida 2018\"}]},{\"@type\":\"WebSite\",\"@id\":\"https:\/\/gremicafe.cat\/#website\",\"url\":\"https:\/\/gremicafe.cat\/\",\"name\":\"Gremi del Caf\u00e8, torradors de Catalunya\",\"description\":\"Web oficial del gremi de torradors de caf\u00e8 de Catalunya\",\"publisher\":{\"@id\":\"https:\/\/gremicafe.cat\/#organization\"},\"potentialAction\":[{\"@type\":\"SearchAction\",\"target\":{\"@type\":\"EntryPoint\",\"urlTemplate\":\"https:\/\/gremicafe.cat\/?s={search_term_string}\"},\"query-input\":{\"@type\":\"PropertyValueSpecification\",\"valueRequired\":true,\"valueName\":\"search_term_string\"}}],\"inLanguage\":\"es\"},{\"@type\":\"Organization\",\"@id\":\"https:\/\/gremicafe.cat\/#organization\",\"name\":\"Gremi del Caf\u00e8, Torradors de Catalunya\",\"url\":\"https:\/\/gremicafe.cat\/\",\"logo\":{\"@type\":\"ImageObject\",\"inLanguage\":\"es\",\"@id\":\"https:\/\/gremicafe.cat\/#\/schema\/logo\/image\/\",\"url\":\"https:\/\/gremicafe.cat\/wp-content\/uploads\/2018\/03\/gremicafe-logo250.png\",\"contentUrl\":\"https:\/\/gremicafe.cat\/wp-content\/uploads\/2018\/03\/gremicafe-logo250.png\",\"width\":250,\"height\":49,\"caption\":\"Gremi del Caf\u00e8, Torradors de Catalunya\"},\"image\":{\"@id\":\"https:\/\/gremicafe.cat\/#\/schema\/logo\/image\/\"},\"sameAs\":[\"https:\/\/www.facebook.com\/gremicafecat\",\"https:\/\/x.com\/gremicafecat\",\"https:\/\/www.instagram.com\/gremicafecat\/\",\"https:\/\/www.pinterest.es\/gremicafecat\/\",\"https:\/\/www.youtube.com\/channel\/UCGLo5Y35vLwLvP4FrPZrCrw\/\"]},{\"@type\":\"Person\",\"@id\":\"https:\/\/gremicafe.cat\/#\/schema\/person\/dabfdbb3d0fa36260855a380f94e4733\",\"name\":\"gremicafe\",\"image\":{\"@type\":\"ImageObject\",\"inLanguage\":\"es\",\"@id\":\"https:\/\/gremicafe.cat\/#\/schema\/person\/image\/\",\"url\":\"https:\/\/secure.gravatar.com\/avatar\/e59baa4ca8f6f97576d6375fb6d3c8f0?s=96&d=mm&r=g\",\"contentUrl\":\"https:\/\/secure.gravatar.com\/avatar\/e59baa4ca8f6f97576d6375fb6d3c8f0?s=96&d=mm&r=g\",\"caption\":\"gremicafe\"}}]}<\/script>\n<!-- \/ Yoast SEO plugin. -->","yoast_head_json":{"title":"Xavier Catal\u00e1n, millor barista de Lleida 2018 - Gremi del Caf\u00e8, torradors de Catalunya","robots":{"index":"index","follow":"follow","max-snippet":"max-snippet:-1","max-image-preview":"max-image-preview:large","max-video-preview":"max-video-preview:-1"},"canonical":"https:\/\/gremicafe.cat\/es\/2018\/10\/17\/xavier-catalan-millor-barista-lleida\/","og_locale":"es_ES","og_type":"article","og_title":"Xavier Catal\u00e1n, millor barista de Lleida 2018 - Gremi del Caf\u00e8, torradors de Catalunya","og_url":"https:\/\/gremicafe.cat\/es\/2018\/10\/17\/xavier-catalan-millor-barista-lleida\/","og_site_name":"Gremi del Caf\u00e8, torradors de Catalunya","article_publisher":"https:\/\/www.facebook.com\/gremicafecat","article_published_time":"2018-10-17T11:49:34+00:00","article_modified_time":"2018-10-17T12:01:21+00:00","og_image":[{"width":719,"height":673,"url":"https:\/\/gremicafe.cat\/wp-content\/uploads\/2018\/10\/NOTA-PREMSA-BARISTES-2018-000.jpg","type":"image\/jpeg"}],"author":"gremicafe","twitter_card":"summary_large_image","twitter_creator":"@gremicafecat","twitter_site":"@gremicafecat","twitter_misc":{"Escrito por":"gremicafe","Tiempo de lectura":"1 minuto"},"schema":{"@context":"https:\/\/schema.org","@graph":[{"@type":"Article","@id":"https:\/\/gremicafe.cat\/2018\/10\/17\/xavier-catalan-millor-barista-lleida\/#article","isPartOf":{"@id":"https:\/\/gremicafe.cat\/2018\/10\/17\/xavier-catalan-millor-barista-lleida\/"},"author":{"name":"gremicafe","@id":"https:\/\/gremicafe.cat\/#\/schema\/person\/dabfdbb3d0fa36260855a380f94e4733"},"headline":"Xavier Catal\u00e1n, millor barista de Lleida 2018","datePublished":"2018-10-17T11:49:34+00:00","dateModified":"2018-10-17T12:01:21+00:00","mainEntityOfPage":{"@id":"https:\/\/gremicafe.cat\/2018\/10\/17\/xavier-catalan-millor-barista-lleida\/"},"wordCount":220,"publisher":{"@id":"https:\/\/gremicafe.cat\/#organization"},"image":{"@id":"https:\/\/gremicafe.cat\/2018\/10\/17\/xavier-catalan-millor-barista-lleida\/#primaryimage"},"thumbnailUrl":"https:\/\/gremicafe.cat\/wp-content\/uploads\/2018\/10\/NOTA-PREMSA-BARISTES-2018-000.jpg","articleSection":["Not\u00edcies"],"inLanguage":"es"},{"@type":"WebPage","@id":"https:\/\/gremicafe.cat\/2018\/10\/17\/xavier-catalan-millor-barista-lleida\/","url":"https:\/\/gremicafe.cat\/2018\/10\/17\/xavier-catalan-millor-barista-lleida\/","name":"Xavier Catal\u00e1n, millor barista de Lleida 2018 - Gremi del Caf\u00e8, torradors de Catalunya","isPartOf":{"@id":"https:\/\/gremicafe.cat\/#website"},"primaryImageOfPage":{"@id":"https:\/\/gremicafe.cat\/2018\/10\/17\/xavier-catalan-millor-barista-lleida\/#primaryimage"},"image":{"@id":"https:\/\/gremicafe.cat\/2018\/10\/17\/xavier-catalan-millor-barista-lleida\/#primaryimage"},"thumbnailUrl":"https:\/\/gremicafe.cat\/wp-content\/uploads\/2018\/10\/NOTA-PREMSA-BARISTES-2018-000.jpg","datePublished":"2018-10-17T11:49:34+00:00","dateModified":"2018-10-17T12:01:21+00:00","breadcrumb":{"@id":"https:\/\/gremicafe.cat\/2018\/10\/17\/xavier-catalan-millor-barista-lleida\/#breadcrumb"},"inLanguage":"es","potentialAction":[{"@type":"ReadAction","target":["https:\/\/gremicafe.cat\/2018\/10\/17\/xavier-catalan-millor-barista-lleida\/"]}]},{"@type":"ImageObject","inLanguage":"es","@id":"https:\/\/gremicafe.cat\/2018\/10\/17\/xavier-catalan-millor-barista-lleida\/#primaryimage","url":"https:\/\/gremicafe.cat\/wp-content\/uploads\/2018\/10\/NOTA-PREMSA-BARISTES-2018-000.jpg","contentUrl":"https:\/\/gremicafe.cat\/wp-content\/uploads\/2018\/10\/NOTA-PREMSA-BARISTES-2018-000.jpg","width":719,"height":673},{"@type":"BreadcrumbList","@id":"https:\/\/gremicafe.cat\/2018\/10\/17\/xavier-catalan-millor-barista-lleida\/#breadcrumb","itemListElement":[{"@type":"ListItem","position":1,"name":"Inici","item":"https:\/\/gremicafe.cat\/"},{"@type":"ListItem","position":2,"name":"Xavier Catal\u00e1n, millor barista de Lleida 2018"}]},{"@type":"WebSite","@id":"https:\/\/gremicafe.cat\/#website","url":"https:\/\/gremicafe.cat\/","name":"Gremio del Caf\u00e9, tostadores de Catalu\u00f1a","description":"Web oficial del gremio de tostadores de caf\u00e9 de Catalunya","publisher":{"@id":"https:\/\/gremicafe.cat\/#organization"},"potentialAction":[{"@type":"SearchAction","target":{"@type":"EntryPoint","urlTemplate":"https:\/\/gremicafe.cat\/?s={search_term_string}"},"query-input":{"@type":"PropertyValueSpecification","valueRequired":true,"valueName":"search_term_string"}}],"inLanguage":"es"},{"@type":"Organization","@id":"https:\/\/gremicafe.cat\/#organization","name":"Gremio del Caf\u00e9, Tostadores de Catalu\u00f1a","url":"https:\/\/gremicafe.cat\/","logo":{"@type":"ImageObject","inLanguage":"es","@id":"https:\/\/gremicafe.cat\/#\/schema\/logo\/image\/","url":"https:\/\/gremicafe.cat\/wp-content\/uploads\/2018\/03\/gremicafe-logo250.png","contentUrl":"https:\/\/gremicafe.cat\/wp-content\/uploads\/2018\/03\/gremicafe-logo250.png","width":250,"height":49,"caption":"Gremi del Caf\u00e8, Torradors de Catalunya"},"image":{"@id":"https:\/\/gremicafe.cat\/#\/schema\/logo\/image\/"},"sameAs":["https:\/\/www.facebook.com\/gremicafecat","https:\/\/x.com\/gremicafecat","https:\/\/www.instagram.com\/gremicafecat\/","https:\/\/www.pinterest.es\/gremicafecat\/","https:\/\/www.youtube.com\/channel\/UCGLo5Y35vLwLvP4FrPZrCrw\/"]},{"@type":"Person","@id":"https:\/\/gremicafe.cat\/#\/schema\/person\/dabfdbb3d0fa36260855a380f94e4733","name":"gremicafe","image":{"@type":"ImageObject","inLanguage":"es","@id":"https:\/\/gremicafe.cat\/#\/schema\/person\/image\/","url":"https:\/\/secure.gravatar.com\/avatar\/e59baa4ca8f6f97576d6375fb6d3c8f0?s=96&d=mm&r=g","contentUrl":"https:\/\/secure.gravatar.com\/avatar\/e59baa4ca8f6f97576d6375fb6d3c8f0?s=96&d=mm&r=g","caption":"gremicafe"}}]}},"_links":{"self":[{"href":"https:\/\/gremicafe.cat\/es\/wp-json\/wp\/v2\/posts\/4413"}],"collection":[{"href":"https:\/\/gremicafe.cat\/es\/wp-json\/wp\/v2\/posts"}],"about":[{"href":"https:\/\/gremicafe.cat\/es\/wp-json\/wp\/v2\/types\/post"}],"author":[{"embeddable":true,"href":"https:\/\/gremicafe.cat\/es\/wp-json\/wp\/v2\/users\/1"}],"replies":[{"embeddable":true,"href":"https:\/\/gremicafe.cat\/es\/wp-json\/wp\/v2\/comments?post=4413"}],"version-history":[{"count":0,"href":"https:\/\/gremicafe.cat\/es\/wp-json\/wp\/v2\/posts\/4413\/revisions"}],"wp:featuredmedia":[{"embeddable":true,"href":"https:\/\/gremicafe.cat\/es\/wp-json\/wp\/v2\/media\/4414"}],"wp:attachment":[{"href":"https:\/\/gremicafe.cat\/es\/wp-json\/wp\/v2\/media?parent=4413"}],"wp:term":[{"taxonomy":"category","embeddable":true,"href":"https:\/\/gremicafe.cat\/es\/wp-json\/wp\/v2\/categories?post=4413"},{"taxonomy":"post_tag","embeddable":true,"href":"https:\/\/gremicafe.cat\/es\/wp-json\/wp\/v2\/tags?post=4413"}],"curies":[{"name":"wp","href":"https:\/\/api.w.org\/{rel}","templated":true}]}}