{"id":4426,"date":"2018-10-18T13:54:05","date_gmt":"2018-10-18T11:54:05","guid":{"rendered":"https:\/\/gremicafe.cat\/?p=4426"},"modified":"2018-10-19T10:09:47","modified_gmt":"2018-10-19T08:09:47","slug":"martinez-gonzalez-quatre-cafes-al-dia-redueixen-la-mortalitat","status":"publish","type":"post","link":"https:\/\/gremicafe.cat\/es\/2018\/10\/18\/martinez-gonzalez-quatre-cafes-al-dia-redueixen-la-mortalitat\/","title":{"rendered":"Mart\u00ednez-Gonz\u00e1lez: &quot;Cuatro caf\u00e9s al d\u00eda reducen la mortalidad&quot;"},"content":{"rendered":"<div id=\"ut-row-69f42b1ba9d54\" data-vc-full-width=\"true\" data-vc-full-width-init=\"false\" class=\"vc_row wpb_row vc_row-fluid vc_column-gap-0 ut-row-69f42b1ba9d64\" ><div class=\"wpb_column vc_column_container vc_col-sm-12\" ><div id=\"ut_inner_column_69f42b1baa465\" class=\"vc_column-inner\"><div class=\"wpb_wrapper\">\n\t<div class=\"wpb_text_column wpb_content_element\" >\n\t\t<div class=\"wpb_wrapper\">\n\t\t\t<p class=\"p1\"><span class=\"s1\"><b>Hab\u00eda una confusi\u00f3n: quien tomaba mucho caf\u00e9, fumaba tambi\u00e9n mucho y las complicaciones ven\u00edan por el tabaco no por el caf\u00e9. Pr\u00f3ximamente haremos p\u00fablico un estudio que asegura que el caf\u00e9 reduce la mortalidad.<\/b><\/span><\/p>\n<p class=\"p1\"><span class=\"s1\">El efecto protector del caf\u00e9 no es la cafe\u00edna. Hab\u00eda mitos. Sube la tensi\u00f3n a corto plazo pero a largo plazo quien toma caf\u00e9 tiene menos riesgo de hipertensi\u00f3n. Lo hemos visto en numerosos estudios. Los trabajos que hab\u00eda hasta ahora eran muy antiguos y no ten\u00edan en cuenta una confusi\u00f3n: quien tomaba mucho caf\u00e9, fumaba tambi\u00e9n mucho y las complicaciones ven\u00edan por el tabaco no por el caf\u00e9. Ahora, cada vez hay m\u00e1s grupos de poblaci\u00f3n que nunca han fumado y en ellos se ve una clara reducci\u00f3n de la mortalidad, se ve de una manera muy evidente. Animo a todo el mundo a consumir caf\u00e9 y no me paga la industria cafetera -r\u00ede-.<\/span><\/p>\n\n\t\t<\/div>\n\t<\/div>\n<div  class=\"wpb_content_element   clearfix\"><style type=\"text\/css\" scoped>#ut_am_69f42b1baae0f { opacity: 1; }<\/style><div id=\"ut_am_wrap_69f42b1baae10\" class=\"ut-image-gallery-image\" style=\"text-align:center;\"><div class=\"ut-animated-image-item ut-image-gallery-item ut-animation-done\"><a class=\"ut-deactivated-link\" href=\"#\"><img loading=\"lazy\" decoding=\"async\" title=\"martinez-gonzalez\" id=\"ut_am_69f42b1baae0f\" style=\"\" src=\"https:\/\/gremicafe.cat\/wp-content\/uploads\/2018\/10\/martinez-gonzalez.jpg\" width=\"600\" height=\"400\" alt=\"\"\/><\/a><\/div><\/div><\/div>\n\t<div class=\"wpb_text_column wpb_content_element\" >\n\t\t<div class=\"wpb_wrapper\">\n\t\t\t<p class=\"p1\" style=\"text-align: center;\"><span class=\"s1\">\u00a9 El Nacional.cat -Gisela Rodr\u00edguez Foto: Sergi Alc\u00e0zar<\/span><\/p>\n\n\t\t<\/div>\n\t<\/div>\n\n\t<div class=\"wpb_text_column wpb_content_element\" >\n\t\t<div class=\"wpb_wrapper\">\n\t\t\t<p class=\"p1\"><span class=\"s1\">El doctor <b>Miguel \u00c1ngel Mart\u00ednez-Gonz\u00e1lez<\/b>, catedr\u00e1tico de Salud P\u00fablica de la Universidad de Navarra y catedr\u00e1tico visitante de la Universidad de Harvard, es uno de los grandes expertos en dieta mediterr\u00e1nea y un ferviente defensor de este tipo de alimentaci\u00f3n.<\/span><\/p>\n<p class=\"p1\"><span class=\"s1\">Ha liderado el proyecto <b>Predimed<\/b>, el mayor ensayo sobre nutrici\u00f3n que se ha hecho nunca en Europa y gracias a \u00e9l, se ha podido demostrar que la dieta mediterr\u00e1nea reduce los infartos en un 30%, que comer tres frutas al d\u00eda disminuye la mortalidad en un 40% y que el consumo de aceite de oliva rebaja el riesgo de padecer c\u00e1ncer de mama en un 60%.<\/span><\/p>\n<p class=\"p1\"><span class=\"s1\">Es autor de \u201cSalud a ciencia cierta, consejos para una vida sana sin caer en las trampas de la industria\u201d (ed. Planeta). <\/span><\/p>\n<p class=\"p3\"><a href=\"https:\/\/www.elnacional.cat\/ca\/societat\/martinez-gonzalez-quatre-cafes-redueixen-mortalitat_308775_102.html\" target=\"_blank\" rel=\"noopener\"><span class=\"s1\">Puede ver la noticia entera aqu\u00ed.<\/span><\/a><\/p>\n\n\t\t<\/div>\n\t<\/div>\n<\/div><\/div><\/div><\/div><div class=\"vc_row-full-width vc_clearfix\"><\/div>","protected":false},"excerpt":{"rendered":"Hi havia una confusi\u00f3: qui prenia molt caf\u00e8, fumava tamb\u00e9 molt i les complicacions venien pel tabac no pel caf\u00e8. Pr\u00f2ximament farem p\u00fablic un estudi que assegura que el caf\u00e8 redueix la mortalitat. L'efecte protector del caf\u00e8 no \u00e9s la cafe\u00efna. Hi havia mites. Puja la tensi\u00f3 a curt termini per\u00f2 a llarg termini qui [...]","protected":false},"author":1,"featured_media":4427,"comment_status":"closed","ping_status":"open","sticky":false,"template":"","format":"standard","meta":{"_acf_changed":false,"inline_featured_image":false,"footnotes":""},"categories":[1],"tags":[],"class_list":["post-4426","post","type-post","status-publish","format-standard","has-post-thumbnail","hentry","category-noticies"],"acf":[],"yoast_head":"<!-- This site is optimized with the Yoast SEO plugin v25.5 - https:\/\/yoast.com\/wordpress\/plugins\/seo\/ -->\n<title>Mart\u00ednez-Gonz\u00e1lez: &quot;Quatre caf\u00e8s al dia redueixen la mortalitat&quot; - Gremi del Caf\u00e8, torradors de Catalunya<\/title>\n<meta name=\"robots\" content=\"index, follow, max-snippet:-1, max-image-preview:large, max-video-preview:-1\" \/>\n<link rel=\"canonical\" href=\"https:\/\/gremicafe.cat\/es\/2018\/10\/18\/martinez-gonzalez-quatre-cafes-al-dia-redueixen-la-mortalitat\/\" \/>\n<meta property=\"og:locale\" content=\"es_ES\" \/>\n<meta property=\"og:type\" content=\"article\" \/>\n<meta property=\"og:title\" content=\"Mart\u00ednez-Gonz\u00e1lez: &quot;Quatre caf\u00e8s al dia redueixen la mortalitat&quot; - Gremi del Caf\u00e8, torradors de Catalunya\" \/>\n<meta property=\"og:url\" content=\"https:\/\/gremicafe.cat\/es\/2018\/10\/18\/martinez-gonzalez-quatre-cafes-al-dia-redueixen-la-mortalitat\/\" \/>\n<meta property=\"og:site_name\" content=\"Gremi del Caf\u00e8, torradors de Catalunya\" \/>\n<meta property=\"article:publisher\" content=\"https:\/\/www.facebook.com\/gremicafecat\" \/>\n<meta property=\"article:published_time\" content=\"2018-10-18T11:54:05+00:00\" \/>\n<meta property=\"article:modified_time\" content=\"2018-10-19T08:09:47+00:00\" \/>\n<meta property=\"og:image\" content=\"https:\/\/gremicafe.cat\/wp-content\/uploads\/2018\/10\/martinez-gonzalez.jpg\" \/>\n\t<meta property=\"og:image:width\" content=\"600\" \/>\n\t<meta property=\"og:image:height\" content=\"400\" \/>\n\t<meta property=\"og:image:type\" content=\"image\/jpeg\" \/>\n<meta name=\"author\" content=\"gremicafe\" \/>\n<meta name=\"twitter:card\" content=\"summary_large_image\" \/>\n<meta name=\"twitter:creator\" content=\"@gremicafecat\" \/>\n<meta name=\"twitter:site\" content=\"@gremicafecat\" \/>\n<meta name=\"twitter:label1\" content=\"Escrito por\" \/>\n\t<meta name=\"twitter:data1\" content=\"gremicafe\" \/>\n\t<meta name=\"twitter:label2\" content=\"Tiempo de lectura\" \/>\n\t<meta name=\"twitter:data2\" content=\"2 minutos\" \/>\n<script type=\"application\/ld+json\" class=\"yoast-schema-graph\">{\"@context\":\"https:\/\/schema.org\",\"@graph\":[{\"@type\":\"Article\",\"@id\":\"https:\/\/gremicafe.cat\/2018\/10\/18\/martinez-gonzalez-quatre-cafes-al-dia-redueixen-la-mortalitat\/#article\",\"isPartOf\":{\"@id\":\"https:\/\/gremicafe.cat\/2018\/10\/18\/martinez-gonzalez-quatre-cafes-al-dia-redueixen-la-mortalitat\/\"},\"author\":{\"name\":\"gremicafe\",\"@id\":\"https:\/\/gremicafe.cat\/#\/schema\/person\/dabfdbb3d0fa36260855a380f94e4733\"},\"headline\":\"Mart\u00ednez-Gonz\u00e1lez: &#8220;Quatre caf\u00e8s al dia redueixen la mortalitat&#8221;\",\"datePublished\":\"2018-10-18T11:54:05+00:00\",\"dateModified\":\"2018-10-19T08:09:47+00:00\",\"mainEntityOfPage\":{\"@id\":\"https:\/\/gremicafe.cat\/2018\/10\/18\/martinez-gonzalez-quatre-cafes-al-dia-redueixen-la-mortalitat\/\"},\"wordCount\":341,\"publisher\":{\"@id\":\"https:\/\/gremicafe.cat\/#organization\"},\"image\":{\"@id\":\"https:\/\/gremicafe.cat\/2018\/10\/18\/martinez-gonzalez-quatre-cafes-al-dia-redueixen-la-mortalitat\/#primaryimage\"},\"thumbnailUrl\":\"https:\/\/gremicafe.cat\/wp-content\/uploads\/2018\/10\/martinez-gonzalez.jpg\",\"articleSection\":[\"Not\u00edcies\"],\"inLanguage\":\"es\"},{\"@type\":\"WebPage\",\"@id\":\"https:\/\/gremicafe.cat\/2018\/10\/18\/martinez-gonzalez-quatre-cafes-al-dia-redueixen-la-mortalitat\/\",\"url\":\"https:\/\/gremicafe.cat\/2018\/10\/18\/martinez-gonzalez-quatre-cafes-al-dia-redueixen-la-mortalitat\/\",\"name\":\"Mart\u00ednez-Gonz\u00e1lez: \\\"Quatre caf\u00e8s al dia redueixen la mortalitat\\\" - Gremi del Caf\u00e8, torradors de Catalunya\",\"isPartOf\":{\"@id\":\"https:\/\/gremicafe.cat\/#website\"},\"primaryImageOfPage\":{\"@id\":\"https:\/\/gremicafe.cat\/2018\/10\/18\/martinez-gonzalez-quatre-cafes-al-dia-redueixen-la-mortalitat\/#primaryimage\"},\"image\":{\"@id\":\"https:\/\/gremicafe.cat\/2018\/10\/18\/martinez-gonzalez-quatre-cafes-al-dia-redueixen-la-mortalitat\/#primaryimage\"},\"thumbnailUrl\":\"https:\/\/gremicafe.cat\/wp-content\/uploads\/2018\/10\/martinez-gonzalez.jpg\",\"datePublished\":\"2018-10-18T11:54:05+00:00\",\"dateModified\":\"2018-10-19T08:09:47+00:00\",\"breadcrumb\":{\"@id\":\"https:\/\/gremicafe.cat\/2018\/10\/18\/martinez-gonzalez-quatre-cafes-al-dia-redueixen-la-mortalitat\/#breadcrumb\"},\"inLanguage\":\"es\",\"potentialAction\":[{\"@type\":\"ReadAction\",\"target\":[\"https:\/\/gremicafe.cat\/2018\/10\/18\/martinez-gonzalez-quatre-cafes-al-dia-redueixen-la-mortalitat\/\"]}]},{\"@type\":\"ImageObject\",\"inLanguage\":\"es\",\"@id\":\"https:\/\/gremicafe.cat\/2018\/10\/18\/martinez-gonzalez-quatre-cafes-al-dia-redueixen-la-mortalitat\/#primaryimage\",\"url\":\"https:\/\/gremicafe.cat\/wp-content\/uploads\/2018\/10\/martinez-gonzalez.jpg\",\"contentUrl\":\"https:\/\/gremicafe.cat\/wp-content\/uploads\/2018\/10\/martinez-gonzalez.jpg\",\"width\":600,\"height\":400},{\"@type\":\"BreadcrumbList\",\"@id\":\"https:\/\/gremicafe.cat\/2018\/10\/18\/martinez-gonzalez-quatre-cafes-al-dia-redueixen-la-mortalitat\/#breadcrumb\",\"itemListElement\":[{\"@type\":\"ListItem\",\"position\":1,\"name\":\"Inici\",\"item\":\"https:\/\/gremicafe.cat\/\"},{\"@type\":\"ListItem\",\"position\":2,\"name\":\"Mart\u00ednez-Gonz\u00e1lez: &#8220;Quatre caf\u00e8s al dia redueixen la mortalitat&#8221;\"}]},{\"@type\":\"WebSite\",\"@id\":\"https:\/\/gremicafe.cat\/#website\",\"url\":\"https:\/\/gremicafe.cat\/\",\"name\":\"Gremi del Caf\u00e8, torradors de Catalunya\",\"description\":\"Web oficial del gremi de torradors de caf\u00e8 de Catalunya\",\"publisher\":{\"@id\":\"https:\/\/gremicafe.cat\/#organization\"},\"potentialAction\":[{\"@type\":\"SearchAction\",\"target\":{\"@type\":\"EntryPoint\",\"urlTemplate\":\"https:\/\/gremicafe.cat\/?s={search_term_string}\"},\"query-input\":{\"@type\":\"PropertyValueSpecification\",\"valueRequired\":true,\"valueName\":\"search_term_string\"}}],\"inLanguage\":\"es\"},{\"@type\":\"Organization\",\"@id\":\"https:\/\/gremicafe.cat\/#organization\",\"name\":\"Gremi del Caf\u00e8, Torradors de Catalunya\",\"url\":\"https:\/\/gremicafe.cat\/\",\"logo\":{\"@type\":\"ImageObject\",\"inLanguage\":\"es\",\"@id\":\"https:\/\/gremicafe.cat\/#\/schema\/logo\/image\/\",\"url\":\"https:\/\/gremicafe.cat\/wp-content\/uploads\/2018\/03\/gremicafe-logo250.png\",\"contentUrl\":\"https:\/\/gremicafe.cat\/wp-content\/uploads\/2018\/03\/gremicafe-logo250.png\",\"width\":250,\"height\":49,\"caption\":\"Gremi del Caf\u00e8, Torradors de Catalunya\"},\"image\":{\"@id\":\"https:\/\/gremicafe.cat\/#\/schema\/logo\/image\/\"},\"sameAs\":[\"https:\/\/www.facebook.com\/gremicafecat\",\"https:\/\/x.com\/gremicafecat\",\"https:\/\/www.instagram.com\/gremicafecat\/\",\"https:\/\/www.pinterest.es\/gremicafecat\/\",\"https:\/\/www.youtube.com\/channel\/UCGLo5Y35vLwLvP4FrPZrCrw\/\"]},{\"@type\":\"Person\",\"@id\":\"https:\/\/gremicafe.cat\/#\/schema\/person\/dabfdbb3d0fa36260855a380f94e4733\",\"name\":\"gremicafe\",\"image\":{\"@type\":\"ImageObject\",\"inLanguage\":\"es\",\"@id\":\"https:\/\/gremicafe.cat\/#\/schema\/person\/image\/\",\"url\":\"https:\/\/secure.gravatar.com\/avatar\/e59baa4ca8f6f97576d6375fb6d3c8f0?s=96&d=mm&r=g\",\"contentUrl\":\"https:\/\/secure.gravatar.com\/avatar\/e59baa4ca8f6f97576d6375fb6d3c8f0?s=96&d=mm&r=g\",\"caption\":\"gremicafe\"}}]}<\/script>\n<!-- \/ Yoast SEO plugin. -->","yoast_head_json":{"title":"Mart\u00ednez-Gonz\u00e1lez: \"Quatre caf\u00e8s al dia redueixen la mortalitat\" - Gremi del Caf\u00e8, torradors de Catalunya","robots":{"index":"index","follow":"follow","max-snippet":"max-snippet:-1","max-image-preview":"max-image-preview:large","max-video-preview":"max-video-preview:-1"},"canonical":"https:\/\/gremicafe.cat\/es\/2018\/10\/18\/martinez-gonzalez-quatre-cafes-al-dia-redueixen-la-mortalitat\/","og_locale":"es_ES","og_type":"article","og_title":"Mart\u00ednez-Gonz\u00e1lez: \"Quatre caf\u00e8s al dia redueixen la mortalitat\" - Gremi del Caf\u00e8, torradors de Catalunya","og_url":"https:\/\/gremicafe.cat\/es\/2018\/10\/18\/martinez-gonzalez-quatre-cafes-al-dia-redueixen-la-mortalitat\/","og_site_name":"Gremi del Caf\u00e8, torradors de Catalunya","article_publisher":"https:\/\/www.facebook.com\/gremicafecat","article_published_time":"2018-10-18T11:54:05+00:00","article_modified_time":"2018-10-19T08:09:47+00:00","og_image":[{"width":600,"height":400,"url":"https:\/\/gremicafe.cat\/wp-content\/uploads\/2018\/10\/martinez-gonzalez.jpg","type":"image\/jpeg"}],"author":"gremicafe","twitter_card":"summary_large_image","twitter_creator":"@gremicafecat","twitter_site":"@gremicafecat","twitter_misc":{"Escrito por":"gremicafe","Tiempo de lectura":"2 minutos"},"schema":{"@context":"https:\/\/schema.org","@graph":[{"@type":"Article","@id":"https:\/\/gremicafe.cat\/2018\/10\/18\/martinez-gonzalez-quatre-cafes-al-dia-redueixen-la-mortalitat\/#article","isPartOf":{"@id":"https:\/\/gremicafe.cat\/2018\/10\/18\/martinez-gonzalez-quatre-cafes-al-dia-redueixen-la-mortalitat\/"},"author":{"name":"gremicafe","@id":"https:\/\/gremicafe.cat\/#\/schema\/person\/dabfdbb3d0fa36260855a380f94e4733"},"headline":"Mart\u00ednez-Gonz\u00e1lez: &#8220;Quatre caf\u00e8s al dia redueixen la mortalitat&#8221;","datePublished":"2018-10-18T11:54:05+00:00","dateModified":"2018-10-19T08:09:47+00:00","mainEntityOfPage":{"@id":"https:\/\/gremicafe.cat\/2018\/10\/18\/martinez-gonzalez-quatre-cafes-al-dia-redueixen-la-mortalitat\/"},"wordCount":341,"publisher":{"@id":"https:\/\/gremicafe.cat\/#organization"},"image":{"@id":"https:\/\/gremicafe.cat\/2018\/10\/18\/martinez-gonzalez-quatre-cafes-al-dia-redueixen-la-mortalitat\/#primaryimage"},"thumbnailUrl":"https:\/\/gremicafe.cat\/wp-content\/uploads\/2018\/10\/martinez-gonzalez.jpg","articleSection":["Not\u00edcies"],"inLanguage":"es"},{"@type":"WebPage","@id":"https:\/\/gremicafe.cat\/2018\/10\/18\/martinez-gonzalez-quatre-cafes-al-dia-redueixen-la-mortalitat\/","url":"https:\/\/gremicafe.cat\/2018\/10\/18\/martinez-gonzalez-quatre-cafes-al-dia-redueixen-la-mortalitat\/","name":"Mart\u00ednez-Gonz\u00e1lez: \"Quatre caf\u00e8s al dia redueixen la mortalitat\" - Gremi del Caf\u00e8, torradors de Catalunya","isPartOf":{"@id":"https:\/\/gremicafe.cat\/#website"},"primaryImageOfPage":{"@id":"https:\/\/gremicafe.cat\/2018\/10\/18\/martinez-gonzalez-quatre-cafes-al-dia-redueixen-la-mortalitat\/#primaryimage"},"image":{"@id":"https:\/\/gremicafe.cat\/2018\/10\/18\/martinez-gonzalez-quatre-cafes-al-dia-redueixen-la-mortalitat\/#primaryimage"},"thumbnailUrl":"https:\/\/gremicafe.cat\/wp-content\/uploads\/2018\/10\/martinez-gonzalez.jpg","datePublished":"2018-10-18T11:54:05+00:00","dateModified":"2018-10-19T08:09:47+00:00","breadcrumb":{"@id":"https:\/\/gremicafe.cat\/2018\/10\/18\/martinez-gonzalez-quatre-cafes-al-dia-redueixen-la-mortalitat\/#breadcrumb"},"inLanguage":"es","potentialAction":[{"@type":"ReadAction","target":["https:\/\/gremicafe.cat\/2018\/10\/18\/martinez-gonzalez-quatre-cafes-al-dia-redueixen-la-mortalitat\/"]}]},{"@type":"ImageObject","inLanguage":"es","@id":"https:\/\/gremicafe.cat\/2018\/10\/18\/martinez-gonzalez-quatre-cafes-al-dia-redueixen-la-mortalitat\/#primaryimage","url":"https:\/\/gremicafe.cat\/wp-content\/uploads\/2018\/10\/martinez-gonzalez.jpg","contentUrl":"https:\/\/gremicafe.cat\/wp-content\/uploads\/2018\/10\/martinez-gonzalez.jpg","width":600,"height":400},{"@type":"BreadcrumbList","@id":"https:\/\/gremicafe.cat\/2018\/10\/18\/martinez-gonzalez-quatre-cafes-al-dia-redueixen-la-mortalitat\/#breadcrumb","itemListElement":[{"@type":"ListItem","position":1,"name":"Inici","item":"https:\/\/gremicafe.cat\/"},{"@type":"ListItem","position":2,"name":"Mart\u00ednez-Gonz\u00e1lez: &#8220;Quatre caf\u00e8s al dia redueixen la mortalitat&#8221;"}]},{"@type":"WebSite","@id":"https:\/\/gremicafe.cat\/#website","url":"https:\/\/gremicafe.cat\/","name":"Gremio del Caf\u00e9, tostadores de Catalu\u00f1a","description":"Web oficial del gremio de tostadores de caf\u00e9 de Catalunya","publisher":{"@id":"https:\/\/gremicafe.cat\/#organization"},"potentialAction":[{"@type":"SearchAction","target":{"@type":"EntryPoint","urlTemplate":"https:\/\/gremicafe.cat\/?s={search_term_string}"},"query-input":{"@type":"PropertyValueSpecification","valueRequired":true,"valueName":"search_term_string"}}],"inLanguage":"es"},{"@type":"Organization","@id":"https:\/\/gremicafe.cat\/#organization","name":"Gremio del Caf\u00e9, Tostadores de Catalu\u00f1a","url":"https:\/\/gremicafe.cat\/","logo":{"@type":"ImageObject","inLanguage":"es","@id":"https:\/\/gremicafe.cat\/#\/schema\/logo\/image\/","url":"https:\/\/gremicafe.cat\/wp-content\/uploads\/2018\/03\/gremicafe-logo250.png","contentUrl":"https:\/\/gremicafe.cat\/wp-content\/uploads\/2018\/03\/gremicafe-logo250.png","width":250,"height":49,"caption":"Gremi del Caf\u00e8, Torradors de Catalunya"},"image":{"@id":"https:\/\/gremicafe.cat\/#\/schema\/logo\/image\/"},"sameAs":["https:\/\/www.facebook.com\/gremicafecat","https:\/\/x.com\/gremicafecat","https:\/\/www.instagram.com\/gremicafecat\/","https:\/\/www.pinterest.es\/gremicafecat\/","https:\/\/www.youtube.com\/channel\/UCGLo5Y35vLwLvP4FrPZrCrw\/"]},{"@type":"Person","@id":"https:\/\/gremicafe.cat\/#\/schema\/person\/dabfdbb3d0fa36260855a380f94e4733","name":"gremicafe","image":{"@type":"ImageObject","inLanguage":"es","@id":"https:\/\/gremicafe.cat\/#\/schema\/person\/image\/","url":"https:\/\/secure.gravatar.com\/avatar\/e59baa4ca8f6f97576d6375fb6d3c8f0?s=96&d=mm&r=g","contentUrl":"https:\/\/secure.gravatar.com\/avatar\/e59baa4ca8f6f97576d6375fb6d3c8f0?s=96&d=mm&r=g","caption":"gremicafe"}}]}},"_links":{"self":[{"href":"https:\/\/gremicafe.cat\/es\/wp-json\/wp\/v2\/posts\/4426"}],"collection":[{"href":"https:\/\/gremicafe.cat\/es\/wp-json\/wp\/v2\/posts"}],"about":[{"href":"https:\/\/gremicafe.cat\/es\/wp-json\/wp\/v2\/types\/post"}],"author":[{"embeddable":true,"href":"https:\/\/gremicafe.cat\/es\/wp-json\/wp\/v2\/users\/1"}],"replies":[{"embeddable":true,"href":"https:\/\/gremicafe.cat\/es\/wp-json\/wp\/v2\/comments?post=4426"}],"version-history":[{"count":0,"href":"https:\/\/gremicafe.cat\/es\/wp-json\/wp\/v2\/posts\/4426\/revisions"}],"wp:featuredmedia":[{"embeddable":true,"href":"https:\/\/gremicafe.cat\/es\/wp-json\/wp\/v2\/media\/4427"}],"wp:attachment":[{"href":"https:\/\/gremicafe.cat\/es\/wp-json\/wp\/v2\/media?parent=4426"}],"wp:term":[{"taxonomy":"category","embeddable":true,"href":"https:\/\/gremicafe.cat\/es\/wp-json\/wp\/v2\/categories?post=4426"},{"taxonomy":"post_tag","embeddable":true,"href":"https:\/\/gremicafe.cat\/es\/wp-json\/wp\/v2\/tags?post=4426"}],"curies":[{"name":"wp","href":"https:\/\/api.w.org\/{rel}","templated":true}]}}