{"id":4431,"date":"2018-10-19T10:08:58","date_gmt":"2018-10-19T08:08:58","guid":{"rendered":"https:\/\/gremicafe.cat\/?p=4431"},"modified":"2018-10-19T10:11:01","modified_gmt":"2018-10-19T08:11:01","slug":"mes-coffeeexperience-animeu-vos","status":"publish","type":"post","link":"https:\/\/gremicafe.cat\/es\/2018\/10\/19\/mes-coffeeexperience-animeu-vos\/","title":{"rendered":"M\u00e1s CoffeeExperience: \u00a1an\u00edmate!"},"content":{"rendered":"<div id=\"ut-row-69f40a5d3d2f9\" data-vc-full-width=\"true\" data-vc-full-width-init=\"false\" class=\"vc_row wpb_row vc_row-fluid vc_column-gap-0 ut-row-69f40a5d3d30a\" ><div class=\"wpb_column vc_column_container vc_col-sm-6\" ><div id=\"ut_inner_column_69f40a5d3d999\" class=\"vc_column-inner\"><div class=\"wpb_wrapper\">\n\t<div class=\"wpb_text_column wpb_content_element\" >\n\t\t<div class=\"wpb_wrapper\">\n\t\t\t<p style=\"text-align: left;\">Continuamos animando a los tostadores de caf\u00e9 a abrir sus instalaciones en las visitas tur\u00edsticas y escolares. Como ejemplo, puede ver la programaci\u00f3n de las pr\u00f3ximas visitas CoffeeExperience, organizadas por el Ayuntamiento de Barcelona, en el tostador de caf\u00e9 Bracaf\u00e9 de la calle Comte d&#039;Urgell, 35 de Barcelona, para finales de 2018 y principios de 2019.<\/p>\n<p><a href=\"\/wp-content\/uploads\/2018\/10\/programacioCoffeeExperience.pdf\" target=\"_blank\" rel=\"noopener\">Programaci\u00f3n CoffeeExperience<\/a>.<\/p>\n\n\t\t<\/div>\n\t<\/div>\n<\/div><\/div><\/div><div class=\"wpb_column vc_column_container vc_col-sm-6\" ><div id=\"ut_inner_column_69f40a5d3dd5a\" class=\"vc_column-inner\"><div class=\"wpb_wrapper\"><div  class=\"wpb_content_element   clearfix\"><style type=\"text\/css\" scoped>#ut_am_69f40a5d3e389 { opacity: 1; }<\/style><div id=\"ut_am_wrap_69f40a5d3e38a\" class=\"ut-image-gallery-image\" style=\"text-align:center;\"><div class=\"ut-animated-image-item ut-image-gallery-item ut-animation-done\"><a class=\"ut-deactivated-link\" href=\"#\"><img loading=\"lazy\" decoding=\"async\" title=\"coffeeExperience\" id=\"ut_am_69f40a5d3e389\" style=\"\" src=\"https:\/\/gremicafe.cat\/wp-content\/uploads\/2018\/10\/coffeeExperience.jpg\" width=\"600\" height=\"400\" alt=\"\"\/><\/a><\/div><\/div><\/div><\/div><\/div><\/div><\/div><div class=\"vc_row-full-width vc_clearfix\"><\/div>","protected":false},"excerpt":{"rendered":"Continuem animant els torradors de caf\u00e8 a obrir les seves instal\u00b7lacions a les visites tur\u00edstiques i escolars. Com a exemple, podeu veure la programaci\u00f3 de les properes visites CoffeeExperience, organitzades per l'Ajuntament de Barcelona, al torrador de caf\u00e8 Bracaf\u00e8 del carrer Comte d'Urgell, 35 de Barcelona, per finals de 2018 i principis de 2019. Programaci\u00f3 [...]","protected":false},"author":1,"featured_media":4432,"comment_status":"closed","ping_status":"open","sticky":false,"template":"","format":"standard","meta":{"_acf_changed":false,"inline_featured_image":false,"footnotes":""},"categories":[1],"tags":[],"class_list":["post-4431","post","type-post","status-publish","format-standard","has-post-thumbnail","hentry","category-noticies"],"acf":[],"yoast_head":"<!-- This site is optimized with the Yoast SEO plugin v25.5 - https:\/\/yoast.com\/wordpress\/plugins\/seo\/ -->\n<title>M\u00e9s CoffeeExperience: animeu-vos! - Gremi del Caf\u00e8, torradors de Catalunya<\/title>\n<meta name=\"robots\" content=\"index, follow, max-snippet:-1, max-image-preview:large, max-video-preview:-1\" \/>\n<link rel=\"canonical\" href=\"https:\/\/gremicafe.cat\/es\/2018\/10\/19\/mes-coffeeexperience-animeu-vos\/\" \/>\n<meta property=\"og:locale\" content=\"es_ES\" \/>\n<meta property=\"og:type\" content=\"article\" \/>\n<meta property=\"og:title\" content=\"M\u00e9s CoffeeExperience: animeu-vos! - Gremi del Caf\u00e8, torradors de Catalunya\" \/>\n<meta property=\"og:url\" content=\"https:\/\/gremicafe.cat\/es\/2018\/10\/19\/mes-coffeeexperience-animeu-vos\/\" \/>\n<meta property=\"og:site_name\" content=\"Gremi del Caf\u00e8, torradors de Catalunya\" \/>\n<meta property=\"article:publisher\" content=\"https:\/\/www.facebook.com\/gremicafecat\" \/>\n<meta property=\"article:published_time\" content=\"2018-10-19T08:08:58+00:00\" \/>\n<meta property=\"article:modified_time\" content=\"2018-10-19T08:11:01+00:00\" \/>\n<meta property=\"og:image\" content=\"https:\/\/gremicafe.cat\/wp-content\/uploads\/2018\/10\/coffeeExperience.jpg\" \/>\n\t<meta property=\"og:image:width\" content=\"600\" \/>\n\t<meta property=\"og:image:height\" content=\"400\" \/>\n\t<meta property=\"og:image:type\" content=\"image\/jpeg\" \/>\n<meta name=\"author\" content=\"gremicafe\" \/>\n<meta name=\"twitter:card\" content=\"summary_large_image\" \/>\n<meta name=\"twitter:creator\" content=\"@gremicafecat\" \/>\n<meta name=\"twitter:site\" content=\"@gremicafecat\" \/>\n<meta name=\"twitter:label1\" content=\"Escrito por\" \/>\n\t<meta name=\"twitter:data1\" content=\"gremicafe\" \/>\n<script type=\"application\/ld+json\" class=\"yoast-schema-graph\">{\"@context\":\"https:\/\/schema.org\",\"@graph\":[{\"@type\":\"Article\",\"@id\":\"https:\/\/gremicafe.cat\/2018\/10\/19\/mes-coffeeexperience-animeu-vos\/#article\",\"isPartOf\":{\"@id\":\"https:\/\/gremicafe.cat\/2018\/10\/19\/mes-coffeeexperience-animeu-vos\/\"},\"author\":{\"name\":\"gremicafe\",\"@id\":\"https:\/\/gremicafe.cat\/#\/schema\/person\/dabfdbb3d0fa36260855a380f94e4733\"},\"headline\":\"M\u00e9s CoffeeExperience: animeu-vos!\",\"datePublished\":\"2018-10-19T08:08:58+00:00\",\"dateModified\":\"2018-10-19T08:11:01+00:00\",\"mainEntityOfPage\":{\"@id\":\"https:\/\/gremicafe.cat\/2018\/10\/19\/mes-coffeeexperience-animeu-vos\/\"},\"wordCount\":87,\"publisher\":{\"@id\":\"https:\/\/gremicafe.cat\/#organization\"},\"image\":{\"@id\":\"https:\/\/gremicafe.cat\/2018\/10\/19\/mes-coffeeexperience-animeu-vos\/#primaryimage\"},\"thumbnailUrl\":\"https:\/\/gremicafe.cat\/wp-content\/uploads\/2018\/10\/coffeeExperience.jpg\",\"articleSection\":[\"Not\u00edcies\"],\"inLanguage\":\"es\"},{\"@type\":\"WebPage\",\"@id\":\"https:\/\/gremicafe.cat\/2018\/10\/19\/mes-coffeeexperience-animeu-vos\/\",\"url\":\"https:\/\/gremicafe.cat\/2018\/10\/19\/mes-coffeeexperience-animeu-vos\/\",\"name\":\"M\u00e9s CoffeeExperience: animeu-vos! - Gremi del Caf\u00e8, torradors de Catalunya\",\"isPartOf\":{\"@id\":\"https:\/\/gremicafe.cat\/#website\"},\"primaryImageOfPage\":{\"@id\":\"https:\/\/gremicafe.cat\/2018\/10\/19\/mes-coffeeexperience-animeu-vos\/#primaryimage\"},\"image\":{\"@id\":\"https:\/\/gremicafe.cat\/2018\/10\/19\/mes-coffeeexperience-animeu-vos\/#primaryimage\"},\"thumbnailUrl\":\"https:\/\/gremicafe.cat\/wp-content\/uploads\/2018\/10\/coffeeExperience.jpg\",\"datePublished\":\"2018-10-19T08:08:58+00:00\",\"dateModified\":\"2018-10-19T08:11:01+00:00\",\"breadcrumb\":{\"@id\":\"https:\/\/gremicafe.cat\/2018\/10\/19\/mes-coffeeexperience-animeu-vos\/#breadcrumb\"},\"inLanguage\":\"es\",\"potentialAction\":[{\"@type\":\"ReadAction\",\"target\":[\"https:\/\/gremicafe.cat\/2018\/10\/19\/mes-coffeeexperience-animeu-vos\/\"]}]},{\"@type\":\"ImageObject\",\"inLanguage\":\"es\",\"@id\":\"https:\/\/gremicafe.cat\/2018\/10\/19\/mes-coffeeexperience-animeu-vos\/#primaryimage\",\"url\":\"https:\/\/gremicafe.cat\/wp-content\/uploads\/2018\/10\/coffeeExperience.jpg\",\"contentUrl\":\"https:\/\/gremicafe.cat\/wp-content\/uploads\/2018\/10\/coffeeExperience.jpg\",\"width\":600,\"height\":400},{\"@type\":\"BreadcrumbList\",\"@id\":\"https:\/\/gremicafe.cat\/2018\/10\/19\/mes-coffeeexperience-animeu-vos\/#breadcrumb\",\"itemListElement\":[{\"@type\":\"ListItem\",\"position\":1,\"name\":\"Inici\",\"item\":\"https:\/\/gremicafe.cat\/\"},{\"@type\":\"ListItem\",\"position\":2,\"name\":\"M\u00e9s CoffeeExperience: animeu-vos!\"}]},{\"@type\":\"WebSite\",\"@id\":\"https:\/\/gremicafe.cat\/#website\",\"url\":\"https:\/\/gremicafe.cat\/\",\"name\":\"Gremi del Caf\u00e8, torradors de Catalunya\",\"description\":\"Web oficial del gremi de torradors de caf\u00e8 de Catalunya\",\"publisher\":{\"@id\":\"https:\/\/gremicafe.cat\/#organization\"},\"potentialAction\":[{\"@type\":\"SearchAction\",\"target\":{\"@type\":\"EntryPoint\",\"urlTemplate\":\"https:\/\/gremicafe.cat\/?s={search_term_string}\"},\"query-input\":{\"@type\":\"PropertyValueSpecification\",\"valueRequired\":true,\"valueName\":\"search_term_string\"}}],\"inLanguage\":\"es\"},{\"@type\":\"Organization\",\"@id\":\"https:\/\/gremicafe.cat\/#organization\",\"name\":\"Gremi del Caf\u00e8, Torradors de Catalunya\",\"url\":\"https:\/\/gremicafe.cat\/\",\"logo\":{\"@type\":\"ImageObject\",\"inLanguage\":\"es\",\"@id\":\"https:\/\/gremicafe.cat\/#\/schema\/logo\/image\/\",\"url\":\"https:\/\/gremicafe.cat\/wp-content\/uploads\/2018\/03\/gremicafe-logo250.png\",\"contentUrl\":\"https:\/\/gremicafe.cat\/wp-content\/uploads\/2018\/03\/gremicafe-logo250.png\",\"width\":250,\"height\":49,\"caption\":\"Gremi del Caf\u00e8, Torradors de Catalunya\"},\"image\":{\"@id\":\"https:\/\/gremicafe.cat\/#\/schema\/logo\/image\/\"},\"sameAs\":[\"https:\/\/www.facebook.com\/gremicafecat\",\"https:\/\/x.com\/gremicafecat\",\"https:\/\/www.instagram.com\/gremicafecat\/\",\"https:\/\/www.pinterest.es\/gremicafecat\/\",\"https:\/\/www.youtube.com\/channel\/UCGLo5Y35vLwLvP4FrPZrCrw\/\"]},{\"@type\":\"Person\",\"@id\":\"https:\/\/gremicafe.cat\/#\/schema\/person\/dabfdbb3d0fa36260855a380f94e4733\",\"name\":\"gremicafe\",\"image\":{\"@type\":\"ImageObject\",\"inLanguage\":\"es\",\"@id\":\"https:\/\/gremicafe.cat\/#\/schema\/person\/image\/\",\"url\":\"https:\/\/secure.gravatar.com\/avatar\/e59baa4ca8f6f97576d6375fb6d3c8f0?s=96&d=mm&r=g\",\"contentUrl\":\"https:\/\/secure.gravatar.com\/avatar\/e59baa4ca8f6f97576d6375fb6d3c8f0?s=96&d=mm&r=g\",\"caption\":\"gremicafe\"}}]}<\/script>\n<!-- \/ Yoast SEO plugin. -->","yoast_head_json":{"title":"M\u00e9s CoffeeExperience: animeu-vos! - Gremi del Caf\u00e8, torradors de Catalunya","robots":{"index":"index","follow":"follow","max-snippet":"max-snippet:-1","max-image-preview":"max-image-preview:large","max-video-preview":"max-video-preview:-1"},"canonical":"https:\/\/gremicafe.cat\/es\/2018\/10\/19\/mes-coffeeexperience-animeu-vos\/","og_locale":"es_ES","og_type":"article","og_title":"M\u00e9s CoffeeExperience: animeu-vos! - Gremi del Caf\u00e8, torradors de Catalunya","og_url":"https:\/\/gremicafe.cat\/es\/2018\/10\/19\/mes-coffeeexperience-animeu-vos\/","og_site_name":"Gremi del Caf\u00e8, torradors de Catalunya","article_publisher":"https:\/\/www.facebook.com\/gremicafecat","article_published_time":"2018-10-19T08:08:58+00:00","article_modified_time":"2018-10-19T08:11:01+00:00","og_image":[{"width":600,"height":400,"url":"https:\/\/gremicafe.cat\/wp-content\/uploads\/2018\/10\/coffeeExperience.jpg","type":"image\/jpeg"}],"author":"gremicafe","twitter_card":"summary_large_image","twitter_creator":"@gremicafecat","twitter_site":"@gremicafecat","twitter_misc":{"Escrito por":"gremicafe"},"schema":{"@context":"https:\/\/schema.org","@graph":[{"@type":"Article","@id":"https:\/\/gremicafe.cat\/2018\/10\/19\/mes-coffeeexperience-animeu-vos\/#article","isPartOf":{"@id":"https:\/\/gremicafe.cat\/2018\/10\/19\/mes-coffeeexperience-animeu-vos\/"},"author":{"name":"gremicafe","@id":"https:\/\/gremicafe.cat\/#\/schema\/person\/dabfdbb3d0fa36260855a380f94e4733"},"headline":"M\u00e9s CoffeeExperience: animeu-vos!","datePublished":"2018-10-19T08:08:58+00:00","dateModified":"2018-10-19T08:11:01+00:00","mainEntityOfPage":{"@id":"https:\/\/gremicafe.cat\/2018\/10\/19\/mes-coffeeexperience-animeu-vos\/"},"wordCount":87,"publisher":{"@id":"https:\/\/gremicafe.cat\/#organization"},"image":{"@id":"https:\/\/gremicafe.cat\/2018\/10\/19\/mes-coffeeexperience-animeu-vos\/#primaryimage"},"thumbnailUrl":"https:\/\/gremicafe.cat\/wp-content\/uploads\/2018\/10\/coffeeExperience.jpg","articleSection":["Not\u00edcies"],"inLanguage":"es"},{"@type":"WebPage","@id":"https:\/\/gremicafe.cat\/2018\/10\/19\/mes-coffeeexperience-animeu-vos\/","url":"https:\/\/gremicafe.cat\/2018\/10\/19\/mes-coffeeexperience-animeu-vos\/","name":"M\u00e9s CoffeeExperience: animeu-vos! - Gremi del Caf\u00e8, torradors de Catalunya","isPartOf":{"@id":"https:\/\/gremicafe.cat\/#website"},"primaryImageOfPage":{"@id":"https:\/\/gremicafe.cat\/2018\/10\/19\/mes-coffeeexperience-animeu-vos\/#primaryimage"},"image":{"@id":"https:\/\/gremicafe.cat\/2018\/10\/19\/mes-coffeeexperience-animeu-vos\/#primaryimage"},"thumbnailUrl":"https:\/\/gremicafe.cat\/wp-content\/uploads\/2018\/10\/coffeeExperience.jpg","datePublished":"2018-10-19T08:08:58+00:00","dateModified":"2018-10-19T08:11:01+00:00","breadcrumb":{"@id":"https:\/\/gremicafe.cat\/2018\/10\/19\/mes-coffeeexperience-animeu-vos\/#breadcrumb"},"inLanguage":"es","potentialAction":[{"@type":"ReadAction","target":["https:\/\/gremicafe.cat\/2018\/10\/19\/mes-coffeeexperience-animeu-vos\/"]}]},{"@type":"ImageObject","inLanguage":"es","@id":"https:\/\/gremicafe.cat\/2018\/10\/19\/mes-coffeeexperience-animeu-vos\/#primaryimage","url":"https:\/\/gremicafe.cat\/wp-content\/uploads\/2018\/10\/coffeeExperience.jpg","contentUrl":"https:\/\/gremicafe.cat\/wp-content\/uploads\/2018\/10\/coffeeExperience.jpg","width":600,"height":400},{"@type":"BreadcrumbList","@id":"https:\/\/gremicafe.cat\/2018\/10\/19\/mes-coffeeexperience-animeu-vos\/#breadcrumb","itemListElement":[{"@type":"ListItem","position":1,"name":"Inici","item":"https:\/\/gremicafe.cat\/"},{"@type":"ListItem","position":2,"name":"M\u00e9s CoffeeExperience: animeu-vos!"}]},{"@type":"WebSite","@id":"https:\/\/gremicafe.cat\/#website","url":"https:\/\/gremicafe.cat\/","name":"Gremio del Caf\u00e9, tostadores de Catalu\u00f1a","description":"Web oficial del gremio de tostadores de caf\u00e9 de Catalunya","publisher":{"@id":"https:\/\/gremicafe.cat\/#organization"},"potentialAction":[{"@type":"SearchAction","target":{"@type":"EntryPoint","urlTemplate":"https:\/\/gremicafe.cat\/?s={search_term_string}"},"query-input":{"@type":"PropertyValueSpecification","valueRequired":true,"valueName":"search_term_string"}}],"inLanguage":"es"},{"@type":"Organization","@id":"https:\/\/gremicafe.cat\/#organization","name":"Gremio del Caf\u00e9, Tostadores de Catalu\u00f1a","url":"https:\/\/gremicafe.cat\/","logo":{"@type":"ImageObject","inLanguage":"es","@id":"https:\/\/gremicafe.cat\/#\/schema\/logo\/image\/","url":"https:\/\/gremicafe.cat\/wp-content\/uploads\/2018\/03\/gremicafe-logo250.png","contentUrl":"https:\/\/gremicafe.cat\/wp-content\/uploads\/2018\/03\/gremicafe-logo250.png","width":250,"height":49,"caption":"Gremi del Caf\u00e8, Torradors de Catalunya"},"image":{"@id":"https:\/\/gremicafe.cat\/#\/schema\/logo\/image\/"},"sameAs":["https:\/\/www.facebook.com\/gremicafecat","https:\/\/x.com\/gremicafecat","https:\/\/www.instagram.com\/gremicafecat\/","https:\/\/www.pinterest.es\/gremicafecat\/","https:\/\/www.youtube.com\/channel\/UCGLo5Y35vLwLvP4FrPZrCrw\/"]},{"@type":"Person","@id":"https:\/\/gremicafe.cat\/#\/schema\/person\/dabfdbb3d0fa36260855a380f94e4733","name":"gremicafe","image":{"@type":"ImageObject","inLanguage":"es","@id":"https:\/\/gremicafe.cat\/#\/schema\/person\/image\/","url":"https:\/\/secure.gravatar.com\/avatar\/e59baa4ca8f6f97576d6375fb6d3c8f0?s=96&d=mm&r=g","contentUrl":"https:\/\/secure.gravatar.com\/avatar\/e59baa4ca8f6f97576d6375fb6d3c8f0?s=96&d=mm&r=g","caption":"gremicafe"}}]}},"_links":{"self":[{"href":"https:\/\/gremicafe.cat\/es\/wp-json\/wp\/v2\/posts\/4431"}],"collection":[{"href":"https:\/\/gremicafe.cat\/es\/wp-json\/wp\/v2\/posts"}],"about":[{"href":"https:\/\/gremicafe.cat\/es\/wp-json\/wp\/v2\/types\/post"}],"author":[{"embeddable":true,"href":"https:\/\/gremicafe.cat\/es\/wp-json\/wp\/v2\/users\/1"}],"replies":[{"embeddable":true,"href":"https:\/\/gremicafe.cat\/es\/wp-json\/wp\/v2\/comments?post=4431"}],"version-history":[{"count":0,"href":"https:\/\/gremicafe.cat\/es\/wp-json\/wp\/v2\/posts\/4431\/revisions"}],"wp:featuredmedia":[{"embeddable":true,"href":"https:\/\/gremicafe.cat\/es\/wp-json\/wp\/v2\/media\/4432"}],"wp:attachment":[{"href":"https:\/\/gremicafe.cat\/es\/wp-json\/wp\/v2\/media?parent=4431"}],"wp:term":[{"taxonomy":"category","embeddable":true,"href":"https:\/\/gremicafe.cat\/es\/wp-json\/wp\/v2\/categories?post=4431"},{"taxonomy":"post_tag","embeddable":true,"href":"https:\/\/gremicafe.cat\/es\/wp-json\/wp\/v2\/tags?post=4431"}],"curies":[{"name":"wp","href":"https:\/\/api.w.org\/{rel}","templated":true}]}}