{"id":4435,"date":"2018-10-23T17:29:18","date_gmt":"2018-10-23T15:29:18","guid":{"rendered":"https:\/\/gremicafe.cat\/?p=4435"},"modified":"2018-10-23T17:34:07","modified_gmt":"2018-10-23T15:34:07","slug":"els-marcilla-no-es-desenganxen-del-cafe","status":"publish","type":"post","link":"https:\/\/gremicafe.cat\/es\/2018\/10\/23\/els-marcilla-no-es-desenganxen-del-cafe\/","title":{"rendered":"Los Marcilla no se despegan del caf\u00e9"},"content":{"rendered":"<div id=\"ut-row-69f42beb421ed\" data-vc-full-width=\"true\" data-vc-full-width-init=\"false\" class=\"vc_row wpb_row vc_row-fluid vc_column-gap-0 ut-row-69f42beb421fc\" ><div class=\"wpb_column vc_column_container vc_col-sm-12\" ><div id=\"ut_inner_column_69f42beb427af\" class=\"vc_column-inner\"><div class=\"wpb_wrapper\"><div class=\"vc_empty_space\"   style=\"height: 40px\" ><span class=\"vc_empty_space_inner\"><\/span><\/div>\n<div  class=\"wpb_content_element   clearfix\"><style type=\"text\/css\" scoped>#ut_am_69f42beb44283 { opacity: 1; }<\/style><div id=\"ut_am_wrap_69f42beb44284\" class=\"ut-image-gallery-image\" style=\"text-align:center;\"><div class=\"ut-animated-image-item ut-image-gallery-item ut-animation-done\"><a class=\"ut-deactivated-link\" href=\"#\"><img loading=\"lazy\" decoding=\"async\" title=\"julian-marcilla-8_11_640x380\" id=\"ut_am_69f42beb44283\" style=\"\" src=\"https:\/\/gremicafe.cat\/wp-content\/uploads\/2018\/10\/julian-marcilla-8_11_640x380.jpeg\" width=\"640\" height=\"380\" alt=\"\"\/><\/a><div class=\"ut-gallery-slider-caption\">Juli\u00e1n Marcilla, nieto del fundador de Marcilla y director general de Dibarcaf\u00e9 | Foto: Bernat Millet<\/div><\/div><\/div><\/div>\n\t<div class=\"wpb_text_column wpb_content_element\" >\n\t\t<div class=\"wpb_wrapper\">\n\t\t\t<h3 class=\"p1\"><big><b>La familia Marcilla contin\u00faa su negocio cafetero con Dibarcaf\u00e9, especializada en la comercializaci\u00f3n en la hosteler\u00eda<\/b><\/big><\/h3>\n<p class=\"p1\"><span class=\"s1\">Tanto los amantes del caf\u00e9 como aquellos que s\u00f3lo lo toman por no dormirse durante el d\u00eda, todo el mundo conoce a Marcilla. Lo que quiz\u00e1s no todo el mundo sabe es que la marca tiene sus or\u00edgenes en Catalunya. Juli\u00e1n Marcilla empez\u00f3 a tostar caf\u00e9 y venderlo por las calles del barrio del Clot de Barcelona a principios del siglo XX. Pero en 1981 la empresa fue comprada por la compa\u00f1\u00eda holandesa Douwe Egberts. A\u00f1os despu\u00e9s, Juli\u00e1n Marcilla, nieto del fundador, y su padre, F\u00e9lix Marcilla, decidieron regresar al negocio tradicional de la familia y fundaron Dibarcaf\u00e9, una empresa especializada en la venta de caf\u00e9 en el sector de la hosteler\u00eda y que hoy en d\u00eda factura 5 millones de euros anuales.<\/span><\/p>\n<p class=\"p1\"><span class=\"s1\">Empiezan en una peque\u00f1a instalaci\u00f3n de 350 metros cuadrados que ten\u00eda la familia en el barrio de Sant Andreu, donde logran vender unos 80.000 kilos al a\u00f1o. Poco a poco el negocio ha ido creciendo y actualmente la empresa comercializa su caf\u00e9 en todo el mundo, vende casi 500.000 kilos anuales y cuenta con una plantilla de 25 trabajadores.<\/span><\/p>\n<p class=\"p1\"><span class=\"s1\">Puede leer la noticia entera <\/span><a href=\"http:\/\/www.viaempresa.cat\/empresa\/marcilla-cafe-dibarcafe-empresa_202262_102.html?utm_source=mail-web\" target=\"_blank\" rel=\"noopener\"><span class=\"s2\">aqu\u00ed<\/span><\/a><span class=\"s1\">.<\/span><\/p>\n\n\t\t<\/div>\n\t<\/div>\n<\/div><\/div><\/div><\/div><div class=\"vc_row-full-width vc_clearfix\"><\/div>","protected":false},"excerpt":{"rendered":"#ut_am_69f42beb45046 { opacity: 1; }Juli\u00e1n\u00a0Marcilla, n\u00e9t del fundador de\u00a0Marcilla\u00a0i director general de\u00a0Dibarcaf\u00e9\u00a0| Foto: Bernat Millet La fam\u00edlia\u00a0Marcilla\u00a0continua el negoci cafeter amb\u00a0Dibarcaf\u00e9, especialitzada en la comercialitzaci\u00f3 a l'hostaleria Tant els amants del caf\u00e8 com aquells que nom\u00e9s el prenen per no adormir-se durant el dia, tothom coneix\u00a0Marcilla. El que potser no tothom sap \u00e9s que la [...]","protected":false},"author":1,"featured_media":4436,"comment_status":"closed","ping_status":"open","sticky":false,"template":"","format":"standard","meta":{"_acf_changed":false,"inline_featured_image":false,"footnotes":""},"categories":[1],"tags":[],"class_list":["post-4435","post","type-post","status-publish","format-standard","has-post-thumbnail","hentry","category-noticies"],"acf":[],"yoast_head":"<!-- This site is optimized with the Yoast SEO plugin v25.5 - https:\/\/yoast.com\/wordpress\/plugins\/seo\/ -->\n<title>Els\u00a0Marcilla\u00a0no es desenganxen del caf\u00e8 - Gremi del Caf\u00e8, torradors de Catalunya<\/title>\n<meta name=\"robots\" content=\"index, follow, max-snippet:-1, max-image-preview:large, max-video-preview:-1\" \/>\n<link rel=\"canonical\" href=\"https:\/\/gremicafe.cat\/es\/2018\/10\/23\/els-marcilla-no-es-desenganxen-del-cafe\/\" \/>\n<meta property=\"og:locale\" content=\"es_ES\" \/>\n<meta property=\"og:type\" content=\"article\" \/>\n<meta property=\"og:title\" content=\"Els\u00a0Marcilla\u00a0no es desenganxen del caf\u00e8 - Gremi del Caf\u00e8, torradors de Catalunya\" \/>\n<meta property=\"og:url\" content=\"https:\/\/gremicafe.cat\/es\/2018\/10\/23\/els-marcilla-no-es-desenganxen-del-cafe\/\" \/>\n<meta property=\"og:site_name\" content=\"Gremi del Caf\u00e8, torradors de Catalunya\" \/>\n<meta property=\"article:publisher\" content=\"https:\/\/www.facebook.com\/gremicafecat\" \/>\n<meta property=\"article:published_time\" content=\"2018-10-23T15:29:18+00:00\" \/>\n<meta property=\"article:modified_time\" content=\"2018-10-23T15:34:07+00:00\" \/>\n<meta property=\"og:image\" content=\"https:\/\/gremicafe.cat\/wp-content\/uploads\/2018\/10\/julian-marcilla-8_11_640x380.jpeg\" \/>\n\t<meta property=\"og:image:width\" content=\"640\" \/>\n\t<meta property=\"og:image:height\" content=\"380\" \/>\n\t<meta property=\"og:image:type\" content=\"image\/jpeg\" \/>\n<meta name=\"author\" content=\"gremicafe\" \/>\n<meta name=\"twitter:card\" content=\"summary_large_image\" \/>\n<meta name=\"twitter:creator\" content=\"@gremicafecat\" \/>\n<meta name=\"twitter:site\" content=\"@gremicafecat\" \/>\n<meta name=\"twitter:label1\" content=\"Escrito por\" \/>\n\t<meta name=\"twitter:data1\" content=\"gremicafe\" \/>\n\t<meta name=\"twitter:label2\" content=\"Tiempo de lectura\" \/>\n\t<meta name=\"twitter:data2\" content=\"1 minuto\" \/>\n<script type=\"application\/ld+json\" class=\"yoast-schema-graph\">{\"@context\":\"https:\/\/schema.org\",\"@graph\":[{\"@type\":\"Article\",\"@id\":\"https:\/\/gremicafe.cat\/2018\/10\/23\/els-marcilla-no-es-desenganxen-del-cafe\/#article\",\"isPartOf\":{\"@id\":\"https:\/\/gremicafe.cat\/2018\/10\/23\/els-marcilla-no-es-desenganxen-del-cafe\/\"},\"author\":{\"name\":\"gremicafe\",\"@id\":\"https:\/\/gremicafe.cat\/#\/schema\/person\/dabfdbb3d0fa36260855a380f94e4733\"},\"headline\":\"Els\u00a0Marcilla\u00a0no es desenganxen del caf\u00e8\",\"datePublished\":\"2018-10-23T15:29:18+00:00\",\"dateModified\":\"2018-10-23T15:34:07+00:00\",\"mainEntityOfPage\":{\"@id\":\"https:\/\/gremicafe.cat\/2018\/10\/23\/els-marcilla-no-es-desenganxen-del-cafe\/\"},\"wordCount\":241,\"publisher\":{\"@id\":\"https:\/\/gremicafe.cat\/#organization\"},\"image\":{\"@id\":\"https:\/\/gremicafe.cat\/2018\/10\/23\/els-marcilla-no-es-desenganxen-del-cafe\/#primaryimage\"},\"thumbnailUrl\":\"https:\/\/gremicafe.cat\/wp-content\/uploads\/2018\/10\/julian-marcilla-8_11_640x380.jpeg\",\"articleSection\":[\"Not\u00edcies\"],\"inLanguage\":\"es\"},{\"@type\":\"WebPage\",\"@id\":\"https:\/\/gremicafe.cat\/2018\/10\/23\/els-marcilla-no-es-desenganxen-del-cafe\/\",\"url\":\"https:\/\/gremicafe.cat\/2018\/10\/23\/els-marcilla-no-es-desenganxen-del-cafe\/\",\"name\":\"Els\u00a0Marcilla\u00a0no es desenganxen del caf\u00e8 - Gremi del Caf\u00e8, torradors de Catalunya\",\"isPartOf\":{\"@id\":\"https:\/\/gremicafe.cat\/#website\"},\"primaryImageOfPage\":{\"@id\":\"https:\/\/gremicafe.cat\/2018\/10\/23\/els-marcilla-no-es-desenganxen-del-cafe\/#primaryimage\"},\"image\":{\"@id\":\"https:\/\/gremicafe.cat\/2018\/10\/23\/els-marcilla-no-es-desenganxen-del-cafe\/#primaryimage\"},\"thumbnailUrl\":\"https:\/\/gremicafe.cat\/wp-content\/uploads\/2018\/10\/julian-marcilla-8_11_640x380.jpeg\",\"datePublished\":\"2018-10-23T15:29:18+00:00\",\"dateModified\":\"2018-10-23T15:34:07+00:00\",\"breadcrumb\":{\"@id\":\"https:\/\/gremicafe.cat\/2018\/10\/23\/els-marcilla-no-es-desenganxen-del-cafe\/#breadcrumb\"},\"inLanguage\":\"es\",\"potentialAction\":[{\"@type\":\"ReadAction\",\"target\":[\"https:\/\/gremicafe.cat\/2018\/10\/23\/els-marcilla-no-es-desenganxen-del-cafe\/\"]}]},{\"@type\":\"ImageObject\",\"inLanguage\":\"es\",\"@id\":\"https:\/\/gremicafe.cat\/2018\/10\/23\/els-marcilla-no-es-desenganxen-del-cafe\/#primaryimage\",\"url\":\"https:\/\/gremicafe.cat\/wp-content\/uploads\/2018\/10\/julian-marcilla-8_11_640x380.jpeg\",\"contentUrl\":\"https:\/\/gremicafe.cat\/wp-content\/uploads\/2018\/10\/julian-marcilla-8_11_640x380.jpeg\",\"width\":640,\"height\":380,\"caption\":\"Juli\u00e1n\u00a0Marcilla, n\u00e9t del fundador de\u00a0Marcilla\u00a0i director general de\u00a0Dibarcaf\u00e9\u00a0| Foto: Bernat Millet\"},{\"@type\":\"BreadcrumbList\",\"@id\":\"https:\/\/gremicafe.cat\/2018\/10\/23\/els-marcilla-no-es-desenganxen-del-cafe\/#breadcrumb\",\"itemListElement\":[{\"@type\":\"ListItem\",\"position\":1,\"name\":\"Inici\",\"item\":\"https:\/\/gremicafe.cat\/\"},{\"@type\":\"ListItem\",\"position\":2,\"name\":\"Els\u00a0Marcilla\u00a0no es desenganxen del caf\u00e8\"}]},{\"@type\":\"WebSite\",\"@id\":\"https:\/\/gremicafe.cat\/#website\",\"url\":\"https:\/\/gremicafe.cat\/\",\"name\":\"Gremi del Caf\u00e8, torradors de Catalunya\",\"description\":\"Web oficial del gremi de torradors de caf\u00e8 de Catalunya\",\"publisher\":{\"@id\":\"https:\/\/gremicafe.cat\/#organization\"},\"potentialAction\":[{\"@type\":\"SearchAction\",\"target\":{\"@type\":\"EntryPoint\",\"urlTemplate\":\"https:\/\/gremicafe.cat\/?s={search_term_string}\"},\"query-input\":{\"@type\":\"PropertyValueSpecification\",\"valueRequired\":true,\"valueName\":\"search_term_string\"}}],\"inLanguage\":\"es\"},{\"@type\":\"Organization\",\"@id\":\"https:\/\/gremicafe.cat\/#organization\",\"name\":\"Gremi del Caf\u00e8, Torradors de Catalunya\",\"url\":\"https:\/\/gremicafe.cat\/\",\"logo\":{\"@type\":\"ImageObject\",\"inLanguage\":\"es\",\"@id\":\"https:\/\/gremicafe.cat\/#\/schema\/logo\/image\/\",\"url\":\"https:\/\/gremicafe.cat\/wp-content\/uploads\/2018\/03\/gremicafe-logo250.png\",\"contentUrl\":\"https:\/\/gremicafe.cat\/wp-content\/uploads\/2018\/03\/gremicafe-logo250.png\",\"width\":250,\"height\":49,\"caption\":\"Gremi del Caf\u00e8, Torradors de Catalunya\"},\"image\":{\"@id\":\"https:\/\/gremicafe.cat\/#\/schema\/logo\/image\/\"},\"sameAs\":[\"https:\/\/www.facebook.com\/gremicafecat\",\"https:\/\/x.com\/gremicafecat\",\"https:\/\/www.instagram.com\/gremicafecat\/\",\"https:\/\/www.pinterest.es\/gremicafecat\/\",\"https:\/\/www.youtube.com\/channel\/UCGLo5Y35vLwLvP4FrPZrCrw\/\"]},{\"@type\":\"Person\",\"@id\":\"https:\/\/gremicafe.cat\/#\/schema\/person\/dabfdbb3d0fa36260855a380f94e4733\",\"name\":\"gremicafe\",\"image\":{\"@type\":\"ImageObject\",\"inLanguage\":\"es\",\"@id\":\"https:\/\/gremicafe.cat\/#\/schema\/person\/image\/\",\"url\":\"https:\/\/secure.gravatar.com\/avatar\/e59baa4ca8f6f97576d6375fb6d3c8f0?s=96&d=mm&r=g\",\"contentUrl\":\"https:\/\/secure.gravatar.com\/avatar\/e59baa4ca8f6f97576d6375fb6d3c8f0?s=96&d=mm&r=g\",\"caption\":\"gremicafe\"}}]}<\/script>\n<!-- \/ Yoast SEO plugin. -->","yoast_head_json":{"title":"Els\u00a0Marcilla\u00a0no es desenganxen del caf\u00e8 - Gremi del Caf\u00e8, torradors de Catalunya","robots":{"index":"index","follow":"follow","max-snippet":"max-snippet:-1","max-image-preview":"max-image-preview:large","max-video-preview":"max-video-preview:-1"},"canonical":"https:\/\/gremicafe.cat\/es\/2018\/10\/23\/els-marcilla-no-es-desenganxen-del-cafe\/","og_locale":"es_ES","og_type":"article","og_title":"Els\u00a0Marcilla\u00a0no es desenganxen del caf\u00e8 - Gremi del Caf\u00e8, torradors de Catalunya","og_url":"https:\/\/gremicafe.cat\/es\/2018\/10\/23\/els-marcilla-no-es-desenganxen-del-cafe\/","og_site_name":"Gremi del Caf\u00e8, torradors de Catalunya","article_publisher":"https:\/\/www.facebook.com\/gremicafecat","article_published_time":"2018-10-23T15:29:18+00:00","article_modified_time":"2018-10-23T15:34:07+00:00","og_image":[{"width":640,"height":380,"url":"https:\/\/gremicafe.cat\/wp-content\/uploads\/2018\/10\/julian-marcilla-8_11_640x380.jpeg","type":"image\/jpeg"}],"author":"gremicafe","twitter_card":"summary_large_image","twitter_creator":"@gremicafecat","twitter_site":"@gremicafecat","twitter_misc":{"Escrito por":"gremicafe","Tiempo de lectura":"1 minuto"},"schema":{"@context":"https:\/\/schema.org","@graph":[{"@type":"Article","@id":"https:\/\/gremicafe.cat\/2018\/10\/23\/els-marcilla-no-es-desenganxen-del-cafe\/#article","isPartOf":{"@id":"https:\/\/gremicafe.cat\/2018\/10\/23\/els-marcilla-no-es-desenganxen-del-cafe\/"},"author":{"name":"gremicafe","@id":"https:\/\/gremicafe.cat\/#\/schema\/person\/dabfdbb3d0fa36260855a380f94e4733"},"headline":"Els\u00a0Marcilla\u00a0no es desenganxen del caf\u00e8","datePublished":"2018-10-23T15:29:18+00:00","dateModified":"2018-10-23T15:34:07+00:00","mainEntityOfPage":{"@id":"https:\/\/gremicafe.cat\/2018\/10\/23\/els-marcilla-no-es-desenganxen-del-cafe\/"},"wordCount":241,"publisher":{"@id":"https:\/\/gremicafe.cat\/#organization"},"image":{"@id":"https:\/\/gremicafe.cat\/2018\/10\/23\/els-marcilla-no-es-desenganxen-del-cafe\/#primaryimage"},"thumbnailUrl":"https:\/\/gremicafe.cat\/wp-content\/uploads\/2018\/10\/julian-marcilla-8_11_640x380.jpeg","articleSection":["Not\u00edcies"],"inLanguage":"es"},{"@type":"WebPage","@id":"https:\/\/gremicafe.cat\/2018\/10\/23\/els-marcilla-no-es-desenganxen-del-cafe\/","url":"https:\/\/gremicafe.cat\/2018\/10\/23\/els-marcilla-no-es-desenganxen-del-cafe\/","name":"Els\u00a0Marcilla\u00a0no es desenganxen del caf\u00e8 - Gremi del Caf\u00e8, torradors de Catalunya","isPartOf":{"@id":"https:\/\/gremicafe.cat\/#website"},"primaryImageOfPage":{"@id":"https:\/\/gremicafe.cat\/2018\/10\/23\/els-marcilla-no-es-desenganxen-del-cafe\/#primaryimage"},"image":{"@id":"https:\/\/gremicafe.cat\/2018\/10\/23\/els-marcilla-no-es-desenganxen-del-cafe\/#primaryimage"},"thumbnailUrl":"https:\/\/gremicafe.cat\/wp-content\/uploads\/2018\/10\/julian-marcilla-8_11_640x380.jpeg","datePublished":"2018-10-23T15:29:18+00:00","dateModified":"2018-10-23T15:34:07+00:00","breadcrumb":{"@id":"https:\/\/gremicafe.cat\/2018\/10\/23\/els-marcilla-no-es-desenganxen-del-cafe\/#breadcrumb"},"inLanguage":"es","potentialAction":[{"@type":"ReadAction","target":["https:\/\/gremicafe.cat\/2018\/10\/23\/els-marcilla-no-es-desenganxen-del-cafe\/"]}]},{"@type":"ImageObject","inLanguage":"es","@id":"https:\/\/gremicafe.cat\/2018\/10\/23\/els-marcilla-no-es-desenganxen-del-cafe\/#primaryimage","url":"https:\/\/gremicafe.cat\/wp-content\/uploads\/2018\/10\/julian-marcilla-8_11_640x380.jpeg","contentUrl":"https:\/\/gremicafe.cat\/wp-content\/uploads\/2018\/10\/julian-marcilla-8_11_640x380.jpeg","width":640,"height":380,"caption":"Juli\u00e1n\u00a0Marcilla, n\u00e9t del fundador de\u00a0Marcilla\u00a0i director general de\u00a0Dibarcaf\u00e9\u00a0| Foto: Bernat Millet"},{"@type":"BreadcrumbList","@id":"https:\/\/gremicafe.cat\/2018\/10\/23\/els-marcilla-no-es-desenganxen-del-cafe\/#breadcrumb","itemListElement":[{"@type":"ListItem","position":1,"name":"Inici","item":"https:\/\/gremicafe.cat\/"},{"@type":"ListItem","position":2,"name":"Els\u00a0Marcilla\u00a0no es desenganxen del caf\u00e8"}]},{"@type":"WebSite","@id":"https:\/\/gremicafe.cat\/#website","url":"https:\/\/gremicafe.cat\/","name":"Gremio del Caf\u00e9, tostadores de Catalu\u00f1a","description":"Web oficial del gremio de tostadores de caf\u00e9 de Catalunya","publisher":{"@id":"https:\/\/gremicafe.cat\/#organization"},"potentialAction":[{"@type":"SearchAction","target":{"@type":"EntryPoint","urlTemplate":"https:\/\/gremicafe.cat\/?s={search_term_string}"},"query-input":{"@type":"PropertyValueSpecification","valueRequired":true,"valueName":"search_term_string"}}],"inLanguage":"es"},{"@type":"Organization","@id":"https:\/\/gremicafe.cat\/#organization","name":"Gremio del Caf\u00e9, Tostadores de Catalu\u00f1a","url":"https:\/\/gremicafe.cat\/","logo":{"@type":"ImageObject","inLanguage":"es","@id":"https:\/\/gremicafe.cat\/#\/schema\/logo\/image\/","url":"https:\/\/gremicafe.cat\/wp-content\/uploads\/2018\/03\/gremicafe-logo250.png","contentUrl":"https:\/\/gremicafe.cat\/wp-content\/uploads\/2018\/03\/gremicafe-logo250.png","width":250,"height":49,"caption":"Gremi del Caf\u00e8, Torradors de Catalunya"},"image":{"@id":"https:\/\/gremicafe.cat\/#\/schema\/logo\/image\/"},"sameAs":["https:\/\/www.facebook.com\/gremicafecat","https:\/\/x.com\/gremicafecat","https:\/\/www.instagram.com\/gremicafecat\/","https:\/\/www.pinterest.es\/gremicafecat\/","https:\/\/www.youtube.com\/channel\/UCGLo5Y35vLwLvP4FrPZrCrw\/"]},{"@type":"Person","@id":"https:\/\/gremicafe.cat\/#\/schema\/person\/dabfdbb3d0fa36260855a380f94e4733","name":"gremicafe","image":{"@type":"ImageObject","inLanguage":"es","@id":"https:\/\/gremicafe.cat\/#\/schema\/person\/image\/","url":"https:\/\/secure.gravatar.com\/avatar\/e59baa4ca8f6f97576d6375fb6d3c8f0?s=96&d=mm&r=g","contentUrl":"https:\/\/secure.gravatar.com\/avatar\/e59baa4ca8f6f97576d6375fb6d3c8f0?s=96&d=mm&r=g","caption":"gremicafe"}}]}},"_links":{"self":[{"href":"https:\/\/gremicafe.cat\/es\/wp-json\/wp\/v2\/posts\/4435"}],"collection":[{"href":"https:\/\/gremicafe.cat\/es\/wp-json\/wp\/v2\/posts"}],"about":[{"href":"https:\/\/gremicafe.cat\/es\/wp-json\/wp\/v2\/types\/post"}],"author":[{"embeddable":true,"href":"https:\/\/gremicafe.cat\/es\/wp-json\/wp\/v2\/users\/1"}],"replies":[{"embeddable":true,"href":"https:\/\/gremicafe.cat\/es\/wp-json\/wp\/v2\/comments?post=4435"}],"version-history":[{"count":0,"href":"https:\/\/gremicafe.cat\/es\/wp-json\/wp\/v2\/posts\/4435\/revisions"}],"wp:featuredmedia":[{"embeddable":true,"href":"https:\/\/gremicafe.cat\/es\/wp-json\/wp\/v2\/media\/4436"}],"wp:attachment":[{"href":"https:\/\/gremicafe.cat\/es\/wp-json\/wp\/v2\/media?parent=4435"}],"wp:term":[{"taxonomy":"category","embeddable":true,"href":"https:\/\/gremicafe.cat\/es\/wp-json\/wp\/v2\/categories?post=4435"},{"taxonomy":"post_tag","embeddable":true,"href":"https:\/\/gremicafe.cat\/es\/wp-json\/wp\/v2\/tags?post=4435"}],"curies":[{"name":"wp","href":"https:\/\/api.w.org\/{rel}","templated":true}]}}