{"id":4451,"date":"2018-10-31T10:57:22","date_gmt":"2018-10-31T08:57:22","guid":{"rendered":"https:\/\/gremicafe.cat\/?p=4451"},"modified":"2018-11-07T11:02:18","modified_gmt":"2018-11-07T09:02:18","slug":"anna-medel-patrocinada-per-cafes-cornella-guanya-el-xiii-campionat-barista-de-catalunya","status":"publish","type":"post","link":"https:\/\/gremicafe.cat\/es\/2018\/10\/31\/anna-medel-patrocinada-per-cafes-cornella-guanya-el-xiii-campionat-barista-de-catalunya\/","title":{"rendered":"Anna Medel, patrocinada por Caf\u00e8s Cornell\u00e0, gana el XIII Campeonato Barista de Catalu\u00f1a"},"content":{"rendered":"<div id=\"ut-row-69f42c61ecf13\" data-vc-full-width=\"true\" data-vc-full-width-init=\"false\" class=\"vc_row wpb_row vc_row-fluid vc_column-gap-0 ut-row-69f42c61ecf2c\" ><div class=\"wpb_column vc_column_container vc_col-sm-12\" ><div id=\"ut_inner_column_69f42c61ed5c6\" class=\"vc_column-inner\"><div class=\"wpb_wrapper\">\n\t<div class=\"wpb_text_column wpb_content_element\" >\n\t\t<div class=\"wpb_wrapper\">\n\t\t\t<p class=\"p1\"><span class=\"s1\">La barista Anna Medel ha conseguido el t\u00edtulo de Mejor Barista de Catalu\u00f1a, en la XIII edici\u00f3n del Campeonato Barista de esta comunidad, celebrado el mi\u00e9rcoles <\/span><span class=\"s2\">31 de octubre<\/span><span class=\"s1\"> en El Silo de Fornells de la Selva (Girona). Anna representar\u00e1 a Catalu\u00f1a en la Final del XIII Campeonato Nacional de Baristas F\u00f3rum Caf\u00e9, que se celebrar\u00e1 el pr\u00f3ximo a\u00f1o 2019.<\/span><\/p>\n<p class=\"p1\"><span class=\"s1\">El segundo puesto correspondi\u00f3 a Ester Orna, patrocinada por Caf\u00e8s Batalla y el tercero a Xavier Catal\u00e0, patrocinado por Caf\u00e8s Batalla.<\/span><\/p>\n<p class=\"p1\"><span class=\"s1\">Organizado por el F\u00f3rum Cultural del Caf\u00e9 y coorganizado por Gremi del Caf\u00e9, Anternativa 3, Caf\u00e8s Cornell\u00e0 y Caf\u00e8s Batalla, la XIII edici\u00f3n del Campeonato Barista de Catalu\u00f1a ha contado con la participaci\u00f3n de cinco de los mejores expertos en caf\u00e9 procedentes de diversos puntos de la comunidad.<\/span><\/p>\n\n\t\t<\/div>\n\t<\/div>\n<div  class=\"wpb_content_element   clearfix\"><style type=\"text\/css\" scoped>#ut_am_69f42c61edec0 { opacity: 1; }<\/style><div id=\"ut_am_wrap_69f42c61edec1\" class=\"ut-image-gallery-image\" style=\"text-align:left;\"><div class=\"ut-animated-image-item ut-image-gallery-item ut-animation-done\"><a class=\"ut-deactivated-link\" href=\"#\"><img loading=\"lazy\" decoding=\"async\" title=\"gremicafe-Catalunya-1000\" id=\"ut_am_69f42c61edec0\" style=\"\" src=\"https:\/\/gremicafe.cat\/wp-content\/uploads\/2018\/11\/gremicafe-Catalunya-1000.jpg\" width=\"1000\" height=\"667\" alt=\"\"\/><\/a><\/div><\/div><\/div>\n\t<div class=\"wpb_text_column wpb_content_element\" >\n\t\t<div class=\"wpb_wrapper\">\n\t\t\t<p class=\"p1\"><span class=\"s1\">Anna Medel, patrocinada por Caf\u00e8s Cornell\u00e0, ha demostrado durante su ejercicio un impecable dominio de la t\u00e9cnica barista y conocimiento del caf\u00e9. Ha contado con 16 minutos para preparar 4 caf\u00e9s espressos, 2 cappuccinos latte art y 2 bebidas de caf\u00e9. Para su combinado con alcohol y titulado Cherry Coffee, Anna ha utilizado caf\u00e9 espresso, alm\u00edbar de cereza, agua de cereza, chocolate trufado y brandy macerado. Como resultado, una atractiva bebida de sabor y aroma muy agradable, seg\u00fan palabras de los jueces de la competici\u00f3n.<\/span><\/p>\n<p class=\"p1\"><span class=\"s1\">En este Campeonato tambi\u00e9n se ha premiado al Mejor Espresso, el Mejor Cappuccino Latte Art, y la Mejor Bebida de Especialidad, galardones que se han tra\u00eddo Ester Orna, Anna Medel y Anna Medel, respectivamente.<\/span><\/p>\n<p class=\"p1\"><span class=\"s1\">Cada barista cont\u00f3 con 16 minutos para presentar su ejercicio, durante el cual tuvo que preparar cuatro espressos, dos cappuccinos arte, y dos bebidas de especialidad con o sin alcohol, a criterio de cada participante. Todo ello bajo la atenta mirada de un equipo de jueces baristas homologados por el F\u00f3rum Cultural del Caf\u00e9: dos jueces sensoriales, David Tom\u00e1s y Alejandro Rodr\u00edguez, dos t\u00e9cnicos, Sergio G\u00f3mez e Iv\u00e1n Fern\u00e1ndez, un juez de control, Mikel Alonso, y un juez l\u00edder, Rub\u00e9n Sanz, que han evaluado la t\u00e9cnica, la calidad y la originalidad de las bebidas, as\u00ed como la puesta en escena y la precisi\u00f3n con que los baristas participantes describ\u00edan cada uno de sus preparados y cualidades.<\/span><\/p>\n<p class=\"p1\"><span class=\"s1\">\u00a0<\/span><span class=\"s1\">El XIII Campeonato de Baristas de Catalu\u00f1a ha sido organizado por F\u00f3rum Cultural del Caf\u00e9, con la coorganizaci\u00f3n de Gremio del Caf\u00e9, Anternativa 3, Caf\u00e9s Cornell\u00e0 y Caf\u00e9s Batalla; el patrocinio de Crem International, Compak, Comercial Vipasa, Calidad Pascual, Lotus Bakeries, Chocolates Reybar, Complementos del Caf\u00e9, Brita y Sucres Prieto y la colaboraci\u00f3n de Bezoya.<\/span><\/p>\n\n\t\t<\/div>\n\t<\/div>\n<\/div><\/div><\/div><\/div><div class=\"vc_row-full-width vc_clearfix\"><\/div>","protected":false},"excerpt":{"rendered":"La barista Anna Medel ha aconseguit el t\u00edtol de Millor Barista de Catalunya, en la XIII edici\u00f3 del Campionat Barista d'aquesta comunitat, celebrat dimecres 31 d\u2019octubre a La Sitja de Fornells de la Selva (Girona). Anna representar\u00e0 a Catalunya en la Final del XIII Campionat Nacional de Baristas F\u00f3rum Caf\u00e8, que se celebrar\u00e0 el pr\u00f2xim [...]","protected":false},"author":1,"featured_media":4455,"comment_status":"closed","ping_status":"open","sticky":false,"template":"","format":"standard","meta":{"_acf_changed":false,"inline_featured_image":false,"footnotes":""},"categories":[1],"tags":[],"class_list":["post-4451","post","type-post","status-publish","format-standard","has-post-thumbnail","hentry","category-noticies"],"acf":[],"yoast_head":"<!-- This site is optimized with the Yoast SEO plugin v25.5 - https:\/\/yoast.com\/wordpress\/plugins\/seo\/ -->\n<title>Anna Medel, patrocinada per Caf\u00e8s Cornell\u00e0, guanya el XIII Campionat Barista de Catalunya - Gremi del Caf\u00e8, torradors de Catalunya<\/title>\n<meta name=\"robots\" content=\"index, follow, max-snippet:-1, max-image-preview:large, max-video-preview:-1\" \/>\n<link rel=\"canonical\" href=\"https:\/\/gremicafe.cat\/es\/2018\/10\/31\/anna-medel-patrocinada-per-cafes-cornella-guanya-el-xiii-campionat-barista-de-catalunya\/\" \/>\n<meta property=\"og:locale\" content=\"es_ES\" \/>\n<meta property=\"og:type\" content=\"article\" \/>\n<meta property=\"og:title\" content=\"Anna Medel, patrocinada per Caf\u00e8s Cornell\u00e0, guanya el XIII Campionat Barista de Catalunya - Gremi del Caf\u00e8, torradors de Catalunya\" \/>\n<meta property=\"og:url\" content=\"https:\/\/gremicafe.cat\/es\/2018\/10\/31\/anna-medel-patrocinada-per-cafes-cornella-guanya-el-xiii-campionat-barista-de-catalunya\/\" \/>\n<meta property=\"og:site_name\" content=\"Gremi del Caf\u00e8, torradors de Catalunya\" \/>\n<meta property=\"article:publisher\" content=\"https:\/\/www.facebook.com\/gremicafecat\" \/>\n<meta property=\"article:published_time\" content=\"2018-10-31T08:57:22+00:00\" \/>\n<meta property=\"article:modified_time\" content=\"2018-11-07T09:02:18+00:00\" \/>\n<meta property=\"og:image\" content=\"https:\/\/gremicafe.cat\/wp-content\/uploads\/2018\/11\/gremicafe-Catalunya-1000.jpg\" \/>\n\t<meta property=\"og:image:width\" content=\"1000\" \/>\n\t<meta property=\"og:image:height\" content=\"667\" \/>\n\t<meta property=\"og:image:type\" content=\"image\/jpeg\" \/>\n<meta name=\"author\" content=\"gremicafe\" \/>\n<meta name=\"twitter:card\" content=\"summary_large_image\" \/>\n<meta name=\"twitter:creator\" content=\"@gremicafecat\" \/>\n<meta name=\"twitter:site\" content=\"@gremicafecat\" \/>\n<meta name=\"twitter:label1\" content=\"Escrito por\" \/>\n\t<meta name=\"twitter:data1\" content=\"gremicafe\" \/>\n\t<meta name=\"twitter:label2\" content=\"Tiempo de lectura\" \/>\n\t<meta name=\"twitter:data2\" content=\"2 minutos\" \/>\n<script type=\"application\/ld+json\" class=\"yoast-schema-graph\">{\"@context\":\"https:\/\/schema.org\",\"@graph\":[{\"@type\":\"Article\",\"@id\":\"https:\/\/gremicafe.cat\/2018\/10\/31\/anna-medel-patrocinada-per-cafes-cornella-guanya-el-xiii-campionat-barista-de-catalunya\/#article\",\"isPartOf\":{\"@id\":\"https:\/\/gremicafe.cat\/2018\/10\/31\/anna-medel-patrocinada-per-cafes-cornella-guanya-el-xiii-campionat-barista-de-catalunya\/\"},\"author\":{\"name\":\"gremicafe\",\"@id\":\"https:\/\/gremicafe.cat\/#\/schema\/person\/dabfdbb3d0fa36260855a380f94e4733\"},\"headline\":\"Anna Medel, patrocinada per Caf\u00e8s Cornell\u00e0, guanya el XIII Campionat Barista de Catalunya\",\"datePublished\":\"2018-10-31T08:57:22+00:00\",\"dateModified\":\"2018-11-07T09:02:18+00:00\",\"mainEntityOfPage\":{\"@id\":\"https:\/\/gremicafe.cat\/2018\/10\/31\/anna-medel-patrocinada-per-cafes-cornella-guanya-el-xiii-campionat-barista-de-catalunya\/\"},\"wordCount\":471,\"publisher\":{\"@id\":\"https:\/\/gremicafe.cat\/#organization\"},\"image\":{\"@id\":\"https:\/\/gremicafe.cat\/2018\/10\/31\/anna-medel-patrocinada-per-cafes-cornella-guanya-el-xiii-campionat-barista-de-catalunya\/#primaryimage\"},\"thumbnailUrl\":\"https:\/\/gremicafe.cat\/wp-content\/uploads\/2018\/11\/gremicafe-Catalunya-1000.jpg\",\"articleSection\":[\"Not\u00edcies\"],\"inLanguage\":\"es\"},{\"@type\":\"WebPage\",\"@id\":\"https:\/\/gremicafe.cat\/2018\/10\/31\/anna-medel-patrocinada-per-cafes-cornella-guanya-el-xiii-campionat-barista-de-catalunya\/\",\"url\":\"https:\/\/gremicafe.cat\/2018\/10\/31\/anna-medel-patrocinada-per-cafes-cornella-guanya-el-xiii-campionat-barista-de-catalunya\/\",\"name\":\"Anna Medel, patrocinada per Caf\u00e8s Cornell\u00e0, guanya el XIII Campionat Barista de Catalunya - Gremi del Caf\u00e8, torradors de Catalunya\",\"isPartOf\":{\"@id\":\"https:\/\/gremicafe.cat\/#website\"},\"primaryImageOfPage\":{\"@id\":\"https:\/\/gremicafe.cat\/2018\/10\/31\/anna-medel-patrocinada-per-cafes-cornella-guanya-el-xiii-campionat-barista-de-catalunya\/#primaryimage\"},\"image\":{\"@id\":\"https:\/\/gremicafe.cat\/2018\/10\/31\/anna-medel-patrocinada-per-cafes-cornella-guanya-el-xiii-campionat-barista-de-catalunya\/#primaryimage\"},\"thumbnailUrl\":\"https:\/\/gremicafe.cat\/wp-content\/uploads\/2018\/11\/gremicafe-Catalunya-1000.jpg\",\"datePublished\":\"2018-10-31T08:57:22+00:00\",\"dateModified\":\"2018-11-07T09:02:18+00:00\",\"breadcrumb\":{\"@id\":\"https:\/\/gremicafe.cat\/2018\/10\/31\/anna-medel-patrocinada-per-cafes-cornella-guanya-el-xiii-campionat-barista-de-catalunya\/#breadcrumb\"},\"inLanguage\":\"es\",\"potentialAction\":[{\"@type\":\"ReadAction\",\"target\":[\"https:\/\/gremicafe.cat\/2018\/10\/31\/anna-medel-patrocinada-per-cafes-cornella-guanya-el-xiii-campionat-barista-de-catalunya\/\"]}]},{\"@type\":\"ImageObject\",\"inLanguage\":\"es\",\"@id\":\"https:\/\/gremicafe.cat\/2018\/10\/31\/anna-medel-patrocinada-per-cafes-cornella-guanya-el-xiii-campionat-barista-de-catalunya\/#primaryimage\",\"url\":\"https:\/\/gremicafe.cat\/wp-content\/uploads\/2018\/11\/gremicafe-Catalunya-1000.jpg\",\"contentUrl\":\"https:\/\/gremicafe.cat\/wp-content\/uploads\/2018\/11\/gremicafe-Catalunya-1000.jpg\",\"width\":1000,\"height\":667},{\"@type\":\"BreadcrumbList\",\"@id\":\"https:\/\/gremicafe.cat\/2018\/10\/31\/anna-medel-patrocinada-per-cafes-cornella-guanya-el-xiii-campionat-barista-de-catalunya\/#breadcrumb\",\"itemListElement\":[{\"@type\":\"ListItem\",\"position\":1,\"name\":\"Inici\",\"item\":\"https:\/\/gremicafe.cat\/\"},{\"@type\":\"ListItem\",\"position\":2,\"name\":\"Anna Medel, patrocinada per Caf\u00e8s Cornell\u00e0, guanya el XIII Campionat Barista de Catalunya\"}]},{\"@type\":\"WebSite\",\"@id\":\"https:\/\/gremicafe.cat\/#website\",\"url\":\"https:\/\/gremicafe.cat\/\",\"name\":\"Gremi del Caf\u00e8, torradors de Catalunya\",\"description\":\"Web oficial del gremi de torradors de caf\u00e8 de Catalunya\",\"publisher\":{\"@id\":\"https:\/\/gremicafe.cat\/#organization\"},\"potentialAction\":[{\"@type\":\"SearchAction\",\"target\":{\"@type\":\"EntryPoint\",\"urlTemplate\":\"https:\/\/gremicafe.cat\/?s={search_term_string}\"},\"query-input\":{\"@type\":\"PropertyValueSpecification\",\"valueRequired\":true,\"valueName\":\"search_term_string\"}}],\"inLanguage\":\"es\"},{\"@type\":\"Organization\",\"@id\":\"https:\/\/gremicafe.cat\/#organization\",\"name\":\"Gremi del Caf\u00e8, Torradors de Catalunya\",\"url\":\"https:\/\/gremicafe.cat\/\",\"logo\":{\"@type\":\"ImageObject\",\"inLanguage\":\"es\",\"@id\":\"https:\/\/gremicafe.cat\/#\/schema\/logo\/image\/\",\"url\":\"https:\/\/gremicafe.cat\/wp-content\/uploads\/2018\/03\/gremicafe-logo250.png\",\"contentUrl\":\"https:\/\/gremicafe.cat\/wp-content\/uploads\/2018\/03\/gremicafe-logo250.png\",\"width\":250,\"height\":49,\"caption\":\"Gremi del Caf\u00e8, Torradors de Catalunya\"},\"image\":{\"@id\":\"https:\/\/gremicafe.cat\/#\/schema\/logo\/image\/\"},\"sameAs\":[\"https:\/\/www.facebook.com\/gremicafecat\",\"https:\/\/x.com\/gremicafecat\",\"https:\/\/www.instagram.com\/gremicafecat\/\",\"https:\/\/www.pinterest.es\/gremicafecat\/\",\"https:\/\/www.youtube.com\/channel\/UCGLo5Y35vLwLvP4FrPZrCrw\/\"]},{\"@type\":\"Person\",\"@id\":\"https:\/\/gremicafe.cat\/#\/schema\/person\/dabfdbb3d0fa36260855a380f94e4733\",\"name\":\"gremicafe\",\"image\":{\"@type\":\"ImageObject\",\"inLanguage\":\"es\",\"@id\":\"https:\/\/gremicafe.cat\/#\/schema\/person\/image\/\",\"url\":\"https:\/\/secure.gravatar.com\/avatar\/e59baa4ca8f6f97576d6375fb6d3c8f0?s=96&d=mm&r=g\",\"contentUrl\":\"https:\/\/secure.gravatar.com\/avatar\/e59baa4ca8f6f97576d6375fb6d3c8f0?s=96&d=mm&r=g\",\"caption\":\"gremicafe\"}}]}<\/script>\n<!-- \/ Yoast SEO plugin. -->","yoast_head_json":{"title":"Anna Medel, patrocinada per Caf\u00e8s Cornell\u00e0, guanya el XIII Campionat Barista de Catalunya - Gremi del Caf\u00e8, torradors de Catalunya","robots":{"index":"index","follow":"follow","max-snippet":"max-snippet:-1","max-image-preview":"max-image-preview:large","max-video-preview":"max-video-preview:-1"},"canonical":"https:\/\/gremicafe.cat\/es\/2018\/10\/31\/anna-medel-patrocinada-per-cafes-cornella-guanya-el-xiii-campionat-barista-de-catalunya\/","og_locale":"es_ES","og_type":"article","og_title":"Anna Medel, patrocinada per Caf\u00e8s Cornell\u00e0, guanya el XIII Campionat Barista de Catalunya - Gremi del Caf\u00e8, torradors de Catalunya","og_url":"https:\/\/gremicafe.cat\/es\/2018\/10\/31\/anna-medel-patrocinada-per-cafes-cornella-guanya-el-xiii-campionat-barista-de-catalunya\/","og_site_name":"Gremi del Caf\u00e8, torradors de Catalunya","article_publisher":"https:\/\/www.facebook.com\/gremicafecat","article_published_time":"2018-10-31T08:57:22+00:00","article_modified_time":"2018-11-07T09:02:18+00:00","og_image":[{"width":1000,"height":667,"url":"https:\/\/gremicafe.cat\/wp-content\/uploads\/2018\/11\/gremicafe-Catalunya-1000.jpg","type":"image\/jpeg"}],"author":"gremicafe","twitter_card":"summary_large_image","twitter_creator":"@gremicafecat","twitter_site":"@gremicafecat","twitter_misc":{"Escrito por":"gremicafe","Tiempo de lectura":"2 minutos"},"schema":{"@context":"https:\/\/schema.org","@graph":[{"@type":"Article","@id":"https:\/\/gremicafe.cat\/2018\/10\/31\/anna-medel-patrocinada-per-cafes-cornella-guanya-el-xiii-campionat-barista-de-catalunya\/#article","isPartOf":{"@id":"https:\/\/gremicafe.cat\/2018\/10\/31\/anna-medel-patrocinada-per-cafes-cornella-guanya-el-xiii-campionat-barista-de-catalunya\/"},"author":{"name":"gremicafe","@id":"https:\/\/gremicafe.cat\/#\/schema\/person\/dabfdbb3d0fa36260855a380f94e4733"},"headline":"Anna Medel, patrocinada per Caf\u00e8s Cornell\u00e0, guanya el XIII Campionat Barista de Catalunya","datePublished":"2018-10-31T08:57:22+00:00","dateModified":"2018-11-07T09:02:18+00:00","mainEntityOfPage":{"@id":"https:\/\/gremicafe.cat\/2018\/10\/31\/anna-medel-patrocinada-per-cafes-cornella-guanya-el-xiii-campionat-barista-de-catalunya\/"},"wordCount":471,"publisher":{"@id":"https:\/\/gremicafe.cat\/#organization"},"image":{"@id":"https:\/\/gremicafe.cat\/2018\/10\/31\/anna-medel-patrocinada-per-cafes-cornella-guanya-el-xiii-campionat-barista-de-catalunya\/#primaryimage"},"thumbnailUrl":"https:\/\/gremicafe.cat\/wp-content\/uploads\/2018\/11\/gremicafe-Catalunya-1000.jpg","articleSection":["Not\u00edcies"],"inLanguage":"es"},{"@type":"WebPage","@id":"https:\/\/gremicafe.cat\/2018\/10\/31\/anna-medel-patrocinada-per-cafes-cornella-guanya-el-xiii-campionat-barista-de-catalunya\/","url":"https:\/\/gremicafe.cat\/2018\/10\/31\/anna-medel-patrocinada-per-cafes-cornella-guanya-el-xiii-campionat-barista-de-catalunya\/","name":"Anna Medel, patrocinada per Caf\u00e8s Cornell\u00e0, guanya el XIII Campionat Barista de Catalunya - Gremi del Caf\u00e8, torradors de Catalunya","isPartOf":{"@id":"https:\/\/gremicafe.cat\/#website"},"primaryImageOfPage":{"@id":"https:\/\/gremicafe.cat\/2018\/10\/31\/anna-medel-patrocinada-per-cafes-cornella-guanya-el-xiii-campionat-barista-de-catalunya\/#primaryimage"},"image":{"@id":"https:\/\/gremicafe.cat\/2018\/10\/31\/anna-medel-patrocinada-per-cafes-cornella-guanya-el-xiii-campionat-barista-de-catalunya\/#primaryimage"},"thumbnailUrl":"https:\/\/gremicafe.cat\/wp-content\/uploads\/2018\/11\/gremicafe-Catalunya-1000.jpg","datePublished":"2018-10-31T08:57:22+00:00","dateModified":"2018-11-07T09:02:18+00:00","breadcrumb":{"@id":"https:\/\/gremicafe.cat\/2018\/10\/31\/anna-medel-patrocinada-per-cafes-cornella-guanya-el-xiii-campionat-barista-de-catalunya\/#breadcrumb"},"inLanguage":"es","potentialAction":[{"@type":"ReadAction","target":["https:\/\/gremicafe.cat\/2018\/10\/31\/anna-medel-patrocinada-per-cafes-cornella-guanya-el-xiii-campionat-barista-de-catalunya\/"]}]},{"@type":"ImageObject","inLanguage":"es","@id":"https:\/\/gremicafe.cat\/2018\/10\/31\/anna-medel-patrocinada-per-cafes-cornella-guanya-el-xiii-campionat-barista-de-catalunya\/#primaryimage","url":"https:\/\/gremicafe.cat\/wp-content\/uploads\/2018\/11\/gremicafe-Catalunya-1000.jpg","contentUrl":"https:\/\/gremicafe.cat\/wp-content\/uploads\/2018\/11\/gremicafe-Catalunya-1000.jpg","width":1000,"height":667},{"@type":"BreadcrumbList","@id":"https:\/\/gremicafe.cat\/2018\/10\/31\/anna-medel-patrocinada-per-cafes-cornella-guanya-el-xiii-campionat-barista-de-catalunya\/#breadcrumb","itemListElement":[{"@type":"ListItem","position":1,"name":"Inici","item":"https:\/\/gremicafe.cat\/"},{"@type":"ListItem","position":2,"name":"Anna Medel, patrocinada per Caf\u00e8s Cornell\u00e0, guanya el XIII Campionat Barista de Catalunya"}]},{"@type":"WebSite","@id":"https:\/\/gremicafe.cat\/#website","url":"https:\/\/gremicafe.cat\/","name":"Gremio del Caf\u00e9, tostadores de Catalu\u00f1a","description":"Web oficial del gremio de tostadores de caf\u00e9 de Catalunya","publisher":{"@id":"https:\/\/gremicafe.cat\/#organization"},"potentialAction":[{"@type":"SearchAction","target":{"@type":"EntryPoint","urlTemplate":"https:\/\/gremicafe.cat\/?s={search_term_string}"},"query-input":{"@type":"PropertyValueSpecification","valueRequired":true,"valueName":"search_term_string"}}],"inLanguage":"es"},{"@type":"Organization","@id":"https:\/\/gremicafe.cat\/#organization","name":"Gremio del Caf\u00e9, Tostadores de Catalu\u00f1a","url":"https:\/\/gremicafe.cat\/","logo":{"@type":"ImageObject","inLanguage":"es","@id":"https:\/\/gremicafe.cat\/#\/schema\/logo\/image\/","url":"https:\/\/gremicafe.cat\/wp-content\/uploads\/2018\/03\/gremicafe-logo250.png","contentUrl":"https:\/\/gremicafe.cat\/wp-content\/uploads\/2018\/03\/gremicafe-logo250.png","width":250,"height":49,"caption":"Gremi del Caf\u00e8, Torradors de Catalunya"},"image":{"@id":"https:\/\/gremicafe.cat\/#\/schema\/logo\/image\/"},"sameAs":["https:\/\/www.facebook.com\/gremicafecat","https:\/\/x.com\/gremicafecat","https:\/\/www.instagram.com\/gremicafecat\/","https:\/\/www.pinterest.es\/gremicafecat\/","https:\/\/www.youtube.com\/channel\/UCGLo5Y35vLwLvP4FrPZrCrw\/"]},{"@type":"Person","@id":"https:\/\/gremicafe.cat\/#\/schema\/person\/dabfdbb3d0fa36260855a380f94e4733","name":"gremicafe","image":{"@type":"ImageObject","inLanguage":"es","@id":"https:\/\/gremicafe.cat\/#\/schema\/person\/image\/","url":"https:\/\/secure.gravatar.com\/avatar\/e59baa4ca8f6f97576d6375fb6d3c8f0?s=96&d=mm&r=g","contentUrl":"https:\/\/secure.gravatar.com\/avatar\/e59baa4ca8f6f97576d6375fb6d3c8f0?s=96&d=mm&r=g","caption":"gremicafe"}}]}},"_links":{"self":[{"href":"https:\/\/gremicafe.cat\/es\/wp-json\/wp\/v2\/posts\/4451"}],"collection":[{"href":"https:\/\/gremicafe.cat\/es\/wp-json\/wp\/v2\/posts"}],"about":[{"href":"https:\/\/gremicafe.cat\/es\/wp-json\/wp\/v2\/types\/post"}],"author":[{"embeddable":true,"href":"https:\/\/gremicafe.cat\/es\/wp-json\/wp\/v2\/users\/1"}],"replies":[{"embeddable":true,"href":"https:\/\/gremicafe.cat\/es\/wp-json\/wp\/v2\/comments?post=4451"}],"version-history":[{"count":0,"href":"https:\/\/gremicafe.cat\/es\/wp-json\/wp\/v2\/posts\/4451\/revisions"}],"wp:featuredmedia":[{"embeddable":true,"href":"https:\/\/gremicafe.cat\/es\/wp-json\/wp\/v2\/media\/4455"}],"wp:attachment":[{"href":"https:\/\/gremicafe.cat\/es\/wp-json\/wp\/v2\/media?parent=4451"}],"wp:term":[{"taxonomy":"category","embeddable":true,"href":"https:\/\/gremicafe.cat\/es\/wp-json\/wp\/v2\/categories?post=4451"},{"taxonomy":"post_tag","embeddable":true,"href":"https:\/\/gremicafe.cat\/es\/wp-json\/wp\/v2\/tags?post=4451"}],"curies":[{"name":"wp","href":"https:\/\/api.w.org\/{rel}","templated":true}]}}