{"id":4672,"date":"2019-04-16T16:29:10","date_gmt":"2019-04-16T14:29:10","guid":{"rendered":"https:\/\/gremicafe.cat\/?p=4672"},"modified":"2019-04-16T16:37:21","modified_gmt":"2019-04-16T14:37:21","slug":"bracafe-prova-els-cafes-de-les-dones-lencas-dhondures","status":"publish","type":"post","link":"https:\/\/gremicafe.cat\/es\/2019\/04\/16\/bracafe-prova-els-cafes-de-les-dones-lencas-dhondures\/","title":{"rendered":"Bracaf\u00e9 prueba los caf\u00e9s de las mujeres Lencas de Honduras"},"content":{"rendered":"<div id=\"ut-row-69f43a220d604\" data-vc-full-width=\"true\" data-vc-full-width-init=\"false\" class=\"vc_row wpb_row vc_row-fluid vc_column-gap-0 ut-row-69f43a220d613\" ><div class=\"wpb_column vc_column_container vc_col-sm-6\" ><div id=\"ut_inner_column_69f43a220e19b\" class=\"vc_column-inner\"><div class=\"wpb_wrapper\">\n\t<div class=\"wpb_text_column wpb_content_element\" >\n\t\t<div class=\"wpb_wrapper\">\n\t\t\t<p class=\"p1\"><span class=\"s1\">El pueblo lenca es un grupo \u00e9tnico del \u00e1rea cultural mesoamericana ligado a la cultura maya, que tiene su propio idioma, la lengua lenca tambi\u00e9n llamada chilanga, considerada una lengua amenazada. Ocup\u00f3 parte del territorio de Honduras y El Salvador desde tiempos precolombinos.<\/span><\/p>\n<p class=\"p1\"><span class=\"s1\">Las mujeres de \u00e9sta de la Asociaci\u00f3n de Productoras Agr\u00edcolas Mujeres Lencas La Jagua, de Marcala (La Paz-Honduras CA) pertenecen todas a la etnia lenca y conservan sus tradiciones ancestrales.<\/span><\/p>\n<p class=\"p1\"><span class=\"s1\">Su especialidad es el cultivo de caf\u00e9s negro y rojo miel, natural descansado con uvas y SHG est\u00e1ndar, absolutamente Bio.<\/span><\/p>\n<p class=\"p1\"><span class=\"s1\">Los Sres Wilfredo Cardona Pe\u00f1alva y Hern\u00e1n Claros Guevara, representantes de esta asociaci\u00f3n visitaron las instalaciones de BRACAF\u00c9 en la calle Urgell de Barcelona. Tost\u00f3 sus muestras y degust\u00f3 los caf\u00e9s. BRACAF\u00c9.<\/span><\/p>\n\n\t\t<\/div>\n\t<\/div>\n<\/div><\/div><\/div><div class=\"wpb_column vc_column_container vc_col-sm-6\" ><div id=\"ut_inner_column_69f43a220e5c6\" class=\"vc_column-inner\"><div class=\"wpb_wrapper\"><div class=\"wpb_content_element ut-gallery-5  clearfix\">            \n            <script type=\"text\/javascript\">\n                \n                (function($){\n                    \n                    $(document).ready(function(){\n                        \n                                                                        \n                        function get_animated_objects( $all_appeared_elements, effect ) {\n                            \n                            var counter = 0;\n                            \n                            $all_appeared_elements.each(function(){\n                                        \n                                if( $(this).hasClass(effect) ) {\n\n                                    counter++;\n\n                                }\n\n                            });\n                            \n                            return counter;\n                            \n                        }\n                        \n                          \n                    });\n                        \n                })(jQuery);\n            \n            <\/script>\n            \n            <style type=\"text\/css\" scoped>#ut_ig_69f43a220e6c4 .ut-lazy:not(.ut-image-loaded) + .ut-video-module-loading { display:block; }#ut_ig_69f43a220e6c4 .ut-lazy.ut-image-loaded + .ut-video-module-loading { display:none; }<\/style><div id=\"ut_ig_69f43a220e6c4\" class=\"ut-image-gallery  ut-image-gallery-5 clearfix\"><div  data-count=\"1\" class=\"ut-image-gallery-item ut-animation-done grid-100 tablet-grid-100 mobile-grid-100 ut-desktop-last\"><a  class=\"ut-vc-images-lightbox\"  data-exthumbimage=\"https:\/\/gremicafe.cat\/wp-content\/uploads\/2019\/04\/gremicafe-bracafe-honduras-001-720-150x150.jpg\" href=\"https:\/\/gremicafe.cat\/wp-content\/uploads\/2019\/04\/gremicafe-bracafe-honduras-001-720.jpg\"><div class=\"ut-image-gallery-image\"><img loading=\"lazy\" decoding=\"async\"  class=\"ut-desktop-last\" src=\"https:\/\/gremicafe.cat\/wp-content\/uploads\/2019\/04\/gremicafe-bracafe-honduras-001-720-1160x1160.jpg\" width=\"1160\" height=\"1160\"><\/div><\/a><\/div><div class=\"clear hide-on-tablet\"><\/div><div  data-count=\"1\" class=\"ut-image-gallery-item ut-animation-done ut-animation-done grid-100 tablet-grid-100 mobile-grid-100\"><a  class=\"ut-vc-images-lightbox\"  data-exthumbimage=\"https:\/\/gremicafe.cat\/wp-content\/uploads\/2019\/04\/gremicafe-bracafe-honduras-002-720-150x150.jpg\" href=\"https:\/\/gremicafe.cat\/wp-content\/uploads\/2019\/04\/gremicafe-bracafe-honduras-002-720.jpg\"><div class=\"ut-image-gallery-image\"><img loading=\"lazy\" decoding=\"async\"  class=\"\" src=\"https:\/\/gremicafe.cat\/wp-content\/uploads\/2019\/04\/gremicafe-bracafe-honduras-002-720-1160x1160.jpg\" width=\"1160\" height=\"1160\"><\/div><\/a><\/div><div class=\"clear\"><\/div><\/div><\/div>\n\t<div class=\"wpb_text_column wpb_content_element\" >\n\t\t<div class=\"wpb_wrapper\">\n\t\t\t<p><small>Wilfredo Cardona Pe\u00f1alva y Hern\u00e1n Claros Guevara con Xavier de Erausquin en BRACAF\u00c9<\/small><\/p>\n\n\t\t<\/div>\n\t<\/div>\n<\/div><\/div><\/div><\/div><div class=\"vc_row-full-width vc_clearfix\"><\/div>","protected":false},"excerpt":{"rendered":"El poble\u00a0lenca\u00a0\u00e9s un grup \u00e8tnic de l'\u00e0rea cultural mesoamericana lligat a la cultura maia, que t\u00e9 el seu propi idioma, la llengua\u00a0lenca\u00a0tamb\u00e9 anomenada\u00a0chilanga, considerada una llengua amena\u00e7ada. Va ocupar part del territori d'Hondures i El Salvador des de temps precolombins. Les dones d'aquesta de\u00a0la Asociaci\u00f3n\u00a0de Productores\u00a0Agr\u00edcolas\u00a0Mujeres\u00a0Lencas\u00a0La\u00a0Jagua, de\u00a0Marcala\u00a0(La Paz- Hondures C.A.) pertanyen totes a l'\u00e8tnia\u00a0lenca\u00a0i conserven [...]","protected":false},"author":1,"featured_media":4673,"comment_status":"closed","ping_status":"open","sticky":false,"template":"","format":"standard","meta":{"_acf_changed":false,"inline_featured_image":false,"footnotes":""},"categories":[1],"tags":[],"class_list":["post-4672","post","type-post","status-publish","format-standard","has-post-thumbnail","hentry","category-noticies"],"acf":[],"yoast_head":"<!-- This site is optimized with the Yoast SEO plugin v25.5 - https:\/\/yoast.com\/wordpress\/plugins\/seo\/ -->\n<title>Bracaf\u00e9\u00a0prova els caf\u00e8s de les dones Lencas d&#039;Hondures - Gremi del Caf\u00e8, torradors de Catalunya<\/title>\n<meta name=\"robots\" content=\"index, follow, max-snippet:-1, max-image-preview:large, max-video-preview:-1\" \/>\n<link rel=\"canonical\" href=\"https:\/\/gremicafe.cat\/es\/2019\/04\/16\/bracafe-prova-els-cafes-de-les-dones-lencas-dhondures\/\" \/>\n<meta property=\"og:locale\" content=\"es_ES\" \/>\n<meta property=\"og:type\" content=\"article\" \/>\n<meta property=\"og:title\" content=\"Bracaf\u00e9\u00a0prova els caf\u00e8s de les dones Lencas d&#039;Hondures - Gremi del Caf\u00e8, torradors de Catalunya\" \/>\n<meta property=\"og:url\" content=\"https:\/\/gremicafe.cat\/es\/2019\/04\/16\/bracafe-prova-els-cafes-de-les-dones-lencas-dhondures\/\" \/>\n<meta property=\"og:site_name\" content=\"Gremi del Caf\u00e8, torradors de Catalunya\" \/>\n<meta property=\"article:publisher\" content=\"https:\/\/www.facebook.com\/gremicafecat\" \/>\n<meta property=\"article:published_time\" content=\"2019-04-16T14:29:10+00:00\" \/>\n<meta property=\"article:modified_time\" content=\"2019-04-16T14:37:21+00:00\" \/>\n<meta property=\"og:image\" content=\"https:\/\/gremicafe.cat\/wp-content\/uploads\/2019\/04\/gremicafe-bracafe-honduras-001-720.jpg\" \/>\n\t<meta property=\"og:image:width\" content=\"720\" \/>\n\t<meta property=\"og:image:height\" content=\"960\" \/>\n\t<meta property=\"og:image:type\" content=\"image\/jpeg\" \/>\n<meta name=\"author\" content=\"gremicafe\" \/>\n<meta name=\"twitter:card\" content=\"summary_large_image\" \/>\n<meta name=\"twitter:creator\" content=\"@gremicafecat\" \/>\n<meta name=\"twitter:site\" content=\"@gremicafecat\" \/>\n<meta name=\"twitter:label1\" content=\"Escrito por\" \/>\n\t<meta name=\"twitter:data1\" content=\"gremicafe\" \/>\n\t<meta name=\"twitter:label2\" content=\"Tiempo de lectura\" \/>\n\t<meta name=\"twitter:data2\" content=\"1 minuto\" \/>\n<script type=\"application\/ld+json\" class=\"yoast-schema-graph\">{\"@context\":\"https:\/\/schema.org\",\"@graph\":[{\"@type\":\"Article\",\"@id\":\"https:\/\/gremicafe.cat\/2019\/04\/16\/bracafe-prova-els-cafes-de-les-dones-lencas-dhondures\/#article\",\"isPartOf\":{\"@id\":\"https:\/\/gremicafe.cat\/2019\/04\/16\/bracafe-prova-els-cafes-de-les-dones-lencas-dhondures\/\"},\"author\":{\"name\":\"gremicafe\",\"@id\":\"https:\/\/gremicafe.cat\/#\/schema\/person\/dabfdbb3d0fa36260855a380f94e4733\"},\"headline\":\"Bracaf\u00e9\u00a0prova els caf\u00e8s de les dones Lencas d&#8217;Hondures\",\"datePublished\":\"2019-04-16T14:29:10+00:00\",\"dateModified\":\"2019-04-16T14:37:21+00:00\",\"mainEntityOfPage\":{\"@id\":\"https:\/\/gremicafe.cat\/2019\/04\/16\/bracafe-prova-els-cafes-de-les-dones-lencas-dhondures\/\"},\"wordCount\":205,\"publisher\":{\"@id\":\"https:\/\/gremicafe.cat\/#organization\"},\"image\":{\"@id\":\"https:\/\/gremicafe.cat\/2019\/04\/16\/bracafe-prova-els-cafes-de-les-dones-lencas-dhondures\/#primaryimage\"},\"thumbnailUrl\":\"https:\/\/gremicafe.cat\/wp-content\/uploads\/2019\/04\/gremicafe-bracafe-honduras-001-720.jpg\",\"articleSection\":[\"Not\u00edcies\"],\"inLanguage\":\"es\"},{\"@type\":\"WebPage\",\"@id\":\"https:\/\/gremicafe.cat\/2019\/04\/16\/bracafe-prova-els-cafes-de-les-dones-lencas-dhondures\/\",\"url\":\"https:\/\/gremicafe.cat\/2019\/04\/16\/bracafe-prova-els-cafes-de-les-dones-lencas-dhondures\/\",\"name\":\"Bracaf\u00e9\u00a0prova els caf\u00e8s de les dones Lencas d'Hondures - Gremi del Caf\u00e8, torradors de Catalunya\",\"isPartOf\":{\"@id\":\"https:\/\/gremicafe.cat\/#website\"},\"primaryImageOfPage\":{\"@id\":\"https:\/\/gremicafe.cat\/2019\/04\/16\/bracafe-prova-els-cafes-de-les-dones-lencas-dhondures\/#primaryimage\"},\"image\":{\"@id\":\"https:\/\/gremicafe.cat\/2019\/04\/16\/bracafe-prova-els-cafes-de-les-dones-lencas-dhondures\/#primaryimage\"},\"thumbnailUrl\":\"https:\/\/gremicafe.cat\/wp-content\/uploads\/2019\/04\/gremicafe-bracafe-honduras-001-720.jpg\",\"datePublished\":\"2019-04-16T14:29:10+00:00\",\"dateModified\":\"2019-04-16T14:37:21+00:00\",\"breadcrumb\":{\"@id\":\"https:\/\/gremicafe.cat\/2019\/04\/16\/bracafe-prova-els-cafes-de-les-dones-lencas-dhondures\/#breadcrumb\"},\"inLanguage\":\"es\",\"potentialAction\":[{\"@type\":\"ReadAction\",\"target\":[\"https:\/\/gremicafe.cat\/2019\/04\/16\/bracafe-prova-els-cafes-de-les-dones-lencas-dhondures\/\"]}]},{\"@type\":\"ImageObject\",\"inLanguage\":\"es\",\"@id\":\"https:\/\/gremicafe.cat\/2019\/04\/16\/bracafe-prova-els-cafes-de-les-dones-lencas-dhondures\/#primaryimage\",\"url\":\"https:\/\/gremicafe.cat\/wp-content\/uploads\/2019\/04\/gremicafe-bracafe-honduras-001-720.jpg\",\"contentUrl\":\"https:\/\/gremicafe.cat\/wp-content\/uploads\/2019\/04\/gremicafe-bracafe-honduras-001-720.jpg\",\"width\":720,\"height\":960},{\"@type\":\"BreadcrumbList\",\"@id\":\"https:\/\/gremicafe.cat\/2019\/04\/16\/bracafe-prova-els-cafes-de-les-dones-lencas-dhondures\/#breadcrumb\",\"itemListElement\":[{\"@type\":\"ListItem\",\"position\":1,\"name\":\"Inici\",\"item\":\"https:\/\/gremicafe.cat\/\"},{\"@type\":\"ListItem\",\"position\":2,\"name\":\"Bracaf\u00e9\u00a0prova els caf\u00e8s de les dones Lencas d&#8217;Hondures\"}]},{\"@type\":\"WebSite\",\"@id\":\"https:\/\/gremicafe.cat\/#website\",\"url\":\"https:\/\/gremicafe.cat\/\",\"name\":\"Gremi del Caf\u00e8, torradors de Catalunya\",\"description\":\"Web oficial del gremi de torradors de caf\u00e8 de Catalunya\",\"publisher\":{\"@id\":\"https:\/\/gremicafe.cat\/#organization\"},\"potentialAction\":[{\"@type\":\"SearchAction\",\"target\":{\"@type\":\"EntryPoint\",\"urlTemplate\":\"https:\/\/gremicafe.cat\/?s={search_term_string}\"},\"query-input\":{\"@type\":\"PropertyValueSpecification\",\"valueRequired\":true,\"valueName\":\"search_term_string\"}}],\"inLanguage\":\"es\"},{\"@type\":\"Organization\",\"@id\":\"https:\/\/gremicafe.cat\/#organization\",\"name\":\"Gremi del Caf\u00e8, Torradors de Catalunya\",\"url\":\"https:\/\/gremicafe.cat\/\",\"logo\":{\"@type\":\"ImageObject\",\"inLanguage\":\"es\",\"@id\":\"https:\/\/gremicafe.cat\/#\/schema\/logo\/image\/\",\"url\":\"https:\/\/gremicafe.cat\/wp-content\/uploads\/2018\/03\/gremicafe-logo250.png\",\"contentUrl\":\"https:\/\/gremicafe.cat\/wp-content\/uploads\/2018\/03\/gremicafe-logo250.png\",\"width\":250,\"height\":49,\"caption\":\"Gremi del Caf\u00e8, Torradors de Catalunya\"},\"image\":{\"@id\":\"https:\/\/gremicafe.cat\/#\/schema\/logo\/image\/\"},\"sameAs\":[\"https:\/\/www.facebook.com\/gremicafecat\",\"https:\/\/x.com\/gremicafecat\",\"https:\/\/www.instagram.com\/gremicafecat\/\",\"https:\/\/www.pinterest.es\/gremicafecat\/\",\"https:\/\/www.youtube.com\/channel\/UCGLo5Y35vLwLvP4FrPZrCrw\/\"]},{\"@type\":\"Person\",\"@id\":\"https:\/\/gremicafe.cat\/#\/schema\/person\/dabfdbb3d0fa36260855a380f94e4733\",\"name\":\"gremicafe\",\"image\":{\"@type\":\"ImageObject\",\"inLanguage\":\"es\",\"@id\":\"https:\/\/gremicafe.cat\/#\/schema\/person\/image\/\",\"url\":\"https:\/\/secure.gravatar.com\/avatar\/e59baa4ca8f6f97576d6375fb6d3c8f0?s=96&d=mm&r=g\",\"contentUrl\":\"https:\/\/secure.gravatar.com\/avatar\/e59baa4ca8f6f97576d6375fb6d3c8f0?s=96&d=mm&r=g\",\"caption\":\"gremicafe\"}}]}<\/script>\n<!-- \/ Yoast SEO plugin. -->","yoast_head_json":{"title":"Bracaf\u00e9\u00a0prova els caf\u00e8s de les dones Lencas d'Hondures - Gremi del Caf\u00e8, torradors de Catalunya","robots":{"index":"index","follow":"follow","max-snippet":"max-snippet:-1","max-image-preview":"max-image-preview:large","max-video-preview":"max-video-preview:-1"},"canonical":"https:\/\/gremicafe.cat\/es\/2019\/04\/16\/bracafe-prova-els-cafes-de-les-dones-lencas-dhondures\/","og_locale":"es_ES","og_type":"article","og_title":"Bracaf\u00e9\u00a0prova els caf\u00e8s de les dones Lencas d'Hondures - Gremi del Caf\u00e8, torradors de Catalunya","og_url":"https:\/\/gremicafe.cat\/es\/2019\/04\/16\/bracafe-prova-els-cafes-de-les-dones-lencas-dhondures\/","og_site_name":"Gremi del Caf\u00e8, torradors de Catalunya","article_publisher":"https:\/\/www.facebook.com\/gremicafecat","article_published_time":"2019-04-16T14:29:10+00:00","article_modified_time":"2019-04-16T14:37:21+00:00","og_image":[{"width":720,"height":960,"url":"https:\/\/gremicafe.cat\/wp-content\/uploads\/2019\/04\/gremicafe-bracafe-honduras-001-720.jpg","type":"image\/jpeg"}],"author":"gremicafe","twitter_card":"summary_large_image","twitter_creator":"@gremicafecat","twitter_site":"@gremicafecat","twitter_misc":{"Escrito por":"gremicafe","Tiempo de lectura":"1 minuto"},"schema":{"@context":"https:\/\/schema.org","@graph":[{"@type":"Article","@id":"https:\/\/gremicafe.cat\/2019\/04\/16\/bracafe-prova-els-cafes-de-les-dones-lencas-dhondures\/#article","isPartOf":{"@id":"https:\/\/gremicafe.cat\/2019\/04\/16\/bracafe-prova-els-cafes-de-les-dones-lencas-dhondures\/"},"author":{"name":"gremicafe","@id":"https:\/\/gremicafe.cat\/#\/schema\/person\/dabfdbb3d0fa36260855a380f94e4733"},"headline":"Bracaf\u00e9\u00a0prova els caf\u00e8s de les dones Lencas d&#8217;Hondures","datePublished":"2019-04-16T14:29:10+00:00","dateModified":"2019-04-16T14:37:21+00:00","mainEntityOfPage":{"@id":"https:\/\/gremicafe.cat\/2019\/04\/16\/bracafe-prova-els-cafes-de-les-dones-lencas-dhondures\/"},"wordCount":205,"publisher":{"@id":"https:\/\/gremicafe.cat\/#organization"},"image":{"@id":"https:\/\/gremicafe.cat\/2019\/04\/16\/bracafe-prova-els-cafes-de-les-dones-lencas-dhondures\/#primaryimage"},"thumbnailUrl":"https:\/\/gremicafe.cat\/wp-content\/uploads\/2019\/04\/gremicafe-bracafe-honduras-001-720.jpg","articleSection":["Not\u00edcies"],"inLanguage":"es"},{"@type":"WebPage","@id":"https:\/\/gremicafe.cat\/2019\/04\/16\/bracafe-prova-els-cafes-de-les-dones-lencas-dhondures\/","url":"https:\/\/gremicafe.cat\/2019\/04\/16\/bracafe-prova-els-cafes-de-les-dones-lencas-dhondures\/","name":"Bracaf\u00e9\u00a0prova els caf\u00e8s de les dones Lencas d'Hondures - Gremi del Caf\u00e8, torradors de Catalunya","isPartOf":{"@id":"https:\/\/gremicafe.cat\/#website"},"primaryImageOfPage":{"@id":"https:\/\/gremicafe.cat\/2019\/04\/16\/bracafe-prova-els-cafes-de-les-dones-lencas-dhondures\/#primaryimage"},"image":{"@id":"https:\/\/gremicafe.cat\/2019\/04\/16\/bracafe-prova-els-cafes-de-les-dones-lencas-dhondures\/#primaryimage"},"thumbnailUrl":"https:\/\/gremicafe.cat\/wp-content\/uploads\/2019\/04\/gremicafe-bracafe-honduras-001-720.jpg","datePublished":"2019-04-16T14:29:10+00:00","dateModified":"2019-04-16T14:37:21+00:00","breadcrumb":{"@id":"https:\/\/gremicafe.cat\/2019\/04\/16\/bracafe-prova-els-cafes-de-les-dones-lencas-dhondures\/#breadcrumb"},"inLanguage":"es","potentialAction":[{"@type":"ReadAction","target":["https:\/\/gremicafe.cat\/2019\/04\/16\/bracafe-prova-els-cafes-de-les-dones-lencas-dhondures\/"]}]},{"@type":"ImageObject","inLanguage":"es","@id":"https:\/\/gremicafe.cat\/2019\/04\/16\/bracafe-prova-els-cafes-de-les-dones-lencas-dhondures\/#primaryimage","url":"https:\/\/gremicafe.cat\/wp-content\/uploads\/2019\/04\/gremicafe-bracafe-honduras-001-720.jpg","contentUrl":"https:\/\/gremicafe.cat\/wp-content\/uploads\/2019\/04\/gremicafe-bracafe-honduras-001-720.jpg","width":720,"height":960},{"@type":"BreadcrumbList","@id":"https:\/\/gremicafe.cat\/2019\/04\/16\/bracafe-prova-els-cafes-de-les-dones-lencas-dhondures\/#breadcrumb","itemListElement":[{"@type":"ListItem","position":1,"name":"Inici","item":"https:\/\/gremicafe.cat\/"},{"@type":"ListItem","position":2,"name":"Bracaf\u00e9\u00a0prova els caf\u00e8s de les dones Lencas d&#8217;Hondures"}]},{"@type":"WebSite","@id":"https:\/\/gremicafe.cat\/#website","url":"https:\/\/gremicafe.cat\/","name":"Gremio del Caf\u00e9, tostadores de Catalu\u00f1a","description":"Web oficial del gremio de tostadores de caf\u00e9 de Catalunya","publisher":{"@id":"https:\/\/gremicafe.cat\/#organization"},"potentialAction":[{"@type":"SearchAction","target":{"@type":"EntryPoint","urlTemplate":"https:\/\/gremicafe.cat\/?s={search_term_string}"},"query-input":{"@type":"PropertyValueSpecification","valueRequired":true,"valueName":"search_term_string"}}],"inLanguage":"es"},{"@type":"Organization","@id":"https:\/\/gremicafe.cat\/#organization","name":"Gremio del Caf\u00e9, Tostadores de Catalu\u00f1a","url":"https:\/\/gremicafe.cat\/","logo":{"@type":"ImageObject","inLanguage":"es","@id":"https:\/\/gremicafe.cat\/#\/schema\/logo\/image\/","url":"https:\/\/gremicafe.cat\/wp-content\/uploads\/2018\/03\/gremicafe-logo250.png","contentUrl":"https:\/\/gremicafe.cat\/wp-content\/uploads\/2018\/03\/gremicafe-logo250.png","width":250,"height":49,"caption":"Gremi del Caf\u00e8, Torradors de Catalunya"},"image":{"@id":"https:\/\/gremicafe.cat\/#\/schema\/logo\/image\/"},"sameAs":["https:\/\/www.facebook.com\/gremicafecat","https:\/\/x.com\/gremicafecat","https:\/\/www.instagram.com\/gremicafecat\/","https:\/\/www.pinterest.es\/gremicafecat\/","https:\/\/www.youtube.com\/channel\/UCGLo5Y35vLwLvP4FrPZrCrw\/"]},{"@type":"Person","@id":"https:\/\/gremicafe.cat\/#\/schema\/person\/dabfdbb3d0fa36260855a380f94e4733","name":"gremicafe","image":{"@type":"ImageObject","inLanguage":"es","@id":"https:\/\/gremicafe.cat\/#\/schema\/person\/image\/","url":"https:\/\/secure.gravatar.com\/avatar\/e59baa4ca8f6f97576d6375fb6d3c8f0?s=96&d=mm&r=g","contentUrl":"https:\/\/secure.gravatar.com\/avatar\/e59baa4ca8f6f97576d6375fb6d3c8f0?s=96&d=mm&r=g","caption":"gremicafe"}}]}},"_links":{"self":[{"href":"https:\/\/gremicafe.cat\/es\/wp-json\/wp\/v2\/posts\/4672"}],"collection":[{"href":"https:\/\/gremicafe.cat\/es\/wp-json\/wp\/v2\/posts"}],"about":[{"href":"https:\/\/gremicafe.cat\/es\/wp-json\/wp\/v2\/types\/post"}],"author":[{"embeddable":true,"href":"https:\/\/gremicafe.cat\/es\/wp-json\/wp\/v2\/users\/1"}],"replies":[{"embeddable":true,"href":"https:\/\/gremicafe.cat\/es\/wp-json\/wp\/v2\/comments?post=4672"}],"version-history":[{"count":0,"href":"https:\/\/gremicafe.cat\/es\/wp-json\/wp\/v2\/posts\/4672\/revisions"}],"wp:featuredmedia":[{"embeddable":true,"href":"https:\/\/gremicafe.cat\/es\/wp-json\/wp\/v2\/media\/4673"}],"wp:attachment":[{"href":"https:\/\/gremicafe.cat\/es\/wp-json\/wp\/v2\/media?parent=4672"}],"wp:term":[{"taxonomy":"category","embeddable":true,"href":"https:\/\/gremicafe.cat\/es\/wp-json\/wp\/v2\/categories?post=4672"},{"taxonomy":"post_tag","embeddable":true,"href":"https:\/\/gremicafe.cat\/es\/wp-json\/wp\/v2\/tags?post=4672"}],"curies":[{"name":"wp","href":"https:\/\/api.w.org\/{rel}","templated":true}]}}