{"id":4696,"date":"2019-05-28T16:48:46","date_gmt":"2019-05-28T14:48:46","guid":{"rendered":"https:\/\/gremicafe.cat\/?p=4696"},"modified":"2019-05-28T16:48:58","modified_gmt":"2019-05-28T14:48:58","slug":"lluis-saula-nou-president-del-gremi-del-cafe-de-catalunya","status":"publish","type":"post","link":"https:\/\/gremicafe.cat\/es\/2019\/05\/28\/lluis-saula-nou-president-del-gremi-del-cafe-de-catalunya\/","title":{"rendered":"Llu\u00eds Saula nuevo presidente del Gremio del Caf\u00e9 de Catalunya"},"content":{"rendered":"<div id=\"ut-row-69f46e3062a43\" data-vc-full-width=\"true\" data-vc-full-width-init=\"false\" class=\"vc_row wpb_row vc_row-fluid vc_column-gap-0 ut-row-69f46e3062a54\" ><div class=\"wpb_column vc_column_container vc_col-sm-12\" ><div id=\"ut_inner_column_69f46e306321f\" class=\"vc_column-inner\"><div class=\"wpb_wrapper\"><div  class=\"wpb_content_element   clearfix\"><style type=\"text\/css\" scoped>#ut_am_69f46e3063952 { opacity: 1; }#ut_am_wrap_69f46e3063953 .ut-gallery-slider-caption { font-weight: normal; }<\/style><div id=\"ut_am_wrap_69f46e3063953\" class=\"ut-image-gallery-image\" style=\"text-align:left;\"><div class=\"ut-animated-image-item ut-image-gallery-item ut-animation-done\"><a class=\"ut-deactivated-link\" href=\"#\"><img loading=\"lazy\" decoding=\"async\" title=\"gremicefe_noticies_saula_president_2019_002-1200\" id=\"ut_am_69f46e3063952\" style=\"\" src=\"https:\/\/gremicafe.cat\/wp-content\/uploads\/2019\/05\/gremicefe_noticies_saula_president_2019_002-1200.jpg\" width=\"1200\" height=\"790\" alt=\"D&#039;esquerra a dreta: Toni Riera i Llu\u00eds Saula.\"\/><\/a><div class=\"ut-gallery-slider-caption\">De izquierda a derecha: Toni Riera y Llu\u00eds Saula.<\/div><\/div><\/div><\/div>\n\t<div class=\"wpb_text_column wpb_content_element\" >\n\t\t<div class=\"wpb_wrapper\">\n\t\t\t<p class=\"p1\"><span class=\"s1\">La Asamblea celebrada el pasado 22 de mayo escogi\u00f3 a Llu\u00eds Saula, gerente de Caf\u00e8s Saula, presidente del Gremio de Tostadores de Caf\u00e9 de Catalunya, para los pr\u00f3ximos dos a\u00f1os, en sustituci\u00f3n de Toni Riera de Caf\u00e9s Tupinamba.<\/span><\/p>\n<p class=\"p1\"><span class=\"s1\">Llu\u00eds Saula, director de Caf\u00e9s Saula representa a la segunda generaci\u00f3n de la empresa familiar fundada por Llu\u00eds Saula Pons en el barrio del Raval de Barcelona en los a\u00f1os cincuenta. y un tercer caf\u00e9 procedente de Guinea Ecuatorial, la empresa fue creciendo en productos y servicios principalmente en el sector de la hosteler\u00eda, incrementando su producci\u00f3n de caf\u00e9 tostado de calidad. Actualmente Caf\u00e9s Saula produce m\u00e1s de 1,2 millones de kilos de caf\u00e9 al a\u00f1o.<\/span><\/p>\n<p class=\"p1\"><span class=\"s1\">La marca Caf\u00e8s Saula, es conocida sobre todo por sus productos denominados PREMIUM con un inconfundible embalaje de color amarillo y letras negras. Paralelamente Llu\u00eds Saula ha dise\u00f1ado la innovadora taza SOMMELIER para caf\u00e9 espresso.<\/span><\/p>\n<p class=\"p1\"><span class=\"s1\">En la actualidad el 80% de las ventas provienen de la restauraci\u00f3n, con clientes destacados como Pannus, Fira de Barcelona o Port Aventura, donde desde la llegada de Saula el consumo de caf\u00e9 ha crecido un 25%. de los caf\u00e9s m\u00e1s caros del mundo, el selecto Kopi Luwak.<\/span><\/p>\n\n\t\t<\/div>\n\t<\/div>\n<\/div><\/div><\/div><\/div><div class=\"vc_row-full-width vc_clearfix\"><\/div>","protected":false},"excerpt":{"rendered":"#ut_am_69f46e3064a00 { opacity: 1; }#ut_am_wrap_69f46e3064a02 .ut-gallery-slider-caption { font-weight: normal; }D'esquerra a dreta: Toni Riera i Llu\u00eds Saula. L'Assemblea celebrada el passat 22 de maig va escollir Llu\u00eds Saula, gerent de Caf\u00e8s Saula, president del Gremi de Torradors de Caf\u00e8 de Catalunya, pels dos anys vinents, en substituci\u00f3 de Toni Riera de Caf\u00e8s\u00a0Tupinamba. Llu\u00eds Saula, director [...]","protected":false},"author":1,"featured_media":4699,"comment_status":"closed","ping_status":"open","sticky":false,"template":"","format":"standard","meta":{"_acf_changed":false,"inline_featured_image":false,"footnotes":""},"categories":[1],"tags":[],"class_list":["post-4696","post","type-post","status-publish","format-standard","has-post-thumbnail","hentry","category-noticies"],"acf":[],"yoast_head":"<!-- This site is optimized with the Yoast SEO plugin v25.5 - https:\/\/yoast.com\/wordpress\/plugins\/seo\/ -->\n<title>Llu\u00eds Saula nou president del Gremi del Caf\u00e8 de Catalunya - Gremi del Caf\u00e8, torradors de Catalunya<\/title>\n<meta name=\"robots\" content=\"index, follow, max-snippet:-1, max-image-preview:large, max-video-preview:-1\" \/>\n<link rel=\"canonical\" href=\"https:\/\/gremicafe.cat\/es\/2019\/05\/28\/lluis-saula-nou-president-del-gremi-del-cafe-de-catalunya\/\" \/>\n<meta property=\"og:locale\" content=\"es_ES\" \/>\n<meta property=\"og:type\" content=\"article\" \/>\n<meta property=\"og:title\" content=\"Llu\u00eds Saula nou president del Gremi del Caf\u00e8 de Catalunya - Gremi del Caf\u00e8, torradors de Catalunya\" \/>\n<meta property=\"og:url\" content=\"https:\/\/gremicafe.cat\/es\/2019\/05\/28\/lluis-saula-nou-president-del-gremi-del-cafe-de-catalunya\/\" \/>\n<meta property=\"og:site_name\" content=\"Gremi del Caf\u00e8, torradors de Catalunya\" \/>\n<meta property=\"article:publisher\" content=\"https:\/\/www.facebook.com\/gremicafecat\" \/>\n<meta property=\"article:published_time\" content=\"2019-05-28T14:48:46+00:00\" \/>\n<meta property=\"article:modified_time\" content=\"2019-05-28T14:48:58+00:00\" \/>\n<meta property=\"og:image\" content=\"https:\/\/gremicafe.cat\/wp-content\/uploads\/2019\/05\/gremicefe_noticies_saula_president_2019_002-1200.jpg\" \/>\n\t<meta property=\"og:image:width\" content=\"1200\" \/>\n\t<meta property=\"og:image:height\" content=\"790\" \/>\n\t<meta property=\"og:image:type\" content=\"image\/jpeg\" \/>\n<meta name=\"author\" content=\"gremicafe\" \/>\n<meta name=\"twitter:card\" content=\"summary_large_image\" \/>\n<meta name=\"twitter:creator\" content=\"@gremicafecat\" \/>\n<meta name=\"twitter:site\" content=\"@gremicafecat\" \/>\n<meta name=\"twitter:label1\" content=\"Escrito por\" \/>\n\t<meta name=\"twitter:data1\" content=\"gremicafe\" \/>\n\t<meta name=\"twitter:label2\" content=\"Tiempo de lectura\" \/>\n\t<meta name=\"twitter:data2\" content=\"1 minuto\" \/>\n<script type=\"application\/ld+json\" class=\"yoast-schema-graph\">{\"@context\":\"https:\/\/schema.org\",\"@graph\":[{\"@type\":\"Article\",\"@id\":\"https:\/\/gremicafe.cat\/2019\/05\/28\/lluis-saula-nou-president-del-gremi-del-cafe-de-catalunya\/#article\",\"isPartOf\":{\"@id\":\"https:\/\/gremicafe.cat\/2019\/05\/28\/lluis-saula-nou-president-del-gremi-del-cafe-de-catalunya\/\"},\"author\":{\"name\":\"gremicafe\",\"@id\":\"https:\/\/gremicafe.cat\/#\/schema\/person\/dabfdbb3d0fa36260855a380f94e4733\"},\"headline\":\"Llu\u00eds Saula nou president del Gremi del Caf\u00e8 de Catalunya\",\"datePublished\":\"2019-05-28T14:48:46+00:00\",\"dateModified\":\"2019-05-28T14:48:58+00:00\",\"mainEntityOfPage\":{\"@id\":\"https:\/\/gremicafe.cat\/2019\/05\/28\/lluis-saula-nou-president-del-gremi-del-cafe-de-catalunya\/\"},\"wordCount\":260,\"publisher\":{\"@id\":\"https:\/\/gremicafe.cat\/#organization\"},\"image\":{\"@id\":\"https:\/\/gremicafe.cat\/2019\/05\/28\/lluis-saula-nou-president-del-gremi-del-cafe-de-catalunya\/#primaryimage\"},\"thumbnailUrl\":\"https:\/\/gremicafe.cat\/wp-content\/uploads\/2019\/05\/gremicefe_noticies_saula_president_2019_002-1200.jpg\",\"articleSection\":[\"Not\u00edcies\"],\"inLanguage\":\"es\"},{\"@type\":\"WebPage\",\"@id\":\"https:\/\/gremicafe.cat\/2019\/05\/28\/lluis-saula-nou-president-del-gremi-del-cafe-de-catalunya\/\",\"url\":\"https:\/\/gremicafe.cat\/2019\/05\/28\/lluis-saula-nou-president-del-gremi-del-cafe-de-catalunya\/\",\"name\":\"Llu\u00eds Saula nou president del Gremi del Caf\u00e8 de Catalunya - Gremi del Caf\u00e8, torradors de Catalunya\",\"isPartOf\":{\"@id\":\"https:\/\/gremicafe.cat\/#website\"},\"primaryImageOfPage\":{\"@id\":\"https:\/\/gremicafe.cat\/2019\/05\/28\/lluis-saula-nou-president-del-gremi-del-cafe-de-catalunya\/#primaryimage\"},\"image\":{\"@id\":\"https:\/\/gremicafe.cat\/2019\/05\/28\/lluis-saula-nou-president-del-gremi-del-cafe-de-catalunya\/#primaryimage\"},\"thumbnailUrl\":\"https:\/\/gremicafe.cat\/wp-content\/uploads\/2019\/05\/gremicefe_noticies_saula_president_2019_002-1200.jpg\",\"datePublished\":\"2019-05-28T14:48:46+00:00\",\"dateModified\":\"2019-05-28T14:48:58+00:00\",\"breadcrumb\":{\"@id\":\"https:\/\/gremicafe.cat\/2019\/05\/28\/lluis-saula-nou-president-del-gremi-del-cafe-de-catalunya\/#breadcrumb\"},\"inLanguage\":\"es\",\"potentialAction\":[{\"@type\":\"ReadAction\",\"target\":[\"https:\/\/gremicafe.cat\/2019\/05\/28\/lluis-saula-nou-president-del-gremi-del-cafe-de-catalunya\/\"]}]},{\"@type\":\"ImageObject\",\"inLanguage\":\"es\",\"@id\":\"https:\/\/gremicafe.cat\/2019\/05\/28\/lluis-saula-nou-president-del-gremi-del-cafe-de-catalunya\/#primaryimage\",\"url\":\"https:\/\/gremicafe.cat\/wp-content\/uploads\/2019\/05\/gremicefe_noticies_saula_president_2019_002-1200.jpg\",\"contentUrl\":\"https:\/\/gremicafe.cat\/wp-content\/uploads\/2019\/05\/gremicefe_noticies_saula_president_2019_002-1200.jpg\",\"width\":1200,\"height\":790,\"caption\":\"D'esquerra a dreta: Toni Riera i Llu\u00eds Saula.\"},{\"@type\":\"BreadcrumbList\",\"@id\":\"https:\/\/gremicafe.cat\/2019\/05\/28\/lluis-saula-nou-president-del-gremi-del-cafe-de-catalunya\/#breadcrumb\",\"itemListElement\":[{\"@type\":\"ListItem\",\"position\":1,\"name\":\"Inici\",\"item\":\"https:\/\/gremicafe.cat\/\"},{\"@type\":\"ListItem\",\"position\":2,\"name\":\"Llu\u00eds Saula nou president del Gremi del Caf\u00e8 de Catalunya\"}]},{\"@type\":\"WebSite\",\"@id\":\"https:\/\/gremicafe.cat\/#website\",\"url\":\"https:\/\/gremicafe.cat\/\",\"name\":\"Gremi del Caf\u00e8, torradors de Catalunya\",\"description\":\"Web oficial del gremi de torradors de caf\u00e8 de Catalunya\",\"publisher\":{\"@id\":\"https:\/\/gremicafe.cat\/#organization\"},\"potentialAction\":[{\"@type\":\"SearchAction\",\"target\":{\"@type\":\"EntryPoint\",\"urlTemplate\":\"https:\/\/gremicafe.cat\/?s={search_term_string}\"},\"query-input\":{\"@type\":\"PropertyValueSpecification\",\"valueRequired\":true,\"valueName\":\"search_term_string\"}}],\"inLanguage\":\"es\"},{\"@type\":\"Organization\",\"@id\":\"https:\/\/gremicafe.cat\/#organization\",\"name\":\"Gremi del Caf\u00e8, Torradors de Catalunya\",\"url\":\"https:\/\/gremicafe.cat\/\",\"logo\":{\"@type\":\"ImageObject\",\"inLanguage\":\"es\",\"@id\":\"https:\/\/gremicafe.cat\/#\/schema\/logo\/image\/\",\"url\":\"https:\/\/gremicafe.cat\/wp-content\/uploads\/2018\/03\/gremicafe-logo250.png\",\"contentUrl\":\"https:\/\/gremicafe.cat\/wp-content\/uploads\/2018\/03\/gremicafe-logo250.png\",\"width\":250,\"height\":49,\"caption\":\"Gremi del Caf\u00e8, Torradors de Catalunya\"},\"image\":{\"@id\":\"https:\/\/gremicafe.cat\/#\/schema\/logo\/image\/\"},\"sameAs\":[\"https:\/\/www.facebook.com\/gremicafecat\",\"https:\/\/x.com\/gremicafecat\",\"https:\/\/www.instagram.com\/gremicafecat\/\",\"https:\/\/www.pinterest.es\/gremicafecat\/\",\"https:\/\/www.youtube.com\/channel\/UCGLo5Y35vLwLvP4FrPZrCrw\/\"]},{\"@type\":\"Person\",\"@id\":\"https:\/\/gremicafe.cat\/#\/schema\/person\/dabfdbb3d0fa36260855a380f94e4733\",\"name\":\"gremicafe\",\"image\":{\"@type\":\"ImageObject\",\"inLanguage\":\"es\",\"@id\":\"https:\/\/gremicafe.cat\/#\/schema\/person\/image\/\",\"url\":\"https:\/\/secure.gravatar.com\/avatar\/e59baa4ca8f6f97576d6375fb6d3c8f0?s=96&d=mm&r=g\",\"contentUrl\":\"https:\/\/secure.gravatar.com\/avatar\/e59baa4ca8f6f97576d6375fb6d3c8f0?s=96&d=mm&r=g\",\"caption\":\"gremicafe\"}}]}<\/script>\n<!-- \/ Yoast SEO plugin. -->","yoast_head_json":{"title":"Llu\u00eds Saula nou president del Gremi del Caf\u00e8 de Catalunya - Gremi del Caf\u00e8, torradors de Catalunya","robots":{"index":"index","follow":"follow","max-snippet":"max-snippet:-1","max-image-preview":"max-image-preview:large","max-video-preview":"max-video-preview:-1"},"canonical":"https:\/\/gremicafe.cat\/es\/2019\/05\/28\/lluis-saula-nou-president-del-gremi-del-cafe-de-catalunya\/","og_locale":"es_ES","og_type":"article","og_title":"Llu\u00eds Saula nou president del Gremi del Caf\u00e8 de Catalunya - Gremi del Caf\u00e8, torradors de Catalunya","og_url":"https:\/\/gremicafe.cat\/es\/2019\/05\/28\/lluis-saula-nou-president-del-gremi-del-cafe-de-catalunya\/","og_site_name":"Gremi del Caf\u00e8, torradors de Catalunya","article_publisher":"https:\/\/www.facebook.com\/gremicafecat","article_published_time":"2019-05-28T14:48:46+00:00","article_modified_time":"2019-05-28T14:48:58+00:00","og_image":[{"width":1200,"height":790,"url":"https:\/\/gremicafe.cat\/wp-content\/uploads\/2019\/05\/gremicefe_noticies_saula_president_2019_002-1200.jpg","type":"image\/jpeg"}],"author":"gremicafe","twitter_card":"summary_large_image","twitter_creator":"@gremicafecat","twitter_site":"@gremicafecat","twitter_misc":{"Escrito por":"gremicafe","Tiempo de lectura":"1 minuto"},"schema":{"@context":"https:\/\/schema.org","@graph":[{"@type":"Article","@id":"https:\/\/gremicafe.cat\/2019\/05\/28\/lluis-saula-nou-president-del-gremi-del-cafe-de-catalunya\/#article","isPartOf":{"@id":"https:\/\/gremicafe.cat\/2019\/05\/28\/lluis-saula-nou-president-del-gremi-del-cafe-de-catalunya\/"},"author":{"name":"gremicafe","@id":"https:\/\/gremicafe.cat\/#\/schema\/person\/dabfdbb3d0fa36260855a380f94e4733"},"headline":"Llu\u00eds Saula nou president del Gremi del Caf\u00e8 de Catalunya","datePublished":"2019-05-28T14:48:46+00:00","dateModified":"2019-05-28T14:48:58+00:00","mainEntityOfPage":{"@id":"https:\/\/gremicafe.cat\/2019\/05\/28\/lluis-saula-nou-president-del-gremi-del-cafe-de-catalunya\/"},"wordCount":260,"publisher":{"@id":"https:\/\/gremicafe.cat\/#organization"},"image":{"@id":"https:\/\/gremicafe.cat\/2019\/05\/28\/lluis-saula-nou-president-del-gremi-del-cafe-de-catalunya\/#primaryimage"},"thumbnailUrl":"https:\/\/gremicafe.cat\/wp-content\/uploads\/2019\/05\/gremicefe_noticies_saula_president_2019_002-1200.jpg","articleSection":["Not\u00edcies"],"inLanguage":"es"},{"@type":"WebPage","@id":"https:\/\/gremicafe.cat\/2019\/05\/28\/lluis-saula-nou-president-del-gremi-del-cafe-de-catalunya\/","url":"https:\/\/gremicafe.cat\/2019\/05\/28\/lluis-saula-nou-president-del-gremi-del-cafe-de-catalunya\/","name":"Llu\u00eds Saula nou president del Gremi del Caf\u00e8 de Catalunya - Gremi del Caf\u00e8, torradors de Catalunya","isPartOf":{"@id":"https:\/\/gremicafe.cat\/#website"},"primaryImageOfPage":{"@id":"https:\/\/gremicafe.cat\/2019\/05\/28\/lluis-saula-nou-president-del-gremi-del-cafe-de-catalunya\/#primaryimage"},"image":{"@id":"https:\/\/gremicafe.cat\/2019\/05\/28\/lluis-saula-nou-president-del-gremi-del-cafe-de-catalunya\/#primaryimage"},"thumbnailUrl":"https:\/\/gremicafe.cat\/wp-content\/uploads\/2019\/05\/gremicefe_noticies_saula_president_2019_002-1200.jpg","datePublished":"2019-05-28T14:48:46+00:00","dateModified":"2019-05-28T14:48:58+00:00","breadcrumb":{"@id":"https:\/\/gremicafe.cat\/2019\/05\/28\/lluis-saula-nou-president-del-gremi-del-cafe-de-catalunya\/#breadcrumb"},"inLanguage":"es","potentialAction":[{"@type":"ReadAction","target":["https:\/\/gremicafe.cat\/2019\/05\/28\/lluis-saula-nou-president-del-gremi-del-cafe-de-catalunya\/"]}]},{"@type":"ImageObject","inLanguage":"es","@id":"https:\/\/gremicafe.cat\/2019\/05\/28\/lluis-saula-nou-president-del-gremi-del-cafe-de-catalunya\/#primaryimage","url":"https:\/\/gremicafe.cat\/wp-content\/uploads\/2019\/05\/gremicefe_noticies_saula_president_2019_002-1200.jpg","contentUrl":"https:\/\/gremicafe.cat\/wp-content\/uploads\/2019\/05\/gremicefe_noticies_saula_president_2019_002-1200.jpg","width":1200,"height":790,"caption":"D'esquerra a dreta: Toni Riera i Llu\u00eds Saula."},{"@type":"BreadcrumbList","@id":"https:\/\/gremicafe.cat\/2019\/05\/28\/lluis-saula-nou-president-del-gremi-del-cafe-de-catalunya\/#breadcrumb","itemListElement":[{"@type":"ListItem","position":1,"name":"Inici","item":"https:\/\/gremicafe.cat\/"},{"@type":"ListItem","position":2,"name":"Llu\u00eds Saula nou president del Gremi del Caf\u00e8 de Catalunya"}]},{"@type":"WebSite","@id":"https:\/\/gremicafe.cat\/#website","url":"https:\/\/gremicafe.cat\/","name":"Gremio del Caf\u00e9, tostadores de Catalu\u00f1a","description":"Web oficial del gremio de tostadores de caf\u00e9 de Catalunya","publisher":{"@id":"https:\/\/gremicafe.cat\/#organization"},"potentialAction":[{"@type":"SearchAction","target":{"@type":"EntryPoint","urlTemplate":"https:\/\/gremicafe.cat\/?s={search_term_string}"},"query-input":{"@type":"PropertyValueSpecification","valueRequired":true,"valueName":"search_term_string"}}],"inLanguage":"es"},{"@type":"Organization","@id":"https:\/\/gremicafe.cat\/#organization","name":"Gremio del Caf\u00e9, Tostadores de Catalu\u00f1a","url":"https:\/\/gremicafe.cat\/","logo":{"@type":"ImageObject","inLanguage":"es","@id":"https:\/\/gremicafe.cat\/#\/schema\/logo\/image\/","url":"https:\/\/gremicafe.cat\/wp-content\/uploads\/2018\/03\/gremicafe-logo250.png","contentUrl":"https:\/\/gremicafe.cat\/wp-content\/uploads\/2018\/03\/gremicafe-logo250.png","width":250,"height":49,"caption":"Gremi del Caf\u00e8, Torradors de Catalunya"},"image":{"@id":"https:\/\/gremicafe.cat\/#\/schema\/logo\/image\/"},"sameAs":["https:\/\/www.facebook.com\/gremicafecat","https:\/\/x.com\/gremicafecat","https:\/\/www.instagram.com\/gremicafecat\/","https:\/\/www.pinterest.es\/gremicafecat\/","https:\/\/www.youtube.com\/channel\/UCGLo5Y35vLwLvP4FrPZrCrw\/"]},{"@type":"Person","@id":"https:\/\/gremicafe.cat\/#\/schema\/person\/dabfdbb3d0fa36260855a380f94e4733","name":"gremicafe","image":{"@type":"ImageObject","inLanguage":"es","@id":"https:\/\/gremicafe.cat\/#\/schema\/person\/image\/","url":"https:\/\/secure.gravatar.com\/avatar\/e59baa4ca8f6f97576d6375fb6d3c8f0?s=96&d=mm&r=g","contentUrl":"https:\/\/secure.gravatar.com\/avatar\/e59baa4ca8f6f97576d6375fb6d3c8f0?s=96&d=mm&r=g","caption":"gremicafe"}}]}},"_links":{"self":[{"href":"https:\/\/gremicafe.cat\/es\/wp-json\/wp\/v2\/posts\/4696"}],"collection":[{"href":"https:\/\/gremicafe.cat\/es\/wp-json\/wp\/v2\/posts"}],"about":[{"href":"https:\/\/gremicafe.cat\/es\/wp-json\/wp\/v2\/types\/post"}],"author":[{"embeddable":true,"href":"https:\/\/gremicafe.cat\/es\/wp-json\/wp\/v2\/users\/1"}],"replies":[{"embeddable":true,"href":"https:\/\/gremicafe.cat\/es\/wp-json\/wp\/v2\/comments?post=4696"}],"version-history":[{"count":0,"href":"https:\/\/gremicafe.cat\/es\/wp-json\/wp\/v2\/posts\/4696\/revisions"}],"wp:featuredmedia":[{"embeddable":true,"href":"https:\/\/gremicafe.cat\/es\/wp-json\/wp\/v2\/media\/4699"}],"wp:attachment":[{"href":"https:\/\/gremicafe.cat\/es\/wp-json\/wp\/v2\/media?parent=4696"}],"wp:term":[{"taxonomy":"category","embeddable":true,"href":"https:\/\/gremicafe.cat\/es\/wp-json\/wp\/v2\/categories?post=4696"},{"taxonomy":"post_tag","embeddable":true,"href":"https:\/\/gremicafe.cat\/es\/wp-json\/wp\/v2\/tags?post=4696"}],"curies":[{"name":"wp","href":"https:\/\/api.w.org\/{rel}","templated":true}]}}