{"id":4792,"date":"2019-07-11T14:29:20","date_gmt":"2019-07-11T12:29:20","guid":{"rendered":"https:\/\/gremicafe.cat\/?p=4792"},"modified":"2019-07-19T09:39:52","modified_gmt":"2019-07-19T07:39:52","slug":"tupinamba-presenta-el-shakeratto","status":"publish","type":"post","link":"https:\/\/gremicafe.cat\/es\/2019\/07\/11\/tupinamba-presenta-el-shakeratto\/","title":{"rendered":"Tupinamba presenta el Shakeratto"},"content":{"rendered":"<div id=\"ut-row-69f5d5068fcc6\" data-vc-full-width=\"true\" data-vc-full-width-init=\"false\" class=\"vc_row wpb_row vc_row-fluid vc_column-gap-0 ut-row-69f5d5068fce4\" ><div class=\"wpb_column vc_column_container vc_col-sm-12\" ><div id=\"ut_inner_column_69f5d50690d93\" class=\"vc_column-inner\"><div class=\"wpb_wrapper\">\n\t<div class=\"wpb_text_column wpb_content_element\" >\n\t\t<div class=\"wpb_wrapper\">\n\t\t\t<p>Una original forma de preparar un caf\u00e9 con hielo con coctelera que le da un valor a\u00f1adido al producto final.<\/p>\n\n\t\t<\/div>\n\t<\/div>\n<div class=\"wpb_content_element\"><style type=\"text\/css\" scoped>#ut_vs_69f5d506917ad.ut-shortcode-video-wrap .ut-video-module-caption-text span { font-weight: bold; }<\/style><div id=\"ut_vs_69f5d506917ad\" class=\"ut-shortcode-video-wrap  clearfix\"><div class=\"ut-video-module\"><div class=\"ut-video-module-caption\"><a class=\"ut-load-video\" data-video=\"https:\/\/youtu.be\/YYYGG8r42aw\" href=\"#\"><img decoding=\"async\" src=\"https:\/\/gremicafe.cat\/wp-content\/uploads\/2019\/07\/shakeratto.png\"><div class=\"ut-video-module-caption-text\"><div class=\"ut-video-module-inner-caption-text ut-video-module-empty-caption ut-video-module-caption-position-default\"><div class=\"ut-video-module-play-icon\"><i class=\"Bklyn-Core-Right-6\" aria-hidden=\"true\"><\/i><\/div><\/div><\/div><\/a><\/div><div class=\"ut-video-module-loading\"><div class=\"sk-fading-circle\"><div class=\"sk-circle1 sk-circle\"><\/div><div class=\"sk-circle2 sk-circle\"><\/div><div class=\"sk-circle3 sk-circle\"><\/div><div class=\"sk-circle4 sk-circle\"><\/div><div class=\"sk-circle5 sk-circle\"><\/div><div class=\"sk-circle6 sk-circle\"><\/div><div class=\"sk-circle7 sk-circle\"><\/div><div class=\"sk-circle8 sk-circle\"><\/div><div class=\"sk-circle9 sk-circle\"><\/div><div class=\"sk-circle10 sk-circle\"><\/div><div class=\"sk-circle11 sk-circle\"><\/div><div class=\"sk-circle12 sk-circle\"><\/div><\/div><\/div><\/div><\/div><\/div>\n\t<div class=\"wpb_text_column wpb_content_element\" >\n\t\t<div class=\"wpb_wrapper\">\n\t\t\t<p>Puede ver este y otros v\u00eddeos en el<a href=\"https:\/\/www.tupinamba.com\/introduccion-aula-del-cafe\/\" target=\"_blank\" rel=\"noopener noreferrer\">Aula del Caf\u00e9 de Tupinamba<\/a>.<\/p>\n\n\t\t<\/div>\n\t<\/div>\n<\/div><\/div><\/div><\/div><div class=\"vc_row-full-width vc_clearfix\"><\/div>","protected":false},"excerpt":{"rendered":"Una original manera de preparar un caf\u00e8 amb gel amb coctelera que li d\u00f3na un valor afegit al producte final. #ut_vs_69f5d50692ca9.ut-shortcode-video-wrap .ut-video-module-caption-text span { font-weight: bold; } Podeu veure aquest i altres v\u00eddeos a l'Aula del Caf\u00e9 de Tupinamba.","protected":false},"author":1,"featured_media":4793,"comment_status":"closed","ping_status":"open","sticky":false,"template":"","format":"standard","meta":{"_acf_changed":false,"inline_featured_image":false,"footnotes":""},"categories":[1],"tags":[],"class_list":["post-4792","post","type-post","status-publish","format-standard","has-post-thumbnail","hentry","category-noticies"],"acf":[],"yoast_head":"<!-- This site is optimized with the Yoast SEO plugin v25.5 - https:\/\/yoast.com\/wordpress\/plugins\/seo\/ -->\n<title>Tupinamba presenta el Shakeratto - Gremi del Caf\u00e8, torradors de Catalunya<\/title>\n<meta name=\"robots\" content=\"index, follow, max-snippet:-1, max-image-preview:large, max-video-preview:-1\" \/>\n<link rel=\"canonical\" href=\"https:\/\/gremicafe.cat\/es\/2019\/07\/11\/tupinamba-presenta-el-shakeratto\/\" \/>\n<meta property=\"og:locale\" content=\"es_ES\" \/>\n<meta property=\"og:type\" content=\"article\" \/>\n<meta property=\"og:title\" content=\"Tupinamba presenta el Shakeratto - Gremi del Caf\u00e8, torradors de Catalunya\" \/>\n<meta property=\"og:url\" content=\"https:\/\/gremicafe.cat\/es\/2019\/07\/11\/tupinamba-presenta-el-shakeratto\/\" \/>\n<meta property=\"og:site_name\" content=\"Gremi del Caf\u00e8, torradors de Catalunya\" \/>\n<meta property=\"article:publisher\" content=\"https:\/\/www.facebook.com\/gremicafecat\" \/>\n<meta property=\"article:published_time\" content=\"2019-07-11T12:29:20+00:00\" \/>\n<meta property=\"article:modified_time\" content=\"2019-07-19T07:39:52+00:00\" \/>\n<meta property=\"og:image\" content=\"https:\/\/gremicafe.cat\/wp-content\/uploads\/2019\/07\/shakeratto.png\" \/>\n\t<meta property=\"og:image:width\" content=\"1191\" \/>\n\t<meta property=\"og:image:height\" content=\"670\" \/>\n\t<meta property=\"og:image:type\" content=\"image\/png\" \/>\n<meta name=\"author\" content=\"gremicafe\" \/>\n<meta name=\"twitter:card\" content=\"summary_large_image\" \/>\n<meta name=\"twitter:creator\" content=\"@gremicafecat\" \/>\n<meta name=\"twitter:site\" content=\"@gremicafecat\" \/>\n<meta name=\"twitter:label1\" content=\"Escrito por\" \/>\n\t<meta name=\"twitter:data1\" content=\"gremicafe\" \/>\n<script type=\"application\/ld+json\" class=\"yoast-schema-graph\">{\"@context\":\"https:\/\/schema.org\",\"@graph\":[{\"@type\":\"Article\",\"@id\":\"https:\/\/gremicafe.cat\/2019\/07\/11\/tupinamba-presenta-el-shakeratto\/#article\",\"isPartOf\":{\"@id\":\"https:\/\/gremicafe.cat\/2019\/07\/11\/tupinamba-presenta-el-shakeratto\/\"},\"author\":{\"name\":\"gremicafe\",\"@id\":\"https:\/\/gremicafe.cat\/#\/schema\/person\/dabfdbb3d0fa36260855a380f94e4733\"},\"headline\":\"Tupinamba presenta el Shakeratto\",\"datePublished\":\"2019-07-11T12:29:20+00:00\",\"dateModified\":\"2019-07-19T07:39:52+00:00\",\"mainEntityOfPage\":{\"@id\":\"https:\/\/gremicafe.cat\/2019\/07\/11\/tupinamba-presenta-el-shakeratto\/\"},\"wordCount\":69,\"publisher\":{\"@id\":\"https:\/\/gremicafe.cat\/#organization\"},\"image\":{\"@id\":\"https:\/\/gremicafe.cat\/2019\/07\/11\/tupinamba-presenta-el-shakeratto\/#primaryimage\"},\"thumbnailUrl\":\"https:\/\/gremicafe.cat\/wp-content\/uploads\/2019\/07\/shakeratto.png\",\"articleSection\":[\"Not\u00edcies\"],\"inLanguage\":\"es\"},{\"@type\":\"WebPage\",\"@id\":\"https:\/\/gremicafe.cat\/2019\/07\/11\/tupinamba-presenta-el-shakeratto\/\",\"url\":\"https:\/\/gremicafe.cat\/2019\/07\/11\/tupinamba-presenta-el-shakeratto\/\",\"name\":\"Tupinamba presenta el Shakeratto - Gremi del Caf\u00e8, torradors de Catalunya\",\"isPartOf\":{\"@id\":\"https:\/\/gremicafe.cat\/#website\"},\"primaryImageOfPage\":{\"@id\":\"https:\/\/gremicafe.cat\/2019\/07\/11\/tupinamba-presenta-el-shakeratto\/#primaryimage\"},\"image\":{\"@id\":\"https:\/\/gremicafe.cat\/2019\/07\/11\/tupinamba-presenta-el-shakeratto\/#primaryimage\"},\"thumbnailUrl\":\"https:\/\/gremicafe.cat\/wp-content\/uploads\/2019\/07\/shakeratto.png\",\"datePublished\":\"2019-07-11T12:29:20+00:00\",\"dateModified\":\"2019-07-19T07:39:52+00:00\",\"breadcrumb\":{\"@id\":\"https:\/\/gremicafe.cat\/2019\/07\/11\/tupinamba-presenta-el-shakeratto\/#breadcrumb\"},\"inLanguage\":\"es\",\"potentialAction\":[{\"@type\":\"ReadAction\",\"target\":[\"https:\/\/gremicafe.cat\/2019\/07\/11\/tupinamba-presenta-el-shakeratto\/\"]}]},{\"@type\":\"ImageObject\",\"inLanguage\":\"es\",\"@id\":\"https:\/\/gremicafe.cat\/2019\/07\/11\/tupinamba-presenta-el-shakeratto\/#primaryimage\",\"url\":\"https:\/\/gremicafe.cat\/wp-content\/uploads\/2019\/07\/shakeratto.png\",\"contentUrl\":\"https:\/\/gremicafe.cat\/wp-content\/uploads\/2019\/07\/shakeratto.png\",\"width\":1191,\"height\":670},{\"@type\":\"BreadcrumbList\",\"@id\":\"https:\/\/gremicafe.cat\/2019\/07\/11\/tupinamba-presenta-el-shakeratto\/#breadcrumb\",\"itemListElement\":[{\"@type\":\"ListItem\",\"position\":1,\"name\":\"Inici\",\"item\":\"https:\/\/gremicafe.cat\/\"},{\"@type\":\"ListItem\",\"position\":2,\"name\":\"Tupinamba presenta el Shakeratto\"}]},{\"@type\":\"WebSite\",\"@id\":\"https:\/\/gremicafe.cat\/#website\",\"url\":\"https:\/\/gremicafe.cat\/\",\"name\":\"Gremi del Caf\u00e8, torradors de Catalunya\",\"description\":\"Web oficial del gremi de torradors de caf\u00e8 de Catalunya\",\"publisher\":{\"@id\":\"https:\/\/gremicafe.cat\/#organization\"},\"potentialAction\":[{\"@type\":\"SearchAction\",\"target\":{\"@type\":\"EntryPoint\",\"urlTemplate\":\"https:\/\/gremicafe.cat\/?s={search_term_string}\"},\"query-input\":{\"@type\":\"PropertyValueSpecification\",\"valueRequired\":true,\"valueName\":\"search_term_string\"}}],\"inLanguage\":\"es\"},{\"@type\":\"Organization\",\"@id\":\"https:\/\/gremicafe.cat\/#organization\",\"name\":\"Gremi del Caf\u00e8, Torradors de Catalunya\",\"url\":\"https:\/\/gremicafe.cat\/\",\"logo\":{\"@type\":\"ImageObject\",\"inLanguage\":\"es\",\"@id\":\"https:\/\/gremicafe.cat\/#\/schema\/logo\/image\/\",\"url\":\"https:\/\/gremicafe.cat\/wp-content\/uploads\/2018\/03\/gremicafe-logo250.png\",\"contentUrl\":\"https:\/\/gremicafe.cat\/wp-content\/uploads\/2018\/03\/gremicafe-logo250.png\",\"width\":250,\"height\":49,\"caption\":\"Gremi del Caf\u00e8, Torradors de Catalunya\"},\"image\":{\"@id\":\"https:\/\/gremicafe.cat\/#\/schema\/logo\/image\/\"},\"sameAs\":[\"https:\/\/www.facebook.com\/gremicafecat\",\"https:\/\/x.com\/gremicafecat\",\"https:\/\/www.instagram.com\/gremicafecat\/\",\"https:\/\/www.pinterest.es\/gremicafecat\/\",\"https:\/\/www.youtube.com\/channel\/UCGLo5Y35vLwLvP4FrPZrCrw\/\"]},{\"@type\":\"Person\",\"@id\":\"https:\/\/gremicafe.cat\/#\/schema\/person\/dabfdbb3d0fa36260855a380f94e4733\",\"name\":\"gremicafe\",\"image\":{\"@type\":\"ImageObject\",\"inLanguage\":\"es\",\"@id\":\"https:\/\/gremicafe.cat\/#\/schema\/person\/image\/\",\"url\":\"https:\/\/secure.gravatar.com\/avatar\/e59baa4ca8f6f97576d6375fb6d3c8f0?s=96&d=mm&r=g\",\"contentUrl\":\"https:\/\/secure.gravatar.com\/avatar\/e59baa4ca8f6f97576d6375fb6d3c8f0?s=96&d=mm&r=g\",\"caption\":\"gremicafe\"}}]}<\/script>\n<!-- \/ Yoast SEO plugin. -->","yoast_head_json":{"title":"Tupinamba presenta el Shakeratto - Gremi del Caf\u00e8, torradors de Catalunya","robots":{"index":"index","follow":"follow","max-snippet":"max-snippet:-1","max-image-preview":"max-image-preview:large","max-video-preview":"max-video-preview:-1"},"canonical":"https:\/\/gremicafe.cat\/es\/2019\/07\/11\/tupinamba-presenta-el-shakeratto\/","og_locale":"es_ES","og_type":"article","og_title":"Tupinamba presenta el Shakeratto - Gremi del Caf\u00e8, torradors de Catalunya","og_url":"https:\/\/gremicafe.cat\/es\/2019\/07\/11\/tupinamba-presenta-el-shakeratto\/","og_site_name":"Gremi del Caf\u00e8, torradors de Catalunya","article_publisher":"https:\/\/www.facebook.com\/gremicafecat","article_published_time":"2019-07-11T12:29:20+00:00","article_modified_time":"2019-07-19T07:39:52+00:00","og_image":[{"width":1191,"height":670,"url":"https:\/\/gremicafe.cat\/wp-content\/uploads\/2019\/07\/shakeratto.png","type":"image\/png"}],"author":"gremicafe","twitter_card":"summary_large_image","twitter_creator":"@gremicafecat","twitter_site":"@gremicafecat","twitter_misc":{"Escrito por":"gremicafe"},"schema":{"@context":"https:\/\/schema.org","@graph":[{"@type":"Article","@id":"https:\/\/gremicafe.cat\/2019\/07\/11\/tupinamba-presenta-el-shakeratto\/#article","isPartOf":{"@id":"https:\/\/gremicafe.cat\/2019\/07\/11\/tupinamba-presenta-el-shakeratto\/"},"author":{"name":"gremicafe","@id":"https:\/\/gremicafe.cat\/#\/schema\/person\/dabfdbb3d0fa36260855a380f94e4733"},"headline":"Tupinamba presenta el Shakeratto","datePublished":"2019-07-11T12:29:20+00:00","dateModified":"2019-07-19T07:39:52+00:00","mainEntityOfPage":{"@id":"https:\/\/gremicafe.cat\/2019\/07\/11\/tupinamba-presenta-el-shakeratto\/"},"wordCount":69,"publisher":{"@id":"https:\/\/gremicafe.cat\/#organization"},"image":{"@id":"https:\/\/gremicafe.cat\/2019\/07\/11\/tupinamba-presenta-el-shakeratto\/#primaryimage"},"thumbnailUrl":"https:\/\/gremicafe.cat\/wp-content\/uploads\/2019\/07\/shakeratto.png","articleSection":["Not\u00edcies"],"inLanguage":"es"},{"@type":"WebPage","@id":"https:\/\/gremicafe.cat\/2019\/07\/11\/tupinamba-presenta-el-shakeratto\/","url":"https:\/\/gremicafe.cat\/2019\/07\/11\/tupinamba-presenta-el-shakeratto\/","name":"Tupinamba presenta el Shakeratto - Gremi del Caf\u00e8, torradors de Catalunya","isPartOf":{"@id":"https:\/\/gremicafe.cat\/#website"},"primaryImageOfPage":{"@id":"https:\/\/gremicafe.cat\/2019\/07\/11\/tupinamba-presenta-el-shakeratto\/#primaryimage"},"image":{"@id":"https:\/\/gremicafe.cat\/2019\/07\/11\/tupinamba-presenta-el-shakeratto\/#primaryimage"},"thumbnailUrl":"https:\/\/gremicafe.cat\/wp-content\/uploads\/2019\/07\/shakeratto.png","datePublished":"2019-07-11T12:29:20+00:00","dateModified":"2019-07-19T07:39:52+00:00","breadcrumb":{"@id":"https:\/\/gremicafe.cat\/2019\/07\/11\/tupinamba-presenta-el-shakeratto\/#breadcrumb"},"inLanguage":"es","potentialAction":[{"@type":"ReadAction","target":["https:\/\/gremicafe.cat\/2019\/07\/11\/tupinamba-presenta-el-shakeratto\/"]}]},{"@type":"ImageObject","inLanguage":"es","@id":"https:\/\/gremicafe.cat\/2019\/07\/11\/tupinamba-presenta-el-shakeratto\/#primaryimage","url":"https:\/\/gremicafe.cat\/wp-content\/uploads\/2019\/07\/shakeratto.png","contentUrl":"https:\/\/gremicafe.cat\/wp-content\/uploads\/2019\/07\/shakeratto.png","width":1191,"height":670},{"@type":"BreadcrumbList","@id":"https:\/\/gremicafe.cat\/2019\/07\/11\/tupinamba-presenta-el-shakeratto\/#breadcrumb","itemListElement":[{"@type":"ListItem","position":1,"name":"Inici","item":"https:\/\/gremicafe.cat\/"},{"@type":"ListItem","position":2,"name":"Tupinamba presenta el Shakeratto"}]},{"@type":"WebSite","@id":"https:\/\/gremicafe.cat\/#website","url":"https:\/\/gremicafe.cat\/","name":"Gremio del Caf\u00e9, tostadores de Catalu\u00f1a","description":"Web oficial del gremio de tostadores de caf\u00e9 de Catalunya","publisher":{"@id":"https:\/\/gremicafe.cat\/#organization"},"potentialAction":[{"@type":"SearchAction","target":{"@type":"EntryPoint","urlTemplate":"https:\/\/gremicafe.cat\/?s={search_term_string}"},"query-input":{"@type":"PropertyValueSpecification","valueRequired":true,"valueName":"search_term_string"}}],"inLanguage":"es"},{"@type":"Organization","@id":"https:\/\/gremicafe.cat\/#organization","name":"Gremio del Caf\u00e9, Tostadores de Catalu\u00f1a","url":"https:\/\/gremicafe.cat\/","logo":{"@type":"ImageObject","inLanguage":"es","@id":"https:\/\/gremicafe.cat\/#\/schema\/logo\/image\/","url":"https:\/\/gremicafe.cat\/wp-content\/uploads\/2018\/03\/gremicafe-logo250.png","contentUrl":"https:\/\/gremicafe.cat\/wp-content\/uploads\/2018\/03\/gremicafe-logo250.png","width":250,"height":49,"caption":"Gremi del Caf\u00e8, Torradors de Catalunya"},"image":{"@id":"https:\/\/gremicafe.cat\/#\/schema\/logo\/image\/"},"sameAs":["https:\/\/www.facebook.com\/gremicafecat","https:\/\/x.com\/gremicafecat","https:\/\/www.instagram.com\/gremicafecat\/","https:\/\/www.pinterest.es\/gremicafecat\/","https:\/\/www.youtube.com\/channel\/UCGLo5Y35vLwLvP4FrPZrCrw\/"]},{"@type":"Person","@id":"https:\/\/gremicafe.cat\/#\/schema\/person\/dabfdbb3d0fa36260855a380f94e4733","name":"gremicafe","image":{"@type":"ImageObject","inLanguage":"es","@id":"https:\/\/gremicafe.cat\/#\/schema\/person\/image\/","url":"https:\/\/secure.gravatar.com\/avatar\/e59baa4ca8f6f97576d6375fb6d3c8f0?s=96&d=mm&r=g","contentUrl":"https:\/\/secure.gravatar.com\/avatar\/e59baa4ca8f6f97576d6375fb6d3c8f0?s=96&d=mm&r=g","caption":"gremicafe"}}]}},"_links":{"self":[{"href":"https:\/\/gremicafe.cat\/es\/wp-json\/wp\/v2\/posts\/4792"}],"collection":[{"href":"https:\/\/gremicafe.cat\/es\/wp-json\/wp\/v2\/posts"}],"about":[{"href":"https:\/\/gremicafe.cat\/es\/wp-json\/wp\/v2\/types\/post"}],"author":[{"embeddable":true,"href":"https:\/\/gremicafe.cat\/es\/wp-json\/wp\/v2\/users\/1"}],"replies":[{"embeddable":true,"href":"https:\/\/gremicafe.cat\/es\/wp-json\/wp\/v2\/comments?post=4792"}],"version-history":[{"count":0,"href":"https:\/\/gremicafe.cat\/es\/wp-json\/wp\/v2\/posts\/4792\/revisions"}],"wp:featuredmedia":[{"embeddable":true,"href":"https:\/\/gremicafe.cat\/es\/wp-json\/wp\/v2\/media\/4793"}],"wp:attachment":[{"href":"https:\/\/gremicafe.cat\/es\/wp-json\/wp\/v2\/media?parent=4792"}],"wp:term":[{"taxonomy":"category","embeddable":true,"href":"https:\/\/gremicafe.cat\/es\/wp-json\/wp\/v2\/categories?post=4792"},{"taxonomy":"post_tag","embeddable":true,"href":"https:\/\/gremicafe.cat\/es\/wp-json\/wp\/v2\/tags?post=4792"}],"curies":[{"name":"wp","href":"https:\/\/api.w.org\/{rel}","templated":true}]}}