{"id":4803,"date":"2019-07-15T14:48:44","date_gmt":"2019-07-15T12:48:44","guid":{"rendered":"https:\/\/gremicafe.cat\/?p=4803"},"modified":"2019-07-17T15:08:00","modified_gmt":"2019-07-17T13:08:00","slug":"cafe-saula-a-lhospitality-dels-circuits-de-gp-i-gt","status":"publish","type":"post","link":"https:\/\/gremicafe.cat\/es\/2019\/07\/15\/cafe-saula-a-lhospitality-dels-circuits-de-gp-i-gt\/","title":{"rendered":"Caf\u00e9 Saula en la hospitality de los circuitos de GP y GT"},"content":{"rendered":"<div id=\"ut-row-69f3fa5792678\" data-vc-full-width=\"true\" data-vc-full-width-init=\"false\" class=\"vc_row wpb_row vc_row-fluid vc_column-gap-0 ut-row-69f3fa5792688\" ><div class=\"wpb_column vc_column_container vc_col-sm-4\" ><div id=\"ut_inner_column_69f3fa5792d26\" class=\"vc_column-inner\"><div class=\"wpb_wrapper\">\n\t<div class=\"wpb_text_column wpb_content_element\" >\n\t\t<div class=\"wpb_wrapper\">\n\t\t\t<p><span class=\"s1\">Caf\u00e9 Saula se ha convertido en el caf\u00e9 oficial de la zona hospitality de las grandes citas del Campeonato del mundo de Motociclismo (GP) y el Campeonato Mundial de Gran Turismo (GT).<\/span><\/p>\n\n\t\t<\/div>\n\t<\/div>\n\n\t<div class=\"wpb_text_column wpb_content_element\" >\n\t\t<div class=\"wpb_wrapper\">\n\t\t\t<p class=\"p1\"><span class=\"s1\">La hospitality es una lujosa estructura m\u00f3vil de 180 metros cuadrados destinada a dar el mejor servicio a pilotos, ingenieros, periodistas e invitados durante los circuitos. Uno de sus principales servicios es el de ofrecer, de la mano del chef \u00c1ngel Escobar, las mejores comidas.<\/span><\/p>\n<p class=\"p1\"><span class=\"s1\">Adem\u00e1s de este chef residente, en cada evento GT un chef estrella Michel\u00edn del pa\u00eds donde se encuentre el circuito crea su propio show cooking. En este tipo de servicio, que la empresa Promoracing desarrolla para Michel\u00edn \u2013 uno de los patrocinadores oficiales de ambas competiciones \u2013 los mejores productos y marcas para conseguir estar a la altura de la imagen y la importancia del evento. Por este motivo ha apostado por Caf\u00e9 Saula desde el principio, sabiendo que es un caf\u00e9 que cumplir\u00eda con las expectativas de sus comensales.<\/span><\/p>\n<p class=\"p2\"><span class=\"s1\">Puede ver la noticia entera <a href=\"https:\/\/www.cafesaula.com\/blog\/cafe-saula-a-lhospitality-dels-circuits-de-gp-i-gt\/\" target=\"_blank\" rel=\"noopener noreferrer\">aqu\u00ed<\/a>.<\/span><\/p>\n\n\t\t<\/div>\n\t<\/div>\n<\/div><\/div><\/div><div class=\"wpb_column vc_column_container vc_col-sm-8\" ><div id=\"ut_inner_column_69f3fa57931dc\" class=\"vc_column-inner\"><div class=\"wpb_wrapper\"><div class=\"wpb_content_element ut-gallery-5  clearfix\">            \n            <script type=\"text\/javascript\">\n                \n                (function($){\n                    \n                    $(document).ready(function(){\n                        \n                                                                        \n                        function get_animated_objects( $all_appeared_elements, effect ) {\n                            \n                            var counter = 0;\n                            \n                            $all_appeared_elements.each(function(){\n                                        \n                                if( $(this).hasClass(effect) ) {\n\n                                    counter++;\n\n                                }\n\n                            });\n                            \n                            return counter;\n                            \n                        }\n                        \n                          \n                    });\n                        \n                })(jQuery);\n            \n            <\/script>\n            \n            <style type=\"text\/css\" scoped>#ut_ig_69f3fa579328d .ut-lazy:not(.ut-image-loaded) + .ut-video-module-loading { display:block; }#ut_ig_69f3fa579328d .ut-lazy.ut-image-loaded + .ut-video-module-loading { display:none; }<\/style><div id=\"ut_ig_69f3fa579328d\" class=\"ut-image-gallery  ut-image-gallery-5 clearfix\"><div  data-count=\"10\" class=\"ut-image-gallery-item ut-animation-done grid-50 tablet-grid-50 mobile-grid-100\"><a  class=\"ut-vc-images-lightbox\"  data-exthumbimage=\"https:\/\/gremicafe.cat\/wp-content\/uploads\/2019\/07\/gremicafe_saula_gp_2-150x150.jpg\" href=\"https:\/\/gremicafe.cat\/wp-content\/uploads\/2019\/07\/gremicafe_saula_gp_2.jpg\"><div class=\"ut-image-gallery-image\"><img loading=\"lazy\" decoding=\"async\"  class=\"\" src=\"https:\/\/gremicafe.cat\/wp-content\/uploads\/2019\/07\/gremicafe_saula_gp_2-1160x1160.jpg\" width=\"1160\" height=\"1160\"><\/div><\/a><\/div><div  data-count=\"8\" class=\"ut-image-gallery-item ut-animation-done ut-animation-done grid-50 tablet-grid-50 mobile-grid-100 ut-desktop-last\"><a  class=\"ut-vc-images-lightbox\"  data-exthumbimage=\"https:\/\/gremicafe.cat\/wp-content\/uploads\/2019\/07\/gremicafe_saula_gp_7-150x150.jpg\" href=\"https:\/\/gremicafe.cat\/wp-content\/uploads\/2019\/07\/gremicafe_saula_gp_7.jpg\"><div class=\"ut-image-gallery-image\"><img loading=\"lazy\" decoding=\"async\"  class=\"ut-desktop-last\" src=\"https:\/\/gremicafe.cat\/wp-content\/uploads\/2019\/07\/gremicafe_saula_gp_7-1160x1160.jpg\" width=\"1160\" height=\"1160\"><\/div><\/a><\/div><div class=\"clear hide-on-tablet\"><\/div><div  data-count=\"8\" class=\"ut-image-gallery-item ut-animation-done ut-animation-done ut-animation-done grid-50 tablet-grid-50 mobile-grid-100 ut-tablet-last\"><a  class=\"ut-vc-images-lightbox\"  data-exthumbimage=\"https:\/\/gremicafe.cat\/wp-content\/uploads\/2019\/07\/gremicafe_saula_gp_9-150x150.jpg\" href=\"https:\/\/gremicafe.cat\/wp-content\/uploads\/2019\/07\/gremicafe_saula_gp_9.jpg\"><div class=\"ut-image-gallery-image\"><img loading=\"lazy\" decoding=\"async\"  class=\"ut-tablet-last\" src=\"https:\/\/gremicafe.cat\/wp-content\/uploads\/2019\/07\/gremicafe_saula_gp_9-1160x1160.jpg\" width=\"1160\" height=\"1160\"><\/div><\/a><\/div><div class=\"clear hide-on-desktop hide-on-tablet\"><\/div><div  data-count=\"6\" class=\"ut-image-gallery-item ut-animation-done ut-animation-done ut-animation-done ut-animation-done grid-50 tablet-grid-50 mobile-grid-100 ut-desktop-last\"><a  class=\"ut-vc-images-lightbox\"  data-exthumbimage=\"https:\/\/gremicafe.cat\/wp-content\/uploads\/2019\/07\/gremicafe_saula_gp_3-150x150.jpg\" href=\"https:\/\/gremicafe.cat\/wp-content\/uploads\/2019\/07\/gremicafe_saula_gp_3.jpg\"><div class=\"ut-image-gallery-image\"><img loading=\"lazy\" decoding=\"async\"  class=\"ut-desktop-last\" src=\"https:\/\/gremicafe.cat\/wp-content\/uploads\/2019\/07\/gremicafe_saula_gp_3-1160x1160.jpg\" width=\"1160\" height=\"1160\"><\/div><\/a><\/div><div class=\"clear hide-on-tablet\"><\/div><div  data-count=\"6\" class=\"ut-image-gallery-item ut-animation-done ut-animation-done ut-animation-done ut-animation-done ut-animation-done grid-50 tablet-grid-50 mobile-grid-100\"><a  class=\"ut-vc-images-lightbox\"  data-exthumbimage=\"https:\/\/gremicafe.cat\/wp-content\/uploads\/2019\/07\/gremicafe_saula_gp_4-150x150.jpg\" href=\"https:\/\/gremicafe.cat\/wp-content\/uploads\/2019\/07\/gremicafe_saula_gp_4.jpg\"><div class=\"ut-image-gallery-image\"><img loading=\"lazy\" decoding=\"async\"  class=\"\" src=\"https:\/\/gremicafe.cat\/wp-content\/uploads\/2019\/07\/gremicafe_saula_gp_4-1160x1160.jpg\" width=\"1160\" height=\"1160\"><\/div><\/a><\/div><div  data-count=\"4\" class=\"ut-image-gallery-item ut-animation-done ut-animation-done ut-animation-done ut-animation-done ut-animation-done ut-animation-done grid-50 tablet-grid-50 mobile-grid-100 ut-tablet-last ut-desktop-last\"><a  class=\"ut-vc-images-lightbox\"  data-exthumbimage=\"https:\/\/gremicafe.cat\/wp-content\/uploads\/2019\/07\/gremicafe_saula_gp_5-150x150.jpg\" href=\"https:\/\/gremicafe.cat\/wp-content\/uploads\/2019\/07\/gremicafe_saula_gp_5.jpg\"><div class=\"ut-image-gallery-image\"><img loading=\"lazy\" decoding=\"async\"  class=\"ut-tablet-last ut-desktop-last\" src=\"https:\/\/gremicafe.cat\/wp-content\/uploads\/2019\/07\/gremicafe_saula_gp_5-1160x1160.jpg\" width=\"1160\" height=\"1160\"><\/div><\/a><\/div><div class=\"clear hide-on-tablet\"><\/div><div  data-count=\"4\" class=\"ut-image-gallery-item ut-animation-done ut-animation-done ut-animation-done ut-animation-done ut-animation-done ut-animation-done ut-animation-done grid-50 tablet-grid-50 mobile-grid-100\"><a  class=\"ut-vc-images-lightbox\"  data-exthumbimage=\"https:\/\/gremicafe.cat\/wp-content\/uploads\/2019\/07\/gremicafe_saula_gp_8-150x150.jpg\" href=\"https:\/\/gremicafe.cat\/wp-content\/uploads\/2019\/07\/gremicafe_saula_gp_8.jpg\"><div class=\"ut-image-gallery-image\"><img loading=\"lazy\" decoding=\"async\"  class=\"\" src=\"https:\/\/gremicafe.cat\/wp-content\/uploads\/2019\/07\/gremicafe_saula_gp_8-1160x1160.jpg\" width=\"1160\" height=\"1160\"><\/div><\/a><\/div><div  data-count=\"2\" class=\"ut-image-gallery-item ut-animation-done ut-animation-done ut-animation-done ut-animation-done ut-animation-done ut-animation-done ut-animation-done ut-animation-done grid-50 tablet-grid-50 mobile-grid-100 ut-desktop-last\"><a  class=\"ut-vc-images-lightbox\"  data-exthumbimage=\"https:\/\/gremicafe.cat\/wp-content\/uploads\/2019\/07\/gremicafe_saula_gp_6-150x150.jpg\" href=\"https:\/\/gremicafe.cat\/wp-content\/uploads\/2019\/07\/gremicafe_saula_gp_6.jpg\"><div class=\"ut-image-gallery-image\"><img loading=\"lazy\" decoding=\"async\"  class=\"ut-desktop-last\" src=\"https:\/\/gremicafe.cat\/wp-content\/uploads\/2019\/07\/gremicafe_saula_gp_6-1160x1160.jpg\" width=\"1160\" height=\"1160\"><\/div><\/a><\/div><div class=\"clear hide-on-tablet\"><\/div><div  data-count=\"2\" class=\"ut-image-gallery-item ut-animation-done ut-animation-done ut-animation-done ut-animation-done ut-animation-done ut-animation-done ut-animation-done ut-animation-done ut-animation-done grid-50 tablet-grid-50 mobile-grid-100 ut-tablet-last\"><a  class=\"ut-vc-images-lightbox\"  data-exthumbimage=\"https:\/\/gremicafe.cat\/wp-content\/uploads\/2019\/07\/gremicafe_saula_gp_11-150x150.jpg\" href=\"https:\/\/gremicafe.cat\/wp-content\/uploads\/2019\/07\/gremicafe_saula_gp_11.jpg\"><div class=\"ut-image-gallery-image\"><img loading=\"lazy\" decoding=\"async\"  class=\"ut-tablet-last\" src=\"https:\/\/gremicafe.cat\/wp-content\/uploads\/2019\/07\/gremicafe_saula_gp_11-1160x1160.jpg\" width=\"1160\" height=\"1160\"><\/div><\/a><\/div><div class=\"clear hide-on-desktop hide-on-tablet\"><\/div><div  data-count=\"2\" class=\"ut-image-gallery-item ut-animation-done ut-animation-done ut-animation-done ut-animation-done ut-animation-done ut-animation-done ut-animation-done ut-animation-done ut-animation-done ut-animation-done grid-50 tablet-grid-50 mobile-grid-100\"><a  class=\"ut-vc-images-lightbox\"  data-exthumbimage=\"https:\/\/gremicafe.cat\/wp-content\/uploads\/2019\/07\/gremicafe_saula_gp_1-150x150.jpg\" href=\"https:\/\/gremicafe.cat\/wp-content\/uploads\/2019\/07\/gremicafe_saula_gp_1.jpg\"><div class=\"ut-image-gallery-image\"><img loading=\"lazy\" decoding=\"async\"  class=\"\" src=\"https:\/\/gremicafe.cat\/wp-content\/uploads\/2019\/07\/gremicafe_saula_gp_1-1160x1160.jpg\" width=\"1160\" height=\"1160\"><\/div><\/a><\/div><div class=\"clear\"><\/div><\/div><\/div><\/div><\/div><\/div><\/div><div class=\"vc_row-full-width vc_clearfix\"><\/div>","protected":false},"excerpt":{"rendered":"Caf\u00e8\u00a0Saula\u00a0s\u2019ha convertit en el caf\u00e8 oficial de la zona hospitality\u00a0de les grans cites del\u00a0Campionat del m\u00f3n de Motociclisme (GP)\u00a0i el\u00a0Campionat Mundial de Gran Turisme (GT). L\u2019hospitality\u00a0\u00e9s una luxosa estructura m\u00f2bil de 180 metres quadrats que est\u00e0 destinada a donar el millor servei a pilots, enginyers, periodistes i convidats durant els circuits. Un dels seus principals [...]","protected":false},"author":1,"featured_media":4806,"comment_status":"closed","ping_status":"open","sticky":false,"template":"","format":"standard","meta":{"_acf_changed":false,"inline_featured_image":false,"footnotes":""},"categories":[1],"tags":[],"class_list":["post-4803","post","type-post","status-publish","format-standard","has-post-thumbnail","hentry","category-noticies"],"acf":[],"yoast_head":"<!-- This site is optimized with the Yoast SEO plugin v25.5 - https:\/\/yoast.com\/wordpress\/plugins\/seo\/ -->\n<title>Caf\u00e8 Saula a l\u2019hospitality dels circuits de GP i GT - Gremi del Caf\u00e8, torradors de Catalunya<\/title>\n<meta name=\"robots\" content=\"index, follow, max-snippet:-1, max-image-preview:large, max-video-preview:-1\" \/>\n<link rel=\"canonical\" href=\"https:\/\/gremicafe.cat\/es\/2019\/07\/15\/cafe-saula-a-lhospitality-dels-circuits-de-gp-i-gt\/\" \/>\n<meta property=\"og:locale\" content=\"es_ES\" \/>\n<meta property=\"og:type\" content=\"article\" \/>\n<meta property=\"og:title\" content=\"Caf\u00e8 Saula a l\u2019hospitality dels circuits de GP i GT - Gremi del Caf\u00e8, torradors de Catalunya\" \/>\n<meta property=\"og:url\" content=\"https:\/\/gremicafe.cat\/es\/2019\/07\/15\/cafe-saula-a-lhospitality-dels-circuits-de-gp-i-gt\/\" \/>\n<meta property=\"og:site_name\" content=\"Gremi del Caf\u00e8, torradors de Catalunya\" \/>\n<meta property=\"article:publisher\" content=\"https:\/\/www.facebook.com\/gremicafecat\" \/>\n<meta property=\"article:published_time\" content=\"2019-07-15T12:48:44+00:00\" \/>\n<meta property=\"article:modified_time\" content=\"2019-07-17T13:08:00+00:00\" \/>\n<meta property=\"og:image\" content=\"https:\/\/gremicafe.cat\/wp-content\/uploads\/2019\/07\/gremicafe_saula_gp_3.jpg\" \/>\n\t<meta property=\"og:image:width\" content=\"711\" \/>\n\t<meta property=\"og:image:height\" content=\"474\" \/>\n\t<meta property=\"og:image:type\" content=\"image\/jpeg\" \/>\n<meta name=\"author\" content=\"gremicafe\" \/>\n<meta name=\"twitter:card\" content=\"summary_large_image\" \/>\n<meta name=\"twitter:creator\" content=\"@gremicafecat\" \/>\n<meta name=\"twitter:site\" content=\"@gremicafecat\" \/>\n<meta name=\"twitter:label1\" content=\"Escrito por\" \/>\n\t<meta name=\"twitter:data1\" content=\"gremicafe\" \/>\n\t<meta name=\"twitter:label2\" content=\"Tiempo de lectura\" \/>\n\t<meta name=\"twitter:data2\" content=\"1 minuto\" \/>\n<script type=\"application\/ld+json\" class=\"yoast-schema-graph\">{\"@context\":\"https:\/\/schema.org\",\"@graph\":[{\"@type\":\"Article\",\"@id\":\"https:\/\/gremicafe.cat\/2019\/07\/15\/cafe-saula-a-lhospitality-dels-circuits-de-gp-i-gt\/#article\",\"isPartOf\":{\"@id\":\"https:\/\/gremicafe.cat\/2019\/07\/15\/cafe-saula-a-lhospitality-dels-circuits-de-gp-i-gt\/\"},\"author\":{\"name\":\"gremicafe\",\"@id\":\"https:\/\/gremicafe.cat\/#\/schema\/person\/dabfdbb3d0fa36260855a380f94e4733\"},\"headline\":\"Caf\u00e8 Saula a l\u2019hospitality dels circuits de GP i GT\",\"datePublished\":\"2019-07-15T12:48:44+00:00\",\"dateModified\":\"2019-07-17T13:08:00+00:00\",\"mainEntityOfPage\":{\"@id\":\"https:\/\/gremicafe.cat\/2019\/07\/15\/cafe-saula-a-lhospitality-dels-circuits-de-gp-i-gt\/\"},\"wordCount\":232,\"publisher\":{\"@id\":\"https:\/\/gremicafe.cat\/#organization\"},\"image\":{\"@id\":\"https:\/\/gremicafe.cat\/2019\/07\/15\/cafe-saula-a-lhospitality-dels-circuits-de-gp-i-gt\/#primaryimage\"},\"thumbnailUrl\":\"https:\/\/gremicafe.cat\/wp-content\/uploads\/2019\/07\/gremicafe_saula_gp_3.jpg\",\"articleSection\":[\"Not\u00edcies\"],\"inLanguage\":\"es\"},{\"@type\":\"WebPage\",\"@id\":\"https:\/\/gremicafe.cat\/2019\/07\/15\/cafe-saula-a-lhospitality-dels-circuits-de-gp-i-gt\/\",\"url\":\"https:\/\/gremicafe.cat\/2019\/07\/15\/cafe-saula-a-lhospitality-dels-circuits-de-gp-i-gt\/\",\"name\":\"Caf\u00e8 Saula a l\u2019hospitality dels circuits de GP i GT - Gremi del Caf\u00e8, torradors de Catalunya\",\"isPartOf\":{\"@id\":\"https:\/\/gremicafe.cat\/#website\"},\"primaryImageOfPage\":{\"@id\":\"https:\/\/gremicafe.cat\/2019\/07\/15\/cafe-saula-a-lhospitality-dels-circuits-de-gp-i-gt\/#primaryimage\"},\"image\":{\"@id\":\"https:\/\/gremicafe.cat\/2019\/07\/15\/cafe-saula-a-lhospitality-dels-circuits-de-gp-i-gt\/#primaryimage\"},\"thumbnailUrl\":\"https:\/\/gremicafe.cat\/wp-content\/uploads\/2019\/07\/gremicafe_saula_gp_3.jpg\",\"datePublished\":\"2019-07-15T12:48:44+00:00\",\"dateModified\":\"2019-07-17T13:08:00+00:00\",\"breadcrumb\":{\"@id\":\"https:\/\/gremicafe.cat\/2019\/07\/15\/cafe-saula-a-lhospitality-dels-circuits-de-gp-i-gt\/#breadcrumb\"},\"inLanguage\":\"es\",\"potentialAction\":[{\"@type\":\"ReadAction\",\"target\":[\"https:\/\/gremicafe.cat\/2019\/07\/15\/cafe-saula-a-lhospitality-dels-circuits-de-gp-i-gt\/\"]}]},{\"@type\":\"ImageObject\",\"inLanguage\":\"es\",\"@id\":\"https:\/\/gremicafe.cat\/2019\/07\/15\/cafe-saula-a-lhospitality-dels-circuits-de-gp-i-gt\/#primaryimage\",\"url\":\"https:\/\/gremicafe.cat\/wp-content\/uploads\/2019\/07\/gremicafe_saula_gp_3.jpg\",\"contentUrl\":\"https:\/\/gremicafe.cat\/wp-content\/uploads\/2019\/07\/gremicafe_saula_gp_3.jpg\",\"width\":711,\"height\":474},{\"@type\":\"BreadcrumbList\",\"@id\":\"https:\/\/gremicafe.cat\/2019\/07\/15\/cafe-saula-a-lhospitality-dels-circuits-de-gp-i-gt\/#breadcrumb\",\"itemListElement\":[{\"@type\":\"ListItem\",\"position\":1,\"name\":\"Inici\",\"item\":\"https:\/\/gremicafe.cat\/\"},{\"@type\":\"ListItem\",\"position\":2,\"name\":\"Caf\u00e8 Saula a l\u2019hospitality dels circuits de GP i GT\"}]},{\"@type\":\"WebSite\",\"@id\":\"https:\/\/gremicafe.cat\/#website\",\"url\":\"https:\/\/gremicafe.cat\/\",\"name\":\"Gremi del Caf\u00e8, torradors de Catalunya\",\"description\":\"Web oficial del gremi de torradors de caf\u00e8 de Catalunya\",\"publisher\":{\"@id\":\"https:\/\/gremicafe.cat\/#organization\"},\"potentialAction\":[{\"@type\":\"SearchAction\",\"target\":{\"@type\":\"EntryPoint\",\"urlTemplate\":\"https:\/\/gremicafe.cat\/?s={search_term_string}\"},\"query-input\":{\"@type\":\"PropertyValueSpecification\",\"valueRequired\":true,\"valueName\":\"search_term_string\"}}],\"inLanguage\":\"es\"},{\"@type\":\"Organization\",\"@id\":\"https:\/\/gremicafe.cat\/#organization\",\"name\":\"Gremi del Caf\u00e8, Torradors de Catalunya\",\"url\":\"https:\/\/gremicafe.cat\/\",\"logo\":{\"@type\":\"ImageObject\",\"inLanguage\":\"es\",\"@id\":\"https:\/\/gremicafe.cat\/#\/schema\/logo\/image\/\",\"url\":\"https:\/\/gremicafe.cat\/wp-content\/uploads\/2018\/03\/gremicafe-logo250.png\",\"contentUrl\":\"https:\/\/gremicafe.cat\/wp-content\/uploads\/2018\/03\/gremicafe-logo250.png\",\"width\":250,\"height\":49,\"caption\":\"Gremi del Caf\u00e8, Torradors de Catalunya\"},\"image\":{\"@id\":\"https:\/\/gremicafe.cat\/#\/schema\/logo\/image\/\"},\"sameAs\":[\"https:\/\/www.facebook.com\/gremicafecat\",\"https:\/\/x.com\/gremicafecat\",\"https:\/\/www.instagram.com\/gremicafecat\/\",\"https:\/\/www.pinterest.es\/gremicafecat\/\",\"https:\/\/www.youtube.com\/channel\/UCGLo5Y35vLwLvP4FrPZrCrw\/\"]},{\"@type\":\"Person\",\"@id\":\"https:\/\/gremicafe.cat\/#\/schema\/person\/dabfdbb3d0fa36260855a380f94e4733\",\"name\":\"gremicafe\",\"image\":{\"@type\":\"ImageObject\",\"inLanguage\":\"es\",\"@id\":\"https:\/\/gremicafe.cat\/#\/schema\/person\/image\/\",\"url\":\"https:\/\/secure.gravatar.com\/avatar\/e59baa4ca8f6f97576d6375fb6d3c8f0?s=96&d=mm&r=g\",\"contentUrl\":\"https:\/\/secure.gravatar.com\/avatar\/e59baa4ca8f6f97576d6375fb6d3c8f0?s=96&d=mm&r=g\",\"caption\":\"gremicafe\"}}]}<\/script>\n<!-- \/ Yoast SEO plugin. -->","yoast_head_json":{"title":"Caf\u00e8 Saula a l\u2019hospitality dels circuits de GP i GT - Gremi del Caf\u00e8, torradors de Catalunya","robots":{"index":"index","follow":"follow","max-snippet":"max-snippet:-1","max-image-preview":"max-image-preview:large","max-video-preview":"max-video-preview:-1"},"canonical":"https:\/\/gremicafe.cat\/es\/2019\/07\/15\/cafe-saula-a-lhospitality-dels-circuits-de-gp-i-gt\/","og_locale":"es_ES","og_type":"article","og_title":"Caf\u00e8 Saula a l\u2019hospitality dels circuits de GP i GT - Gremi del Caf\u00e8, torradors de Catalunya","og_url":"https:\/\/gremicafe.cat\/es\/2019\/07\/15\/cafe-saula-a-lhospitality-dels-circuits-de-gp-i-gt\/","og_site_name":"Gremi del Caf\u00e8, torradors de Catalunya","article_publisher":"https:\/\/www.facebook.com\/gremicafecat","article_published_time":"2019-07-15T12:48:44+00:00","article_modified_time":"2019-07-17T13:08:00+00:00","og_image":[{"width":711,"height":474,"url":"https:\/\/gremicafe.cat\/wp-content\/uploads\/2019\/07\/gremicafe_saula_gp_3.jpg","type":"image\/jpeg"}],"author":"gremicafe","twitter_card":"summary_large_image","twitter_creator":"@gremicafecat","twitter_site":"@gremicafecat","twitter_misc":{"Escrito por":"gremicafe","Tiempo de lectura":"1 minuto"},"schema":{"@context":"https:\/\/schema.org","@graph":[{"@type":"Article","@id":"https:\/\/gremicafe.cat\/2019\/07\/15\/cafe-saula-a-lhospitality-dels-circuits-de-gp-i-gt\/#article","isPartOf":{"@id":"https:\/\/gremicafe.cat\/2019\/07\/15\/cafe-saula-a-lhospitality-dels-circuits-de-gp-i-gt\/"},"author":{"name":"gremicafe","@id":"https:\/\/gremicafe.cat\/#\/schema\/person\/dabfdbb3d0fa36260855a380f94e4733"},"headline":"Caf\u00e8 Saula a l\u2019hospitality dels circuits de GP i GT","datePublished":"2019-07-15T12:48:44+00:00","dateModified":"2019-07-17T13:08:00+00:00","mainEntityOfPage":{"@id":"https:\/\/gremicafe.cat\/2019\/07\/15\/cafe-saula-a-lhospitality-dels-circuits-de-gp-i-gt\/"},"wordCount":232,"publisher":{"@id":"https:\/\/gremicafe.cat\/#organization"},"image":{"@id":"https:\/\/gremicafe.cat\/2019\/07\/15\/cafe-saula-a-lhospitality-dels-circuits-de-gp-i-gt\/#primaryimage"},"thumbnailUrl":"https:\/\/gremicafe.cat\/wp-content\/uploads\/2019\/07\/gremicafe_saula_gp_3.jpg","articleSection":["Not\u00edcies"],"inLanguage":"es"},{"@type":"WebPage","@id":"https:\/\/gremicafe.cat\/2019\/07\/15\/cafe-saula-a-lhospitality-dels-circuits-de-gp-i-gt\/","url":"https:\/\/gremicafe.cat\/2019\/07\/15\/cafe-saula-a-lhospitality-dels-circuits-de-gp-i-gt\/","name":"Caf\u00e8 Saula a l\u2019hospitality dels circuits de GP i GT - Gremi del Caf\u00e8, torradors de Catalunya","isPartOf":{"@id":"https:\/\/gremicafe.cat\/#website"},"primaryImageOfPage":{"@id":"https:\/\/gremicafe.cat\/2019\/07\/15\/cafe-saula-a-lhospitality-dels-circuits-de-gp-i-gt\/#primaryimage"},"image":{"@id":"https:\/\/gremicafe.cat\/2019\/07\/15\/cafe-saula-a-lhospitality-dels-circuits-de-gp-i-gt\/#primaryimage"},"thumbnailUrl":"https:\/\/gremicafe.cat\/wp-content\/uploads\/2019\/07\/gremicafe_saula_gp_3.jpg","datePublished":"2019-07-15T12:48:44+00:00","dateModified":"2019-07-17T13:08:00+00:00","breadcrumb":{"@id":"https:\/\/gremicafe.cat\/2019\/07\/15\/cafe-saula-a-lhospitality-dels-circuits-de-gp-i-gt\/#breadcrumb"},"inLanguage":"es","potentialAction":[{"@type":"ReadAction","target":["https:\/\/gremicafe.cat\/2019\/07\/15\/cafe-saula-a-lhospitality-dels-circuits-de-gp-i-gt\/"]}]},{"@type":"ImageObject","inLanguage":"es","@id":"https:\/\/gremicafe.cat\/2019\/07\/15\/cafe-saula-a-lhospitality-dels-circuits-de-gp-i-gt\/#primaryimage","url":"https:\/\/gremicafe.cat\/wp-content\/uploads\/2019\/07\/gremicafe_saula_gp_3.jpg","contentUrl":"https:\/\/gremicafe.cat\/wp-content\/uploads\/2019\/07\/gremicafe_saula_gp_3.jpg","width":711,"height":474},{"@type":"BreadcrumbList","@id":"https:\/\/gremicafe.cat\/2019\/07\/15\/cafe-saula-a-lhospitality-dels-circuits-de-gp-i-gt\/#breadcrumb","itemListElement":[{"@type":"ListItem","position":1,"name":"Inici","item":"https:\/\/gremicafe.cat\/"},{"@type":"ListItem","position":2,"name":"Caf\u00e8 Saula a l\u2019hospitality dels circuits de GP i GT"}]},{"@type":"WebSite","@id":"https:\/\/gremicafe.cat\/#website","url":"https:\/\/gremicafe.cat\/","name":"Gremio del Caf\u00e9, tostadores de Catalu\u00f1a","description":"Web oficial del gremio de tostadores de caf\u00e9 de Catalunya","publisher":{"@id":"https:\/\/gremicafe.cat\/#organization"},"potentialAction":[{"@type":"SearchAction","target":{"@type":"EntryPoint","urlTemplate":"https:\/\/gremicafe.cat\/?s={search_term_string}"},"query-input":{"@type":"PropertyValueSpecification","valueRequired":true,"valueName":"search_term_string"}}],"inLanguage":"es"},{"@type":"Organization","@id":"https:\/\/gremicafe.cat\/#organization","name":"Gremio del Caf\u00e9, Tostadores de Catalu\u00f1a","url":"https:\/\/gremicafe.cat\/","logo":{"@type":"ImageObject","inLanguage":"es","@id":"https:\/\/gremicafe.cat\/#\/schema\/logo\/image\/","url":"https:\/\/gremicafe.cat\/wp-content\/uploads\/2018\/03\/gremicafe-logo250.png","contentUrl":"https:\/\/gremicafe.cat\/wp-content\/uploads\/2018\/03\/gremicafe-logo250.png","width":250,"height":49,"caption":"Gremi del Caf\u00e8, Torradors de Catalunya"},"image":{"@id":"https:\/\/gremicafe.cat\/#\/schema\/logo\/image\/"},"sameAs":["https:\/\/www.facebook.com\/gremicafecat","https:\/\/x.com\/gremicafecat","https:\/\/www.instagram.com\/gremicafecat\/","https:\/\/www.pinterest.es\/gremicafecat\/","https:\/\/www.youtube.com\/channel\/UCGLo5Y35vLwLvP4FrPZrCrw\/"]},{"@type":"Person","@id":"https:\/\/gremicafe.cat\/#\/schema\/person\/dabfdbb3d0fa36260855a380f94e4733","name":"gremicafe","image":{"@type":"ImageObject","inLanguage":"es","@id":"https:\/\/gremicafe.cat\/#\/schema\/person\/image\/","url":"https:\/\/secure.gravatar.com\/avatar\/e59baa4ca8f6f97576d6375fb6d3c8f0?s=96&d=mm&r=g","contentUrl":"https:\/\/secure.gravatar.com\/avatar\/e59baa4ca8f6f97576d6375fb6d3c8f0?s=96&d=mm&r=g","caption":"gremicafe"}}]}},"_links":{"self":[{"href":"https:\/\/gremicafe.cat\/es\/wp-json\/wp\/v2\/posts\/4803"}],"collection":[{"href":"https:\/\/gremicafe.cat\/es\/wp-json\/wp\/v2\/posts"}],"about":[{"href":"https:\/\/gremicafe.cat\/es\/wp-json\/wp\/v2\/types\/post"}],"author":[{"embeddable":true,"href":"https:\/\/gremicafe.cat\/es\/wp-json\/wp\/v2\/users\/1"}],"replies":[{"embeddable":true,"href":"https:\/\/gremicafe.cat\/es\/wp-json\/wp\/v2\/comments?post=4803"}],"version-history":[{"count":0,"href":"https:\/\/gremicafe.cat\/es\/wp-json\/wp\/v2\/posts\/4803\/revisions"}],"wp:featuredmedia":[{"embeddable":true,"href":"https:\/\/gremicafe.cat\/es\/wp-json\/wp\/v2\/media\/4806"}],"wp:attachment":[{"href":"https:\/\/gremicafe.cat\/es\/wp-json\/wp\/v2\/media?parent=4803"}],"wp:term":[{"taxonomy":"category","embeddable":true,"href":"https:\/\/gremicafe.cat\/es\/wp-json\/wp\/v2\/categories?post=4803"},{"taxonomy":"post_tag","embeddable":true,"href":"https:\/\/gremicafe.cat\/es\/wp-json\/wp\/v2\/tags?post=4803"}],"curies":[{"name":"wp","href":"https:\/\/api.w.org\/{rel}","templated":true}]}}