{"id":4818,"date":"2019-07-16T14:54:23","date_gmt":"2019-07-16T12:54:23","guid":{"rendered":"https:\/\/gremicafe.cat\/?p=4818"},"modified":"2019-07-17T15:07:50","modified_gmt":"2019-07-17T13:07:50","slug":"tupinamba-presenta-els-nous-packs-per-ecommerce-que-combinen-referencies-de-cafe-i-te","status":"publish","type":"post","link":"https:\/\/gremicafe.cat\/es\/2019\/07\/16\/tupinamba-presenta-els-nous-packs-per-ecommerce-que-combinen-referencies-de-cafe-i-te\/","title":{"rendered":"Tupinamba presenta los nuevos packs para ecommerce que combinan referencias de caf\u00e9 y t\u00e9"},"content":{"rendered":"<div id=\"ut-row-69f5d542a2a8a\" data-vc-full-width=\"true\" data-vc-full-width-init=\"false\" class=\"vc_row wpb_row vc_row-fluid vc_column-gap-0 ut-row-69f5d542a2a9f\" ><div class=\"wpb_column vc_column_container vc_col-sm-12\" ><div id=\"ut_inner_column_69f5d542a31c1\" class=\"vc_column-inner\"><div class=\"wpb_wrapper\"><div  class=\"wpb_content_element   clearfix\"><style type=\"text\/css\" scoped>#ut_am_69f5d542a3841 { opacity: 1; }<\/style><div id=\"ut_am_wrap_69f5d542a3843\" class=\"ut-image-gallery-image\" style=\"text-align:left;\"><div class=\"ut-animated-image-item ut-image-gallery-item ut-animation-done\"><a class=\"ut-deactivated-link\" href=\"#\"><img loading=\"lazy\" decoding=\"async\" title=\"Banner-Pack-Extraordinary_965x460\" id=\"ut_am_69f5d542a3841\" style=\"\" src=\"https:\/\/gremicafe.cat\/wp-content\/uploads\/2019\/07\/Banner-Pack-Extraordinary_965x460.jpg\" width=\"965\" height=\"460\" alt=\"\"\/><\/a><\/div><\/div><\/div>\n\t<div class=\"wpb_text_column wpb_content_element\" >\n\t\t<div class=\"wpb_wrapper\">\n\t\t\t<p class=\"p1\"><span class=\"s1\">Caf\u00e9 Tupinamba presenta una potente promoci\u00f3n para su tienda on-line, con una oferta de packs de 60, 120 y 300 c\u00e1psulas compatibles Nespresso, estas \u00faltimas con dos tazas espresso de regalo;<span class=\"Apple-converted-space\">\u00a0 <\/span>y el Pack Essential T\u00e9 que incluye, 120 pir\u00e1mides (2 cajas de t\u00e9 Genmaicha, 2 cajas de t\u00e9 Pu Erh, 2 cajas de t\u00e9 Rose Congou, 2 cajas de tisana Chia Chai Cocoa, 2 cajas de tisana Lemon Rose) y 2 tazas Double Glass de 24cl de regalo.<\/span><\/p>\n<p class=\"p1\"><span class=\"s1\">Puede ver la noticia entera <a href=\"https:\/\/www.capsulastupinamba.com\/ca\/14-els-packs-tupinamba\" target=\"_blank\" rel=\"noopener noreferrer\">aqu\u00ed<\/a>.<\/span><\/p>\n\n\t\t<\/div>\n\t<\/div>\n<\/div><\/div><\/div><\/div><div class=\"vc_row-full-width vc_clearfix\"><\/div>","protected":false},"excerpt":{"rendered":"#ut_am_69f5d542a46ca { opacity: 1; } Caf\u00e8 Tupinamba presenta una potent promoci\u00f3 per a la seva botiga on-line, amb una ofertade packs de 60, 120 i 300 c\u00e0psules compatibles Nespresso, aquestes \u00faltimes amb dues tasses espresso de regal;\u00a0 i el Pack Essential Te que inclou, 120 pir\u00e0mides (2 caixes de te Genmaicha, 2 caixes de te [...]","protected":false},"author":1,"featured_media":4819,"comment_status":"closed","ping_status":"open","sticky":false,"template":"","format":"standard","meta":{"_acf_changed":false,"inline_featured_image":false,"footnotes":""},"categories":[1],"tags":[],"class_list":["post-4818","post","type-post","status-publish","format-standard","has-post-thumbnail","hentry","category-noticies"],"acf":[],"yoast_head":"<!-- This site is optimized with the Yoast SEO plugin v25.5 - https:\/\/yoast.com\/wordpress\/plugins\/seo\/ -->\n<title>Tupinamba presenta els nous packs per ecommerce que combinen refer\u00e8ncies de caf\u00e8 i te - Gremi del Caf\u00e8, torradors de Catalunya<\/title>\n<meta name=\"robots\" content=\"index, follow, max-snippet:-1, max-image-preview:large, max-video-preview:-1\" \/>\n<link rel=\"canonical\" href=\"https:\/\/gremicafe.cat\/es\/2019\/07\/16\/tupinamba-presenta-els-nous-packs-per-ecommerce-que-combinen-referencies-de-cafe-i-te\/\" \/>\n<meta property=\"og:locale\" content=\"es_ES\" \/>\n<meta property=\"og:type\" content=\"article\" \/>\n<meta property=\"og:title\" content=\"Tupinamba presenta els nous packs per ecommerce que combinen refer\u00e8ncies de caf\u00e8 i te - Gremi del Caf\u00e8, torradors de Catalunya\" \/>\n<meta property=\"og:url\" content=\"https:\/\/gremicafe.cat\/es\/2019\/07\/16\/tupinamba-presenta-els-nous-packs-per-ecommerce-que-combinen-referencies-de-cafe-i-te\/\" \/>\n<meta property=\"og:site_name\" content=\"Gremi del Caf\u00e8, torradors de Catalunya\" \/>\n<meta property=\"article:publisher\" content=\"https:\/\/www.facebook.com\/gremicafecat\" \/>\n<meta property=\"article:published_time\" content=\"2019-07-16T12:54:23+00:00\" \/>\n<meta property=\"article:modified_time\" content=\"2019-07-17T13:07:50+00:00\" \/>\n<meta property=\"og:image\" content=\"https:\/\/gremicafe.cat\/wp-content\/uploads\/2019\/07\/Banner-Pack-Extraordinary_965x460.jpg\" \/>\n\t<meta property=\"og:image:width\" content=\"965\" \/>\n\t<meta property=\"og:image:height\" content=\"460\" \/>\n\t<meta property=\"og:image:type\" content=\"image\/jpeg\" \/>\n<meta name=\"author\" content=\"gremicafe\" \/>\n<meta name=\"twitter:card\" content=\"summary_large_image\" \/>\n<meta name=\"twitter:creator\" content=\"@gremicafecat\" \/>\n<meta name=\"twitter:site\" content=\"@gremicafecat\" \/>\n<meta name=\"twitter:label1\" content=\"Escrito por\" \/>\n\t<meta name=\"twitter:data1\" content=\"gremicafe\" \/>\n<script type=\"application\/ld+json\" class=\"yoast-schema-graph\">{\"@context\":\"https:\/\/schema.org\",\"@graph\":[{\"@type\":\"Article\",\"@id\":\"https:\/\/gremicafe.cat\/2019\/07\/16\/tupinamba-presenta-els-nous-packs-per-ecommerce-que-combinen-referencies-de-cafe-i-te\/#article\",\"isPartOf\":{\"@id\":\"https:\/\/gremicafe.cat\/2019\/07\/16\/tupinamba-presenta-els-nous-packs-per-ecommerce-que-combinen-referencies-de-cafe-i-te\/\"},\"author\":{\"name\":\"gremicafe\",\"@id\":\"https:\/\/gremicafe.cat\/#\/schema\/person\/dabfdbb3d0fa36260855a380f94e4733\"},\"headline\":\"Tupinamba presenta els nous packs per ecommerce que combinen refer\u00e8ncies de caf\u00e8 i te\",\"datePublished\":\"2019-07-16T12:54:23+00:00\",\"dateModified\":\"2019-07-17T13:07:50+00:00\",\"mainEntityOfPage\":{\"@id\":\"https:\/\/gremicafe.cat\/2019\/07\/16\/tupinamba-presenta-els-nous-packs-per-ecommerce-que-combinen-referencies-de-cafe-i-te\/\"},\"wordCount\":113,\"publisher\":{\"@id\":\"https:\/\/gremicafe.cat\/#organization\"},\"image\":{\"@id\":\"https:\/\/gremicafe.cat\/2019\/07\/16\/tupinamba-presenta-els-nous-packs-per-ecommerce-que-combinen-referencies-de-cafe-i-te\/#primaryimage\"},\"thumbnailUrl\":\"https:\/\/gremicafe.cat\/wp-content\/uploads\/2019\/07\/Banner-Pack-Extraordinary_965x460.jpg\",\"articleSection\":[\"Not\u00edcies\"],\"inLanguage\":\"es\"},{\"@type\":\"WebPage\",\"@id\":\"https:\/\/gremicafe.cat\/2019\/07\/16\/tupinamba-presenta-els-nous-packs-per-ecommerce-que-combinen-referencies-de-cafe-i-te\/\",\"url\":\"https:\/\/gremicafe.cat\/2019\/07\/16\/tupinamba-presenta-els-nous-packs-per-ecommerce-que-combinen-referencies-de-cafe-i-te\/\",\"name\":\"Tupinamba presenta els nous packs per ecommerce que combinen refer\u00e8ncies de caf\u00e8 i te - Gremi del Caf\u00e8, torradors de Catalunya\",\"isPartOf\":{\"@id\":\"https:\/\/gremicafe.cat\/#website\"},\"primaryImageOfPage\":{\"@id\":\"https:\/\/gremicafe.cat\/2019\/07\/16\/tupinamba-presenta-els-nous-packs-per-ecommerce-que-combinen-referencies-de-cafe-i-te\/#primaryimage\"},\"image\":{\"@id\":\"https:\/\/gremicafe.cat\/2019\/07\/16\/tupinamba-presenta-els-nous-packs-per-ecommerce-que-combinen-referencies-de-cafe-i-te\/#primaryimage\"},\"thumbnailUrl\":\"https:\/\/gremicafe.cat\/wp-content\/uploads\/2019\/07\/Banner-Pack-Extraordinary_965x460.jpg\",\"datePublished\":\"2019-07-16T12:54:23+00:00\",\"dateModified\":\"2019-07-17T13:07:50+00:00\",\"breadcrumb\":{\"@id\":\"https:\/\/gremicafe.cat\/2019\/07\/16\/tupinamba-presenta-els-nous-packs-per-ecommerce-que-combinen-referencies-de-cafe-i-te\/#breadcrumb\"},\"inLanguage\":\"es\",\"potentialAction\":[{\"@type\":\"ReadAction\",\"target\":[\"https:\/\/gremicafe.cat\/2019\/07\/16\/tupinamba-presenta-els-nous-packs-per-ecommerce-que-combinen-referencies-de-cafe-i-te\/\"]}]},{\"@type\":\"ImageObject\",\"inLanguage\":\"es\",\"@id\":\"https:\/\/gremicafe.cat\/2019\/07\/16\/tupinamba-presenta-els-nous-packs-per-ecommerce-que-combinen-referencies-de-cafe-i-te\/#primaryimage\",\"url\":\"https:\/\/gremicafe.cat\/wp-content\/uploads\/2019\/07\/Banner-Pack-Extraordinary_965x460.jpg\",\"contentUrl\":\"https:\/\/gremicafe.cat\/wp-content\/uploads\/2019\/07\/Banner-Pack-Extraordinary_965x460.jpg\",\"width\":965,\"height\":460},{\"@type\":\"BreadcrumbList\",\"@id\":\"https:\/\/gremicafe.cat\/2019\/07\/16\/tupinamba-presenta-els-nous-packs-per-ecommerce-que-combinen-referencies-de-cafe-i-te\/#breadcrumb\",\"itemListElement\":[{\"@type\":\"ListItem\",\"position\":1,\"name\":\"Inici\",\"item\":\"https:\/\/gremicafe.cat\/\"},{\"@type\":\"ListItem\",\"position\":2,\"name\":\"Tupinamba presenta els nous packs per ecommerce que combinen refer\u00e8ncies de caf\u00e8 i te\"}]},{\"@type\":\"WebSite\",\"@id\":\"https:\/\/gremicafe.cat\/#website\",\"url\":\"https:\/\/gremicafe.cat\/\",\"name\":\"Gremi del Caf\u00e8, torradors de Catalunya\",\"description\":\"Web oficial del gremi de torradors de caf\u00e8 de Catalunya\",\"publisher\":{\"@id\":\"https:\/\/gremicafe.cat\/#organization\"},\"potentialAction\":[{\"@type\":\"SearchAction\",\"target\":{\"@type\":\"EntryPoint\",\"urlTemplate\":\"https:\/\/gremicafe.cat\/?s={search_term_string}\"},\"query-input\":{\"@type\":\"PropertyValueSpecification\",\"valueRequired\":true,\"valueName\":\"search_term_string\"}}],\"inLanguage\":\"es\"},{\"@type\":\"Organization\",\"@id\":\"https:\/\/gremicafe.cat\/#organization\",\"name\":\"Gremi del Caf\u00e8, Torradors de Catalunya\",\"url\":\"https:\/\/gremicafe.cat\/\",\"logo\":{\"@type\":\"ImageObject\",\"inLanguage\":\"es\",\"@id\":\"https:\/\/gremicafe.cat\/#\/schema\/logo\/image\/\",\"url\":\"https:\/\/gremicafe.cat\/wp-content\/uploads\/2018\/03\/gremicafe-logo250.png\",\"contentUrl\":\"https:\/\/gremicafe.cat\/wp-content\/uploads\/2018\/03\/gremicafe-logo250.png\",\"width\":250,\"height\":49,\"caption\":\"Gremi del Caf\u00e8, Torradors de Catalunya\"},\"image\":{\"@id\":\"https:\/\/gremicafe.cat\/#\/schema\/logo\/image\/\"},\"sameAs\":[\"https:\/\/www.facebook.com\/gremicafecat\",\"https:\/\/x.com\/gremicafecat\",\"https:\/\/www.instagram.com\/gremicafecat\/\",\"https:\/\/www.pinterest.es\/gremicafecat\/\",\"https:\/\/www.youtube.com\/channel\/UCGLo5Y35vLwLvP4FrPZrCrw\/\"]},{\"@type\":\"Person\",\"@id\":\"https:\/\/gremicafe.cat\/#\/schema\/person\/dabfdbb3d0fa36260855a380f94e4733\",\"name\":\"gremicafe\",\"image\":{\"@type\":\"ImageObject\",\"inLanguage\":\"es\",\"@id\":\"https:\/\/gremicafe.cat\/#\/schema\/person\/image\/\",\"url\":\"https:\/\/secure.gravatar.com\/avatar\/e59baa4ca8f6f97576d6375fb6d3c8f0?s=96&d=mm&r=g\",\"contentUrl\":\"https:\/\/secure.gravatar.com\/avatar\/e59baa4ca8f6f97576d6375fb6d3c8f0?s=96&d=mm&r=g\",\"caption\":\"gremicafe\"}}]}<\/script>\n<!-- \/ Yoast SEO plugin. -->","yoast_head_json":{"title":"Tupinamba presenta els nous packs per ecommerce que combinen refer\u00e8ncies de caf\u00e8 i te - Gremi del Caf\u00e8, torradors de Catalunya","robots":{"index":"index","follow":"follow","max-snippet":"max-snippet:-1","max-image-preview":"max-image-preview:large","max-video-preview":"max-video-preview:-1"},"canonical":"https:\/\/gremicafe.cat\/es\/2019\/07\/16\/tupinamba-presenta-els-nous-packs-per-ecommerce-que-combinen-referencies-de-cafe-i-te\/","og_locale":"es_ES","og_type":"article","og_title":"Tupinamba presenta els nous packs per ecommerce que combinen refer\u00e8ncies de caf\u00e8 i te - Gremi del Caf\u00e8, torradors de Catalunya","og_url":"https:\/\/gremicafe.cat\/es\/2019\/07\/16\/tupinamba-presenta-els-nous-packs-per-ecommerce-que-combinen-referencies-de-cafe-i-te\/","og_site_name":"Gremi del Caf\u00e8, torradors de Catalunya","article_publisher":"https:\/\/www.facebook.com\/gremicafecat","article_published_time":"2019-07-16T12:54:23+00:00","article_modified_time":"2019-07-17T13:07:50+00:00","og_image":[{"width":965,"height":460,"url":"https:\/\/gremicafe.cat\/wp-content\/uploads\/2019\/07\/Banner-Pack-Extraordinary_965x460.jpg","type":"image\/jpeg"}],"author":"gremicafe","twitter_card":"summary_large_image","twitter_creator":"@gremicafecat","twitter_site":"@gremicafecat","twitter_misc":{"Escrito por":"gremicafe"},"schema":{"@context":"https:\/\/schema.org","@graph":[{"@type":"Article","@id":"https:\/\/gremicafe.cat\/2019\/07\/16\/tupinamba-presenta-els-nous-packs-per-ecommerce-que-combinen-referencies-de-cafe-i-te\/#article","isPartOf":{"@id":"https:\/\/gremicafe.cat\/2019\/07\/16\/tupinamba-presenta-els-nous-packs-per-ecommerce-que-combinen-referencies-de-cafe-i-te\/"},"author":{"name":"gremicafe","@id":"https:\/\/gremicafe.cat\/#\/schema\/person\/dabfdbb3d0fa36260855a380f94e4733"},"headline":"Tupinamba presenta els nous packs per ecommerce que combinen refer\u00e8ncies de caf\u00e8 i te","datePublished":"2019-07-16T12:54:23+00:00","dateModified":"2019-07-17T13:07:50+00:00","mainEntityOfPage":{"@id":"https:\/\/gremicafe.cat\/2019\/07\/16\/tupinamba-presenta-els-nous-packs-per-ecommerce-que-combinen-referencies-de-cafe-i-te\/"},"wordCount":113,"publisher":{"@id":"https:\/\/gremicafe.cat\/#organization"},"image":{"@id":"https:\/\/gremicafe.cat\/2019\/07\/16\/tupinamba-presenta-els-nous-packs-per-ecommerce-que-combinen-referencies-de-cafe-i-te\/#primaryimage"},"thumbnailUrl":"https:\/\/gremicafe.cat\/wp-content\/uploads\/2019\/07\/Banner-Pack-Extraordinary_965x460.jpg","articleSection":["Not\u00edcies"],"inLanguage":"es"},{"@type":"WebPage","@id":"https:\/\/gremicafe.cat\/2019\/07\/16\/tupinamba-presenta-els-nous-packs-per-ecommerce-que-combinen-referencies-de-cafe-i-te\/","url":"https:\/\/gremicafe.cat\/2019\/07\/16\/tupinamba-presenta-els-nous-packs-per-ecommerce-que-combinen-referencies-de-cafe-i-te\/","name":"Tupinamba presenta els nous packs per ecommerce que combinen refer\u00e8ncies de caf\u00e8 i te - Gremi del Caf\u00e8, torradors de Catalunya","isPartOf":{"@id":"https:\/\/gremicafe.cat\/#website"},"primaryImageOfPage":{"@id":"https:\/\/gremicafe.cat\/2019\/07\/16\/tupinamba-presenta-els-nous-packs-per-ecommerce-que-combinen-referencies-de-cafe-i-te\/#primaryimage"},"image":{"@id":"https:\/\/gremicafe.cat\/2019\/07\/16\/tupinamba-presenta-els-nous-packs-per-ecommerce-que-combinen-referencies-de-cafe-i-te\/#primaryimage"},"thumbnailUrl":"https:\/\/gremicafe.cat\/wp-content\/uploads\/2019\/07\/Banner-Pack-Extraordinary_965x460.jpg","datePublished":"2019-07-16T12:54:23+00:00","dateModified":"2019-07-17T13:07:50+00:00","breadcrumb":{"@id":"https:\/\/gremicafe.cat\/2019\/07\/16\/tupinamba-presenta-els-nous-packs-per-ecommerce-que-combinen-referencies-de-cafe-i-te\/#breadcrumb"},"inLanguage":"es","potentialAction":[{"@type":"ReadAction","target":["https:\/\/gremicafe.cat\/2019\/07\/16\/tupinamba-presenta-els-nous-packs-per-ecommerce-que-combinen-referencies-de-cafe-i-te\/"]}]},{"@type":"ImageObject","inLanguage":"es","@id":"https:\/\/gremicafe.cat\/2019\/07\/16\/tupinamba-presenta-els-nous-packs-per-ecommerce-que-combinen-referencies-de-cafe-i-te\/#primaryimage","url":"https:\/\/gremicafe.cat\/wp-content\/uploads\/2019\/07\/Banner-Pack-Extraordinary_965x460.jpg","contentUrl":"https:\/\/gremicafe.cat\/wp-content\/uploads\/2019\/07\/Banner-Pack-Extraordinary_965x460.jpg","width":965,"height":460},{"@type":"BreadcrumbList","@id":"https:\/\/gremicafe.cat\/2019\/07\/16\/tupinamba-presenta-els-nous-packs-per-ecommerce-que-combinen-referencies-de-cafe-i-te\/#breadcrumb","itemListElement":[{"@type":"ListItem","position":1,"name":"Inici","item":"https:\/\/gremicafe.cat\/"},{"@type":"ListItem","position":2,"name":"Tupinamba presenta els nous packs per ecommerce que combinen refer\u00e8ncies de caf\u00e8 i te"}]},{"@type":"WebSite","@id":"https:\/\/gremicafe.cat\/#website","url":"https:\/\/gremicafe.cat\/","name":"Gremio del Caf\u00e9, tostadores de Catalu\u00f1a","description":"Web oficial del gremio de tostadores de caf\u00e9 de Catalunya","publisher":{"@id":"https:\/\/gremicafe.cat\/#organization"},"potentialAction":[{"@type":"SearchAction","target":{"@type":"EntryPoint","urlTemplate":"https:\/\/gremicafe.cat\/?s={search_term_string}"},"query-input":{"@type":"PropertyValueSpecification","valueRequired":true,"valueName":"search_term_string"}}],"inLanguage":"es"},{"@type":"Organization","@id":"https:\/\/gremicafe.cat\/#organization","name":"Gremio del Caf\u00e9, Tostadores de Catalu\u00f1a","url":"https:\/\/gremicafe.cat\/","logo":{"@type":"ImageObject","inLanguage":"es","@id":"https:\/\/gremicafe.cat\/#\/schema\/logo\/image\/","url":"https:\/\/gremicafe.cat\/wp-content\/uploads\/2018\/03\/gremicafe-logo250.png","contentUrl":"https:\/\/gremicafe.cat\/wp-content\/uploads\/2018\/03\/gremicafe-logo250.png","width":250,"height":49,"caption":"Gremi del Caf\u00e8, Torradors de Catalunya"},"image":{"@id":"https:\/\/gremicafe.cat\/#\/schema\/logo\/image\/"},"sameAs":["https:\/\/www.facebook.com\/gremicafecat","https:\/\/x.com\/gremicafecat","https:\/\/www.instagram.com\/gremicafecat\/","https:\/\/www.pinterest.es\/gremicafecat\/","https:\/\/www.youtube.com\/channel\/UCGLo5Y35vLwLvP4FrPZrCrw\/"]},{"@type":"Person","@id":"https:\/\/gremicafe.cat\/#\/schema\/person\/dabfdbb3d0fa36260855a380f94e4733","name":"gremicafe","image":{"@type":"ImageObject","inLanguage":"es","@id":"https:\/\/gremicafe.cat\/#\/schema\/person\/image\/","url":"https:\/\/secure.gravatar.com\/avatar\/e59baa4ca8f6f97576d6375fb6d3c8f0?s=96&d=mm&r=g","contentUrl":"https:\/\/secure.gravatar.com\/avatar\/e59baa4ca8f6f97576d6375fb6d3c8f0?s=96&d=mm&r=g","caption":"gremicafe"}}]}},"_links":{"self":[{"href":"https:\/\/gremicafe.cat\/es\/wp-json\/wp\/v2\/posts\/4818"}],"collection":[{"href":"https:\/\/gremicafe.cat\/es\/wp-json\/wp\/v2\/posts"}],"about":[{"href":"https:\/\/gremicafe.cat\/es\/wp-json\/wp\/v2\/types\/post"}],"author":[{"embeddable":true,"href":"https:\/\/gremicafe.cat\/es\/wp-json\/wp\/v2\/users\/1"}],"replies":[{"embeddable":true,"href":"https:\/\/gremicafe.cat\/es\/wp-json\/wp\/v2\/comments?post=4818"}],"version-history":[{"count":0,"href":"https:\/\/gremicafe.cat\/es\/wp-json\/wp\/v2\/posts\/4818\/revisions"}],"wp:featuredmedia":[{"embeddable":true,"href":"https:\/\/gremicafe.cat\/es\/wp-json\/wp\/v2\/media\/4819"}],"wp:attachment":[{"href":"https:\/\/gremicafe.cat\/es\/wp-json\/wp\/v2\/media?parent=4818"}],"wp:term":[{"taxonomy":"category","embeddable":true,"href":"https:\/\/gremicafe.cat\/es\/wp-json\/wp\/v2\/categories?post=4818"},{"taxonomy":"post_tag","embeddable":true,"href":"https:\/\/gremicafe.cat\/es\/wp-json\/wp\/v2\/tags?post=4818"}],"curies":[{"name":"wp","href":"https:\/\/api.w.org\/{rel}","templated":true}]}}