{"id":4822,"date":"2019-07-17T15:02:37","date_gmt":"2019-07-17T13:02:37","guid":{"rendered":"https:\/\/gremicafe.cat\/?p=4822"},"modified":"2019-07-17T15:02:37","modified_gmt":"2019-07-17T13:02:37","slug":"el-gremi-amplia-la-junta-i-afronta-projectes-molt-ambiciosos","status":"publish","type":"post","link":"https:\/\/gremicafe.cat\/es\/2019\/07\/17\/el-gremi-amplia-la-junta-i-afronta-projectes-molt-ambiciosos\/","title":{"rendered":"El Gremio ampl\u00eda la junta y afronta proyectos muy ambiciosos"},"content":{"rendered":"<div id=\"ut-row-69f5d53dbc888\" data-vc-full-width=\"true\" data-vc-full-width-init=\"false\" class=\"vc_row wpb_row vc_row-fluid vc_column-gap-0 ut-row-69f5d53dbc89b\" ><div class=\"wpb_column vc_column_container vc_col-sm-12\" ><div id=\"ut_inner_column_69f5d53dbd03d\" class=\"vc_column-inner\"><div class=\"wpb_wrapper\"><div  class=\"wpb_content_element   clearfix\"><style type=\"text\/css\" scoped>#ut_am_69f5d53dbd5ec { opacity: 1; }<\/style><div id=\"ut_am_wrap_69f5d53dbd5ed\" class=\"ut-image-gallery-image\" style=\"text-align:left;\"><div class=\"ut-animated-image-item ut-image-gallery-item ut-animation-done\"><a class=\"ut-deactivated-link\" href=\"#\"><img loading=\"lazy\" decoding=\"async\" title=\"gremicafe_nova_junta-1024\" id=\"ut_am_69f5d53dbd5ec\" style=\"\" src=\"https:\/\/gremicafe.cat\/wp-content\/uploads\/2019\/07\/gremicafe_nova_junta-1024.jpg\" width=\"1024\" height=\"719\" alt=\"\"\/><\/a><\/div><\/div><\/div>\n\t<div class=\"wpb_text_column wpb_content_element\" >\n\t\t<div class=\"wpb_wrapper\">\n\t\t\t<p class=\"p1\"><span class=\"s1\">El Gremio del Caf\u00e9 ha ampliado en otros dos vocales la Junta Directiva para poder hacer frente a los nuevos retos de futuros: compra mancomunada de energ\u00eda, econom\u00eda circular y reciclaje, y un innovador sistema de control de cafeteras on-line.<\/span><\/p>\n<p class=\"p3\"><span class=\"s1\">Desde la Asamblea celebrada el pasado mes de mayo el Gremio del caf\u00e9 cuenta con siete vocales en la junta directiva en lugar de los cinco que hab\u00eda habitualmente. Esta ampliaci\u00f3n ha dado m\u00e1s fuerza al Gremio que afronta una serie de nuevos proyectos que seguro beneficiar\u00e1n al socio ya todo el sector. Por un lado estamos trabajando en la propuesta de creaci\u00f3n de un grupo de compra agrupada de energ\u00eda por el Gremi del Caf\u00e9. Las empresas interesadas ya han enviado la documentaci\u00f3n necesaria para dar el primer paso.<\/span><\/p>\n<p class=\"p3\"><span class=\"s1\">Por otra, existe la posibilidad de acogernos a un proyecto de aprovechamiento de los subproductos del caf\u00e9 que puede tener una subvenci\u00f3n de la Agencia Catalana de Residuos. Se est\u00e1 en conversaciones con una empresa que lidera este tema.<\/span><\/p>\n<p class=\"p3\"><span class=\"s1\">Por \u00faltimo, se est\u00e1 trabajando en un sistema de control e informaci\u00f3n de todas las cafeteras de cada empresa, independientemente de la marca, que permitir\u00eda obtener datos on-line para poder dar mejor servicio al cliente.<\/span><\/p>\n<p class=\"p5\"><span class=\"s1\">Puede ver la nueva junta directiva del Gremio del Caf\u00e9 <a href=\"\/es\/gremi\/\" target=\"_blank\" rel=\"noopener noreferrer\"><span class=\"s2\">aqu\u00ed<\/span><\/a>.<\/span><\/p>\n\n\t\t<\/div>\n\t<\/div>\n<\/div><\/div><\/div><\/div><div class=\"vc_row-full-width vc_clearfix\"><\/div>","protected":false},"excerpt":{"rendered":"#ut_am_69f5d53dbe679 { opacity: 1; } El Gremi del Caf\u00e8 ha ampliat en dos vocals m\u00e9s la Junta Directiva per poder fer front als nous reptes de futurs: compra mancomunada d\u2019energia, economia circular i reciclatge, i un innovador sistema de control de cafeteres on-line. Des de l\u2019Assemblea celebrada el passat mes de maig el Gremi del [...]","protected":false},"author":1,"featured_media":4823,"comment_status":"closed","ping_status":"open","sticky":false,"template":"","format":"standard","meta":{"_acf_changed":false,"inline_featured_image":false,"footnotes":""},"categories":[1],"tags":[],"class_list":["post-4822","post","type-post","status-publish","format-standard","has-post-thumbnail","hentry","category-noticies"],"acf":[],"yoast_head":"<!-- This site is optimized with the Yoast SEO plugin v25.5 - https:\/\/yoast.com\/wordpress\/plugins\/seo\/ -->\n<title>El Gremi amplia la junta i afronta projectes molt ambiciosos - Gremi del Caf\u00e8, torradors de Catalunya<\/title>\n<meta name=\"robots\" content=\"index, follow, max-snippet:-1, max-image-preview:large, max-video-preview:-1\" \/>\n<link rel=\"canonical\" href=\"https:\/\/gremicafe.cat\/es\/2019\/07\/17\/el-gremi-amplia-la-junta-i-afronta-projectes-molt-ambiciosos\/\" \/>\n<meta property=\"og:locale\" content=\"es_ES\" \/>\n<meta property=\"og:type\" content=\"article\" \/>\n<meta property=\"og:title\" content=\"El Gremi amplia la junta i afronta projectes molt ambiciosos - Gremi del Caf\u00e8, torradors de Catalunya\" \/>\n<meta property=\"og:url\" content=\"https:\/\/gremicafe.cat\/es\/2019\/07\/17\/el-gremi-amplia-la-junta-i-afronta-projectes-molt-ambiciosos\/\" \/>\n<meta property=\"og:site_name\" content=\"Gremi del Caf\u00e8, torradors de Catalunya\" \/>\n<meta property=\"article:publisher\" content=\"https:\/\/www.facebook.com\/gremicafecat\" \/>\n<meta property=\"article:published_time\" content=\"2019-07-17T13:02:37+00:00\" \/>\n<meta property=\"og:image\" content=\"https:\/\/gremicafe.cat\/wp-content\/uploads\/2019\/07\/gremicafe_nova_junta-1024.jpg\" \/>\n\t<meta property=\"og:image:width\" content=\"1024\" \/>\n\t<meta property=\"og:image:height\" content=\"719\" \/>\n\t<meta property=\"og:image:type\" content=\"image\/jpeg\" \/>\n<meta name=\"author\" content=\"gremicafe\" \/>\n<meta name=\"twitter:card\" content=\"summary_large_image\" \/>\n<meta name=\"twitter:creator\" content=\"@gremicafecat\" \/>\n<meta name=\"twitter:site\" content=\"@gremicafecat\" \/>\n<meta name=\"twitter:label1\" content=\"Escrito por\" \/>\n\t<meta name=\"twitter:data1\" content=\"gremicafe\" \/>\n\t<meta name=\"twitter:label2\" content=\"Tiempo de lectura\" \/>\n\t<meta name=\"twitter:data2\" content=\"1 minuto\" \/>\n<script type=\"application\/ld+json\" class=\"yoast-schema-graph\">{\"@context\":\"https:\/\/schema.org\",\"@graph\":[{\"@type\":\"Article\",\"@id\":\"https:\/\/gremicafe.cat\/2019\/07\/17\/el-gremi-amplia-la-junta-i-afronta-projectes-molt-ambiciosos\/#article\",\"isPartOf\":{\"@id\":\"https:\/\/gremicafe.cat\/2019\/07\/17\/el-gremi-amplia-la-junta-i-afronta-projectes-molt-ambiciosos\/\"},\"author\":{\"name\":\"gremicafe\",\"@id\":\"https:\/\/gremicafe.cat\/#\/schema\/person\/dabfdbb3d0fa36260855a380f94e4733\"},\"headline\":\"El Gremi amplia la junta i afronta projectes molt ambiciosos\",\"datePublished\":\"2019-07-17T13:02:37+00:00\",\"mainEntityOfPage\":{\"@id\":\"https:\/\/gremicafe.cat\/2019\/07\/17\/el-gremi-amplia-la-junta-i-afronta-projectes-molt-ambiciosos\/\"},\"wordCount\":249,\"publisher\":{\"@id\":\"https:\/\/gremicafe.cat\/#organization\"},\"image\":{\"@id\":\"https:\/\/gremicafe.cat\/2019\/07\/17\/el-gremi-amplia-la-junta-i-afronta-projectes-molt-ambiciosos\/#primaryimage\"},\"thumbnailUrl\":\"https:\/\/gremicafe.cat\/wp-content\/uploads\/2019\/07\/gremicafe_nova_junta-1024.jpg\",\"articleSection\":[\"Not\u00edcies\"],\"inLanguage\":\"es\"},{\"@type\":\"WebPage\",\"@id\":\"https:\/\/gremicafe.cat\/2019\/07\/17\/el-gremi-amplia-la-junta-i-afronta-projectes-molt-ambiciosos\/\",\"url\":\"https:\/\/gremicafe.cat\/2019\/07\/17\/el-gremi-amplia-la-junta-i-afronta-projectes-molt-ambiciosos\/\",\"name\":\"El Gremi amplia la junta i afronta projectes molt ambiciosos - Gremi del Caf\u00e8, torradors de Catalunya\",\"isPartOf\":{\"@id\":\"https:\/\/gremicafe.cat\/#website\"},\"primaryImageOfPage\":{\"@id\":\"https:\/\/gremicafe.cat\/2019\/07\/17\/el-gremi-amplia-la-junta-i-afronta-projectes-molt-ambiciosos\/#primaryimage\"},\"image\":{\"@id\":\"https:\/\/gremicafe.cat\/2019\/07\/17\/el-gremi-amplia-la-junta-i-afronta-projectes-molt-ambiciosos\/#primaryimage\"},\"thumbnailUrl\":\"https:\/\/gremicafe.cat\/wp-content\/uploads\/2019\/07\/gremicafe_nova_junta-1024.jpg\",\"datePublished\":\"2019-07-17T13:02:37+00:00\",\"breadcrumb\":{\"@id\":\"https:\/\/gremicafe.cat\/2019\/07\/17\/el-gremi-amplia-la-junta-i-afronta-projectes-molt-ambiciosos\/#breadcrumb\"},\"inLanguage\":\"es\",\"potentialAction\":[{\"@type\":\"ReadAction\",\"target\":[\"https:\/\/gremicafe.cat\/2019\/07\/17\/el-gremi-amplia-la-junta-i-afronta-projectes-molt-ambiciosos\/\"]}]},{\"@type\":\"ImageObject\",\"inLanguage\":\"es\",\"@id\":\"https:\/\/gremicafe.cat\/2019\/07\/17\/el-gremi-amplia-la-junta-i-afronta-projectes-molt-ambiciosos\/#primaryimage\",\"url\":\"https:\/\/gremicafe.cat\/wp-content\/uploads\/2019\/07\/gremicafe_nova_junta-1024.jpg\",\"contentUrl\":\"https:\/\/gremicafe.cat\/wp-content\/uploads\/2019\/07\/gremicafe_nova_junta-1024.jpg\",\"width\":1024,\"height\":719},{\"@type\":\"BreadcrumbList\",\"@id\":\"https:\/\/gremicafe.cat\/2019\/07\/17\/el-gremi-amplia-la-junta-i-afronta-projectes-molt-ambiciosos\/#breadcrumb\",\"itemListElement\":[{\"@type\":\"ListItem\",\"position\":1,\"name\":\"Inici\",\"item\":\"https:\/\/gremicafe.cat\/\"},{\"@type\":\"ListItem\",\"position\":2,\"name\":\"El Gremi amplia la junta i afronta projectes molt ambiciosos\"}]},{\"@type\":\"WebSite\",\"@id\":\"https:\/\/gremicafe.cat\/#website\",\"url\":\"https:\/\/gremicafe.cat\/\",\"name\":\"Gremi del Caf\u00e8, torradors de Catalunya\",\"description\":\"Web oficial del gremi de torradors de caf\u00e8 de Catalunya\",\"publisher\":{\"@id\":\"https:\/\/gremicafe.cat\/#organization\"},\"potentialAction\":[{\"@type\":\"SearchAction\",\"target\":{\"@type\":\"EntryPoint\",\"urlTemplate\":\"https:\/\/gremicafe.cat\/?s={search_term_string}\"},\"query-input\":{\"@type\":\"PropertyValueSpecification\",\"valueRequired\":true,\"valueName\":\"search_term_string\"}}],\"inLanguage\":\"es\"},{\"@type\":\"Organization\",\"@id\":\"https:\/\/gremicafe.cat\/#organization\",\"name\":\"Gremi del Caf\u00e8, Torradors de Catalunya\",\"url\":\"https:\/\/gremicafe.cat\/\",\"logo\":{\"@type\":\"ImageObject\",\"inLanguage\":\"es\",\"@id\":\"https:\/\/gremicafe.cat\/#\/schema\/logo\/image\/\",\"url\":\"https:\/\/gremicafe.cat\/wp-content\/uploads\/2018\/03\/gremicafe-logo250.png\",\"contentUrl\":\"https:\/\/gremicafe.cat\/wp-content\/uploads\/2018\/03\/gremicafe-logo250.png\",\"width\":250,\"height\":49,\"caption\":\"Gremi del Caf\u00e8, Torradors de Catalunya\"},\"image\":{\"@id\":\"https:\/\/gremicafe.cat\/#\/schema\/logo\/image\/\"},\"sameAs\":[\"https:\/\/www.facebook.com\/gremicafecat\",\"https:\/\/x.com\/gremicafecat\",\"https:\/\/www.instagram.com\/gremicafecat\/\",\"https:\/\/www.pinterest.es\/gremicafecat\/\",\"https:\/\/www.youtube.com\/channel\/UCGLo5Y35vLwLvP4FrPZrCrw\/\"]},{\"@type\":\"Person\",\"@id\":\"https:\/\/gremicafe.cat\/#\/schema\/person\/dabfdbb3d0fa36260855a380f94e4733\",\"name\":\"gremicafe\",\"image\":{\"@type\":\"ImageObject\",\"inLanguage\":\"es\",\"@id\":\"https:\/\/gremicafe.cat\/#\/schema\/person\/image\/\",\"url\":\"https:\/\/secure.gravatar.com\/avatar\/e59baa4ca8f6f97576d6375fb6d3c8f0?s=96&d=mm&r=g\",\"contentUrl\":\"https:\/\/secure.gravatar.com\/avatar\/e59baa4ca8f6f97576d6375fb6d3c8f0?s=96&d=mm&r=g\",\"caption\":\"gremicafe\"}}]}<\/script>\n<!-- \/ Yoast SEO plugin. -->","yoast_head_json":{"title":"El Gremi amplia la junta i afronta projectes molt ambiciosos - Gremi del Caf\u00e8, torradors de Catalunya","robots":{"index":"index","follow":"follow","max-snippet":"max-snippet:-1","max-image-preview":"max-image-preview:large","max-video-preview":"max-video-preview:-1"},"canonical":"https:\/\/gremicafe.cat\/es\/2019\/07\/17\/el-gremi-amplia-la-junta-i-afronta-projectes-molt-ambiciosos\/","og_locale":"es_ES","og_type":"article","og_title":"El Gremi amplia la junta i afronta projectes molt ambiciosos - Gremi del Caf\u00e8, torradors de Catalunya","og_url":"https:\/\/gremicafe.cat\/es\/2019\/07\/17\/el-gremi-amplia-la-junta-i-afronta-projectes-molt-ambiciosos\/","og_site_name":"Gremi del Caf\u00e8, torradors de Catalunya","article_publisher":"https:\/\/www.facebook.com\/gremicafecat","article_published_time":"2019-07-17T13:02:37+00:00","og_image":[{"width":1024,"height":719,"url":"https:\/\/gremicafe.cat\/wp-content\/uploads\/2019\/07\/gremicafe_nova_junta-1024.jpg","type":"image\/jpeg"}],"author":"gremicafe","twitter_card":"summary_large_image","twitter_creator":"@gremicafecat","twitter_site":"@gremicafecat","twitter_misc":{"Escrito por":"gremicafe","Tiempo de lectura":"1 minuto"},"schema":{"@context":"https:\/\/schema.org","@graph":[{"@type":"Article","@id":"https:\/\/gremicafe.cat\/2019\/07\/17\/el-gremi-amplia-la-junta-i-afronta-projectes-molt-ambiciosos\/#article","isPartOf":{"@id":"https:\/\/gremicafe.cat\/2019\/07\/17\/el-gremi-amplia-la-junta-i-afronta-projectes-molt-ambiciosos\/"},"author":{"name":"gremicafe","@id":"https:\/\/gremicafe.cat\/#\/schema\/person\/dabfdbb3d0fa36260855a380f94e4733"},"headline":"El Gremi amplia la junta i afronta projectes molt ambiciosos","datePublished":"2019-07-17T13:02:37+00:00","mainEntityOfPage":{"@id":"https:\/\/gremicafe.cat\/2019\/07\/17\/el-gremi-amplia-la-junta-i-afronta-projectes-molt-ambiciosos\/"},"wordCount":249,"publisher":{"@id":"https:\/\/gremicafe.cat\/#organization"},"image":{"@id":"https:\/\/gremicafe.cat\/2019\/07\/17\/el-gremi-amplia-la-junta-i-afronta-projectes-molt-ambiciosos\/#primaryimage"},"thumbnailUrl":"https:\/\/gremicafe.cat\/wp-content\/uploads\/2019\/07\/gremicafe_nova_junta-1024.jpg","articleSection":["Not\u00edcies"],"inLanguage":"es"},{"@type":"WebPage","@id":"https:\/\/gremicafe.cat\/2019\/07\/17\/el-gremi-amplia-la-junta-i-afronta-projectes-molt-ambiciosos\/","url":"https:\/\/gremicafe.cat\/2019\/07\/17\/el-gremi-amplia-la-junta-i-afronta-projectes-molt-ambiciosos\/","name":"El Gremi amplia la junta i afronta projectes molt ambiciosos - Gremi del Caf\u00e8, torradors de Catalunya","isPartOf":{"@id":"https:\/\/gremicafe.cat\/#website"},"primaryImageOfPage":{"@id":"https:\/\/gremicafe.cat\/2019\/07\/17\/el-gremi-amplia-la-junta-i-afronta-projectes-molt-ambiciosos\/#primaryimage"},"image":{"@id":"https:\/\/gremicafe.cat\/2019\/07\/17\/el-gremi-amplia-la-junta-i-afronta-projectes-molt-ambiciosos\/#primaryimage"},"thumbnailUrl":"https:\/\/gremicafe.cat\/wp-content\/uploads\/2019\/07\/gremicafe_nova_junta-1024.jpg","datePublished":"2019-07-17T13:02:37+00:00","breadcrumb":{"@id":"https:\/\/gremicafe.cat\/2019\/07\/17\/el-gremi-amplia-la-junta-i-afronta-projectes-molt-ambiciosos\/#breadcrumb"},"inLanguage":"es","potentialAction":[{"@type":"ReadAction","target":["https:\/\/gremicafe.cat\/2019\/07\/17\/el-gremi-amplia-la-junta-i-afronta-projectes-molt-ambiciosos\/"]}]},{"@type":"ImageObject","inLanguage":"es","@id":"https:\/\/gremicafe.cat\/2019\/07\/17\/el-gremi-amplia-la-junta-i-afronta-projectes-molt-ambiciosos\/#primaryimage","url":"https:\/\/gremicafe.cat\/wp-content\/uploads\/2019\/07\/gremicafe_nova_junta-1024.jpg","contentUrl":"https:\/\/gremicafe.cat\/wp-content\/uploads\/2019\/07\/gremicafe_nova_junta-1024.jpg","width":1024,"height":719},{"@type":"BreadcrumbList","@id":"https:\/\/gremicafe.cat\/2019\/07\/17\/el-gremi-amplia-la-junta-i-afronta-projectes-molt-ambiciosos\/#breadcrumb","itemListElement":[{"@type":"ListItem","position":1,"name":"Inici","item":"https:\/\/gremicafe.cat\/"},{"@type":"ListItem","position":2,"name":"El Gremi amplia la junta i afronta projectes molt ambiciosos"}]},{"@type":"WebSite","@id":"https:\/\/gremicafe.cat\/#website","url":"https:\/\/gremicafe.cat\/","name":"Gremio del Caf\u00e9, tostadores de Catalu\u00f1a","description":"Web oficial del gremio de tostadores de caf\u00e9 de Catalunya","publisher":{"@id":"https:\/\/gremicafe.cat\/#organization"},"potentialAction":[{"@type":"SearchAction","target":{"@type":"EntryPoint","urlTemplate":"https:\/\/gremicafe.cat\/?s={search_term_string}"},"query-input":{"@type":"PropertyValueSpecification","valueRequired":true,"valueName":"search_term_string"}}],"inLanguage":"es"},{"@type":"Organization","@id":"https:\/\/gremicafe.cat\/#organization","name":"Gremio del Caf\u00e9, Tostadores de Catalu\u00f1a","url":"https:\/\/gremicafe.cat\/","logo":{"@type":"ImageObject","inLanguage":"es","@id":"https:\/\/gremicafe.cat\/#\/schema\/logo\/image\/","url":"https:\/\/gremicafe.cat\/wp-content\/uploads\/2018\/03\/gremicafe-logo250.png","contentUrl":"https:\/\/gremicafe.cat\/wp-content\/uploads\/2018\/03\/gremicafe-logo250.png","width":250,"height":49,"caption":"Gremi del Caf\u00e8, Torradors de Catalunya"},"image":{"@id":"https:\/\/gremicafe.cat\/#\/schema\/logo\/image\/"},"sameAs":["https:\/\/www.facebook.com\/gremicafecat","https:\/\/x.com\/gremicafecat","https:\/\/www.instagram.com\/gremicafecat\/","https:\/\/www.pinterest.es\/gremicafecat\/","https:\/\/www.youtube.com\/channel\/UCGLo5Y35vLwLvP4FrPZrCrw\/"]},{"@type":"Person","@id":"https:\/\/gremicafe.cat\/#\/schema\/person\/dabfdbb3d0fa36260855a380f94e4733","name":"gremicafe","image":{"@type":"ImageObject","inLanguage":"es","@id":"https:\/\/gremicafe.cat\/#\/schema\/person\/image\/","url":"https:\/\/secure.gravatar.com\/avatar\/e59baa4ca8f6f97576d6375fb6d3c8f0?s=96&d=mm&r=g","contentUrl":"https:\/\/secure.gravatar.com\/avatar\/e59baa4ca8f6f97576d6375fb6d3c8f0?s=96&d=mm&r=g","caption":"gremicafe"}}]}},"_links":{"self":[{"href":"https:\/\/gremicafe.cat\/es\/wp-json\/wp\/v2\/posts\/4822"}],"collection":[{"href":"https:\/\/gremicafe.cat\/es\/wp-json\/wp\/v2\/posts"}],"about":[{"href":"https:\/\/gremicafe.cat\/es\/wp-json\/wp\/v2\/types\/post"}],"author":[{"embeddable":true,"href":"https:\/\/gremicafe.cat\/es\/wp-json\/wp\/v2\/users\/1"}],"replies":[{"embeddable":true,"href":"https:\/\/gremicafe.cat\/es\/wp-json\/wp\/v2\/comments?post=4822"}],"version-history":[{"count":0,"href":"https:\/\/gremicafe.cat\/es\/wp-json\/wp\/v2\/posts\/4822\/revisions"}],"wp:featuredmedia":[{"embeddable":true,"href":"https:\/\/gremicafe.cat\/es\/wp-json\/wp\/v2\/media\/4823"}],"wp:attachment":[{"href":"https:\/\/gremicafe.cat\/es\/wp-json\/wp\/v2\/media?parent=4822"}],"wp:term":[{"taxonomy":"category","embeddable":true,"href":"https:\/\/gremicafe.cat\/es\/wp-json\/wp\/v2\/categories?post=4822"},{"taxonomy":"post_tag","embeddable":true,"href":"https:\/\/gremicafe.cat\/es\/wp-json\/wp\/v2\/tags?post=4822"}],"curies":[{"name":"wp","href":"https:\/\/api.w.org\/{rel}","templated":true}]}}