{"id":4827,"date":"2019-07-09T09:18:57","date_gmt":"2019-07-09T07:18:57","guid":{"rendered":"https:\/\/gremicafe.cat\/?p=4827"},"modified":"2019-07-19T09:20:12","modified_gmt":"2019-07-19T07:20:12","slug":"mamasame-presenta-el-seu-cafe-frappe","status":"publish","type":"post","link":"https:\/\/gremicafe.cat\/es\/2019\/07\/09\/mamasame-presenta-el-seu-cafe-frappe\/","title":{"rendered":"MamaSame presenta su caf\u00e9 frapp\u00e9"},"content":{"rendered":"<div id=\"ut-row-69f5d540945e5\" data-vc-full-width=\"true\" data-vc-full-width-init=\"false\" class=\"vc_row wpb_row vc_row-fluid vc_column-gap-0 ut-row-69f5d540945f4\" ><div class=\"wpb_column vc_column_container vc_col-sm-12\" ><div id=\"ut_inner_column_69f5d54094bba\" class=\"vc_column-inner\"><div class=\"wpb_wrapper\"><div  class=\"wpb_content_element   clearfix\"><style type=\"text\/css\" scoped>#ut_am_69f5d5409518d { opacity: 1; }<\/style><div id=\"ut_am_wrap_69f5d5409518e\" class=\"ut-image-gallery-image\" style=\"text-align:left;\"><div class=\"ut-animated-image-item ut-image-gallery-item ut-animation-done\"><a class=\"ut-deactivated-link\" href=\"#\"><img loading=\"lazy\" decoding=\"async\" title=\"gremicafe-frappe-mamasame-001-1024\" id=\"ut_am_69f5d5409518d\" style=\"\" src=\"https:\/\/gremicafe.cat\/wp-content\/uploads\/2019\/07\/gremicafe-frappe-mamasame-001-1024.jpg\" width=\"1024\" height=\"681\" alt=\"\"\/><\/a><\/div><\/div><\/div>\n\t<div class=\"wpb_text_column wpb_content_element\" >\n\t\t<div class=\"wpb_wrapper\">\n\t\t\t<p>La frase m\u00e1s frecuente en verano en hosteler\u00eda suele ser \u201cponme algo fresquito\u201d. Si a veces no est\u00e1 seguro de que aconsejar al cliente, Caf\u00e9s Mamasame tiene la soluci\u00f3n. Nos traen una receta de una de las bebidas m\u00e1s de moda del verano y que se puede convertir en un \u00e9xito en su establecimiento. Se trata del caf\u00e9 frapp\u00e9, una modalidad de caf\u00e9 que se caracteriza por tomarse fr\u00edo. Adem\u00e1s es una receta muy r\u00e1pida y f\u00e1cil de realizar.<\/p>\n<p>\u00bfQu\u00e9 necesitamos?<br \/>\n-Una taza caf\u00e9 espresso.<br \/>\n-200 ml de hielo picado.<br \/>\n-200 ml de leche fr\u00eda.<br \/>\n-2 cucharadas de az\u00facar (opcional).<br \/>\n-Jarop al gusto de caramelo, chocolate, etc. (opcional).<br \/>\n-Nata para decorar (opcional).<\/p>\n<p>Paso a paso<\/p>\n<p>1. Poner todos los ingredientes en una licuadora\/batidora: caf\u00e9, leche, az\u00facar (opcional), gel picado y, jarabe (opcional).<br \/>\n2. Batir todo hasta que quede como una crema congelada espesa (textura cremosa).<br \/>\n3. Verter todo en un vaso alto.<br \/>\n4. Como punto final, decorar con nata.<br \/>\n5. \u00a1Y listo!<\/p>\n<p>F\u00e1cil, \u00bfno?<br \/>\nYa puede sorprender a sus clientes con esta refrescante receta.<\/p>\n<p>&nbsp;<\/p>\n<p>Puede leer la receta original <a href=\"https:\/\/www.cafesmamasame.com\/es\/blog\/frappe-para-combatir-el-calor\" target=\"_blank\" rel=\"noopener noreferrer\">aqu\u00ed<\/a>.<\/p>\n\n\t\t<\/div>\n\t<\/div>\n<\/div><\/div><\/div><\/div><div class=\"vc_row-full-width vc_clearfix\"><\/div>","protected":false},"excerpt":{"rendered":"#ut_am_69f5d54095e56 { opacity: 1; } La frase mes freq\u00fcent a l'estiu en hostaleria sol ser \"posa'm alguna cosa fresqueta\". Si a vegades no sabeu que aconsellar al client, Caf\u00e8s Mamasame t\u00e9 la soluci\u00f3. Ens porten una recepta d'una de les begudes m\u00e9s de moda de l'estiu i que es pot convertir en un \u00e8xit en [...]","protected":false},"author":1,"featured_media":4828,"comment_status":"closed","ping_status":"open","sticky":false,"template":"","format":"standard","meta":{"_acf_changed":false,"inline_featured_image":false,"footnotes":""},"categories":[1],"tags":[],"class_list":["post-4827","post","type-post","status-publish","format-standard","has-post-thumbnail","hentry","category-noticies"],"acf":[],"yoast_head":"<!-- This site is optimized with the Yoast SEO plugin v25.5 - https:\/\/yoast.com\/wordpress\/plugins\/seo\/ -->\n<title>MamaSame presenta el seu caf\u00e8 frapp\u00e9 - Gremi del Caf\u00e8, torradors de Catalunya<\/title>\n<meta name=\"robots\" content=\"index, follow, max-snippet:-1, max-image-preview:large, max-video-preview:-1\" \/>\n<link rel=\"canonical\" href=\"https:\/\/gremicafe.cat\/es\/2019\/07\/09\/mamasame-presenta-el-seu-cafe-frappe\/\" \/>\n<meta property=\"og:locale\" content=\"es_ES\" \/>\n<meta property=\"og:type\" content=\"article\" \/>\n<meta property=\"og:title\" content=\"MamaSame presenta el seu caf\u00e8 frapp\u00e9 - Gremi del Caf\u00e8, torradors de Catalunya\" \/>\n<meta property=\"og:url\" content=\"https:\/\/gremicafe.cat\/es\/2019\/07\/09\/mamasame-presenta-el-seu-cafe-frappe\/\" \/>\n<meta property=\"og:site_name\" content=\"Gremi del Caf\u00e8, torradors de Catalunya\" \/>\n<meta property=\"article:publisher\" content=\"https:\/\/www.facebook.com\/gremicafecat\" \/>\n<meta property=\"article:published_time\" content=\"2019-07-09T07:18:57+00:00\" \/>\n<meta property=\"article:modified_time\" content=\"2019-07-19T07:20:12+00:00\" \/>\n<meta property=\"og:image\" content=\"https:\/\/gremicafe.cat\/wp-content\/uploads\/2019\/07\/gremicafe-frappe-mamasame-001-1024.jpg\" \/>\n\t<meta property=\"og:image:width\" content=\"1024\" \/>\n\t<meta property=\"og:image:height\" content=\"681\" \/>\n\t<meta property=\"og:image:type\" content=\"image\/jpeg\" \/>\n<meta name=\"author\" content=\"gremicafe\" \/>\n<meta name=\"twitter:card\" content=\"summary_large_image\" \/>\n<meta name=\"twitter:creator\" content=\"@gremicafecat\" \/>\n<meta name=\"twitter:site\" content=\"@gremicafecat\" \/>\n<meta name=\"twitter:label1\" content=\"Escrito por\" \/>\n\t<meta name=\"twitter:data1\" content=\"gremicafe\" \/>\n\t<meta name=\"twitter:label2\" content=\"Tiempo de lectura\" \/>\n\t<meta name=\"twitter:data2\" content=\"1 minuto\" \/>\n<script type=\"application\/ld+json\" class=\"yoast-schema-graph\">{\"@context\":\"https:\/\/schema.org\",\"@graph\":[{\"@type\":\"Article\",\"@id\":\"https:\/\/gremicafe.cat\/2019\/07\/09\/mamasame-presenta-el-seu-cafe-frappe\/#article\",\"isPartOf\":{\"@id\":\"https:\/\/gremicafe.cat\/2019\/07\/09\/mamasame-presenta-el-seu-cafe-frappe\/\"},\"author\":{\"name\":\"gremicafe\",\"@id\":\"https:\/\/gremicafe.cat\/#\/schema\/person\/dabfdbb3d0fa36260855a380f94e4733\"},\"headline\":\"MamaSame presenta el seu caf\u00e8 frapp\u00e9\",\"datePublished\":\"2019-07-09T07:18:57+00:00\",\"dateModified\":\"2019-07-19T07:20:12+00:00\",\"mainEntityOfPage\":{\"@id\":\"https:\/\/gremicafe.cat\/2019\/07\/09\/mamasame-presenta-el-seu-cafe-frappe\/\"},\"wordCount\":212,\"publisher\":{\"@id\":\"https:\/\/gremicafe.cat\/#organization\"},\"image\":{\"@id\":\"https:\/\/gremicafe.cat\/2019\/07\/09\/mamasame-presenta-el-seu-cafe-frappe\/#primaryimage\"},\"thumbnailUrl\":\"https:\/\/gremicafe.cat\/wp-content\/uploads\/2019\/07\/gremicafe-frappe-mamasame-001-1024.jpg\",\"articleSection\":[\"Not\u00edcies\"],\"inLanguage\":\"es\"},{\"@type\":\"WebPage\",\"@id\":\"https:\/\/gremicafe.cat\/2019\/07\/09\/mamasame-presenta-el-seu-cafe-frappe\/\",\"url\":\"https:\/\/gremicafe.cat\/2019\/07\/09\/mamasame-presenta-el-seu-cafe-frappe\/\",\"name\":\"MamaSame presenta el seu caf\u00e8 frapp\u00e9 - Gremi del Caf\u00e8, torradors de Catalunya\",\"isPartOf\":{\"@id\":\"https:\/\/gremicafe.cat\/#website\"},\"primaryImageOfPage\":{\"@id\":\"https:\/\/gremicafe.cat\/2019\/07\/09\/mamasame-presenta-el-seu-cafe-frappe\/#primaryimage\"},\"image\":{\"@id\":\"https:\/\/gremicafe.cat\/2019\/07\/09\/mamasame-presenta-el-seu-cafe-frappe\/#primaryimage\"},\"thumbnailUrl\":\"https:\/\/gremicafe.cat\/wp-content\/uploads\/2019\/07\/gremicafe-frappe-mamasame-001-1024.jpg\",\"datePublished\":\"2019-07-09T07:18:57+00:00\",\"dateModified\":\"2019-07-19T07:20:12+00:00\",\"breadcrumb\":{\"@id\":\"https:\/\/gremicafe.cat\/2019\/07\/09\/mamasame-presenta-el-seu-cafe-frappe\/#breadcrumb\"},\"inLanguage\":\"es\",\"potentialAction\":[{\"@type\":\"ReadAction\",\"target\":[\"https:\/\/gremicafe.cat\/2019\/07\/09\/mamasame-presenta-el-seu-cafe-frappe\/\"]}]},{\"@type\":\"ImageObject\",\"inLanguage\":\"es\",\"@id\":\"https:\/\/gremicafe.cat\/2019\/07\/09\/mamasame-presenta-el-seu-cafe-frappe\/#primaryimage\",\"url\":\"https:\/\/gremicafe.cat\/wp-content\/uploads\/2019\/07\/gremicafe-frappe-mamasame-001-1024.jpg\",\"contentUrl\":\"https:\/\/gremicafe.cat\/wp-content\/uploads\/2019\/07\/gremicafe-frappe-mamasame-001-1024.jpg\",\"width\":1024,\"height\":681},{\"@type\":\"BreadcrumbList\",\"@id\":\"https:\/\/gremicafe.cat\/2019\/07\/09\/mamasame-presenta-el-seu-cafe-frappe\/#breadcrumb\",\"itemListElement\":[{\"@type\":\"ListItem\",\"position\":1,\"name\":\"Inici\",\"item\":\"https:\/\/gremicafe.cat\/\"},{\"@type\":\"ListItem\",\"position\":2,\"name\":\"MamaSame presenta el seu caf\u00e8 frapp\u00e9\"}]},{\"@type\":\"WebSite\",\"@id\":\"https:\/\/gremicafe.cat\/#website\",\"url\":\"https:\/\/gremicafe.cat\/\",\"name\":\"Gremi del Caf\u00e8, torradors de Catalunya\",\"description\":\"Web oficial del gremi de torradors de caf\u00e8 de Catalunya\",\"publisher\":{\"@id\":\"https:\/\/gremicafe.cat\/#organization\"},\"potentialAction\":[{\"@type\":\"SearchAction\",\"target\":{\"@type\":\"EntryPoint\",\"urlTemplate\":\"https:\/\/gremicafe.cat\/?s={search_term_string}\"},\"query-input\":{\"@type\":\"PropertyValueSpecification\",\"valueRequired\":true,\"valueName\":\"search_term_string\"}}],\"inLanguage\":\"es\"},{\"@type\":\"Organization\",\"@id\":\"https:\/\/gremicafe.cat\/#organization\",\"name\":\"Gremi del Caf\u00e8, Torradors de Catalunya\",\"url\":\"https:\/\/gremicafe.cat\/\",\"logo\":{\"@type\":\"ImageObject\",\"inLanguage\":\"es\",\"@id\":\"https:\/\/gremicafe.cat\/#\/schema\/logo\/image\/\",\"url\":\"https:\/\/gremicafe.cat\/wp-content\/uploads\/2018\/03\/gremicafe-logo250.png\",\"contentUrl\":\"https:\/\/gremicafe.cat\/wp-content\/uploads\/2018\/03\/gremicafe-logo250.png\",\"width\":250,\"height\":49,\"caption\":\"Gremi del Caf\u00e8, Torradors de Catalunya\"},\"image\":{\"@id\":\"https:\/\/gremicafe.cat\/#\/schema\/logo\/image\/\"},\"sameAs\":[\"https:\/\/www.facebook.com\/gremicafecat\",\"https:\/\/x.com\/gremicafecat\",\"https:\/\/www.instagram.com\/gremicafecat\/\",\"https:\/\/www.pinterest.es\/gremicafecat\/\",\"https:\/\/www.youtube.com\/channel\/UCGLo5Y35vLwLvP4FrPZrCrw\/\"]},{\"@type\":\"Person\",\"@id\":\"https:\/\/gremicafe.cat\/#\/schema\/person\/dabfdbb3d0fa36260855a380f94e4733\",\"name\":\"gremicafe\",\"image\":{\"@type\":\"ImageObject\",\"inLanguage\":\"es\",\"@id\":\"https:\/\/gremicafe.cat\/#\/schema\/person\/image\/\",\"url\":\"https:\/\/secure.gravatar.com\/avatar\/e59baa4ca8f6f97576d6375fb6d3c8f0?s=96&d=mm&r=g\",\"contentUrl\":\"https:\/\/secure.gravatar.com\/avatar\/e59baa4ca8f6f97576d6375fb6d3c8f0?s=96&d=mm&r=g\",\"caption\":\"gremicafe\"}}]}<\/script>\n<!-- \/ Yoast SEO plugin. -->","yoast_head_json":{"title":"MamaSame presenta el seu caf\u00e8 frapp\u00e9 - Gremi del Caf\u00e8, torradors de Catalunya","robots":{"index":"index","follow":"follow","max-snippet":"max-snippet:-1","max-image-preview":"max-image-preview:large","max-video-preview":"max-video-preview:-1"},"canonical":"https:\/\/gremicafe.cat\/es\/2019\/07\/09\/mamasame-presenta-el-seu-cafe-frappe\/","og_locale":"es_ES","og_type":"article","og_title":"MamaSame presenta el seu caf\u00e8 frapp\u00e9 - Gremi del Caf\u00e8, torradors de Catalunya","og_url":"https:\/\/gremicafe.cat\/es\/2019\/07\/09\/mamasame-presenta-el-seu-cafe-frappe\/","og_site_name":"Gremi del Caf\u00e8, torradors de Catalunya","article_publisher":"https:\/\/www.facebook.com\/gremicafecat","article_published_time":"2019-07-09T07:18:57+00:00","article_modified_time":"2019-07-19T07:20:12+00:00","og_image":[{"width":1024,"height":681,"url":"https:\/\/gremicafe.cat\/wp-content\/uploads\/2019\/07\/gremicafe-frappe-mamasame-001-1024.jpg","type":"image\/jpeg"}],"author":"gremicafe","twitter_card":"summary_large_image","twitter_creator":"@gremicafecat","twitter_site":"@gremicafecat","twitter_misc":{"Escrito por":"gremicafe","Tiempo de lectura":"1 minuto"},"schema":{"@context":"https:\/\/schema.org","@graph":[{"@type":"Article","@id":"https:\/\/gremicafe.cat\/2019\/07\/09\/mamasame-presenta-el-seu-cafe-frappe\/#article","isPartOf":{"@id":"https:\/\/gremicafe.cat\/2019\/07\/09\/mamasame-presenta-el-seu-cafe-frappe\/"},"author":{"name":"gremicafe","@id":"https:\/\/gremicafe.cat\/#\/schema\/person\/dabfdbb3d0fa36260855a380f94e4733"},"headline":"MamaSame presenta el seu caf\u00e8 frapp\u00e9","datePublished":"2019-07-09T07:18:57+00:00","dateModified":"2019-07-19T07:20:12+00:00","mainEntityOfPage":{"@id":"https:\/\/gremicafe.cat\/2019\/07\/09\/mamasame-presenta-el-seu-cafe-frappe\/"},"wordCount":212,"publisher":{"@id":"https:\/\/gremicafe.cat\/#organization"},"image":{"@id":"https:\/\/gremicafe.cat\/2019\/07\/09\/mamasame-presenta-el-seu-cafe-frappe\/#primaryimage"},"thumbnailUrl":"https:\/\/gremicafe.cat\/wp-content\/uploads\/2019\/07\/gremicafe-frappe-mamasame-001-1024.jpg","articleSection":["Not\u00edcies"],"inLanguage":"es"},{"@type":"WebPage","@id":"https:\/\/gremicafe.cat\/2019\/07\/09\/mamasame-presenta-el-seu-cafe-frappe\/","url":"https:\/\/gremicafe.cat\/2019\/07\/09\/mamasame-presenta-el-seu-cafe-frappe\/","name":"MamaSame presenta el seu caf\u00e8 frapp\u00e9 - Gremi del Caf\u00e8, torradors de Catalunya","isPartOf":{"@id":"https:\/\/gremicafe.cat\/#website"},"primaryImageOfPage":{"@id":"https:\/\/gremicafe.cat\/2019\/07\/09\/mamasame-presenta-el-seu-cafe-frappe\/#primaryimage"},"image":{"@id":"https:\/\/gremicafe.cat\/2019\/07\/09\/mamasame-presenta-el-seu-cafe-frappe\/#primaryimage"},"thumbnailUrl":"https:\/\/gremicafe.cat\/wp-content\/uploads\/2019\/07\/gremicafe-frappe-mamasame-001-1024.jpg","datePublished":"2019-07-09T07:18:57+00:00","dateModified":"2019-07-19T07:20:12+00:00","breadcrumb":{"@id":"https:\/\/gremicafe.cat\/2019\/07\/09\/mamasame-presenta-el-seu-cafe-frappe\/#breadcrumb"},"inLanguage":"es","potentialAction":[{"@type":"ReadAction","target":["https:\/\/gremicafe.cat\/2019\/07\/09\/mamasame-presenta-el-seu-cafe-frappe\/"]}]},{"@type":"ImageObject","inLanguage":"es","@id":"https:\/\/gremicafe.cat\/2019\/07\/09\/mamasame-presenta-el-seu-cafe-frappe\/#primaryimage","url":"https:\/\/gremicafe.cat\/wp-content\/uploads\/2019\/07\/gremicafe-frappe-mamasame-001-1024.jpg","contentUrl":"https:\/\/gremicafe.cat\/wp-content\/uploads\/2019\/07\/gremicafe-frappe-mamasame-001-1024.jpg","width":1024,"height":681},{"@type":"BreadcrumbList","@id":"https:\/\/gremicafe.cat\/2019\/07\/09\/mamasame-presenta-el-seu-cafe-frappe\/#breadcrumb","itemListElement":[{"@type":"ListItem","position":1,"name":"Inici","item":"https:\/\/gremicafe.cat\/"},{"@type":"ListItem","position":2,"name":"MamaSame presenta el seu caf\u00e8 frapp\u00e9"}]},{"@type":"WebSite","@id":"https:\/\/gremicafe.cat\/#website","url":"https:\/\/gremicafe.cat\/","name":"Gremio del Caf\u00e9, tostadores de Catalu\u00f1a","description":"Web oficial del gremio de tostadores de caf\u00e9 de Catalunya","publisher":{"@id":"https:\/\/gremicafe.cat\/#organization"},"potentialAction":[{"@type":"SearchAction","target":{"@type":"EntryPoint","urlTemplate":"https:\/\/gremicafe.cat\/?s={search_term_string}"},"query-input":{"@type":"PropertyValueSpecification","valueRequired":true,"valueName":"search_term_string"}}],"inLanguage":"es"},{"@type":"Organization","@id":"https:\/\/gremicafe.cat\/#organization","name":"Gremio del Caf\u00e9, Tostadores de Catalu\u00f1a","url":"https:\/\/gremicafe.cat\/","logo":{"@type":"ImageObject","inLanguage":"es","@id":"https:\/\/gremicafe.cat\/#\/schema\/logo\/image\/","url":"https:\/\/gremicafe.cat\/wp-content\/uploads\/2018\/03\/gremicafe-logo250.png","contentUrl":"https:\/\/gremicafe.cat\/wp-content\/uploads\/2018\/03\/gremicafe-logo250.png","width":250,"height":49,"caption":"Gremi del Caf\u00e8, Torradors de Catalunya"},"image":{"@id":"https:\/\/gremicafe.cat\/#\/schema\/logo\/image\/"},"sameAs":["https:\/\/www.facebook.com\/gremicafecat","https:\/\/x.com\/gremicafecat","https:\/\/www.instagram.com\/gremicafecat\/","https:\/\/www.pinterest.es\/gremicafecat\/","https:\/\/www.youtube.com\/channel\/UCGLo5Y35vLwLvP4FrPZrCrw\/"]},{"@type":"Person","@id":"https:\/\/gremicafe.cat\/#\/schema\/person\/dabfdbb3d0fa36260855a380f94e4733","name":"gremicafe","image":{"@type":"ImageObject","inLanguage":"es","@id":"https:\/\/gremicafe.cat\/#\/schema\/person\/image\/","url":"https:\/\/secure.gravatar.com\/avatar\/e59baa4ca8f6f97576d6375fb6d3c8f0?s=96&d=mm&r=g","contentUrl":"https:\/\/secure.gravatar.com\/avatar\/e59baa4ca8f6f97576d6375fb6d3c8f0?s=96&d=mm&r=g","caption":"gremicafe"}}]}},"_links":{"self":[{"href":"https:\/\/gremicafe.cat\/es\/wp-json\/wp\/v2\/posts\/4827"}],"collection":[{"href":"https:\/\/gremicafe.cat\/es\/wp-json\/wp\/v2\/posts"}],"about":[{"href":"https:\/\/gremicafe.cat\/es\/wp-json\/wp\/v2\/types\/post"}],"author":[{"embeddable":true,"href":"https:\/\/gremicafe.cat\/es\/wp-json\/wp\/v2\/users\/1"}],"replies":[{"embeddable":true,"href":"https:\/\/gremicafe.cat\/es\/wp-json\/wp\/v2\/comments?post=4827"}],"version-history":[{"count":0,"href":"https:\/\/gremicafe.cat\/es\/wp-json\/wp\/v2\/posts\/4827\/revisions"}],"wp:featuredmedia":[{"embeddable":true,"href":"https:\/\/gremicafe.cat\/es\/wp-json\/wp\/v2\/media\/4828"}],"wp:attachment":[{"href":"https:\/\/gremicafe.cat\/es\/wp-json\/wp\/v2\/media?parent=4827"}],"wp:term":[{"taxonomy":"category","embeddable":true,"href":"https:\/\/gremicafe.cat\/es\/wp-json\/wp\/v2\/categories?post=4827"},{"taxonomy":"post_tag","embeddable":true,"href":"https:\/\/gremicafe.cat\/es\/wp-json\/wp\/v2\/tags?post=4827"}],"curies":[{"name":"wp","href":"https:\/\/api.w.org\/{rel}","templated":true}]}}