{"id":4948,"date":"2019-12-09T11:23:02","date_gmt":"2019-12-09T09:23:02","guid":{"rendered":"https:\/\/gremicafe.cat\/?p=4948"},"modified":"2019-12-10T13:31:17","modified_gmt":"2019-12-10T11:31:17","slug":"bracafe-celebra-el-seu-90e-aniversari","status":"publish","type":"post","link":"https:\/\/gremicafe.cat\/es\/2019\/12\/09\/bracafe-celebra-el-seu-90e-aniversari\/","title":{"rendered":"BRACAFE celebra su 90 aniversario"},"content":{"rendered":"<section id=\"ut-section-69f5d53bae8da\" data-vc-full-width=\"true\" data-vc-full-width-init=\"false\" class=\"vc_section vc_section-has-no-fill ut-section-69f5d53bae8e9\"><div id=\"ut-row-69f5d53baf085\" data-vc-full-width=\"true\" data-vc-full-width-init=\"false\" class=\"vc_row wpb_row vc_row-fluid vc_column-gap-0 ut-row-69f5d53baf092\" ><div class=\"wpb_column vc_column_container vc_col-sm-12\" ><div id=\"ut_inner_column_69f5d53baf8eb\" class=\"vc_column-inner\"><div class=\"wpb_wrapper\">\n\t<div class=\"wpb_text_column wpb_content_element\" >\n\t\t<div class=\"wpb_wrapper\">\n\t\t\t<div class=\"\">Hace noventa a\u00f1os, Germ\u00e1n de Erausquin volv\u00eda a Espa\u00f1a desde Sao Paulo (Brasil) con un nuevo proyecto entre manos.<\/div>\n<div class=\"\"><\/div>\n<div class=\"\">Todo empez\u00f3 en un peque\u00f1o stand de Caf\u00e9s de Brasil en la Exposici\u00f3n Universal de Barcelona de 1929, y fue evolucionando hasta ocuparse de la expansi\u00f3n de la marca Bracaf\u00e9 por todo el territorio, pasando por encargarse&#039; n de la industria torrefactora de la calle Comte d&#039;Urgell, 35 de Barcelona.<\/div>\n<div class=\"\"><\/div>\n<div class=\"\">Bracaf\u00e9 es una marca liderada ya por tres generaciones de cafeteros de caf\u00e9 natural 100% tostado en Catalu\u00f1a, sin\u00f3nimo de calidad y garant\u00eda.<\/div>\n<div class=\"\"><\/div>\n<div class=\"\">Puedes conocer la historia completa de Bracaf\u00e9 en:<\/div>\n<div class=\"\"><a class=\"\" href=\"http:\/\/bracafe.com\/\" target=\"_blank\" rel=\"noopener noreferrer\">http:\/\/bracafe.com<\/a><\/div>\n\n\t\t<\/div>\n\t<\/div>\n<div class=\"wpb_content_element ut-gallery-10  clearfix\">            \n            <script type=\"text\/javascript\">\n                \n                (function($){\n                    \n                    $(document).ready(function(){\n                        \n                                                                        \n                        function get_animated_objects( $all_appeared_elements, effect ) {\n                            \n                            var counter = 0;\n                            \n                            $all_appeared_elements.each(function(){\n                                        \n                                if( $(this).hasClass(effect) ) {\n\n                                    counter++;\n\n                                }\n\n                            });\n                            \n                            return counter;\n                            \n                        }\n                        \n                          \n                    });\n                        \n                })(jQuery);\n            \n            <\/script>\n            \n            <style type=\"text\/css\" scoped>#ut_ig_69f5d53bafb6d .ut-lazy:not(.ut-image-loaded) + .ut-video-module-loading { display:block; }#ut_ig_69f5d53bafb6d .ut-lazy.ut-image-loaded + .ut-video-module-loading { display:none; }<\/style><div id=\"ut_ig_69f5d53bafb6d\" class=\"ut-image-gallery  ut-image-gallery-10 clearfix\"><div  data-count=\"4\" class=\"ut-image-gallery-item ut-animation-done grid-50 tablet-grid-50 mobile-grid-100\"><a  class=\"ut-vc-images-lightbox\"  data-exthumbimage=\"https:\/\/gremicafe.cat\/wp-content\/uploads\/2019\/12\/90anniv-150x150.jpg\" href=\"https:\/\/gremicafe.cat\/wp-content\/uploads\/2019\/12\/90anniv-639x720.jpg\"><div class=\"ut-image-gallery-image\"><img loading=\"lazy\" decoding=\"async\"  class=\"\" src=\"https:\/\/gremicafe.cat\/wp-content\/uploads\/2019\/12\/90anniv-1160x1160.jpg\" width=\"1160\" height=\"1160\"><\/div><\/a><\/div><div  data-count=\"2\" class=\"ut-image-gallery-item ut-animation-done ut-animation-done grid-50 tablet-grid-50 mobile-grid-100 ut-desktop-last\"><a  class=\"ut-vc-images-lightbox\"  data-exthumbimage=\"https:\/\/gremicafe.cat\/wp-content\/uploads\/2019\/12\/BRACAFEDiplomaExpo1929-1024-150x150.jpg\" href=\"https:\/\/gremicafe.cat\/wp-content\/uploads\/2019\/12\/BRACAFEDiplomaExpo1929-1024-959x720.jpg\"><div class=\"ut-image-gallery-image\"><img loading=\"lazy\" decoding=\"async\"  class=\"ut-desktop-last\" src=\"https:\/\/gremicafe.cat\/wp-content\/uploads\/2019\/12\/BRACAFEDiplomaExpo1929-1024-1160x1160.jpg\" width=\"1160\" height=\"1160\"><\/div><\/a><\/div><div class=\"clear hide-on-tablet\"><\/div><div  data-count=\"2\" class=\"ut-image-gallery-item ut-animation-done ut-animation-done ut-animation-done grid-50 tablet-grid-50 mobile-grid-100 ut-tablet-last\"><a  class=\"ut-vc-images-lightbox\"  data-exthumbimage=\"https:\/\/gremicafe.cat\/wp-content\/uploads\/2019\/12\/Bracafe-1929-002-1101x720-150x150.jpg\" href=\"https:\/\/gremicafe.cat\/wp-content\/uploads\/2019\/12\/Bracafe-1929-002-1101x720.jpg\"><div class=\"ut-image-gallery-image\"><img loading=\"lazy\" decoding=\"async\"  class=\"ut-tablet-last\" src=\"https:\/\/gremicafe.cat\/wp-content\/uploads\/2019\/12\/Bracafe-1929-002-1101x720-1160x1160.jpg\" width=\"1160\" height=\"1160\"><\/div><\/a><\/div><div class=\"clear hide-on-desktop hide-on-tablet\"><\/div><div  data-count=\"2\" class=\"ut-image-gallery-item ut-animation-done ut-animation-done ut-animation-done ut-animation-done grid-50 tablet-grid-50 mobile-grid-100\"><a  class=\"ut-vc-images-lightbox\"  data-exthumbimage=\"https:\/\/gremicafe.cat\/wp-content\/uploads\/2019\/12\/Bracafe-1929-007-977x720-150x150.jpg\" href=\"https:\/\/gremicafe.cat\/wp-content\/uploads\/2019\/12\/Bracafe-1929-007-977x720.jpg\"><div class=\"ut-image-gallery-image\"><img loading=\"lazy\" decoding=\"async\"  class=\"\" src=\"https:\/\/gremicafe.cat\/wp-content\/uploads\/2019\/12\/Bracafe-1929-007-977x720-1160x1160.jpg\" width=\"1160\" height=\"1160\"><\/div><\/a><\/div><div class=\"clear\"><\/div><\/div><\/div><\/div><\/div><\/div><\/div><div class=\"vc_row-full-width vc_clearfix\"><\/div><\/section><div class=\"vc_row-full-width vc_clearfix\"><\/div>","protected":false},"excerpt":{"rendered":"Ara fa noranta anys, Germ\u00e1n de Erausquin tornava a Espanya des de Sao Paulo (Brasil) amb un nou projecte entre mans. Tot va comen\u00e7ar en un petit estand de Caf\u00e9s del Brasil a l\u2019Exposici\u00f3 Universal de Barcelona de 1929, i va anar evolucionant fins a ocupar-se\u2019n de l\u2019expansi\u00f3 de la marca Bracaf\u00e9 arreu del territori, [...]","protected":false},"author":1,"featured_media":4949,"comment_status":"closed","ping_status":"open","sticky":false,"template":"","format":"standard","meta":{"_acf_changed":false,"inline_featured_image":false,"footnotes":""},"categories":[1],"tags":[],"class_list":["post-4948","post","type-post","status-publish","format-standard","has-post-thumbnail","hentry","category-noticies"],"acf":[],"yoast_head":"<!-- This site is optimized with the Yoast SEO plugin v25.5 - https:\/\/yoast.com\/wordpress\/plugins\/seo\/ -->\n<title>BRACAFE celebra el seu 90\u00e8 aniversari - Gremi del Caf\u00e8, torradors de Catalunya<\/title>\n<meta name=\"robots\" content=\"index, follow, max-snippet:-1, max-image-preview:large, max-video-preview:-1\" \/>\n<link rel=\"canonical\" href=\"https:\/\/gremicafe.cat\/es\/2019\/12\/09\/bracafe-celebra-el-seu-90e-aniversari\/\" \/>\n<meta property=\"og:locale\" content=\"es_ES\" \/>\n<meta property=\"og:type\" content=\"article\" \/>\n<meta property=\"og:title\" content=\"BRACAFE celebra el seu 90\u00e8 aniversari - Gremi del Caf\u00e8, torradors de Catalunya\" \/>\n<meta property=\"og:url\" content=\"https:\/\/gremicafe.cat\/es\/2019\/12\/09\/bracafe-celebra-el-seu-90e-aniversari\/\" \/>\n<meta property=\"og:site_name\" content=\"Gremi del Caf\u00e8, torradors de Catalunya\" \/>\n<meta property=\"article:publisher\" content=\"https:\/\/www.facebook.com\/gremicafecat\" \/>\n<meta property=\"article:published_time\" content=\"2019-12-09T09:23:02+00:00\" \/>\n<meta property=\"article:modified_time\" content=\"2019-12-10T11:31:17+00:00\" \/>\n<meta property=\"og:image\" content=\"https:\/\/gremicafe.cat\/wp-content\/uploads\/2019\/12\/90anniv.jpg\" \/>\n\t<meta property=\"og:image:width\" content=\"851\" \/>\n\t<meta property=\"og:image:height\" content=\"959\" \/>\n\t<meta property=\"og:image:type\" content=\"image\/jpeg\" \/>\n<meta name=\"author\" content=\"gremicafe\" \/>\n<meta name=\"twitter:card\" content=\"summary_large_image\" \/>\n<meta name=\"twitter:creator\" content=\"@gremicafecat\" \/>\n<meta name=\"twitter:site\" content=\"@gremicafecat\" \/>\n<meta name=\"twitter:label1\" content=\"Escrito por\" \/>\n\t<meta name=\"twitter:data1\" content=\"gremicafe\" \/>\n\t<meta name=\"twitter:label2\" content=\"Tiempo de lectura\" \/>\n\t<meta name=\"twitter:data2\" content=\"1 minuto\" \/>\n<script type=\"application\/ld+json\" class=\"yoast-schema-graph\">{\"@context\":\"https:\/\/schema.org\",\"@graph\":[{\"@type\":\"Article\",\"@id\":\"https:\/\/gremicafe.cat\/2019\/12\/09\/bracafe-celebra-el-seu-90e-aniversari\/#article\",\"isPartOf\":{\"@id\":\"https:\/\/gremicafe.cat\/2019\/12\/09\/bracafe-celebra-el-seu-90e-aniversari\/\"},\"author\":{\"name\":\"gremicafe\",\"@id\":\"https:\/\/gremicafe.cat\/#\/schema\/person\/dabfdbb3d0fa36260855a380f94e4733\"},\"headline\":\"BRACAFE celebra el seu 90\u00e8 aniversari\",\"datePublished\":\"2019-12-09T09:23:02+00:00\",\"dateModified\":\"2019-12-10T11:31:17+00:00\",\"mainEntityOfPage\":{\"@id\":\"https:\/\/gremicafe.cat\/2019\/12\/09\/bracafe-celebra-el-seu-90e-aniversari\/\"},\"wordCount\":144,\"publisher\":{\"@id\":\"https:\/\/gremicafe.cat\/#organization\"},\"image\":{\"@id\":\"https:\/\/gremicafe.cat\/2019\/12\/09\/bracafe-celebra-el-seu-90e-aniversari\/#primaryimage\"},\"thumbnailUrl\":\"https:\/\/gremicafe.cat\/wp-content\/uploads\/2019\/12\/90anniv.jpg\",\"articleSection\":[\"Not\u00edcies\"],\"inLanguage\":\"es\"},{\"@type\":\"WebPage\",\"@id\":\"https:\/\/gremicafe.cat\/2019\/12\/09\/bracafe-celebra-el-seu-90e-aniversari\/\",\"url\":\"https:\/\/gremicafe.cat\/2019\/12\/09\/bracafe-celebra-el-seu-90e-aniversari\/\",\"name\":\"BRACAFE celebra el seu 90\u00e8 aniversari - Gremi del Caf\u00e8, torradors de Catalunya\",\"isPartOf\":{\"@id\":\"https:\/\/gremicafe.cat\/#website\"},\"primaryImageOfPage\":{\"@id\":\"https:\/\/gremicafe.cat\/2019\/12\/09\/bracafe-celebra-el-seu-90e-aniversari\/#primaryimage\"},\"image\":{\"@id\":\"https:\/\/gremicafe.cat\/2019\/12\/09\/bracafe-celebra-el-seu-90e-aniversari\/#primaryimage\"},\"thumbnailUrl\":\"https:\/\/gremicafe.cat\/wp-content\/uploads\/2019\/12\/90anniv.jpg\",\"datePublished\":\"2019-12-09T09:23:02+00:00\",\"dateModified\":\"2019-12-10T11:31:17+00:00\",\"breadcrumb\":{\"@id\":\"https:\/\/gremicafe.cat\/2019\/12\/09\/bracafe-celebra-el-seu-90e-aniversari\/#breadcrumb\"},\"inLanguage\":\"es\",\"potentialAction\":[{\"@type\":\"ReadAction\",\"target\":[\"https:\/\/gremicafe.cat\/2019\/12\/09\/bracafe-celebra-el-seu-90e-aniversari\/\"]}]},{\"@type\":\"ImageObject\",\"inLanguage\":\"es\",\"@id\":\"https:\/\/gremicafe.cat\/2019\/12\/09\/bracafe-celebra-el-seu-90e-aniversari\/#primaryimage\",\"url\":\"https:\/\/gremicafe.cat\/wp-content\/uploads\/2019\/12\/90anniv.jpg\",\"contentUrl\":\"https:\/\/gremicafe.cat\/wp-content\/uploads\/2019\/12\/90anniv.jpg\",\"width\":851,\"height\":959},{\"@type\":\"BreadcrumbList\",\"@id\":\"https:\/\/gremicafe.cat\/2019\/12\/09\/bracafe-celebra-el-seu-90e-aniversari\/#breadcrumb\",\"itemListElement\":[{\"@type\":\"ListItem\",\"position\":1,\"name\":\"Inici\",\"item\":\"https:\/\/gremicafe.cat\/\"},{\"@type\":\"ListItem\",\"position\":2,\"name\":\"BRACAFE celebra el seu 90\u00e8 aniversari\"}]},{\"@type\":\"WebSite\",\"@id\":\"https:\/\/gremicafe.cat\/#website\",\"url\":\"https:\/\/gremicafe.cat\/\",\"name\":\"Gremi del Caf\u00e8, torradors de Catalunya\",\"description\":\"Web oficial del gremi de torradors de caf\u00e8 de Catalunya\",\"publisher\":{\"@id\":\"https:\/\/gremicafe.cat\/#organization\"},\"potentialAction\":[{\"@type\":\"SearchAction\",\"target\":{\"@type\":\"EntryPoint\",\"urlTemplate\":\"https:\/\/gremicafe.cat\/?s={search_term_string}\"},\"query-input\":{\"@type\":\"PropertyValueSpecification\",\"valueRequired\":true,\"valueName\":\"search_term_string\"}}],\"inLanguage\":\"es\"},{\"@type\":\"Organization\",\"@id\":\"https:\/\/gremicafe.cat\/#organization\",\"name\":\"Gremi del Caf\u00e8, Torradors de Catalunya\",\"url\":\"https:\/\/gremicafe.cat\/\",\"logo\":{\"@type\":\"ImageObject\",\"inLanguage\":\"es\",\"@id\":\"https:\/\/gremicafe.cat\/#\/schema\/logo\/image\/\",\"url\":\"https:\/\/gremicafe.cat\/wp-content\/uploads\/2018\/03\/gremicafe-logo250.png\",\"contentUrl\":\"https:\/\/gremicafe.cat\/wp-content\/uploads\/2018\/03\/gremicafe-logo250.png\",\"width\":250,\"height\":49,\"caption\":\"Gremi del Caf\u00e8, Torradors de Catalunya\"},\"image\":{\"@id\":\"https:\/\/gremicafe.cat\/#\/schema\/logo\/image\/\"},\"sameAs\":[\"https:\/\/www.facebook.com\/gremicafecat\",\"https:\/\/x.com\/gremicafecat\",\"https:\/\/www.instagram.com\/gremicafecat\/\",\"https:\/\/www.pinterest.es\/gremicafecat\/\",\"https:\/\/www.youtube.com\/channel\/UCGLo5Y35vLwLvP4FrPZrCrw\/\"]},{\"@type\":\"Person\",\"@id\":\"https:\/\/gremicafe.cat\/#\/schema\/person\/dabfdbb3d0fa36260855a380f94e4733\",\"name\":\"gremicafe\",\"image\":{\"@type\":\"ImageObject\",\"inLanguage\":\"es\",\"@id\":\"https:\/\/gremicafe.cat\/#\/schema\/person\/image\/\",\"url\":\"https:\/\/secure.gravatar.com\/avatar\/e59baa4ca8f6f97576d6375fb6d3c8f0?s=96&d=mm&r=g\",\"contentUrl\":\"https:\/\/secure.gravatar.com\/avatar\/e59baa4ca8f6f97576d6375fb6d3c8f0?s=96&d=mm&r=g\",\"caption\":\"gremicafe\"}}]}<\/script>\n<!-- \/ Yoast SEO plugin. -->","yoast_head_json":{"title":"BRACAFE celebra el seu 90\u00e8 aniversari - Gremi del Caf\u00e8, torradors de Catalunya","robots":{"index":"index","follow":"follow","max-snippet":"max-snippet:-1","max-image-preview":"max-image-preview:large","max-video-preview":"max-video-preview:-1"},"canonical":"https:\/\/gremicafe.cat\/es\/2019\/12\/09\/bracafe-celebra-el-seu-90e-aniversari\/","og_locale":"es_ES","og_type":"article","og_title":"BRACAFE celebra el seu 90\u00e8 aniversari - Gremi del Caf\u00e8, torradors de Catalunya","og_url":"https:\/\/gremicafe.cat\/es\/2019\/12\/09\/bracafe-celebra-el-seu-90e-aniversari\/","og_site_name":"Gremi del Caf\u00e8, torradors de Catalunya","article_publisher":"https:\/\/www.facebook.com\/gremicafecat","article_published_time":"2019-12-09T09:23:02+00:00","article_modified_time":"2019-12-10T11:31:17+00:00","og_image":[{"width":851,"height":959,"url":"https:\/\/gremicafe.cat\/wp-content\/uploads\/2019\/12\/90anniv.jpg","type":"image\/jpeg"}],"author":"gremicafe","twitter_card":"summary_large_image","twitter_creator":"@gremicafecat","twitter_site":"@gremicafecat","twitter_misc":{"Escrito por":"gremicafe","Tiempo de lectura":"1 minuto"},"schema":{"@context":"https:\/\/schema.org","@graph":[{"@type":"Article","@id":"https:\/\/gremicafe.cat\/2019\/12\/09\/bracafe-celebra-el-seu-90e-aniversari\/#article","isPartOf":{"@id":"https:\/\/gremicafe.cat\/2019\/12\/09\/bracafe-celebra-el-seu-90e-aniversari\/"},"author":{"name":"gremicafe","@id":"https:\/\/gremicafe.cat\/#\/schema\/person\/dabfdbb3d0fa36260855a380f94e4733"},"headline":"BRACAFE celebra el seu 90\u00e8 aniversari","datePublished":"2019-12-09T09:23:02+00:00","dateModified":"2019-12-10T11:31:17+00:00","mainEntityOfPage":{"@id":"https:\/\/gremicafe.cat\/2019\/12\/09\/bracafe-celebra-el-seu-90e-aniversari\/"},"wordCount":144,"publisher":{"@id":"https:\/\/gremicafe.cat\/#organization"},"image":{"@id":"https:\/\/gremicafe.cat\/2019\/12\/09\/bracafe-celebra-el-seu-90e-aniversari\/#primaryimage"},"thumbnailUrl":"https:\/\/gremicafe.cat\/wp-content\/uploads\/2019\/12\/90anniv.jpg","articleSection":["Not\u00edcies"],"inLanguage":"es"},{"@type":"WebPage","@id":"https:\/\/gremicafe.cat\/2019\/12\/09\/bracafe-celebra-el-seu-90e-aniversari\/","url":"https:\/\/gremicafe.cat\/2019\/12\/09\/bracafe-celebra-el-seu-90e-aniversari\/","name":"BRACAFE celebra el seu 90\u00e8 aniversari - Gremi del Caf\u00e8, torradors de Catalunya","isPartOf":{"@id":"https:\/\/gremicafe.cat\/#website"},"primaryImageOfPage":{"@id":"https:\/\/gremicafe.cat\/2019\/12\/09\/bracafe-celebra-el-seu-90e-aniversari\/#primaryimage"},"image":{"@id":"https:\/\/gremicafe.cat\/2019\/12\/09\/bracafe-celebra-el-seu-90e-aniversari\/#primaryimage"},"thumbnailUrl":"https:\/\/gremicafe.cat\/wp-content\/uploads\/2019\/12\/90anniv.jpg","datePublished":"2019-12-09T09:23:02+00:00","dateModified":"2019-12-10T11:31:17+00:00","breadcrumb":{"@id":"https:\/\/gremicafe.cat\/2019\/12\/09\/bracafe-celebra-el-seu-90e-aniversari\/#breadcrumb"},"inLanguage":"es","potentialAction":[{"@type":"ReadAction","target":["https:\/\/gremicafe.cat\/2019\/12\/09\/bracafe-celebra-el-seu-90e-aniversari\/"]}]},{"@type":"ImageObject","inLanguage":"es","@id":"https:\/\/gremicafe.cat\/2019\/12\/09\/bracafe-celebra-el-seu-90e-aniversari\/#primaryimage","url":"https:\/\/gremicafe.cat\/wp-content\/uploads\/2019\/12\/90anniv.jpg","contentUrl":"https:\/\/gremicafe.cat\/wp-content\/uploads\/2019\/12\/90anniv.jpg","width":851,"height":959},{"@type":"BreadcrumbList","@id":"https:\/\/gremicafe.cat\/2019\/12\/09\/bracafe-celebra-el-seu-90e-aniversari\/#breadcrumb","itemListElement":[{"@type":"ListItem","position":1,"name":"Inici","item":"https:\/\/gremicafe.cat\/"},{"@type":"ListItem","position":2,"name":"BRACAFE celebra el seu 90\u00e8 aniversari"}]},{"@type":"WebSite","@id":"https:\/\/gremicafe.cat\/#website","url":"https:\/\/gremicafe.cat\/","name":"Gremio del Caf\u00e9, tostadores de Catalu\u00f1a","description":"Web oficial del gremio de tostadores de caf\u00e9 de Catalunya","publisher":{"@id":"https:\/\/gremicafe.cat\/#organization"},"potentialAction":[{"@type":"SearchAction","target":{"@type":"EntryPoint","urlTemplate":"https:\/\/gremicafe.cat\/?s={search_term_string}"},"query-input":{"@type":"PropertyValueSpecification","valueRequired":true,"valueName":"search_term_string"}}],"inLanguage":"es"},{"@type":"Organization","@id":"https:\/\/gremicafe.cat\/#organization","name":"Gremio del Caf\u00e9, Tostadores de Catalu\u00f1a","url":"https:\/\/gremicafe.cat\/","logo":{"@type":"ImageObject","inLanguage":"es","@id":"https:\/\/gremicafe.cat\/#\/schema\/logo\/image\/","url":"https:\/\/gremicafe.cat\/wp-content\/uploads\/2018\/03\/gremicafe-logo250.png","contentUrl":"https:\/\/gremicafe.cat\/wp-content\/uploads\/2018\/03\/gremicafe-logo250.png","width":250,"height":49,"caption":"Gremi del Caf\u00e8, Torradors de Catalunya"},"image":{"@id":"https:\/\/gremicafe.cat\/#\/schema\/logo\/image\/"},"sameAs":["https:\/\/www.facebook.com\/gremicafecat","https:\/\/x.com\/gremicafecat","https:\/\/www.instagram.com\/gremicafecat\/","https:\/\/www.pinterest.es\/gremicafecat\/","https:\/\/www.youtube.com\/channel\/UCGLo5Y35vLwLvP4FrPZrCrw\/"]},{"@type":"Person","@id":"https:\/\/gremicafe.cat\/#\/schema\/person\/dabfdbb3d0fa36260855a380f94e4733","name":"gremicafe","image":{"@type":"ImageObject","inLanguage":"es","@id":"https:\/\/gremicafe.cat\/#\/schema\/person\/image\/","url":"https:\/\/secure.gravatar.com\/avatar\/e59baa4ca8f6f97576d6375fb6d3c8f0?s=96&d=mm&r=g","contentUrl":"https:\/\/secure.gravatar.com\/avatar\/e59baa4ca8f6f97576d6375fb6d3c8f0?s=96&d=mm&r=g","caption":"gremicafe"}}]}},"_links":{"self":[{"href":"https:\/\/gremicafe.cat\/es\/wp-json\/wp\/v2\/posts\/4948"}],"collection":[{"href":"https:\/\/gremicafe.cat\/es\/wp-json\/wp\/v2\/posts"}],"about":[{"href":"https:\/\/gremicafe.cat\/es\/wp-json\/wp\/v2\/types\/post"}],"author":[{"embeddable":true,"href":"https:\/\/gremicafe.cat\/es\/wp-json\/wp\/v2\/users\/1"}],"replies":[{"embeddable":true,"href":"https:\/\/gremicafe.cat\/es\/wp-json\/wp\/v2\/comments?post=4948"}],"version-history":[{"count":0,"href":"https:\/\/gremicafe.cat\/es\/wp-json\/wp\/v2\/posts\/4948\/revisions"}],"wp:featuredmedia":[{"embeddable":true,"href":"https:\/\/gremicafe.cat\/es\/wp-json\/wp\/v2\/media\/4949"}],"wp:attachment":[{"href":"https:\/\/gremicafe.cat\/es\/wp-json\/wp\/v2\/media?parent=4948"}],"wp:term":[{"taxonomy":"category","embeddable":true,"href":"https:\/\/gremicafe.cat\/es\/wp-json\/wp\/v2\/categories?post=4948"},{"taxonomy":"post_tag","embeddable":true,"href":"https:\/\/gremicafe.cat\/es\/wp-json\/wp\/v2\/tags?post=4948"}],"curies":[{"name":"wp","href":"https:\/\/api.w.org\/{rel}","templated":true}]}}