{"id":4977,"date":"2019-12-11T09:58:23","date_gmt":"2019-12-11T07:58:23","guid":{"rendered":"https:\/\/gremicafe.cat\/?p=4977"},"modified":"2019-12-11T14:01:10","modified_gmt":"2019-12-11T12:01:10","slug":"cafes-novell-preveu-facturar-50-milions-deuros-el-2023","status":"publish","type":"post","link":"https:\/\/gremicafe.cat\/es\/2019\/12\/11\/cafes-novell-preveu-facturar-50-milions-deuros-el-2023\/","title":{"rendered":"Caf\u00e8s Novell prev\u00e9 facturar 50 millones de euros en el 2023"},"content":{"rendered":"<section id=\"ut-section-69f5d53c9c1a7\" data-vc-full-width=\"true\" data-vc-full-width-init=\"false\" class=\"vc_section vc_section-has-no-fill ut-section-69f5d53c9c1bc\"><div id=\"ut-row-69f5d53c9c6a0\" data-vc-full-width=\"true\" data-vc-full-width-init=\"false\" class=\"vc_row wpb_row vc_row-fluid vc_column-gap-0 ut-row-69f5d53c9c6ae\" ><div class=\"wpb_column vc_column_container vc_col-sm-12\" ><div id=\"ut_inner_column_69f5d53c9eab4\" class=\"vc_column-inner\"><div class=\"wpb_wrapper\"><div  class=\"wpb_content_element   clearfix\"><style type=\"text\/css\" scoped>#ut_am_69f5d53c9f5b0 { opacity: 1; }<\/style><div id=\"ut_am_wrap_69f5d53c9f5b1\" class=\"ut-image-gallery-image\" style=\"text-align:left;\"><div class=\"ut-animated-image-item ut-image-gallery-item ut-animation-done\"><a class=\"ut-deactivated-link\" href=\"#\"><img loading=\"lazy\" decoding=\"async\" title=\"web-1-2-unidad-de-negocio-cat\" id=\"ut_am_69f5d53c9f5b0\" style=\"\" src=\"https:\/\/gremicafe.cat\/wp-content\/uploads\/2019\/12\/web-1-2-unidad-de-negocio-cat.jpg\" width=\"1242\" height=\"898\" alt=\"\"\/><\/a><\/div><\/div><\/div>\n\t<div class=\"wpb_text_column wpb_content_element\" >\n\t\t<div class=\"wpb_wrapper\">\n\t\t\t<div class=\"\">Caf\u00e8s Novell pretende conseguir esa cifra a trav\u00e9s de un plan estrat\u00e9gico que quiere incrementar hasta el 30% sus exportaciones. Con el fin de cumplir esta meta, la compa\u00f1\u00eda ha cerrado un acuerdo con un socio local en China, apostando por nuevos mercados focaliz\u00e1ndose en el contenido asi\u00e1tico.<\/div>\n<div class=\"\"><\/div>\n<div class=\"\">Tal y como Dolors Novell, gerente de Caf\u00e8s Novell, y Laura Biason, directora de Marketing, comunicaron en una entrevista de Europa Press, las previsiones para este a\u00f1o son aumentar las ventas un 7% respecto al a\u00f1o anterior, a\u00f1o en que la facturaci\u00f3n se situ\u00f3 en los 30 millones.<\/div>\n<div class=\"\"><\/div>\n<div class=\"\">Adem\u00e1s, Caf\u00e8s Novell tambi\u00e9n quiere crecer en retail, con el objetivo de incrementar el actual 5% de las ventas hasta un 15% a trav\u00e9s de las grandes superficies y la venta online.<\/div>\n<div class=\"\"><\/div>\n<div class=\"\">M\u00e1s informaci\u00f3n en:\u00a0<a class=\"\" href=\"https:\/\/www.viaempresa.cat\/empresa\/cafes-novell-facturacio-exportacions_2103803_102.html\" target=\"_blank\" rel=\"noopener noreferrer\">https:\/\/www.viaempresa.cat\/empresa\/cafes-novell-facturacio-exportacions_2103803_102.html<\/a><\/div>\n\n\t\t<\/div>\n\t<\/div>\n<\/div><\/div><\/div><\/div><div class=\"vc_row-full-width vc_clearfix\"><\/div><\/section><div class=\"vc_row-full-width vc_clearfix\"><\/div>","protected":false},"excerpt":{"rendered":"#ut_am_69f5d53ca0914 { opacity: 1; } Caf\u00e8s Novell pret\u00e9n aconseguir aquesta xifra a trav\u00e9s d\u2019un pla estrat\u00e8gic que vol incrementar fins al 30% les seves exportacions. Per tal de complir aquesta meta, la companyia ha tancat un acord amb un soci local a la Xina, apostant per nous mercats focalitzant-se en el continen asi\u00e0tic. Tal i [...]","protected":false},"author":1,"featured_media":4978,"comment_status":"closed","ping_status":"open","sticky":false,"template":"","format":"standard","meta":{"_acf_changed":false,"inline_featured_image":false,"footnotes":""},"categories":[1],"tags":[],"class_list":["post-4977","post","type-post","status-publish","format-standard","has-post-thumbnail","hentry","category-noticies"],"acf":[],"yoast_head":"<!-- This site is optimized with the Yoast SEO plugin v25.5 - https:\/\/yoast.com\/wordpress\/plugins\/seo\/ -->\n<title>Caf\u00e8s Novell preveu facturar 50 milions d\u2019euros el 2023 - Gremi del Caf\u00e8, torradors de Catalunya<\/title>\n<meta name=\"robots\" content=\"index, follow, max-snippet:-1, max-image-preview:large, max-video-preview:-1\" \/>\n<link rel=\"canonical\" href=\"https:\/\/gremicafe.cat\/es\/2019\/12\/11\/cafes-novell-preveu-facturar-50-milions-deuros-el-2023\/\" \/>\n<meta property=\"og:locale\" content=\"es_ES\" \/>\n<meta property=\"og:type\" content=\"article\" \/>\n<meta property=\"og:title\" content=\"Caf\u00e8s Novell preveu facturar 50 milions d\u2019euros el 2023 - Gremi del Caf\u00e8, torradors de Catalunya\" \/>\n<meta property=\"og:url\" content=\"https:\/\/gremicafe.cat\/es\/2019\/12\/11\/cafes-novell-preveu-facturar-50-milions-deuros-el-2023\/\" \/>\n<meta property=\"og:site_name\" content=\"Gremi del Caf\u00e8, torradors de Catalunya\" \/>\n<meta property=\"article:publisher\" content=\"https:\/\/www.facebook.com\/gremicafecat\" \/>\n<meta property=\"article:published_time\" content=\"2019-12-11T07:58:23+00:00\" \/>\n<meta property=\"article:modified_time\" content=\"2019-12-11T12:01:10+00:00\" \/>\n<meta property=\"og:image\" content=\"https:\/\/gremicafe.cat\/wp-content\/uploads\/2019\/12\/web-1-2-unidad-de-negocio-cat.jpg\" \/>\n\t<meta property=\"og:image:width\" content=\"1242\" \/>\n\t<meta property=\"og:image:height\" content=\"898\" \/>\n\t<meta property=\"og:image:type\" content=\"image\/jpeg\" \/>\n<meta name=\"author\" content=\"gremicafe\" \/>\n<meta name=\"twitter:card\" content=\"summary_large_image\" \/>\n<meta name=\"twitter:creator\" content=\"@gremicafecat\" \/>\n<meta name=\"twitter:site\" content=\"@gremicafecat\" \/>\n<meta name=\"twitter:label1\" content=\"Escrito por\" \/>\n\t<meta name=\"twitter:data1\" content=\"gremicafe\" \/>\n\t<meta name=\"twitter:label2\" content=\"Tiempo de lectura\" \/>\n\t<meta name=\"twitter:data2\" content=\"1 minuto\" \/>\n<script type=\"application\/ld+json\" class=\"yoast-schema-graph\">{\"@context\":\"https:\/\/schema.org\",\"@graph\":[{\"@type\":\"Article\",\"@id\":\"https:\/\/gremicafe.cat\/2019\/12\/11\/cafes-novell-preveu-facturar-50-milions-deuros-el-2023\/#article\",\"isPartOf\":{\"@id\":\"https:\/\/gremicafe.cat\/2019\/12\/11\/cafes-novell-preveu-facturar-50-milions-deuros-el-2023\/\"},\"author\":{\"name\":\"gremicafe\",\"@id\":\"https:\/\/gremicafe.cat\/#\/schema\/person\/dabfdbb3d0fa36260855a380f94e4733\"},\"headline\":\"Caf\u00e8s Novell preveu facturar 50 milions d\u2019euros el 2023\",\"datePublished\":\"2019-12-11T07:58:23+00:00\",\"dateModified\":\"2019-12-11T12:01:10+00:00\",\"mainEntityOfPage\":{\"@id\":\"https:\/\/gremicafe.cat\/2019\/12\/11\/cafes-novell-preveu-facturar-50-milions-deuros-el-2023\/\"},\"wordCount\":187,\"publisher\":{\"@id\":\"https:\/\/gremicafe.cat\/#organization\"},\"image\":{\"@id\":\"https:\/\/gremicafe.cat\/2019\/12\/11\/cafes-novell-preveu-facturar-50-milions-deuros-el-2023\/#primaryimage\"},\"thumbnailUrl\":\"https:\/\/gremicafe.cat\/wp-content\/uploads\/2019\/12\/web-1-2-unidad-de-negocio-cat.jpg\",\"articleSection\":[\"Not\u00edcies\"],\"inLanguage\":\"es\"},{\"@type\":\"WebPage\",\"@id\":\"https:\/\/gremicafe.cat\/2019\/12\/11\/cafes-novell-preveu-facturar-50-milions-deuros-el-2023\/\",\"url\":\"https:\/\/gremicafe.cat\/2019\/12\/11\/cafes-novell-preveu-facturar-50-milions-deuros-el-2023\/\",\"name\":\"Caf\u00e8s Novell preveu facturar 50 milions d\u2019euros el 2023 - Gremi del Caf\u00e8, torradors de Catalunya\",\"isPartOf\":{\"@id\":\"https:\/\/gremicafe.cat\/#website\"},\"primaryImageOfPage\":{\"@id\":\"https:\/\/gremicafe.cat\/2019\/12\/11\/cafes-novell-preveu-facturar-50-milions-deuros-el-2023\/#primaryimage\"},\"image\":{\"@id\":\"https:\/\/gremicafe.cat\/2019\/12\/11\/cafes-novell-preveu-facturar-50-milions-deuros-el-2023\/#primaryimage\"},\"thumbnailUrl\":\"https:\/\/gremicafe.cat\/wp-content\/uploads\/2019\/12\/web-1-2-unidad-de-negocio-cat.jpg\",\"datePublished\":\"2019-12-11T07:58:23+00:00\",\"dateModified\":\"2019-12-11T12:01:10+00:00\",\"breadcrumb\":{\"@id\":\"https:\/\/gremicafe.cat\/2019\/12\/11\/cafes-novell-preveu-facturar-50-milions-deuros-el-2023\/#breadcrumb\"},\"inLanguage\":\"es\",\"potentialAction\":[{\"@type\":\"ReadAction\",\"target\":[\"https:\/\/gremicafe.cat\/2019\/12\/11\/cafes-novell-preveu-facturar-50-milions-deuros-el-2023\/\"]}]},{\"@type\":\"ImageObject\",\"inLanguage\":\"es\",\"@id\":\"https:\/\/gremicafe.cat\/2019\/12\/11\/cafes-novell-preveu-facturar-50-milions-deuros-el-2023\/#primaryimage\",\"url\":\"https:\/\/gremicafe.cat\/wp-content\/uploads\/2019\/12\/web-1-2-unidad-de-negocio-cat.jpg\",\"contentUrl\":\"https:\/\/gremicafe.cat\/wp-content\/uploads\/2019\/12\/web-1-2-unidad-de-negocio-cat.jpg\",\"width\":1242,\"height\":898},{\"@type\":\"BreadcrumbList\",\"@id\":\"https:\/\/gremicafe.cat\/2019\/12\/11\/cafes-novell-preveu-facturar-50-milions-deuros-el-2023\/#breadcrumb\",\"itemListElement\":[{\"@type\":\"ListItem\",\"position\":1,\"name\":\"Inici\",\"item\":\"https:\/\/gremicafe.cat\/\"},{\"@type\":\"ListItem\",\"position\":2,\"name\":\"Caf\u00e8s Novell preveu facturar 50 milions d\u2019euros el 2023\"}]},{\"@type\":\"WebSite\",\"@id\":\"https:\/\/gremicafe.cat\/#website\",\"url\":\"https:\/\/gremicafe.cat\/\",\"name\":\"Gremi del Caf\u00e8, torradors de Catalunya\",\"description\":\"Web oficial del gremi de torradors de caf\u00e8 de Catalunya\",\"publisher\":{\"@id\":\"https:\/\/gremicafe.cat\/#organization\"},\"potentialAction\":[{\"@type\":\"SearchAction\",\"target\":{\"@type\":\"EntryPoint\",\"urlTemplate\":\"https:\/\/gremicafe.cat\/?s={search_term_string}\"},\"query-input\":{\"@type\":\"PropertyValueSpecification\",\"valueRequired\":true,\"valueName\":\"search_term_string\"}}],\"inLanguage\":\"es\"},{\"@type\":\"Organization\",\"@id\":\"https:\/\/gremicafe.cat\/#organization\",\"name\":\"Gremi del Caf\u00e8, Torradors de Catalunya\",\"url\":\"https:\/\/gremicafe.cat\/\",\"logo\":{\"@type\":\"ImageObject\",\"inLanguage\":\"es\",\"@id\":\"https:\/\/gremicafe.cat\/#\/schema\/logo\/image\/\",\"url\":\"https:\/\/gremicafe.cat\/wp-content\/uploads\/2018\/03\/gremicafe-logo250.png\",\"contentUrl\":\"https:\/\/gremicafe.cat\/wp-content\/uploads\/2018\/03\/gremicafe-logo250.png\",\"width\":250,\"height\":49,\"caption\":\"Gremi del Caf\u00e8, Torradors de Catalunya\"},\"image\":{\"@id\":\"https:\/\/gremicafe.cat\/#\/schema\/logo\/image\/\"},\"sameAs\":[\"https:\/\/www.facebook.com\/gremicafecat\",\"https:\/\/x.com\/gremicafecat\",\"https:\/\/www.instagram.com\/gremicafecat\/\",\"https:\/\/www.pinterest.es\/gremicafecat\/\",\"https:\/\/www.youtube.com\/channel\/UCGLo5Y35vLwLvP4FrPZrCrw\/\"]},{\"@type\":\"Person\",\"@id\":\"https:\/\/gremicafe.cat\/#\/schema\/person\/dabfdbb3d0fa36260855a380f94e4733\",\"name\":\"gremicafe\",\"image\":{\"@type\":\"ImageObject\",\"inLanguage\":\"es\",\"@id\":\"https:\/\/gremicafe.cat\/#\/schema\/person\/image\/\",\"url\":\"https:\/\/secure.gravatar.com\/avatar\/e59baa4ca8f6f97576d6375fb6d3c8f0?s=96&d=mm&r=g\",\"contentUrl\":\"https:\/\/secure.gravatar.com\/avatar\/e59baa4ca8f6f97576d6375fb6d3c8f0?s=96&d=mm&r=g\",\"caption\":\"gremicafe\"}}]}<\/script>\n<!-- \/ Yoast SEO plugin. -->","yoast_head_json":{"title":"Caf\u00e8s Novell preveu facturar 50 milions d\u2019euros el 2023 - Gremi del Caf\u00e8, torradors de Catalunya","robots":{"index":"index","follow":"follow","max-snippet":"max-snippet:-1","max-image-preview":"max-image-preview:large","max-video-preview":"max-video-preview:-1"},"canonical":"https:\/\/gremicafe.cat\/es\/2019\/12\/11\/cafes-novell-preveu-facturar-50-milions-deuros-el-2023\/","og_locale":"es_ES","og_type":"article","og_title":"Caf\u00e8s Novell preveu facturar 50 milions d\u2019euros el 2023 - Gremi del Caf\u00e8, torradors de Catalunya","og_url":"https:\/\/gremicafe.cat\/es\/2019\/12\/11\/cafes-novell-preveu-facturar-50-milions-deuros-el-2023\/","og_site_name":"Gremi del Caf\u00e8, torradors de Catalunya","article_publisher":"https:\/\/www.facebook.com\/gremicafecat","article_published_time":"2019-12-11T07:58:23+00:00","article_modified_time":"2019-12-11T12:01:10+00:00","og_image":[{"width":1242,"height":898,"url":"https:\/\/gremicafe.cat\/wp-content\/uploads\/2019\/12\/web-1-2-unidad-de-negocio-cat.jpg","type":"image\/jpeg"}],"author":"gremicafe","twitter_card":"summary_large_image","twitter_creator":"@gremicafecat","twitter_site":"@gremicafecat","twitter_misc":{"Escrito por":"gremicafe","Tiempo de lectura":"1 minuto"},"schema":{"@context":"https:\/\/schema.org","@graph":[{"@type":"Article","@id":"https:\/\/gremicafe.cat\/2019\/12\/11\/cafes-novell-preveu-facturar-50-milions-deuros-el-2023\/#article","isPartOf":{"@id":"https:\/\/gremicafe.cat\/2019\/12\/11\/cafes-novell-preveu-facturar-50-milions-deuros-el-2023\/"},"author":{"name":"gremicafe","@id":"https:\/\/gremicafe.cat\/#\/schema\/person\/dabfdbb3d0fa36260855a380f94e4733"},"headline":"Caf\u00e8s Novell preveu facturar 50 milions d\u2019euros el 2023","datePublished":"2019-12-11T07:58:23+00:00","dateModified":"2019-12-11T12:01:10+00:00","mainEntityOfPage":{"@id":"https:\/\/gremicafe.cat\/2019\/12\/11\/cafes-novell-preveu-facturar-50-milions-deuros-el-2023\/"},"wordCount":187,"publisher":{"@id":"https:\/\/gremicafe.cat\/#organization"},"image":{"@id":"https:\/\/gremicafe.cat\/2019\/12\/11\/cafes-novell-preveu-facturar-50-milions-deuros-el-2023\/#primaryimage"},"thumbnailUrl":"https:\/\/gremicafe.cat\/wp-content\/uploads\/2019\/12\/web-1-2-unidad-de-negocio-cat.jpg","articleSection":["Not\u00edcies"],"inLanguage":"es"},{"@type":"WebPage","@id":"https:\/\/gremicafe.cat\/2019\/12\/11\/cafes-novell-preveu-facturar-50-milions-deuros-el-2023\/","url":"https:\/\/gremicafe.cat\/2019\/12\/11\/cafes-novell-preveu-facturar-50-milions-deuros-el-2023\/","name":"Caf\u00e8s Novell preveu facturar 50 milions d\u2019euros el 2023 - Gremi del Caf\u00e8, torradors de Catalunya","isPartOf":{"@id":"https:\/\/gremicafe.cat\/#website"},"primaryImageOfPage":{"@id":"https:\/\/gremicafe.cat\/2019\/12\/11\/cafes-novell-preveu-facturar-50-milions-deuros-el-2023\/#primaryimage"},"image":{"@id":"https:\/\/gremicafe.cat\/2019\/12\/11\/cafes-novell-preveu-facturar-50-milions-deuros-el-2023\/#primaryimage"},"thumbnailUrl":"https:\/\/gremicafe.cat\/wp-content\/uploads\/2019\/12\/web-1-2-unidad-de-negocio-cat.jpg","datePublished":"2019-12-11T07:58:23+00:00","dateModified":"2019-12-11T12:01:10+00:00","breadcrumb":{"@id":"https:\/\/gremicafe.cat\/2019\/12\/11\/cafes-novell-preveu-facturar-50-milions-deuros-el-2023\/#breadcrumb"},"inLanguage":"es","potentialAction":[{"@type":"ReadAction","target":["https:\/\/gremicafe.cat\/2019\/12\/11\/cafes-novell-preveu-facturar-50-milions-deuros-el-2023\/"]}]},{"@type":"ImageObject","inLanguage":"es","@id":"https:\/\/gremicafe.cat\/2019\/12\/11\/cafes-novell-preveu-facturar-50-milions-deuros-el-2023\/#primaryimage","url":"https:\/\/gremicafe.cat\/wp-content\/uploads\/2019\/12\/web-1-2-unidad-de-negocio-cat.jpg","contentUrl":"https:\/\/gremicafe.cat\/wp-content\/uploads\/2019\/12\/web-1-2-unidad-de-negocio-cat.jpg","width":1242,"height":898},{"@type":"BreadcrumbList","@id":"https:\/\/gremicafe.cat\/2019\/12\/11\/cafes-novell-preveu-facturar-50-milions-deuros-el-2023\/#breadcrumb","itemListElement":[{"@type":"ListItem","position":1,"name":"Inici","item":"https:\/\/gremicafe.cat\/"},{"@type":"ListItem","position":2,"name":"Caf\u00e8s Novell preveu facturar 50 milions d\u2019euros el 2023"}]},{"@type":"WebSite","@id":"https:\/\/gremicafe.cat\/#website","url":"https:\/\/gremicafe.cat\/","name":"Gremio del Caf\u00e9, tostadores de Catalu\u00f1a","description":"Web oficial del gremio de tostadores de caf\u00e9 de Catalunya","publisher":{"@id":"https:\/\/gremicafe.cat\/#organization"},"potentialAction":[{"@type":"SearchAction","target":{"@type":"EntryPoint","urlTemplate":"https:\/\/gremicafe.cat\/?s={search_term_string}"},"query-input":{"@type":"PropertyValueSpecification","valueRequired":true,"valueName":"search_term_string"}}],"inLanguage":"es"},{"@type":"Organization","@id":"https:\/\/gremicafe.cat\/#organization","name":"Gremio del Caf\u00e9, Tostadores de Catalu\u00f1a","url":"https:\/\/gremicafe.cat\/","logo":{"@type":"ImageObject","inLanguage":"es","@id":"https:\/\/gremicafe.cat\/#\/schema\/logo\/image\/","url":"https:\/\/gremicafe.cat\/wp-content\/uploads\/2018\/03\/gremicafe-logo250.png","contentUrl":"https:\/\/gremicafe.cat\/wp-content\/uploads\/2018\/03\/gremicafe-logo250.png","width":250,"height":49,"caption":"Gremi del Caf\u00e8, Torradors de Catalunya"},"image":{"@id":"https:\/\/gremicafe.cat\/#\/schema\/logo\/image\/"},"sameAs":["https:\/\/www.facebook.com\/gremicafecat","https:\/\/x.com\/gremicafecat","https:\/\/www.instagram.com\/gremicafecat\/","https:\/\/www.pinterest.es\/gremicafecat\/","https:\/\/www.youtube.com\/channel\/UCGLo5Y35vLwLvP4FrPZrCrw\/"]},{"@type":"Person","@id":"https:\/\/gremicafe.cat\/#\/schema\/person\/dabfdbb3d0fa36260855a380f94e4733","name":"gremicafe","image":{"@type":"ImageObject","inLanguage":"es","@id":"https:\/\/gremicafe.cat\/#\/schema\/person\/image\/","url":"https:\/\/secure.gravatar.com\/avatar\/e59baa4ca8f6f97576d6375fb6d3c8f0?s=96&d=mm&r=g","contentUrl":"https:\/\/secure.gravatar.com\/avatar\/e59baa4ca8f6f97576d6375fb6d3c8f0?s=96&d=mm&r=g","caption":"gremicafe"}}]}},"_links":{"self":[{"href":"https:\/\/gremicafe.cat\/es\/wp-json\/wp\/v2\/posts\/4977"}],"collection":[{"href":"https:\/\/gremicafe.cat\/es\/wp-json\/wp\/v2\/posts"}],"about":[{"href":"https:\/\/gremicafe.cat\/es\/wp-json\/wp\/v2\/types\/post"}],"author":[{"embeddable":true,"href":"https:\/\/gremicafe.cat\/es\/wp-json\/wp\/v2\/users\/1"}],"replies":[{"embeddable":true,"href":"https:\/\/gremicafe.cat\/es\/wp-json\/wp\/v2\/comments?post=4977"}],"version-history":[{"count":0,"href":"https:\/\/gremicafe.cat\/es\/wp-json\/wp\/v2\/posts\/4977\/revisions"}],"wp:featuredmedia":[{"embeddable":true,"href":"https:\/\/gremicafe.cat\/es\/wp-json\/wp\/v2\/media\/4978"}],"wp:attachment":[{"href":"https:\/\/gremicafe.cat\/es\/wp-json\/wp\/v2\/media?parent=4977"}],"wp:term":[{"taxonomy":"category","embeddable":true,"href":"https:\/\/gremicafe.cat\/es\/wp-json\/wp\/v2\/categories?post=4977"},{"taxonomy":"post_tag","embeddable":true,"href":"https:\/\/gremicafe.cat\/es\/wp-json\/wp\/v2\/tags?post=4977"}],"curies":[{"name":"wp","href":"https:\/\/api.w.org\/{rel}","templated":true}]}}