{"id":4986,"date":"2019-12-18T10:07:33","date_gmt":"2019-12-18T08:07:33","guid":{"rendered":"https:\/\/gremicafe.cat\/?p=4986"},"modified":"2020-01-20T12:38:15","modified_gmt":"2020-01-20T10:38:15","slug":"aquestes-han-estat-les-novetats-amb-les-que-tupinamba-tanca-el-2019","status":"publish","type":"post","link":"https:\/\/gremicafe.cat\/es\/2019\/12\/18\/aquestes-han-estat-les-novetats-amb-les-que-tupinamba-tanca-el-2019\/","title":{"rendered":"\u00c9stas han sido las novedades con las que Tupinamba cierra el 2019"},"content":{"rendered":"<section id=\"ut-section-69f5d53d42d5a\" data-vc-full-width=\"true\" data-vc-full-width-init=\"false\" class=\"vc_section vc_section-has-no-fill ut-section-69f5d53d42d65\"><div id=\"ut-row-69f5d53d432fc\" data-vc-full-width=\"true\" data-vc-full-width-init=\"false\" class=\"vc_row wpb_row vc_row-fluid vc_column-gap-0 ut-row-69f5d53d43309\" ><div class=\"wpb_column vc_column_container vc_col-sm-12\" ><div id=\"ut_inner_column_69f5d53d44a15\" class=\"vc_column-inner\"><div class=\"wpb_wrapper\"><div class=\"wpb_content_element ut-gallery-10  clearfix\">            \n            <script type=\"text\/javascript\">\n                \n                (function($){\n                    \n                    $(document).ready(function(){\n                        \n                                                                        \n                        function get_animated_objects( $all_appeared_elements, effect ) {\n                            \n                            var counter = 0;\n                            \n                            $all_appeared_elements.each(function(){\n                                        \n                                if( $(this).hasClass(effect) ) {\n\n                                    counter++;\n\n                                }\n\n                            });\n                            \n                            return counter;\n                            \n                        }\n                        \n                          \n                    });\n                        \n                })(jQuery);\n            \n            <\/script>\n            \n            <style type=\"text\/css\" scoped>#ut_ig_69f5d53d44ab9 .ut-lazy:not(.ut-image-loaded) + .ut-video-module-loading { display:block; }#ut_ig_69f5d53d44ab9 .ut-lazy.ut-image-loaded + .ut-video-module-loading { display:none; }<\/style><div id=\"ut_ig_69f5d53d44ab9\" class=\"ut-image-gallery  ut-image-gallery-10 clearfix\"><div  data-count=\"5\" class=\"ut-image-gallery-item ut-animation-done grid-33 tablet-grid-33 mobile-grid-100\"><a  class=\"ut-vc-images-lightbox\" data-sub-html=\"#ut-image-caption-4991\" data-exthumbimage=\"https:\/\/gremicafe.cat\/wp-content\/uploads\/2019\/12\/fbbfc69f-f020-46df-b8ff-87d7a8ab9cc0-150x150.png\" href=\"https:\/\/gremicafe.cat\/wp-content\/uploads\/2019\/12\/fbbfc69f-f020-46df-b8ff-87d7a8ab9cc0.png\"><div class=\"ut-image-gallery-image\"><img loading=\"lazy\" decoding=\"async\"  class=\"\" src=\"https:\/\/gremicafe.cat\/wp-content\/uploads\/2019\/12\/fbbfc69f-f020-46df-b8ff-87d7a8ab9cc0.png\" width=\"1000\" height=\"1000\"><\/div><div id=\"ut-image-caption-4991\" class=\"ut-vc-images-lightbox-caption\">Tupinamba ha realizado el lanzamiento de c\u00e1psulas compatibles con las cafeteras Nespresso\u00ae, incluy\u00e9ndolas tambi\u00e9n en su tienda online. \n<\/div><\/a><div class=\"ut-gallery-slider-caption\">Tupinamba ha realizado el lanzamiento de c\u00e1psulas compatibles con las cafeteras Nespresso\u00ae, incluy\u00e9ndolas tambi\u00e9n en su tienda online. \n<\/div><\/div><div  data-count=\"5\" class=\"ut-image-gallery-item ut-animation-done ut-animation-done grid-33 tablet-grid-33 mobile-grid-100\"><a  class=\"ut-vc-images-lightbox\" data-sub-html=\"#ut-image-caption-4988\" data-exthumbimage=\"https:\/\/gremicafe.cat\/wp-content\/uploads\/2019\/12\/tupinamba_cafeorganic_post-150x150.jpg\" href=\"https:\/\/gremicafe.cat\/wp-content\/uploads\/2019\/12\/tupinamba_cafeorganic_post.jpg\"><div class=\"ut-image-gallery-image\"><img loading=\"lazy\" decoding=\"async\"  class=\"\" src=\"https:\/\/gremicafe.cat\/wp-content\/uploads\/2019\/12\/tupinamba_cafeorganic_post.jpg\" width=\"1000\" height=\"1000\"><\/div><div id=\"ut-image-caption-4988\" class=\"ut-vc-images-lightbox-caption\">Adem\u00e1s, tambi\u00e9n ha presentado su nuevo Caf\u00e9 Organic: 100% ar\u00e1biga, procedente de agricultura ecol\u00f3gica y tostado de forma natural. \n<\/div><\/a><div class=\"ut-gallery-slider-caption\">Adem\u00e1s, tambi\u00e9n ha presentado su nuevo Caf\u00e9 Organic: 100% ar\u00e1biga, procedente de agricultura ecol\u00f3gica y tostado de forma natural. \n<\/div><\/div><div  data-count=\"2\" class=\"ut-image-gallery-item ut-animation-done ut-animation-done ut-animation-done grid-33 tablet-grid-33 mobile-grid-100 ut-tablet-last ut-desktop-last\"><a  class=\"ut-vc-images-lightbox\" data-sub-html=\"#ut-image-caption-4990\" data-exthumbimage=\"https:\/\/gremicafe.cat\/wp-content\/uploads\/2019\/12\/dec82525-1ab0-443d-bae7-89195b023817-150x150.png\" href=\"https:\/\/gremicafe.cat\/wp-content\/uploads\/2019\/12\/dec82525-1ab0-443d-bae7-89195b023817.png\"><div class=\"ut-image-gallery-image\"><img loading=\"lazy\" decoding=\"async\"  class=\"ut-tablet-last ut-desktop-last\" src=\"https:\/\/gremicafe.cat\/wp-content\/uploads\/2019\/12\/dec82525-1ab0-443d-bae7-89195b023817.png\" width=\"1000\" height=\"1001\"><\/div><div id=\"ut-image-caption-4990\" class=\"ut-vc-images-lightbox-caption\">En el \u00e1mbito internacional, Tupinamba ha abierto nuevos locales en Turqu\u00eda y Georgia, para que su caf\u00e9 llegue cada vez m\u00e1s lejos. <\/div><\/a><div class=\"ut-gallery-slider-caption\">En el \u00e1mbito internacional, Tupinamba ha abierto nuevos locales en Turqu\u00eda y Georgia, para que su caf\u00e9 llegue cada vez m\u00e1s lejos. <\/div><\/div><div class=\"clear hide-on-tablet\"><\/div><div  data-count=\"2\" class=\"ut-image-gallery-item ut-animation-done ut-animation-done ut-animation-done ut-animation-done grid-33 tablet-grid-33 mobile-grid-100\"><a  class=\"ut-vc-images-lightbox\" data-sub-html=\"#ut-image-caption-4987\" data-exthumbimage=\"https:\/\/gremicafe.cat\/wp-content\/uploads\/2019\/12\/5700eadd-c7d7-455e-b890-1338f1765daa-150x150.jpg\" href=\"https:\/\/gremicafe.cat\/wp-content\/uploads\/2019\/12\/5700eadd-c7d7-455e-b890-1338f1765daa.jpg\"><div class=\"ut-image-gallery-image\"><img loading=\"lazy\" decoding=\"async\"  class=\"\" src=\"https:\/\/gremicafe.cat\/wp-content\/uploads\/2019\/12\/5700eadd-c7d7-455e-b890-1338f1765daa.jpg\" width=\"1000\" height=\"1000\"><\/div><div id=\"ut-image-caption-4987\" class=\"ut-vc-images-lightbox-caption\">Por otro lado, el stand del tostador fue todo un \u00e9xito en el F\u00f2rum Gastron\u00f2mic, donde destacaron las presentaciones de productos y otras exhibiciones. \n<\/div><\/a><div class=\"ut-gallery-slider-caption\">Por otro lado, el stand del tostador fue todo un \u00e9xito en el F\u00f2rum Gastron\u00f2mic, donde destacaron las presentaciones de productos y otras exhibiciones. \n<\/div><\/div><div  data-count=\"2\" class=\"ut-image-gallery-item ut-animation-done ut-animation-done ut-animation-done ut-animation-done ut-animation-done grid-33 tablet-grid-33 mobile-grid-100\"><a  class=\"ut-vc-images-lightbox\" data-sub-html=\"#ut-image-caption-4989\" data-exthumbimage=\"https:\/\/gremicafe.cat\/wp-content\/uploads\/2019\/12\/8105fec2-e805-4ee4-812b-1cfc710aafc7-150x150.png\" href=\"https:\/\/gremicafe.cat\/wp-content\/uploads\/2019\/12\/8105fec2-e805-4ee4-812b-1cfc710aafc7.png\"><div class=\"ut-image-gallery-image\"><img loading=\"lazy\" decoding=\"async\"  class=\"\" src=\"https:\/\/gremicafe.cat\/wp-content\/uploads\/2019\/12\/8105fec2-e805-4ee4-812b-1cfc710aafc7.png\" width=\"1000\" height=\"1000\"><\/div><div id=\"ut-image-caption-4989\" class=\"ut-vc-images-lightbox-caption\">Por \u00faltimo, Tupinamba sigue apostando por el club Sinera United FC de Arenys de Mar, un club que apuesta por el f\u00fatbol base. \n<\/div><\/a><div class=\"ut-gallery-slider-caption\">Por \u00faltimo, Tupinamba sigue apostando por el club Sinera United FC de Arenys de Mar, un club que apuesta por el f\u00fatbol base. \n<\/div><\/div><div class=\"clear\"><\/div><\/div><\/div>\n\t<div class=\"wpb_text_column wpb_content_element\" >\n\t\t<div class=\"wpb_wrapper\">\n\t\t\t<div class=\"\"><i class=\"\">Puede encontrar m\u00e1s informaci\u00f3n de las c\u00e1psulas compatibles en su tienda online: <a class=\"\" href=\"https:\/\/www.capsulastupinamba.com\/ca\/\" target=\"_blank\" rel=\"noopener noreferrer\">https:\/\/www.capsulastupinamba.com\/ca\/<\/a>\u00a0<\/i><\/div>\n<div><\/div>\n<div class=\"\"><i class=\"\">Para m\u00e1s informaci\u00f3n del nuevo Caf\u00e9 Organic visite:\u00a0<a class=\"\" href=\"https:\/\/tupinambagrup.wordpress.com\/2019\/11\/20\/nuevo-cafe-organic\/\" target=\"_blank\" rel=\"noopener noreferrer\">https:\/\/tupinambagrup.wordpress.com\/2019\/11\/20\/nuevo-cafe-organic\/<\/a>\u00a0<\/i><\/div>\n<div><\/div>\n<div class=\"\"><i class=\"\">Aqu\u00ed, le mostramos el v\u00eddeo resumen de la experiencia de Tupinamba en el F\u00f3rum Gastron\u00f3mico:\u00a0<a class=\"\" href=\"https:\/\/www.youtube.com\/watch?v=TU6r1xW1SKg\" target=\"_blank\" rel=\"noopener noreferrer\">https:\/\/www.youtube.com\/watch?v=TU6r1xW1SKg<\/a>\u00a0<\/i><\/div>\n\n\t\t<\/div>\n\t<\/div>\n<\/div><\/div><\/div><\/div><div class=\"vc_row-full-width vc_clearfix\"><\/div><\/section><div class=\"vc_row-full-width vc_clearfix\"><\/div>","protected":false},"excerpt":{"rendered":"(function($){ $(document).ready(function(){ function get_animated_objects( $all_appeared_elements, effect ) { var counter = 0; $all_appeared_elements.each(function(){ if( $(this).hasClass(effect) ) { counter++; } }); return counter; } }); })(jQuery); #ut_ig_69f5d53d49b95 .ut-lazy:not(.ut-image-loaded) + .ut-video-module-loading { display:block; }#ut_ig_69f5d53d49b95 .ut-lazy.ut-image-loaded + .ut-video-module-loading { display:none; }Tupinamba ha fet el llan\u00e7ament de c\u00e0psules compatibles amb les cafeteres Nespresso\u00ae, incloent-les tamb\u00e9 a la seva botiga [...]","protected":false},"author":1,"featured_media":4988,"comment_status":"closed","ping_status":"open","sticky":false,"template":"","format":"standard","meta":{"_acf_changed":false,"inline_featured_image":false,"footnotes":""},"categories":[1],"tags":[50,49],"class_list":["post-4986","post","type-post","status-publish","format-standard","has-post-thumbnail","hentry","category-noticies","tag-50","tag-tupinamba"],"acf":[],"yoast_head":"<!-- This site is optimized with the Yoast SEO plugin v25.5 - https:\/\/yoast.com\/wordpress\/plugins\/seo\/ -->\n<title>Aquestes han estat les novetats amb les que Tupinamba tanca el 2019 - Gremi del Caf\u00e8, torradors de Catalunya<\/title>\n<meta name=\"robots\" content=\"index, follow, max-snippet:-1, max-image-preview:large, max-video-preview:-1\" \/>\n<link rel=\"canonical\" href=\"https:\/\/gremicafe.cat\/es\/2019\/12\/18\/aquestes-han-estat-les-novetats-amb-les-que-tupinamba-tanca-el-2019\/\" \/>\n<meta property=\"og:locale\" content=\"es_ES\" \/>\n<meta property=\"og:type\" content=\"article\" \/>\n<meta property=\"og:title\" content=\"Aquestes han estat les novetats amb les que Tupinamba tanca el 2019 - Gremi del Caf\u00e8, torradors de Catalunya\" \/>\n<meta property=\"og:url\" content=\"https:\/\/gremicafe.cat\/es\/2019\/12\/18\/aquestes-han-estat-les-novetats-amb-les-que-tupinamba-tanca-el-2019\/\" \/>\n<meta property=\"og:site_name\" content=\"Gremi del Caf\u00e8, torradors de Catalunya\" \/>\n<meta property=\"article:publisher\" content=\"https:\/\/www.facebook.com\/gremicafecat\" \/>\n<meta property=\"article:published_time\" content=\"2019-12-18T08:07:33+00:00\" \/>\n<meta property=\"article:modified_time\" content=\"2020-01-20T10:38:15+00:00\" \/>\n<meta property=\"og:image\" content=\"https:\/\/gremicafe.cat\/wp-content\/uploads\/2019\/12\/tupinamba_cafeorganic_post.jpg\" \/>\n\t<meta property=\"og:image:width\" content=\"1000\" \/>\n\t<meta property=\"og:image:height\" content=\"1000\" \/>\n\t<meta property=\"og:image:type\" content=\"image\/jpeg\" \/>\n<meta name=\"author\" content=\"gremicafe\" \/>\n<meta name=\"twitter:card\" content=\"summary_large_image\" \/>\n<meta name=\"twitter:creator\" content=\"@gremicafecat\" \/>\n<meta name=\"twitter:site\" content=\"@gremicafecat\" \/>\n<meta name=\"twitter:label1\" content=\"Escrito por\" \/>\n\t<meta name=\"twitter:data1\" content=\"gremicafe\" \/>\n<script type=\"application\/ld+json\" class=\"yoast-schema-graph\">{\"@context\":\"https:\/\/schema.org\",\"@graph\":[{\"@type\":\"Article\",\"@id\":\"https:\/\/gremicafe.cat\/2019\/12\/18\/aquestes-han-estat-les-novetats-amb-les-que-tupinamba-tanca-el-2019\/#article\",\"isPartOf\":{\"@id\":\"https:\/\/gremicafe.cat\/2019\/12\/18\/aquestes-han-estat-les-novetats-amb-les-que-tupinamba-tanca-el-2019\/\"},\"author\":{\"name\":\"gremicafe\",\"@id\":\"https:\/\/gremicafe.cat\/#\/schema\/person\/dabfdbb3d0fa36260855a380f94e4733\"},\"headline\":\"Aquestes han estat les novetats amb les que Tupinamba tanca el 2019\",\"datePublished\":\"2019-12-18T08:07:33+00:00\",\"dateModified\":\"2020-01-20T10:38:15+00:00\",\"mainEntityOfPage\":{\"@id\":\"https:\/\/gremicafe.cat\/2019\/12\/18\/aquestes-han-estat-les-novetats-amb-les-que-tupinamba-tanca-el-2019\/\"},\"wordCount\":106,\"publisher\":{\"@id\":\"https:\/\/gremicafe.cat\/#organization\"},\"image\":{\"@id\":\"https:\/\/gremicafe.cat\/2019\/12\/18\/aquestes-han-estat-les-novetats-amb-les-que-tupinamba-tanca-el-2019\/#primaryimage\"},\"thumbnailUrl\":\"https:\/\/gremicafe.cat\/wp-content\/uploads\/2019\/12\/tupinamba_cafeorganic_post.jpg\",\"keywords\":[\"2019\",\"tupinamba\"],\"articleSection\":[\"Not\u00edcies\"],\"inLanguage\":\"es\"},{\"@type\":\"WebPage\",\"@id\":\"https:\/\/gremicafe.cat\/2019\/12\/18\/aquestes-han-estat-les-novetats-amb-les-que-tupinamba-tanca-el-2019\/\",\"url\":\"https:\/\/gremicafe.cat\/2019\/12\/18\/aquestes-han-estat-les-novetats-amb-les-que-tupinamba-tanca-el-2019\/\",\"name\":\"Aquestes han estat les novetats amb les que Tupinamba tanca el 2019 - Gremi del Caf\u00e8, torradors de Catalunya\",\"isPartOf\":{\"@id\":\"https:\/\/gremicafe.cat\/#website\"},\"primaryImageOfPage\":{\"@id\":\"https:\/\/gremicafe.cat\/2019\/12\/18\/aquestes-han-estat-les-novetats-amb-les-que-tupinamba-tanca-el-2019\/#primaryimage\"},\"image\":{\"@id\":\"https:\/\/gremicafe.cat\/2019\/12\/18\/aquestes-han-estat-les-novetats-amb-les-que-tupinamba-tanca-el-2019\/#primaryimage\"},\"thumbnailUrl\":\"https:\/\/gremicafe.cat\/wp-content\/uploads\/2019\/12\/tupinamba_cafeorganic_post.jpg\",\"datePublished\":\"2019-12-18T08:07:33+00:00\",\"dateModified\":\"2020-01-20T10:38:15+00:00\",\"breadcrumb\":{\"@id\":\"https:\/\/gremicafe.cat\/2019\/12\/18\/aquestes-han-estat-les-novetats-amb-les-que-tupinamba-tanca-el-2019\/#breadcrumb\"},\"inLanguage\":\"es\",\"potentialAction\":[{\"@type\":\"ReadAction\",\"target\":[\"https:\/\/gremicafe.cat\/2019\/12\/18\/aquestes-han-estat-les-novetats-amb-les-que-tupinamba-tanca-el-2019\/\"]}]},{\"@type\":\"ImageObject\",\"inLanguage\":\"es\",\"@id\":\"https:\/\/gremicafe.cat\/2019\/12\/18\/aquestes-han-estat-les-novetats-amb-les-que-tupinamba-tanca-el-2019\/#primaryimage\",\"url\":\"https:\/\/gremicafe.cat\/wp-content\/uploads\/2019\/12\/tupinamba_cafeorganic_post.jpg\",\"contentUrl\":\"https:\/\/gremicafe.cat\/wp-content\/uploads\/2019\/12\/tupinamba_cafeorganic_post.jpg\",\"width\":1000,\"height\":1000,\"caption\":\"A m\u00e9s, tamb\u00e9 ha presentat el seu nou Caf\u00e9 Organic: 100% ar\u00e0biga, procedent d\u2019agricultura ecol\u00f2gica i torrat de manera natural.\"},{\"@type\":\"BreadcrumbList\",\"@id\":\"https:\/\/gremicafe.cat\/2019\/12\/18\/aquestes-han-estat-les-novetats-amb-les-que-tupinamba-tanca-el-2019\/#breadcrumb\",\"itemListElement\":[{\"@type\":\"ListItem\",\"position\":1,\"name\":\"Inici\",\"item\":\"https:\/\/gremicafe.cat\/\"},{\"@type\":\"ListItem\",\"position\":2,\"name\":\"Aquestes han estat les novetats amb les que Tupinamba tanca el 2019\"}]},{\"@type\":\"WebSite\",\"@id\":\"https:\/\/gremicafe.cat\/#website\",\"url\":\"https:\/\/gremicafe.cat\/\",\"name\":\"Gremi del Caf\u00e8, torradors de Catalunya\",\"description\":\"Web oficial del gremi de torradors de caf\u00e8 de Catalunya\",\"publisher\":{\"@id\":\"https:\/\/gremicafe.cat\/#organization\"},\"potentialAction\":[{\"@type\":\"SearchAction\",\"target\":{\"@type\":\"EntryPoint\",\"urlTemplate\":\"https:\/\/gremicafe.cat\/?s={search_term_string}\"},\"query-input\":{\"@type\":\"PropertyValueSpecification\",\"valueRequired\":true,\"valueName\":\"search_term_string\"}}],\"inLanguage\":\"es\"},{\"@type\":\"Organization\",\"@id\":\"https:\/\/gremicafe.cat\/#organization\",\"name\":\"Gremi del Caf\u00e8, Torradors de Catalunya\",\"url\":\"https:\/\/gremicafe.cat\/\",\"logo\":{\"@type\":\"ImageObject\",\"inLanguage\":\"es\",\"@id\":\"https:\/\/gremicafe.cat\/#\/schema\/logo\/image\/\",\"url\":\"https:\/\/gremicafe.cat\/wp-content\/uploads\/2018\/03\/gremicafe-logo250.png\",\"contentUrl\":\"https:\/\/gremicafe.cat\/wp-content\/uploads\/2018\/03\/gremicafe-logo250.png\",\"width\":250,\"height\":49,\"caption\":\"Gremi del Caf\u00e8, Torradors de Catalunya\"},\"image\":{\"@id\":\"https:\/\/gremicafe.cat\/#\/schema\/logo\/image\/\"},\"sameAs\":[\"https:\/\/www.facebook.com\/gremicafecat\",\"https:\/\/x.com\/gremicafecat\",\"https:\/\/www.instagram.com\/gremicafecat\/\",\"https:\/\/www.pinterest.es\/gremicafecat\/\",\"https:\/\/www.youtube.com\/channel\/UCGLo5Y35vLwLvP4FrPZrCrw\/\"]},{\"@type\":\"Person\",\"@id\":\"https:\/\/gremicafe.cat\/#\/schema\/person\/dabfdbb3d0fa36260855a380f94e4733\",\"name\":\"gremicafe\",\"image\":{\"@type\":\"ImageObject\",\"inLanguage\":\"es\",\"@id\":\"https:\/\/gremicafe.cat\/#\/schema\/person\/image\/\",\"url\":\"https:\/\/secure.gravatar.com\/avatar\/e59baa4ca8f6f97576d6375fb6d3c8f0?s=96&d=mm&r=g\",\"contentUrl\":\"https:\/\/secure.gravatar.com\/avatar\/e59baa4ca8f6f97576d6375fb6d3c8f0?s=96&d=mm&r=g\",\"caption\":\"gremicafe\"}}]}<\/script>\n<!-- \/ Yoast SEO plugin. -->","yoast_head_json":{"title":"Aquestes han estat les novetats amb les que Tupinamba tanca el 2019 - Gremi del Caf\u00e8, torradors de Catalunya","robots":{"index":"index","follow":"follow","max-snippet":"max-snippet:-1","max-image-preview":"max-image-preview:large","max-video-preview":"max-video-preview:-1"},"canonical":"https:\/\/gremicafe.cat\/es\/2019\/12\/18\/aquestes-han-estat-les-novetats-amb-les-que-tupinamba-tanca-el-2019\/","og_locale":"es_ES","og_type":"article","og_title":"Aquestes han estat les novetats amb les que Tupinamba tanca el 2019 - Gremi del Caf\u00e8, torradors de Catalunya","og_url":"https:\/\/gremicafe.cat\/es\/2019\/12\/18\/aquestes-han-estat-les-novetats-amb-les-que-tupinamba-tanca-el-2019\/","og_site_name":"Gremi del Caf\u00e8, torradors de Catalunya","article_publisher":"https:\/\/www.facebook.com\/gremicafecat","article_published_time":"2019-12-18T08:07:33+00:00","article_modified_time":"2020-01-20T10:38:15+00:00","og_image":[{"width":1000,"height":1000,"url":"https:\/\/gremicafe.cat\/wp-content\/uploads\/2019\/12\/tupinamba_cafeorganic_post.jpg","type":"image\/jpeg"}],"author":"gremicafe","twitter_card":"summary_large_image","twitter_creator":"@gremicafecat","twitter_site":"@gremicafecat","twitter_misc":{"Escrito por":"gremicafe"},"schema":{"@context":"https:\/\/schema.org","@graph":[{"@type":"Article","@id":"https:\/\/gremicafe.cat\/2019\/12\/18\/aquestes-han-estat-les-novetats-amb-les-que-tupinamba-tanca-el-2019\/#article","isPartOf":{"@id":"https:\/\/gremicafe.cat\/2019\/12\/18\/aquestes-han-estat-les-novetats-amb-les-que-tupinamba-tanca-el-2019\/"},"author":{"name":"gremicafe","@id":"https:\/\/gremicafe.cat\/#\/schema\/person\/dabfdbb3d0fa36260855a380f94e4733"},"headline":"Aquestes han estat les novetats amb les que Tupinamba tanca el 2019","datePublished":"2019-12-18T08:07:33+00:00","dateModified":"2020-01-20T10:38:15+00:00","mainEntityOfPage":{"@id":"https:\/\/gremicafe.cat\/2019\/12\/18\/aquestes-han-estat-les-novetats-amb-les-que-tupinamba-tanca-el-2019\/"},"wordCount":106,"publisher":{"@id":"https:\/\/gremicafe.cat\/#organization"},"image":{"@id":"https:\/\/gremicafe.cat\/2019\/12\/18\/aquestes-han-estat-les-novetats-amb-les-que-tupinamba-tanca-el-2019\/#primaryimage"},"thumbnailUrl":"https:\/\/gremicafe.cat\/wp-content\/uploads\/2019\/12\/tupinamba_cafeorganic_post.jpg","keywords":["2019","tupinamba"],"articleSection":["Not\u00edcies"],"inLanguage":"es"},{"@type":"WebPage","@id":"https:\/\/gremicafe.cat\/2019\/12\/18\/aquestes-han-estat-les-novetats-amb-les-que-tupinamba-tanca-el-2019\/","url":"https:\/\/gremicafe.cat\/2019\/12\/18\/aquestes-han-estat-les-novetats-amb-les-que-tupinamba-tanca-el-2019\/","name":"Aquestes han estat les novetats amb les que Tupinamba tanca el 2019 - Gremi del Caf\u00e8, torradors de Catalunya","isPartOf":{"@id":"https:\/\/gremicafe.cat\/#website"},"primaryImageOfPage":{"@id":"https:\/\/gremicafe.cat\/2019\/12\/18\/aquestes-han-estat-les-novetats-amb-les-que-tupinamba-tanca-el-2019\/#primaryimage"},"image":{"@id":"https:\/\/gremicafe.cat\/2019\/12\/18\/aquestes-han-estat-les-novetats-amb-les-que-tupinamba-tanca-el-2019\/#primaryimage"},"thumbnailUrl":"https:\/\/gremicafe.cat\/wp-content\/uploads\/2019\/12\/tupinamba_cafeorganic_post.jpg","datePublished":"2019-12-18T08:07:33+00:00","dateModified":"2020-01-20T10:38:15+00:00","breadcrumb":{"@id":"https:\/\/gremicafe.cat\/2019\/12\/18\/aquestes-han-estat-les-novetats-amb-les-que-tupinamba-tanca-el-2019\/#breadcrumb"},"inLanguage":"es","potentialAction":[{"@type":"ReadAction","target":["https:\/\/gremicafe.cat\/2019\/12\/18\/aquestes-han-estat-les-novetats-amb-les-que-tupinamba-tanca-el-2019\/"]}]},{"@type":"ImageObject","inLanguage":"es","@id":"https:\/\/gremicafe.cat\/2019\/12\/18\/aquestes-han-estat-les-novetats-amb-les-que-tupinamba-tanca-el-2019\/#primaryimage","url":"https:\/\/gremicafe.cat\/wp-content\/uploads\/2019\/12\/tupinamba_cafeorganic_post.jpg","contentUrl":"https:\/\/gremicafe.cat\/wp-content\/uploads\/2019\/12\/tupinamba_cafeorganic_post.jpg","width":1000,"height":1000,"caption":"A m\u00e9s, tamb\u00e9 ha presentat el seu nou Caf\u00e9 Organic: 100% ar\u00e0biga, procedent d\u2019agricultura ecol\u00f2gica i torrat de manera natural."},{"@type":"BreadcrumbList","@id":"https:\/\/gremicafe.cat\/2019\/12\/18\/aquestes-han-estat-les-novetats-amb-les-que-tupinamba-tanca-el-2019\/#breadcrumb","itemListElement":[{"@type":"ListItem","position":1,"name":"Inici","item":"https:\/\/gremicafe.cat\/"},{"@type":"ListItem","position":2,"name":"Aquestes han estat les novetats amb les que Tupinamba tanca el 2019"}]},{"@type":"WebSite","@id":"https:\/\/gremicafe.cat\/#website","url":"https:\/\/gremicafe.cat\/","name":"Gremio del Caf\u00e9, tostadores de Catalu\u00f1a","description":"Web oficial del gremio de tostadores de caf\u00e9 de Catalunya","publisher":{"@id":"https:\/\/gremicafe.cat\/#organization"},"potentialAction":[{"@type":"SearchAction","target":{"@type":"EntryPoint","urlTemplate":"https:\/\/gremicafe.cat\/?s={search_term_string}"},"query-input":{"@type":"PropertyValueSpecification","valueRequired":true,"valueName":"search_term_string"}}],"inLanguage":"es"},{"@type":"Organization","@id":"https:\/\/gremicafe.cat\/#organization","name":"Gremio del Caf\u00e9, Tostadores de Catalu\u00f1a","url":"https:\/\/gremicafe.cat\/","logo":{"@type":"ImageObject","inLanguage":"es","@id":"https:\/\/gremicafe.cat\/#\/schema\/logo\/image\/","url":"https:\/\/gremicafe.cat\/wp-content\/uploads\/2018\/03\/gremicafe-logo250.png","contentUrl":"https:\/\/gremicafe.cat\/wp-content\/uploads\/2018\/03\/gremicafe-logo250.png","width":250,"height":49,"caption":"Gremi del Caf\u00e8, Torradors de Catalunya"},"image":{"@id":"https:\/\/gremicafe.cat\/#\/schema\/logo\/image\/"},"sameAs":["https:\/\/www.facebook.com\/gremicafecat","https:\/\/x.com\/gremicafecat","https:\/\/www.instagram.com\/gremicafecat\/","https:\/\/www.pinterest.es\/gremicafecat\/","https:\/\/www.youtube.com\/channel\/UCGLo5Y35vLwLvP4FrPZrCrw\/"]},{"@type":"Person","@id":"https:\/\/gremicafe.cat\/#\/schema\/person\/dabfdbb3d0fa36260855a380f94e4733","name":"gremicafe","image":{"@type":"ImageObject","inLanguage":"es","@id":"https:\/\/gremicafe.cat\/#\/schema\/person\/image\/","url":"https:\/\/secure.gravatar.com\/avatar\/e59baa4ca8f6f97576d6375fb6d3c8f0?s=96&d=mm&r=g","contentUrl":"https:\/\/secure.gravatar.com\/avatar\/e59baa4ca8f6f97576d6375fb6d3c8f0?s=96&d=mm&r=g","caption":"gremicafe"}}]}},"_links":{"self":[{"href":"https:\/\/gremicafe.cat\/es\/wp-json\/wp\/v2\/posts\/4986"}],"collection":[{"href":"https:\/\/gremicafe.cat\/es\/wp-json\/wp\/v2\/posts"}],"about":[{"href":"https:\/\/gremicafe.cat\/es\/wp-json\/wp\/v2\/types\/post"}],"author":[{"embeddable":true,"href":"https:\/\/gremicafe.cat\/es\/wp-json\/wp\/v2\/users\/1"}],"replies":[{"embeddable":true,"href":"https:\/\/gremicafe.cat\/es\/wp-json\/wp\/v2\/comments?post=4986"}],"version-history":[{"count":0,"href":"https:\/\/gremicafe.cat\/es\/wp-json\/wp\/v2\/posts\/4986\/revisions"}],"wp:featuredmedia":[{"embeddable":true,"href":"https:\/\/gremicafe.cat\/es\/wp-json\/wp\/v2\/media\/4988"}],"wp:attachment":[{"href":"https:\/\/gremicafe.cat\/es\/wp-json\/wp\/v2\/media?parent=4986"}],"wp:term":[{"taxonomy":"category","embeddable":true,"href":"https:\/\/gremicafe.cat\/es\/wp-json\/wp\/v2\/categories?post=4986"},{"taxonomy":"post_tag","embeddable":true,"href":"https:\/\/gremicafe.cat\/es\/wp-json\/wp\/v2\/tags?post=4986"}],"curies":[{"name":"wp","href":"https:\/\/api.w.org\/{rel}","templated":true}]}}