{"id":5008,"date":"2020-01-07T11:00:47","date_gmt":"2020-01-07T09:00:47","guid":{"rendered":"https:\/\/gremicafe.cat\/?p=5008"},"modified":"2020-01-20T12:38:04","modified_gmt":"2020-01-20T10:38:04","slug":"vitae-slow-drinks","status":"publish","type":"post","link":"https:\/\/gremicafe.cat\/es\/2020\/01\/07\/vitae-slow-drinks\/","title":{"rendered":"La marca de t\u00e9s \u201cALMA\u201d de Coffee Center se une con \u201cVitae Slow Drinks\u201d para crear \u201cVitae Kombucha\u201d"},"content":{"rendered":"<div id=\"ut-row-69f3cf504c799\" data-vc-full-width=\"true\" data-vc-full-width-init=\"false\" class=\"vc_row wpb_row vc_row-fluid vc_column-gap-0 ut-row-69f3cf504c7b0\" ><div class=\"wpb_column vc_column_container vc_col-sm-12\" ><div id=\"ut_inner_column_69f3cf504cec8\" class=\"vc_column-inner\"><div class=\"wpb_wrapper\">\n\t<div class=\"wpb_text_column wpb_content_element\" >\n\t\t<div class=\"wpb_wrapper\">\n\t\t\t<p style=\"display:none;\">vitae<\/p>\n\n\t\t<\/div>\n\t<\/div>\n<\/div><\/div><\/div><\/div><div class=\"vc_row-full-width vc_clearfix\"><\/div><div id=\"ut-row-69f3cf504d4b1\" data-vc-full-width=\"true\" data-vc-full-width-init=\"false\" class=\"vc_row wpb_row vc_row-fluid vc_column-gap-0 ut-row-69f3cf504d4bd\" ><div class=\"wpb_column vc_column_container vc_col-sm-12\" ><div id=\"ut_inner_column_69f3cf504d8ae\" class=\"vc_column-inner\"><div class=\"wpb_wrapper\">\n\t<div class=\"wpb_text_column wpb_content_element\" >\n\t\t<div class=\"wpb_wrapper\">\n\t\t\t<div class=\"\">\n<div class=\"\">La empresa Vitae Slow Drinks, de Pineda de Mar, con Alma, la empresa de t\u00e9s e infusiones de Aiguaviva se unen para crear una nueva gama de t\u00e9s fermentados bas\u00e1ndose en la receta tradicional china y que, adem\u00e1s, tambi\u00e9n incluye agua volc\u00e1nica de la Garrotxa. Todo ello bajo el nombre de &#039;<b class=\"\">Vitae Kombucha<\/b>&#039;.<\/div>\n<div id=\"hybs-mslot-9284fe8f-0\" class=\"hybs-mslot\"><\/div>\n<div class=\"\"><b class=\"\">Vitae Kombucha<\/b> es un refresco vivo de elaboraci\u00f3n artesanal basado en la receta tradicional china. Es una bebida probi\u00f3tica hecha con agua a partir de una doble fermentaci\u00f3n que tambi\u00e9n incluye aromas y frutas naturales. As\u00ed, entre los sabores que comercializan se encuentran el de mango y fresa, manzana y canela o lim\u00f3n y jengibre, menta y naranja y un quinto de natural.<\/div>\n<div id=\"hybs-mslot-9284fe8f-1\" class=\"hybs-mslot\"><\/div>\n<div class=\"\">Cabe destacar que es un refresco saludable, bajo en az\u00facar y ecol\u00f3gico, donde el tempuso de elaboraci\u00f3n es muy importante para realizar esta bebida seg\u00fan el sistema tradicional. Adem\u00e1s, tambi\u00e9n tienen en cuenta que sea un producto lo m\u00e1ximo posible de proximidad.<\/div>\n<div class=\"\">En este primer a\u00f1o, la producci\u00f3n es de 60.000 litros, pero se prev\u00e9 ampliarla.<\/div>\n<\/div>\n<div class=\"\">Puede ampliar la informaci\u00f3n a:\u00a0<a class=\"\" href=\"https:\/\/vitaekombucha.com\/que-es-vitae\/\">https:\/\/vitaekombucha.com\/que-es-vitae\/<\/a>\u00a0y en\u00a0<a class=\"\" href=\"https:\/\/www.elpuntavui.cat\/economia\/article\/18-economia\/1510464-l-empresa-d-infusions-alma-s-implica-en-una-gamma-de-tes-fermentats.html\">https:\/\/www.elpuntavui.cat\/economia\/article\/18-economia\/1510464-l-empresa-d-infusions-alma-s-implica-en-una-gamma-de-tes-fermentats.html<\/a><\/div>\n\n\t\t<\/div>\n\t<\/div>\n<div class=\"wpb_content_element ut-gallery-5  clearfix\">            \n            <script type=\"text\/javascript\">\n                \n                (function($){\n                    \n                    $(document).ready(function(){\n                        \n                                                                        \n                        function get_animated_objects( $all_appeared_elements, effect ) {\n                            \n                            var counter = 0;\n                            \n                            $all_appeared_elements.each(function(){\n                                        \n                                if( $(this).hasClass(effect) ) {\n\n                                    counter++;\n\n                                }\n\n                            });\n                            \n                            return counter;\n                            \n                        }\n                        \n                          \n                    });\n                        \n                })(jQuery);\n            \n            <\/script>\n            \n            <style type=\"text\/css\" scoped>#ut_ig_69f3cf504db3e .ut-lazy:not(.ut-image-loaded) + .ut-video-module-loading { display:block; }#ut_ig_69f3cf504db3e .ut-lazy.ut-image-loaded + .ut-video-module-loading { display:none; }<\/style><div id=\"ut_ig_69f3cf504db3e\" class=\"ut-image-gallery  ut-image-gallery-5 clearfix\"><div  data-count=\"2\" class=\"ut-image-gallery-item ut-animation-done grid-50 tablet-grid-50 mobile-grid-100\"><a title=\"\" class=\"ut-vc-images-lightbox\"  data-exthumbimage=\"https:\/\/gremicafe.cat\/wp-content\/uploads\/2020\/01\/vitae-kombucha-slow-drink-150x150.jpg\" href=\"https:\/\/gremicafe.cat\/wp-content\/uploads\/2020\/01\/vitae-kombucha-slow-drink.jpg\"><div class=\"ut-image-gallery-image\"><img loading=\"lazy\" decoding=\"async\" alt=\"\" class=\"\" src=\"https:\/\/gremicafe.cat\/wp-content\/uploads\/2020\/01\/vitae-kombucha-slow-drink.jpg\" width=\"900\" height=\"600\"><\/div><\/a><\/div><div  data-count=\"2\" class=\"ut-image-gallery-item ut-animation-done ut-animation-done grid-50 tablet-grid-50 mobile-grid-100\"><a title=\"Jordi Pou, de Alma y Cofee Center; N\u00faria Benet y Rogeli G\u00f3mez de Vitae Slow Drinks\" class=\"ut-vc-images-lightbox\" data-sub-html=\"#ut-image-caption-5011\" data-exthumbimage=\"https:\/\/gremicafe.cat\/wp-content\/uploads\/2020\/01\/vitae-150x150.jpg\" href=\"https:\/\/gremicafe.cat\/wp-content\/uploads\/2020\/01\/vitae.jpg\"><div class=\"ut-image-gallery-image\"><img loading=\"lazy\" decoding=\"async\" alt=\"Jordi Pou, d&#039;Alma i Cofee Center; N\u00faria Benet i Rogeli G\u00f3mez de Vitae Slow Drinks\" class=\"\" src=\"https:\/\/gremicafe.cat\/wp-content\/uploads\/2020\/01\/vitae.jpg\" width=\"800\" height=\"513\"><\/div><div id=\"ut-image-caption-5011\" class=\"ut-vc-images-lightbox-caption\">Jordi Pou, de Alma y Cofee Center; N\u00faria Benet y Rogeli G\u00f3mez de Vitae Slow Drinks<\/div><\/a><\/div><div class=\"clear\"><\/div><\/div><\/div><\/div><\/div><\/div><\/div><div class=\"vc_row-full-width vc_clearfix\"><\/div>","protected":false},"excerpt":{"rendered":"vitae L\u2019empresa Vitae Slow Drinks, de Pineda de Mar, amb Alma, l\u2019empresa de tes i infusions d\u2019Aiguaviva s\u2019uneixen per crear una nova gamma de tes fermentats basant-se en la recepta tradicional xinesa i que, a m\u00e9s, tamb\u00e9 inclou aigua volc\u00e0nica de la Garrotxa. Tot plegat sota el nom de \u2018Vitae Kombucha\u2019. Vitae Kombucha \u00e9s un [...]","protected":false},"author":1,"featured_media":5010,"comment_status":"closed","ping_status":"open","sticky":false,"template":"","format":"standard","meta":{"_acf_changed":false,"inline_featured_image":false,"footnotes":""},"categories":[1],"tags":[47,44,46,48,45],"class_list":["post-5008","post","type-post","status-publish","format-standard","has-post-thumbnail","hentry","category-noticies","tag-cafe","tag-coffe-center","tag-infusions","tag-kombucha","tag-te"],"acf":[],"yoast_head":"<!-- This site is optimized with the Yoast SEO plugin v25.5 - https:\/\/yoast.com\/wordpress\/plugins\/seo\/ -->\n<title>Vitae Slow Drinks i Alma - Gremi del Caf\u00e8, torradors de Catalunya<\/title>\n<meta name=\"description\" content=\"&quot;Vitae Slow Drinks&quot; i &quot;Alma&quot; s\u2019uneixen per crear una nova gamma de tes fermentats basant-se en una recepta tradicional xinesa.\" \/>\n<meta name=\"robots\" content=\"index, follow, max-snippet:-1, max-image-preview:large, max-video-preview:-1\" \/>\n<link rel=\"canonical\" href=\"https:\/\/gremicafe.cat\/es\/2020\/01\/07\/vitae-slow-drinks\/\" \/>\n<meta property=\"og:locale\" content=\"es_ES\" \/>\n<meta property=\"og:type\" content=\"article\" \/>\n<meta property=\"og:title\" content=\"Vitae Slow Drinks i Alma - Gremi del Caf\u00e8, torradors de Catalunya\" \/>\n<meta property=\"og:description\" content=\"&quot;Vitae Slow Drinks&quot; i &quot;Alma&quot; s\u2019uneixen per crear una nova gamma de tes fermentats basant-se en una recepta tradicional xinesa.\" \/>\n<meta property=\"og:url\" content=\"https:\/\/gremicafe.cat\/es\/2020\/01\/07\/vitae-slow-drinks\/\" \/>\n<meta property=\"og:site_name\" content=\"Gremi del Caf\u00e8, torradors de Catalunya\" \/>\n<meta property=\"article:publisher\" content=\"https:\/\/www.facebook.com\/gremicafecat\" \/>\n<meta property=\"article:published_time\" content=\"2020-01-07T09:00:47+00:00\" \/>\n<meta property=\"article:modified_time\" content=\"2020-01-20T10:38:04+00:00\" \/>\n<meta property=\"og:image\" content=\"https:\/\/gremicafe.cat\/wp-content\/uploads\/2020\/01\/vitae-kombucha-slow-drink-709.jpg\" \/>\n\t<meta property=\"og:image:width\" content=\"709\" \/>\n\t<meta property=\"og:image:height\" content=\"600\" \/>\n\t<meta property=\"og:image:type\" content=\"image\/jpeg\" \/>\n<meta name=\"author\" content=\"gremicafe\" \/>\n<meta name=\"twitter:card\" content=\"summary_large_image\" \/>\n<meta name=\"twitter:creator\" content=\"@gremicafecat\" \/>\n<meta name=\"twitter:site\" content=\"@gremicafecat\" \/>\n<meta name=\"twitter:label1\" content=\"Escrito por\" \/>\n\t<meta name=\"twitter:data1\" content=\"gremicafe\" \/>\n\t<meta name=\"twitter:label2\" content=\"Tiempo de lectura\" \/>\n\t<meta name=\"twitter:data2\" content=\"1 minuto\" \/>\n<script type=\"application\/ld+json\" class=\"yoast-schema-graph\">{\"@context\":\"https:\/\/schema.org\",\"@graph\":[{\"@type\":\"Article\",\"@id\":\"https:\/\/gremicafe.cat\/2020\/01\/07\/vitae-slow-drinks\/#article\",\"isPartOf\":{\"@id\":\"https:\/\/gremicafe.cat\/2020\/01\/07\/vitae-slow-drinks\/\"},\"author\":{\"name\":\"gremicafe\",\"@id\":\"https:\/\/gremicafe.cat\/#\/schema\/person\/dabfdbb3d0fa36260855a380f94e4733\"},\"headline\":\"La marca de tes &#8220;ALMA&#8221; de Coffee Center s&#8217;uneix amb &#8220;Vitae Slow Drinks&#8221; per crear &#8220;Vitae Kombucha&#8221;\",\"datePublished\":\"2020-01-07T09:00:47+00:00\",\"dateModified\":\"2020-01-20T10:38:04+00:00\",\"mainEntityOfPage\":{\"@id\":\"https:\/\/gremicafe.cat\/2020\/01\/07\/vitae-slow-drinks\/\"},\"wordCount\":260,\"publisher\":{\"@id\":\"https:\/\/gremicafe.cat\/#organization\"},\"image\":{\"@id\":\"https:\/\/gremicafe.cat\/2020\/01\/07\/vitae-slow-drinks\/#primaryimage\"},\"thumbnailUrl\":\"https:\/\/gremicafe.cat\/wp-content\/uploads\/2020\/01\/vitae-kombucha-slow-drink-709.jpg\",\"keywords\":[\"cafe\",\"coffe center\",\"infusions\",\"kombucha\",\"te\"],\"articleSection\":[\"Not\u00edcies\"],\"inLanguage\":\"es\"},{\"@type\":\"WebPage\",\"@id\":\"https:\/\/gremicafe.cat\/2020\/01\/07\/vitae-slow-drinks\/\",\"url\":\"https:\/\/gremicafe.cat\/2020\/01\/07\/vitae-slow-drinks\/\",\"name\":\"Vitae Slow Drinks i Alma - Gremi del Caf\u00e8, torradors de Catalunya\",\"isPartOf\":{\"@id\":\"https:\/\/gremicafe.cat\/#website\"},\"primaryImageOfPage\":{\"@id\":\"https:\/\/gremicafe.cat\/2020\/01\/07\/vitae-slow-drinks\/#primaryimage\"},\"image\":{\"@id\":\"https:\/\/gremicafe.cat\/2020\/01\/07\/vitae-slow-drinks\/#primaryimage\"},\"thumbnailUrl\":\"https:\/\/gremicafe.cat\/wp-content\/uploads\/2020\/01\/vitae-kombucha-slow-drink-709.jpg\",\"datePublished\":\"2020-01-07T09:00:47+00:00\",\"dateModified\":\"2020-01-20T10:38:04+00:00\",\"description\":\"\\\"Vitae Slow Drinks\\\" i \\\"Alma\\\" s\u2019uneixen per crear una nova gamma de tes fermentats basant-se en una recepta tradicional xinesa.\",\"breadcrumb\":{\"@id\":\"https:\/\/gremicafe.cat\/2020\/01\/07\/vitae-slow-drinks\/#breadcrumb\"},\"inLanguage\":\"es\",\"potentialAction\":[{\"@type\":\"ReadAction\",\"target\":[\"https:\/\/gremicafe.cat\/2020\/01\/07\/vitae-slow-drinks\/\"]}]},{\"@type\":\"ImageObject\",\"inLanguage\":\"es\",\"@id\":\"https:\/\/gremicafe.cat\/2020\/01\/07\/vitae-slow-drinks\/#primaryimage\",\"url\":\"https:\/\/gremicafe.cat\/wp-content\/uploads\/2020\/01\/vitae-kombucha-slow-drink-709.jpg\",\"contentUrl\":\"https:\/\/gremicafe.cat\/wp-content\/uploads\/2020\/01\/vitae-kombucha-slow-drink-709.jpg\",\"width\":709,\"height\":600,\"caption\":\"Vitae Kombucha\"},{\"@type\":\"BreadcrumbList\",\"@id\":\"https:\/\/gremicafe.cat\/2020\/01\/07\/vitae-slow-drinks\/#breadcrumb\",\"itemListElement\":[{\"@type\":\"ListItem\",\"position\":1,\"name\":\"Inici\",\"item\":\"https:\/\/gremicafe.cat\/\"},{\"@type\":\"ListItem\",\"position\":2,\"name\":\"La marca de tes &#8220;ALMA&#8221; de Coffee Center s&#8217;uneix amb &#8220;Vitae Slow Drinks&#8221; per crear &#8220;Vitae Kombucha&#8221;\"}]},{\"@type\":\"WebSite\",\"@id\":\"https:\/\/gremicafe.cat\/#website\",\"url\":\"https:\/\/gremicafe.cat\/\",\"name\":\"Gremi del Caf\u00e8, torradors de Catalunya\",\"description\":\"Web oficial del gremi de torradors de caf\u00e8 de Catalunya\",\"publisher\":{\"@id\":\"https:\/\/gremicafe.cat\/#organization\"},\"potentialAction\":[{\"@type\":\"SearchAction\",\"target\":{\"@type\":\"EntryPoint\",\"urlTemplate\":\"https:\/\/gremicafe.cat\/?s={search_term_string}\"},\"query-input\":{\"@type\":\"PropertyValueSpecification\",\"valueRequired\":true,\"valueName\":\"search_term_string\"}}],\"inLanguage\":\"es\"},{\"@type\":\"Organization\",\"@id\":\"https:\/\/gremicafe.cat\/#organization\",\"name\":\"Gremi del Caf\u00e8, Torradors de Catalunya\",\"url\":\"https:\/\/gremicafe.cat\/\",\"logo\":{\"@type\":\"ImageObject\",\"inLanguage\":\"es\",\"@id\":\"https:\/\/gremicafe.cat\/#\/schema\/logo\/image\/\",\"url\":\"https:\/\/gremicafe.cat\/wp-content\/uploads\/2018\/03\/gremicafe-logo250.png\",\"contentUrl\":\"https:\/\/gremicafe.cat\/wp-content\/uploads\/2018\/03\/gremicafe-logo250.png\",\"width\":250,\"height\":49,\"caption\":\"Gremi del Caf\u00e8, Torradors de Catalunya\"},\"image\":{\"@id\":\"https:\/\/gremicafe.cat\/#\/schema\/logo\/image\/\"},\"sameAs\":[\"https:\/\/www.facebook.com\/gremicafecat\",\"https:\/\/x.com\/gremicafecat\",\"https:\/\/www.instagram.com\/gremicafecat\/\",\"https:\/\/www.pinterest.es\/gremicafecat\/\",\"https:\/\/www.youtube.com\/channel\/UCGLo5Y35vLwLvP4FrPZrCrw\/\"]},{\"@type\":\"Person\",\"@id\":\"https:\/\/gremicafe.cat\/#\/schema\/person\/dabfdbb3d0fa36260855a380f94e4733\",\"name\":\"gremicafe\",\"image\":{\"@type\":\"ImageObject\",\"inLanguage\":\"es\",\"@id\":\"https:\/\/gremicafe.cat\/#\/schema\/person\/image\/\",\"url\":\"https:\/\/secure.gravatar.com\/avatar\/e59baa4ca8f6f97576d6375fb6d3c8f0?s=96&d=mm&r=g\",\"contentUrl\":\"https:\/\/secure.gravatar.com\/avatar\/e59baa4ca8f6f97576d6375fb6d3c8f0?s=96&d=mm&r=g\",\"caption\":\"gremicafe\"}}]}<\/script>\n<!-- \/ Yoast SEO plugin. -->","yoast_head_json":{"title":"Vitae Slow Drinks i Alma - Gremi del Caf\u00e8, torradors de Catalunya","description":"\"Vitae Slow Drinks\" i \"Alma\" s\u2019uneixen per crear una nova gamma de tes fermentats basant-se en una recepta tradicional xinesa.","robots":{"index":"index","follow":"follow","max-snippet":"max-snippet:-1","max-image-preview":"max-image-preview:large","max-video-preview":"max-video-preview:-1"},"canonical":"https:\/\/gremicafe.cat\/es\/2020\/01\/07\/vitae-slow-drinks\/","og_locale":"es_ES","og_type":"article","og_title":"Vitae Slow Drinks i Alma - Gremi del Caf\u00e8, torradors de Catalunya","og_description":"\"Vitae Slow Drinks\" i \"Alma\" s\u2019uneixen per crear una nova gamma de tes fermentats basant-se en una recepta tradicional xinesa.","og_url":"https:\/\/gremicafe.cat\/es\/2020\/01\/07\/vitae-slow-drinks\/","og_site_name":"Gremi del Caf\u00e8, torradors de Catalunya","article_publisher":"https:\/\/www.facebook.com\/gremicafecat","article_published_time":"2020-01-07T09:00:47+00:00","article_modified_time":"2020-01-20T10:38:04+00:00","og_image":[{"width":709,"height":600,"url":"https:\/\/gremicafe.cat\/wp-content\/uploads\/2020\/01\/vitae-kombucha-slow-drink-709.jpg","type":"image\/jpeg"}],"author":"gremicafe","twitter_card":"summary_large_image","twitter_creator":"@gremicafecat","twitter_site":"@gremicafecat","twitter_misc":{"Escrito por":"gremicafe","Tiempo de lectura":"1 minuto"},"schema":{"@context":"https:\/\/schema.org","@graph":[{"@type":"Article","@id":"https:\/\/gremicafe.cat\/2020\/01\/07\/vitae-slow-drinks\/#article","isPartOf":{"@id":"https:\/\/gremicafe.cat\/2020\/01\/07\/vitae-slow-drinks\/"},"author":{"name":"gremicafe","@id":"https:\/\/gremicafe.cat\/#\/schema\/person\/dabfdbb3d0fa36260855a380f94e4733"},"headline":"La marca de tes &#8220;ALMA&#8221; de Coffee Center s&#8217;uneix amb &#8220;Vitae Slow Drinks&#8221; per crear &#8220;Vitae Kombucha&#8221;","datePublished":"2020-01-07T09:00:47+00:00","dateModified":"2020-01-20T10:38:04+00:00","mainEntityOfPage":{"@id":"https:\/\/gremicafe.cat\/2020\/01\/07\/vitae-slow-drinks\/"},"wordCount":260,"publisher":{"@id":"https:\/\/gremicafe.cat\/#organization"},"image":{"@id":"https:\/\/gremicafe.cat\/2020\/01\/07\/vitae-slow-drinks\/#primaryimage"},"thumbnailUrl":"https:\/\/gremicafe.cat\/wp-content\/uploads\/2020\/01\/vitae-kombucha-slow-drink-709.jpg","keywords":["cafe","coffe center","infusions","kombucha","te"],"articleSection":["Not\u00edcies"],"inLanguage":"es"},{"@type":"WebPage","@id":"https:\/\/gremicafe.cat\/2020\/01\/07\/vitae-slow-drinks\/","url":"https:\/\/gremicafe.cat\/2020\/01\/07\/vitae-slow-drinks\/","name":"Vitae Slow Drinks i Alma - Gremi del Caf\u00e8, torradors de Catalunya","isPartOf":{"@id":"https:\/\/gremicafe.cat\/#website"},"primaryImageOfPage":{"@id":"https:\/\/gremicafe.cat\/2020\/01\/07\/vitae-slow-drinks\/#primaryimage"},"image":{"@id":"https:\/\/gremicafe.cat\/2020\/01\/07\/vitae-slow-drinks\/#primaryimage"},"thumbnailUrl":"https:\/\/gremicafe.cat\/wp-content\/uploads\/2020\/01\/vitae-kombucha-slow-drink-709.jpg","datePublished":"2020-01-07T09:00:47+00:00","dateModified":"2020-01-20T10:38:04+00:00","description":"\"Vitae Slow Drinks\" i \"Alma\" s\u2019uneixen per crear una nova gamma de tes fermentats basant-se en una recepta tradicional xinesa.","breadcrumb":{"@id":"https:\/\/gremicafe.cat\/2020\/01\/07\/vitae-slow-drinks\/#breadcrumb"},"inLanguage":"es","potentialAction":[{"@type":"ReadAction","target":["https:\/\/gremicafe.cat\/2020\/01\/07\/vitae-slow-drinks\/"]}]},{"@type":"ImageObject","inLanguage":"es","@id":"https:\/\/gremicafe.cat\/2020\/01\/07\/vitae-slow-drinks\/#primaryimage","url":"https:\/\/gremicafe.cat\/wp-content\/uploads\/2020\/01\/vitae-kombucha-slow-drink-709.jpg","contentUrl":"https:\/\/gremicafe.cat\/wp-content\/uploads\/2020\/01\/vitae-kombucha-slow-drink-709.jpg","width":709,"height":600,"caption":"Vitae Kombucha"},{"@type":"BreadcrumbList","@id":"https:\/\/gremicafe.cat\/2020\/01\/07\/vitae-slow-drinks\/#breadcrumb","itemListElement":[{"@type":"ListItem","position":1,"name":"Inici","item":"https:\/\/gremicafe.cat\/"},{"@type":"ListItem","position":2,"name":"La marca de tes &#8220;ALMA&#8221; de Coffee Center s&#8217;uneix amb &#8220;Vitae Slow Drinks&#8221; per crear &#8220;Vitae Kombucha&#8221;"}]},{"@type":"WebSite","@id":"https:\/\/gremicafe.cat\/#website","url":"https:\/\/gremicafe.cat\/","name":"Gremio del Caf\u00e9, tostadores de Catalu\u00f1a","description":"Web oficial del gremio de tostadores de caf\u00e9 de Catalunya","publisher":{"@id":"https:\/\/gremicafe.cat\/#organization"},"potentialAction":[{"@type":"SearchAction","target":{"@type":"EntryPoint","urlTemplate":"https:\/\/gremicafe.cat\/?s={search_term_string}"},"query-input":{"@type":"PropertyValueSpecification","valueRequired":true,"valueName":"search_term_string"}}],"inLanguage":"es"},{"@type":"Organization","@id":"https:\/\/gremicafe.cat\/#organization","name":"Gremio del Caf\u00e9, Tostadores de Catalu\u00f1a","url":"https:\/\/gremicafe.cat\/","logo":{"@type":"ImageObject","inLanguage":"es","@id":"https:\/\/gremicafe.cat\/#\/schema\/logo\/image\/","url":"https:\/\/gremicafe.cat\/wp-content\/uploads\/2018\/03\/gremicafe-logo250.png","contentUrl":"https:\/\/gremicafe.cat\/wp-content\/uploads\/2018\/03\/gremicafe-logo250.png","width":250,"height":49,"caption":"Gremi del Caf\u00e8, Torradors de Catalunya"},"image":{"@id":"https:\/\/gremicafe.cat\/#\/schema\/logo\/image\/"},"sameAs":["https:\/\/www.facebook.com\/gremicafecat","https:\/\/x.com\/gremicafecat","https:\/\/www.instagram.com\/gremicafecat\/","https:\/\/www.pinterest.es\/gremicafecat\/","https:\/\/www.youtube.com\/channel\/UCGLo5Y35vLwLvP4FrPZrCrw\/"]},{"@type":"Person","@id":"https:\/\/gremicafe.cat\/#\/schema\/person\/dabfdbb3d0fa36260855a380f94e4733","name":"gremicafe","image":{"@type":"ImageObject","inLanguage":"es","@id":"https:\/\/gremicafe.cat\/#\/schema\/person\/image\/","url":"https:\/\/secure.gravatar.com\/avatar\/e59baa4ca8f6f97576d6375fb6d3c8f0?s=96&d=mm&r=g","contentUrl":"https:\/\/secure.gravatar.com\/avatar\/e59baa4ca8f6f97576d6375fb6d3c8f0?s=96&d=mm&r=g","caption":"gremicafe"}}]}},"_links":{"self":[{"href":"https:\/\/gremicafe.cat\/es\/wp-json\/wp\/v2\/posts\/5008"}],"collection":[{"href":"https:\/\/gremicafe.cat\/es\/wp-json\/wp\/v2\/posts"}],"about":[{"href":"https:\/\/gremicafe.cat\/es\/wp-json\/wp\/v2\/types\/post"}],"author":[{"embeddable":true,"href":"https:\/\/gremicafe.cat\/es\/wp-json\/wp\/v2\/users\/1"}],"replies":[{"embeddable":true,"href":"https:\/\/gremicafe.cat\/es\/wp-json\/wp\/v2\/comments?post=5008"}],"version-history":[{"count":0,"href":"https:\/\/gremicafe.cat\/es\/wp-json\/wp\/v2\/posts\/5008\/revisions"}],"wp:featuredmedia":[{"embeddable":true,"href":"https:\/\/gremicafe.cat\/es\/wp-json\/wp\/v2\/media\/5010"}],"wp:attachment":[{"href":"https:\/\/gremicafe.cat\/es\/wp-json\/wp\/v2\/media?parent=5008"}],"wp:term":[{"taxonomy":"category","embeddable":true,"href":"https:\/\/gremicafe.cat\/es\/wp-json\/wp\/v2\/categories?post=5008"},{"taxonomy":"post_tag","embeddable":true,"href":"https:\/\/gremicafe.cat\/es\/wp-json\/wp\/v2\/tags?post=5008"}],"curies":[{"name":"wp","href":"https:\/\/api.w.org\/{rel}","templated":true}]}}