{"id":5032,"date":"2020-01-20T11:00:26","date_gmt":"2020-01-20T09:00:26","guid":{"rendered":"https:\/\/gremicafe.cat\/?p=5032"},"modified":"2020-01-20T12:37:39","modified_gmt":"2020-01-20T10:37:39","slug":"els-alumnes-de-pfi-hostaleria-de-lescola-pia-sant-antoni-visiten-la-torrefaccio-de-bracafe","status":"publish","type":"post","link":"https:\/\/gremicafe.cat\/es\/2020\/01\/20\/els-alumnes-de-pfi-hostaleria-de-lescola-pia-sant-antoni-visiten-la-torrefaccio-de-bracafe\/","title":{"rendered":"Los alumnos de PFI Hosteler\u00eda de la Escola Pia Sant Antoni visitan la torrefacci\u00f3n de BRACAF\u00c9"},"content":{"rendered":"<div id=\"ut-row-69f3bc8dd5789\" data-vc-full-width=\"true\" data-vc-full-width-init=\"false\" class=\"vc_row wpb_row vc_row-fluid vc_column-gap-0 ut-row-69f3bc8dd5798\" ><div class=\"wpb_column vc_column_container vc_col-sm-12\" ><div id=\"ut_inner_column_69f3bc8dd651c\" class=\"vc_column-inner\"><div class=\"wpb_wrapper\">\n\t<div class=\"wpb_text_column wpb_content_element\" >\n\t\t<div class=\"wpb_wrapper\">\n\t\t\t<p>Este pasado jueves 16 de enero, los alumnos de PFI Hosteler\u00eda de la Escuela P\u00eda Sant Antoni de Barcelona visitaron la torrefacci\u00f3n de BRACAF\u00c9 en la calle Comte d&#039;Urgell, 35 de Barcelona.<\/p>\n<p>En este encuentro se les explic\u00f3 su manera de producir, tostar, envasar y vender el caf\u00e9, pero tambi\u00e9n sirvi\u00f3 para resolver las dudas del alumnado sobre el servicio del caf\u00e9 en la cafeter\u00eda y todo lo que le gira a su alrededor, dado el inter\u00e9s que mostraban al ser estudiantes de hosteler\u00eda.<\/p>\n<p>Con todo, \u00a1fue una experiencia muy enriquecedora tanto para los visitantes como para los visitados!<\/p>\n<p>Link: <a href=\"https:\/\/twitter.com\/epiasantantoni\/status\/1217811253294501888\" target=\"_blank\" rel=\"noopener noreferrer\">https:\/\/twitter.com\/epiasantantoni\/status\/1217811253294501888<\/a><\/p>\n\n\t\t<\/div>\n\t<\/div>\n<div class=\"wpb_content_element ut-gallery-5  clearfix\">            \n            <script type=\"text\/javascript\">\n                \n                (function($){\n                    \n                    $(document).ready(function(){\n                        \n                                                                        \n                        function get_animated_objects( $all_appeared_elements, effect ) {\n                            \n                            var counter = 0;\n                            \n                            $all_appeared_elements.each(function(){\n                                        \n                                if( $(this).hasClass(effect) ) {\n\n                                    counter++;\n\n                                }\n\n                            });\n                            \n                            return counter;\n                            \n                        }\n                        \n                          \n                    });\n                        \n                })(jQuery);\n            \n            <\/script>\n            \n            <style type=\"text\/css\" scoped>#ut_ig_69f3bc8dd675d .ut-lazy:not(.ut-image-loaded) + .ut-video-module-loading { display:block; }#ut_ig_69f3bc8dd675d .ut-lazy.ut-image-loaded + .ut-video-module-loading { display:none; }<\/style><div id=\"ut_ig_69f3bc8dd675d\" class=\"ut-image-gallery  ut-image-gallery-5 clearfix\"><div  data-count=\"2\" class=\"ut-image-gallery-item ut-animation-done grid-50 tablet-grid-50 mobile-grid-100\"><a title=\"\" class=\"ut-vc-images-lightbox\"  data-exthumbimage=\"https:\/\/gremicafe.cat\/wp-content\/uploads\/2020\/01\/gremicafe-coffeexperience-bracafe-Escola-pia-st-antoni-001-150x150.jpg\" href=\"https:\/\/gremicafe.cat\/wp-content\/uploads\/2020\/01\/gremicafe-coffeexperience-bracafe-Escola-pia-st-antoni-001.jpg\"><div class=\"ut-image-gallery-image\"><img loading=\"lazy\" decoding=\"async\" alt=\"Alumnes pia sant antoni de coffeeexperience a Bracaf\u00e9\" class=\"\" src=\"https:\/\/gremicafe.cat\/wp-content\/uploads\/2020\/01\/gremicafe-coffeexperience-bracafe-Escola-pia-st-antoni-001.jpg\" width=\"1376\" height=\"1032\"><\/div><\/a><\/div><div  data-count=\"2\" class=\"ut-image-gallery-item ut-animation-done ut-animation-done grid-50 tablet-grid-50 mobile-grid-100\"><a title=\"\" class=\"ut-vc-images-lightbox\"  data-exthumbimage=\"https:\/\/gremicafe.cat\/wp-content\/uploads\/2020\/01\/gremicafe-coffeexperience-bracafe-Escola-pia-st-antoni-002-150x150.jpg\" href=\"https:\/\/gremicafe.cat\/wp-content\/uploads\/2020\/01\/gremicafe-coffeexperience-bracafe-Escola-pia-st-antoni-002.jpg\"><div class=\"ut-image-gallery-image\"><img loading=\"lazy\" decoding=\"async\" alt=\"Alumnes pia sant antoni a Bracaf\u00e9\" class=\"\" src=\"https:\/\/gremicafe.cat\/wp-content\/uploads\/2020\/01\/gremicafe-coffeexperience-bracafe-Escola-pia-st-antoni-002.jpg\" width=\"1376\" height=\"1032\"><\/div><\/a><\/div><div class=\"clear\"><\/div><\/div><\/div><\/div><\/div><\/div><\/div><div class=\"vc_row-full-width vc_clearfix\"><\/div>","protected":false},"excerpt":{"rendered":"Aquest passat dijous 16 de gener, els alumnes de PFI Hostaleria de l\u2019Escola Pia Sant Antoni de Barcelona van visitar la torrefacci\u00f3 de BRACAF\u00c9 al carrer Comte d\u2019Urgell, 35 de Barcelona. En aquesta trobada se\u2019ls va explicar la seva manera de produir, torrar, envasar i vendre el caf\u00e8, per\u00f2 tamb\u00e9 va servir per resoldre els [...]","protected":false},"author":1,"featured_media":5034,"comment_status":"closed","ping_status":"open","sticky":false,"template":"","format":"standard","meta":{"_acf_changed":false,"inline_featured_image":false,"footnotes":""},"categories":[1],"tags":[40,41,42,43],"class_list":["post-5032","post","type-post","status-publish","format-standard","has-post-thumbnail","hentry","category-noticies","tag-bracafe","tag-coffeeexperience","tag-escola-pia-sant-antoni","tag-hostaleria"],"acf":[],"yoast_head":"<!-- This site is optimized with the Yoast SEO plugin v25.5 - https:\/\/yoast.com\/wordpress\/plugins\/seo\/ -->\n<title>Alumnes de l\u2019Escola Pia Sant Antoni visiten BRACAF\u00c9 - Gremi del Caf\u00e8<\/title>\n<meta name=\"description\" content=\"Els alumnes de l&#039;Escola Pia Sant Antoni van coneixer com produir, torrar, envasar i vendre el caf\u00e8, i van resoldre dubtes sobre el servei a les cafeteries.\" \/>\n<meta name=\"robots\" content=\"index, follow, max-snippet:-1, max-image-preview:large, max-video-preview:-1\" \/>\n<link rel=\"canonical\" href=\"https:\/\/gremicafe.cat\/es\/2020\/01\/20\/els-alumnes-de-pfi-hostaleria-de-lescola-pia-sant-antoni-visiten-la-torrefaccio-de-bracafe\/\" \/>\n<meta property=\"og:locale\" content=\"es_ES\" \/>\n<meta property=\"og:type\" content=\"article\" \/>\n<meta property=\"og:title\" content=\"Alumnes de l\u2019Escola Pia Sant Antoni visiten BRACAF\u00c9 - Gremi del Caf\u00e8\" \/>\n<meta property=\"og:description\" content=\"Els alumnes de l&#039;Escola Pia Sant Antoni van coneixer com produir, torrar, envasar i vendre el caf\u00e8, i van resoldre dubtes sobre el servei a les cafeteries.\" \/>\n<meta property=\"og:url\" content=\"https:\/\/gremicafe.cat\/es\/2020\/01\/20\/els-alumnes-de-pfi-hostaleria-de-lescola-pia-sant-antoni-visiten-la-torrefaccio-de-bracafe\/\" \/>\n<meta property=\"og:site_name\" content=\"Gremi del Caf\u00e8, torradors de Catalunya\" \/>\n<meta property=\"article:publisher\" content=\"https:\/\/www.facebook.com\/gremicafecat\" \/>\n<meta property=\"article:published_time\" content=\"2020-01-20T09:00:26+00:00\" \/>\n<meta property=\"article:modified_time\" content=\"2020-01-20T10:37:39+00:00\" \/>\n<meta property=\"og:image\" content=\"https:\/\/gremicafe.cat\/wp-content\/uploads\/2020\/01\/gremicafe-coffeexperience-bracafe-Escola-pia-st-antoni-002.jpg\" \/>\n\t<meta property=\"og:image:width\" content=\"1376\" \/>\n\t<meta property=\"og:image:height\" content=\"1032\" \/>\n\t<meta property=\"og:image:type\" content=\"image\/jpeg\" \/>\n<meta name=\"author\" content=\"gremicafe\" \/>\n<meta name=\"twitter:card\" content=\"summary_large_image\" \/>\n<meta name=\"twitter:creator\" content=\"@gremicafecat\" \/>\n<meta name=\"twitter:site\" content=\"@gremicafecat\" \/>\n<meta name=\"twitter:label1\" content=\"Escrito por\" \/>\n\t<meta name=\"twitter:data1\" content=\"gremicafe\" \/>\n\t<meta name=\"twitter:label2\" content=\"Tiempo de lectura\" \/>\n\t<meta name=\"twitter:data2\" content=\"1 minuto\" \/>\n<script type=\"application\/ld+json\" class=\"yoast-schema-graph\">{\"@context\":\"https:\/\/schema.org\",\"@graph\":[{\"@type\":\"Article\",\"@id\":\"https:\/\/gremicafe.cat\/2020\/01\/20\/els-alumnes-de-pfi-hostaleria-de-lescola-pia-sant-antoni-visiten-la-torrefaccio-de-bracafe\/#article\",\"isPartOf\":{\"@id\":\"https:\/\/gremicafe.cat\/2020\/01\/20\/els-alumnes-de-pfi-hostaleria-de-lescola-pia-sant-antoni-visiten-la-torrefaccio-de-bracafe\/\"},\"author\":{\"name\":\"gremicafe\",\"@id\":\"https:\/\/gremicafe.cat\/#\/schema\/person\/dabfdbb3d0fa36260855a380f94e4733\"},\"headline\":\"Els alumnes de PFI Hostaleria de l\u2019Escola Pia Sant Antoni visiten la torrefacci\u00f3 de BRACAF\u00c9\",\"datePublished\":\"2020-01-20T09:00:26+00:00\",\"dateModified\":\"2020-01-20T10:37:39+00:00\",\"mainEntityOfPage\":{\"@id\":\"https:\/\/gremicafe.cat\/2020\/01\/20\/els-alumnes-de-pfi-hostaleria-de-lescola-pia-sant-antoni-visiten-la-torrefaccio-de-bracafe\/\"},\"wordCount\":153,\"publisher\":{\"@id\":\"https:\/\/gremicafe.cat\/#organization\"},\"image\":{\"@id\":\"https:\/\/gremicafe.cat\/2020\/01\/20\/els-alumnes-de-pfi-hostaleria-de-lescola-pia-sant-antoni-visiten-la-torrefaccio-de-bracafe\/#primaryimage\"},\"thumbnailUrl\":\"https:\/\/gremicafe.cat\/wp-content\/uploads\/2020\/01\/gremicafe-coffeexperience-bracafe-Escola-pia-st-antoni-002.jpg\",\"keywords\":[\"bracaf\u00e9\",\"coffeeexperience\",\"Escola Pia Sant Antoni\",\"hostaleria\"],\"articleSection\":[\"Not\u00edcies\"],\"inLanguage\":\"es\"},{\"@type\":\"WebPage\",\"@id\":\"https:\/\/gremicafe.cat\/2020\/01\/20\/els-alumnes-de-pfi-hostaleria-de-lescola-pia-sant-antoni-visiten-la-torrefaccio-de-bracafe\/\",\"url\":\"https:\/\/gremicafe.cat\/2020\/01\/20\/els-alumnes-de-pfi-hostaleria-de-lescola-pia-sant-antoni-visiten-la-torrefaccio-de-bracafe\/\",\"name\":\"Alumnes de l\u2019Escola Pia Sant Antoni visiten BRACAF\u00c9 - Gremi del Caf\u00e8\",\"isPartOf\":{\"@id\":\"https:\/\/gremicafe.cat\/#website\"},\"primaryImageOfPage\":{\"@id\":\"https:\/\/gremicafe.cat\/2020\/01\/20\/els-alumnes-de-pfi-hostaleria-de-lescola-pia-sant-antoni-visiten-la-torrefaccio-de-bracafe\/#primaryimage\"},\"image\":{\"@id\":\"https:\/\/gremicafe.cat\/2020\/01\/20\/els-alumnes-de-pfi-hostaleria-de-lescola-pia-sant-antoni-visiten-la-torrefaccio-de-bracafe\/#primaryimage\"},\"thumbnailUrl\":\"https:\/\/gremicafe.cat\/wp-content\/uploads\/2020\/01\/gremicafe-coffeexperience-bracafe-Escola-pia-st-antoni-002.jpg\",\"datePublished\":\"2020-01-20T09:00:26+00:00\",\"dateModified\":\"2020-01-20T10:37:39+00:00\",\"description\":\"Els alumnes de l'Escola Pia Sant Antoni van coneixer com produir, torrar, envasar i vendre el caf\u00e8, i van resoldre dubtes sobre el servei a les cafeteries.\",\"breadcrumb\":{\"@id\":\"https:\/\/gremicafe.cat\/2020\/01\/20\/els-alumnes-de-pfi-hostaleria-de-lescola-pia-sant-antoni-visiten-la-torrefaccio-de-bracafe\/#breadcrumb\"},\"inLanguage\":\"es\",\"potentialAction\":[{\"@type\":\"ReadAction\",\"target\":[\"https:\/\/gremicafe.cat\/2020\/01\/20\/els-alumnes-de-pfi-hostaleria-de-lescola-pia-sant-antoni-visiten-la-torrefaccio-de-bracafe\/\"]}]},{\"@type\":\"ImageObject\",\"inLanguage\":\"es\",\"@id\":\"https:\/\/gremicafe.cat\/2020\/01\/20\/els-alumnes-de-pfi-hostaleria-de-lescola-pia-sant-antoni-visiten-la-torrefaccio-de-bracafe\/#primaryimage\",\"url\":\"https:\/\/gremicafe.cat\/wp-content\/uploads\/2020\/01\/gremicafe-coffeexperience-bracafe-Escola-pia-st-antoni-002.jpg\",\"contentUrl\":\"https:\/\/gremicafe.cat\/wp-content\/uploads\/2020\/01\/gremicafe-coffeexperience-bracafe-Escola-pia-st-antoni-002.jpg\",\"width\":1376,\"height\":1032,\"caption\":\"Alumnes pia sant antoni a Bracaf\u00e9\"},{\"@type\":\"BreadcrumbList\",\"@id\":\"https:\/\/gremicafe.cat\/2020\/01\/20\/els-alumnes-de-pfi-hostaleria-de-lescola-pia-sant-antoni-visiten-la-torrefaccio-de-bracafe\/#breadcrumb\",\"itemListElement\":[{\"@type\":\"ListItem\",\"position\":1,\"name\":\"Inici\",\"item\":\"https:\/\/gremicafe.cat\/\"},{\"@type\":\"ListItem\",\"position\":2,\"name\":\"Els alumnes de PFI Hostaleria de l\u2019Escola Pia Sant Antoni visiten la torrefacci\u00f3 de BRACAF\u00c9\"}]},{\"@type\":\"WebSite\",\"@id\":\"https:\/\/gremicafe.cat\/#website\",\"url\":\"https:\/\/gremicafe.cat\/\",\"name\":\"Gremi del Caf\u00e8, torradors de Catalunya\",\"description\":\"Web oficial del gremi de torradors de caf\u00e8 de Catalunya\",\"publisher\":{\"@id\":\"https:\/\/gremicafe.cat\/#organization\"},\"potentialAction\":[{\"@type\":\"SearchAction\",\"target\":{\"@type\":\"EntryPoint\",\"urlTemplate\":\"https:\/\/gremicafe.cat\/?s={search_term_string}\"},\"query-input\":{\"@type\":\"PropertyValueSpecification\",\"valueRequired\":true,\"valueName\":\"search_term_string\"}}],\"inLanguage\":\"es\"},{\"@type\":\"Organization\",\"@id\":\"https:\/\/gremicafe.cat\/#organization\",\"name\":\"Gremi del Caf\u00e8, Torradors de Catalunya\",\"url\":\"https:\/\/gremicafe.cat\/\",\"logo\":{\"@type\":\"ImageObject\",\"inLanguage\":\"es\",\"@id\":\"https:\/\/gremicafe.cat\/#\/schema\/logo\/image\/\",\"url\":\"https:\/\/gremicafe.cat\/wp-content\/uploads\/2018\/03\/gremicafe-logo250.png\",\"contentUrl\":\"https:\/\/gremicafe.cat\/wp-content\/uploads\/2018\/03\/gremicafe-logo250.png\",\"width\":250,\"height\":49,\"caption\":\"Gremi del Caf\u00e8, Torradors de Catalunya\"},\"image\":{\"@id\":\"https:\/\/gremicafe.cat\/#\/schema\/logo\/image\/\"},\"sameAs\":[\"https:\/\/www.facebook.com\/gremicafecat\",\"https:\/\/x.com\/gremicafecat\",\"https:\/\/www.instagram.com\/gremicafecat\/\",\"https:\/\/www.pinterest.es\/gremicafecat\/\",\"https:\/\/www.youtube.com\/channel\/UCGLo5Y35vLwLvP4FrPZrCrw\/\"]},{\"@type\":\"Person\",\"@id\":\"https:\/\/gremicafe.cat\/#\/schema\/person\/dabfdbb3d0fa36260855a380f94e4733\",\"name\":\"gremicafe\",\"image\":{\"@type\":\"ImageObject\",\"inLanguage\":\"es\",\"@id\":\"https:\/\/gremicafe.cat\/#\/schema\/person\/image\/\",\"url\":\"https:\/\/secure.gravatar.com\/avatar\/e59baa4ca8f6f97576d6375fb6d3c8f0?s=96&d=mm&r=g\",\"contentUrl\":\"https:\/\/secure.gravatar.com\/avatar\/e59baa4ca8f6f97576d6375fb6d3c8f0?s=96&d=mm&r=g\",\"caption\":\"gremicafe\"}}]}<\/script>\n<!-- \/ Yoast SEO plugin. -->","yoast_head_json":{"title":"Alumnes de l\u2019Escola Pia Sant Antoni visiten BRACAF\u00c9 - Gremi del Caf\u00e8","description":"Els alumnes de l'Escola Pia Sant Antoni van coneixer com produir, torrar, envasar i vendre el caf\u00e8, i van resoldre dubtes sobre el servei a les cafeteries.","robots":{"index":"index","follow":"follow","max-snippet":"max-snippet:-1","max-image-preview":"max-image-preview:large","max-video-preview":"max-video-preview:-1"},"canonical":"https:\/\/gremicafe.cat\/es\/2020\/01\/20\/els-alumnes-de-pfi-hostaleria-de-lescola-pia-sant-antoni-visiten-la-torrefaccio-de-bracafe\/","og_locale":"es_ES","og_type":"article","og_title":"Alumnes de l\u2019Escola Pia Sant Antoni visiten BRACAF\u00c9 - Gremi del Caf\u00e8","og_description":"Els alumnes de l'Escola Pia Sant Antoni van coneixer com produir, torrar, envasar i vendre el caf\u00e8, i van resoldre dubtes sobre el servei a les cafeteries.","og_url":"https:\/\/gremicafe.cat\/es\/2020\/01\/20\/els-alumnes-de-pfi-hostaleria-de-lescola-pia-sant-antoni-visiten-la-torrefaccio-de-bracafe\/","og_site_name":"Gremi del Caf\u00e8, torradors de Catalunya","article_publisher":"https:\/\/www.facebook.com\/gremicafecat","article_published_time":"2020-01-20T09:00:26+00:00","article_modified_time":"2020-01-20T10:37:39+00:00","og_image":[{"width":1376,"height":1032,"url":"https:\/\/gremicafe.cat\/wp-content\/uploads\/2020\/01\/gremicafe-coffeexperience-bracafe-Escola-pia-st-antoni-002.jpg","type":"image\/jpeg"}],"author":"gremicafe","twitter_card":"summary_large_image","twitter_creator":"@gremicafecat","twitter_site":"@gremicafecat","twitter_misc":{"Escrito por":"gremicafe","Tiempo de lectura":"1 minuto"},"schema":{"@context":"https:\/\/schema.org","@graph":[{"@type":"Article","@id":"https:\/\/gremicafe.cat\/2020\/01\/20\/els-alumnes-de-pfi-hostaleria-de-lescola-pia-sant-antoni-visiten-la-torrefaccio-de-bracafe\/#article","isPartOf":{"@id":"https:\/\/gremicafe.cat\/2020\/01\/20\/els-alumnes-de-pfi-hostaleria-de-lescola-pia-sant-antoni-visiten-la-torrefaccio-de-bracafe\/"},"author":{"name":"gremicafe","@id":"https:\/\/gremicafe.cat\/#\/schema\/person\/dabfdbb3d0fa36260855a380f94e4733"},"headline":"Els alumnes de PFI Hostaleria de l\u2019Escola Pia Sant Antoni visiten la torrefacci\u00f3 de BRACAF\u00c9","datePublished":"2020-01-20T09:00:26+00:00","dateModified":"2020-01-20T10:37:39+00:00","mainEntityOfPage":{"@id":"https:\/\/gremicafe.cat\/2020\/01\/20\/els-alumnes-de-pfi-hostaleria-de-lescola-pia-sant-antoni-visiten-la-torrefaccio-de-bracafe\/"},"wordCount":153,"publisher":{"@id":"https:\/\/gremicafe.cat\/#organization"},"image":{"@id":"https:\/\/gremicafe.cat\/2020\/01\/20\/els-alumnes-de-pfi-hostaleria-de-lescola-pia-sant-antoni-visiten-la-torrefaccio-de-bracafe\/#primaryimage"},"thumbnailUrl":"https:\/\/gremicafe.cat\/wp-content\/uploads\/2020\/01\/gremicafe-coffeexperience-bracafe-Escola-pia-st-antoni-002.jpg","keywords":["bracaf\u00e9","coffeeexperience","Escola Pia Sant Antoni","hostaleria"],"articleSection":["Not\u00edcies"],"inLanguage":"es"},{"@type":"WebPage","@id":"https:\/\/gremicafe.cat\/2020\/01\/20\/els-alumnes-de-pfi-hostaleria-de-lescola-pia-sant-antoni-visiten-la-torrefaccio-de-bracafe\/","url":"https:\/\/gremicafe.cat\/2020\/01\/20\/els-alumnes-de-pfi-hostaleria-de-lescola-pia-sant-antoni-visiten-la-torrefaccio-de-bracafe\/","name":"Alumnes de l\u2019Escola Pia Sant Antoni visiten BRACAF\u00c9 - Gremi del Caf\u00e8","isPartOf":{"@id":"https:\/\/gremicafe.cat\/#website"},"primaryImageOfPage":{"@id":"https:\/\/gremicafe.cat\/2020\/01\/20\/els-alumnes-de-pfi-hostaleria-de-lescola-pia-sant-antoni-visiten-la-torrefaccio-de-bracafe\/#primaryimage"},"image":{"@id":"https:\/\/gremicafe.cat\/2020\/01\/20\/els-alumnes-de-pfi-hostaleria-de-lescola-pia-sant-antoni-visiten-la-torrefaccio-de-bracafe\/#primaryimage"},"thumbnailUrl":"https:\/\/gremicafe.cat\/wp-content\/uploads\/2020\/01\/gremicafe-coffeexperience-bracafe-Escola-pia-st-antoni-002.jpg","datePublished":"2020-01-20T09:00:26+00:00","dateModified":"2020-01-20T10:37:39+00:00","description":"Els alumnes de l'Escola Pia Sant Antoni van coneixer com produir, torrar, envasar i vendre el caf\u00e8, i van resoldre dubtes sobre el servei a les cafeteries.","breadcrumb":{"@id":"https:\/\/gremicafe.cat\/2020\/01\/20\/els-alumnes-de-pfi-hostaleria-de-lescola-pia-sant-antoni-visiten-la-torrefaccio-de-bracafe\/#breadcrumb"},"inLanguage":"es","potentialAction":[{"@type":"ReadAction","target":["https:\/\/gremicafe.cat\/2020\/01\/20\/els-alumnes-de-pfi-hostaleria-de-lescola-pia-sant-antoni-visiten-la-torrefaccio-de-bracafe\/"]}]},{"@type":"ImageObject","inLanguage":"es","@id":"https:\/\/gremicafe.cat\/2020\/01\/20\/els-alumnes-de-pfi-hostaleria-de-lescola-pia-sant-antoni-visiten-la-torrefaccio-de-bracafe\/#primaryimage","url":"https:\/\/gremicafe.cat\/wp-content\/uploads\/2020\/01\/gremicafe-coffeexperience-bracafe-Escola-pia-st-antoni-002.jpg","contentUrl":"https:\/\/gremicafe.cat\/wp-content\/uploads\/2020\/01\/gremicafe-coffeexperience-bracafe-Escola-pia-st-antoni-002.jpg","width":1376,"height":1032,"caption":"Alumnes pia sant antoni a Bracaf\u00e9"},{"@type":"BreadcrumbList","@id":"https:\/\/gremicafe.cat\/2020\/01\/20\/els-alumnes-de-pfi-hostaleria-de-lescola-pia-sant-antoni-visiten-la-torrefaccio-de-bracafe\/#breadcrumb","itemListElement":[{"@type":"ListItem","position":1,"name":"Inici","item":"https:\/\/gremicafe.cat\/"},{"@type":"ListItem","position":2,"name":"Els alumnes de PFI Hostaleria de l\u2019Escola Pia Sant Antoni visiten la torrefacci\u00f3 de BRACAF\u00c9"}]},{"@type":"WebSite","@id":"https:\/\/gremicafe.cat\/#website","url":"https:\/\/gremicafe.cat\/","name":"Gremio del Caf\u00e9, tostadores de Catalu\u00f1a","description":"Web oficial del gremio de tostadores de caf\u00e9 de Catalunya","publisher":{"@id":"https:\/\/gremicafe.cat\/#organization"},"potentialAction":[{"@type":"SearchAction","target":{"@type":"EntryPoint","urlTemplate":"https:\/\/gremicafe.cat\/?s={search_term_string}"},"query-input":{"@type":"PropertyValueSpecification","valueRequired":true,"valueName":"search_term_string"}}],"inLanguage":"es"},{"@type":"Organization","@id":"https:\/\/gremicafe.cat\/#organization","name":"Gremio del Caf\u00e9, Tostadores de Catalu\u00f1a","url":"https:\/\/gremicafe.cat\/","logo":{"@type":"ImageObject","inLanguage":"es","@id":"https:\/\/gremicafe.cat\/#\/schema\/logo\/image\/","url":"https:\/\/gremicafe.cat\/wp-content\/uploads\/2018\/03\/gremicafe-logo250.png","contentUrl":"https:\/\/gremicafe.cat\/wp-content\/uploads\/2018\/03\/gremicafe-logo250.png","width":250,"height":49,"caption":"Gremi del Caf\u00e8, Torradors de Catalunya"},"image":{"@id":"https:\/\/gremicafe.cat\/#\/schema\/logo\/image\/"},"sameAs":["https:\/\/www.facebook.com\/gremicafecat","https:\/\/x.com\/gremicafecat","https:\/\/www.instagram.com\/gremicafecat\/","https:\/\/www.pinterest.es\/gremicafecat\/","https:\/\/www.youtube.com\/channel\/UCGLo5Y35vLwLvP4FrPZrCrw\/"]},{"@type":"Person","@id":"https:\/\/gremicafe.cat\/#\/schema\/person\/dabfdbb3d0fa36260855a380f94e4733","name":"gremicafe","image":{"@type":"ImageObject","inLanguage":"es","@id":"https:\/\/gremicafe.cat\/#\/schema\/person\/image\/","url":"https:\/\/secure.gravatar.com\/avatar\/e59baa4ca8f6f97576d6375fb6d3c8f0?s=96&d=mm&r=g","contentUrl":"https:\/\/secure.gravatar.com\/avatar\/e59baa4ca8f6f97576d6375fb6d3c8f0?s=96&d=mm&r=g","caption":"gremicafe"}}]}},"_links":{"self":[{"href":"https:\/\/gremicafe.cat\/es\/wp-json\/wp\/v2\/posts\/5032"}],"collection":[{"href":"https:\/\/gremicafe.cat\/es\/wp-json\/wp\/v2\/posts"}],"about":[{"href":"https:\/\/gremicafe.cat\/es\/wp-json\/wp\/v2\/types\/post"}],"author":[{"embeddable":true,"href":"https:\/\/gremicafe.cat\/es\/wp-json\/wp\/v2\/users\/1"}],"replies":[{"embeddable":true,"href":"https:\/\/gremicafe.cat\/es\/wp-json\/wp\/v2\/comments?post=5032"}],"version-history":[{"count":0,"href":"https:\/\/gremicafe.cat\/es\/wp-json\/wp\/v2\/posts\/5032\/revisions"}],"wp:featuredmedia":[{"embeddable":true,"href":"https:\/\/gremicafe.cat\/es\/wp-json\/wp\/v2\/media\/5034"}],"wp:attachment":[{"href":"https:\/\/gremicafe.cat\/es\/wp-json\/wp\/v2\/media?parent=5032"}],"wp:term":[{"taxonomy":"category","embeddable":true,"href":"https:\/\/gremicafe.cat\/es\/wp-json\/wp\/v2\/categories?post=5032"},{"taxonomy":"post_tag","embeddable":true,"href":"https:\/\/gremicafe.cat\/es\/wp-json\/wp\/v2\/tags?post=5032"}],"curies":[{"name":"wp","href":"https:\/\/api.w.org\/{rel}","templated":true}]}}