{"id":5036,"date":"2020-01-21T17:33:12","date_gmt":"2020-01-21T15:33:12","guid":{"rendered":"https:\/\/gremicafe.cat\/?p=5036"},"modified":"2020-05-20T11:37:38","modified_gmt":"2020-05-20T09:37:38","slug":"les-capsules-compostables-cafes-novell-premis-basf-pimes","status":"publish","type":"post","link":"https:\/\/gremicafe.cat\/es\/2020\/01\/21\/les-capsules-compostables-cafes-novell-premis-basf-pimes\/","title":{"rendered":"Las C\u00e1psulas Compostables Residuo 0 de Caf\u00e9s Novell premiadas como mejor pr\u00e1ctica de Econom\u00eda Circular de los I Premios BASF en la categor\u00eda PYMES."},"content":{"rendered":"<div id=\"ut-row-69f3caf3bf403\" data-vc-full-width=\"true\" data-vc-full-width-init=\"false\" class=\"vc_row wpb_row vc_row-fluid vc_column-gap-0 ut-row-69f3caf3bf418\" ><div class=\"wpb_column vc_column_container vc_col-sm-12\" ><div id=\"ut_inner_column_69f3caf3c01ce\" class=\"vc_column-inner\"><div class=\"wpb_wrapper\">\n\t<div class=\"wpb_text_column wpb_content_element\" >\n\t\t<div class=\"wpb_wrapper\">\n\t\t\t<p style=\"display: none;\">Las c\u00e1psulas compostables<\/p>\n\n\t\t<\/div>\n\t<\/div>\n<\/div><\/div><\/div><\/div><div class=\"vc_row-full-width vc_clearfix\"><\/div><div id=\"ut-row-69f3caf3c0b3c\" data-vc-full-width=\"true\" data-vc-full-width-init=\"false\" class=\"vc_row wpb_row vc_row-fluid vc_column-gap-0 ut-row-69f3caf3c0b4a\" ><div class=\"wpb_column vc_column_container vc_col-sm-12\" ><div id=\"ut_inner_column_69f3caf3c1234\" class=\"vc_column-inner\"><div class=\"wpb_wrapper\">\n\t<div class=\"wpb_text_column wpb_content_element\" >\n\t\t<div class=\"wpb_wrapper\">\n\t\t\t<div class=\"\">El pasado mi\u00e9rcoles 13 de noviembre Caf\u00e8s Novell recibi\u00f3 el premio a la mejor pr\u00e1ctica en Econom\u00eda Circular en Espa\u00f1a de los I Premios BASF en la categor\u00eda de Pymes.<\/div>\n<div><\/div>\n<div class=\"\">Las C\u00e1psulas Compostables Residuo 0, compatible con Nespresso<span class=\"\">\u00a0<\/span><span class=\"\">\u00a9<\/span>, son las primeras del mercado en contener 100% caf\u00e9 org\u00e1nico y ser 100% compostable.<\/div>\n<div><\/div>\n<div class=\"\">De este modo, las c\u00e1psulas se convierten en compuesto en un per\u00edodo de entre s\u00f3lo 12 y 20 semanas, frente a los m\u00e1s de 100 a\u00f1os por las c\u00e1psulas de aluminio y de pl\u00e1stico.<\/div>\n<div><\/div>\n<div class=\"\"><span class=\"\">Como proyecto galardonado, Caf\u00e8s Novell tendr\u00e1 la oportunidad de participar en un <em>workshop<\/em> a nivel mundial en la sede central de BASF de Ludwigshafen (Alemania), en la que participar\u00e1n expertos del \u00e1mbito empresarial, institucional y cient\u00edfico. <\/span><\/div>\n<div><\/div>\n<div class=\"\"><span class=\"\">El objetivo de este encuentro es compartir los proyectos vencedores de los premios en Espa\u00f1a y conocer las iniciativas que, desde BASF, se est\u00e1n impulsando a nivel mundial en el \u00e1mbito de la sostenibilidad y la econom\u00eda circular.<\/span><\/div>\n\n\t\t<\/div>\n\t<\/div>\n<div class=\"wpb_content_element\"><style type=\"text\/css\" scoped>#ut_vs_69f3caf3c1d6b.ut-shortcode-video-wrap .ut-video-module-caption-text span { font-weight: bold; }#ut_vs_69f3caf3c1d6b.ut-shortcode-video-wrap .ut-video-module-play-icon { margin-right: 20px; }<\/style><div id=\"ut_vs_69f3caf3c1d6b\" class=\"ut-shortcode-video-wrap  clearfix\"><div class=\"ut-video-module\"><div class=\"ut-video-module-caption\"><a class=\"ut-load-video\" data-video=\"https:\/\/youtu.be\/qVK5A_zlsmw\" href=\"#\"><img decoding=\"async\" src=\"https:\/\/gremicafe.cat\/wp-content\/uploads\/2020\/01\/gremicafe-BASF-premis-1277.jpg\"><div class=\"ut-video-module-caption-text\"><div class=\"ut-video-module-inner-caption-text  ut-video-module-caption-position-default\"><div class=\"ut-video-module-play-icon\"><i class=\"Bklyn-Core-Right-6\" aria-hidden=\"true\"><\/i><\/div><span>Caf\u00e9s Novell - I Premios BASF Econom\u00eda Circular<\/span><\/div><\/div><\/a><\/div><div class=\"ut-video-module-loading\"><div class=\"sk-fading-circle\"><div class=\"sk-circle1 sk-circle\"><\/div><div class=\"sk-circle2 sk-circle\"><\/div><div class=\"sk-circle3 sk-circle\"><\/div><div class=\"sk-circle4 sk-circle\"><\/div><div class=\"sk-circle5 sk-circle\"><\/div><div class=\"sk-circle6 sk-circle\"><\/div><div class=\"sk-circle7 sk-circle\"><\/div><div class=\"sk-circle8 sk-circle\"><\/div><div class=\"sk-circle9 sk-circle\"><\/div><div class=\"sk-circle10 sk-circle\"><\/div><div class=\"sk-circle11 sk-circle\"><\/div><div class=\"sk-circle12 sk-circle\"><\/div><\/div><\/div><\/div><\/div><\/div><div id=\"ut-row-inner-69f3caf3c39b1\" class=\"vc_row wpb_row vc_inner vc_row-fluid ut-row-inner-69f3caf3c39d1\" ><div  class=\"wpb_column vc_column_container vc_col-sm-4\"><div id=\"ut-column-inner-69f3caf3c40f7\" class=\"vc_column-inner\"><div class=\"wpb_wrapper\"><div class=\"wpb_content_element\"><style type=\"text\/css\" scoped>#ut_sb_69f3caf3c42a8 .ut-icon-box .ut-service-box-icon { color: #FFF; }#ut_sb_69f3caf3c42a8 .ut-arrow-right { border-left: 10px solid rgba(105,161,238,1);; }#ut_sb_69f3caf3c42a8 .ut-icon-box { background: rgba(105,161,238,1);; }<\/style><div id=\"ut_sb_69f3caf3c42a8\" class=\"clearfix  clearfix\"><div  class=\"ut-icon-box ut-icon-box-large\"><div class=\"ut-arrow-right\"><\/div><i class=\"fa-4x fa fa-newspaper-o ut-service-box-icon\"><\/i><\/div><div class=\"ut-info\"><h3>LAS C\u00c1PSULAS RESIDUO 0 PREMIADAS COMO MEJOR PR\u00c1CTICA EN ECONOM\u00cdA CIRCULAR<\/h3><p>Caf\u00e9s Novell<\/p><a class=\"ut-service-box-link\" title=\"Ve a Cafes Novell\" href=\"https:\/\/cafesnovell.com\/ca\/capsules-residu0-millor-practica-economia-circular\/\" target=\" _blank\" >Ve a Cafes Novell<\/a><\/div><\/div><\/div><\/div><\/div><\/div><div  class=\"wpb_column vc_column_container vc_col-sm-4\"><div id=\"ut-column-inner-69f3caf3c441b\" class=\"vc_column-inner\"><div class=\"wpb_wrapper\"><div class=\"wpb_content_element\"><style type=\"text\/css\" scoped>#ut_sb_69f3caf3c44e1 .ut-icon-box .ut-service-box-icon { color: #FFF; }#ut_sb_69f3caf3c44e1 .ut-arrow-right { border-left: 10px solid rgba(105,161,238,1);; }#ut_sb_69f3caf3c44e1 .ut-icon-box { background: rgba(105,161,238,1);; }<\/style><div id=\"ut_sb_69f3caf3c44e1\" class=\"clearfix  clearfix\"><div  class=\"ut-icon-box ut-icon-box-large\"><div class=\"ut-arrow-right\"><\/div><i class=\"fa-4x fa fa-newspaper-o ut-service-box-icon\"><\/i><\/div><div class=\"ut-info\"><h3>BASF reconoce las mejores pr\u00e1cticas de Econom\u00eda Circular en Espa\u00f1a<\/h3><p>BASF<\/p><a class=\"ut-service-box-link\" title=\"Ir a BASF\" href=\"https:\/\/www.basf.com\/es\/es\/media\/news-releases\/2019\/basf-reconoce-las-mejores-practicas--de-economia-circular-en-esp.html\" target=\" _blank\" >Ir a BASF<\/a><\/div><\/div><\/div><\/div><\/div><\/div><div  class=\"wpb_column vc_column_container vc_col-sm-4\"><div id=\"ut-column-inner-69f3caf3c45e8\" class=\"vc_column-inner\"><div class=\"wpb_wrapper\"><div class=\"wpb_content_element\"><style type=\"text\/css\" scoped>#ut_sb_69f3caf3c469e .ut-icon-box .ut-service-box-icon { color: #FFF; }#ut_sb_69f3caf3c469e .ut-arrow-right { border-left: 10px solid rgba(105,161,238,1);; }#ut_sb_69f3caf3c469e .ut-icon-box { background: rgba(105,161,238,1);; }<\/style><div id=\"ut_sb_69f3caf3c469e\" class=\"clearfix  clearfix\"><div  class=\"ut-icon-box ut-icon-box-large\"><div class=\"ut-arrow-right\"><\/div><i class=\"fa-4x fa fa-newspaper-o ut-service-box-icon\"><\/i><\/div><div class=\"ut-info\"><h3>BASF premia las nuevas c\u00e1psulas compostables residuo 0 de Caf\u00e9s Novell<\/h3><p>El 3 de ocho<\/p><a class=\"ut-service-box-link\" title=\"Ve a El 3 de Ocho\" href=\"https:\/\/el3devuit.cat\/2019\/11\/16\/69037\/economia\/economia-alt-penedes\/economia-vilafranca\/basf-premia-les-noves-capsules-compostables-residu-0-de-cafes-novell\/\" target=\" _blank\" >Ve a El 3 de Ocho<\/a><\/div><\/div><\/div><\/div><\/div><\/div><\/div>\n\t<div class=\"wpb_text_column wpb_content_element\" >\n\t\t<div class=\"wpb_wrapper\">\n\t\t\t<p>Recuerda el nacimiento de las c\u00e1psulas de Caf\u00e8s Novell, tambi\u00e9n, <a href=\"https:\/\/gremicafe.cat\/es\/2017\/11\/22\/capsula-compostable-de-cafes-novell\/\" target=\"_blank\" rel=\"noopener noreferrer\">aqu\u00ed<\/a>.<\/p>\n\n\t\t<\/div>\n\t<\/div>\n<\/div><\/div><\/div><\/div><div class=\"vc_row-full-width vc_clearfix\"><\/div>","protected":false},"excerpt":{"rendered":"Les c\u00e0psules compostables El passat dimecres 13 de novembre Caf\u00e8s Novell va rebre el premi a la millor pr\u00e0ctica en Economia Circular a Espanya dels I Premis BASF en la categoria de Pimes. Les C\u00e0psules Compostables Residu 0, compatible amb Nespresso\u00a0\u00a9, s\u00f3n les primeres del mercat en contenir 100% caf\u00e8 org\u00e0nic i ser 100% compostable. [...]","protected":false},"author":1,"featured_media":5039,"comment_status":"closed","ping_status":"open","sticky":false,"template":"","format":"standard","meta":{"_acf_changed":false,"inline_featured_image":false,"footnotes":""},"categories":[1],"tags":[],"class_list":["post-5036","post","type-post","status-publish","format-standard","has-post-thumbnail","hentry","category-noticies"],"acf":[],"yoast_head":"<!-- This site is optimized with the Yoast SEO plugin v25.5 - https:\/\/yoast.com\/wordpress\/plugins\/seo\/ -->\n<title>Les c\u00e0psules compostables de Cafes Novell permiades per BASF<\/title>\n<meta name=\"description\" content=\"Les C\u00e0psules Compostables Residu 0, compatible amb Nespresso\u00a0\u00a9, s\u00f3n les primeres del mercat en contenir 100% caf\u00e8 org\u00e0nic i ser 100% compostable.\" \/>\n<meta name=\"robots\" content=\"index, follow, max-snippet:-1, max-image-preview:large, max-video-preview:-1\" \/>\n<link rel=\"canonical\" href=\"https:\/\/gremicafe.cat\/es\/2020\/01\/21\/les-capsules-compostables-cafes-novell-premis-basf-pimes\/\" \/>\n<meta property=\"og:locale\" content=\"es_ES\" \/>\n<meta property=\"og:type\" content=\"article\" \/>\n<meta property=\"og:title\" content=\"Les c\u00e0psules compostables de Cafes Novell permiades per BASF\" \/>\n<meta property=\"og:description\" content=\"Les C\u00e0psules Compostables Residu 0, compatible amb Nespresso\u00a0\u00a9, s\u00f3n les primeres del mercat en contenir 100% caf\u00e8 org\u00e0nic i ser 100% compostable.\" \/>\n<meta property=\"og:url\" content=\"https:\/\/gremicafe.cat\/es\/2020\/01\/21\/les-capsules-compostables-cafes-novell-premis-basf-pimes\/\" \/>\n<meta property=\"og:site_name\" content=\"Gremi del Caf\u00e8, torradors de Catalunya\" \/>\n<meta property=\"article:publisher\" content=\"https:\/\/www.facebook.com\/gremicafecat\" \/>\n<meta property=\"article:published_time\" content=\"2020-01-21T15:33:12+00:00\" \/>\n<meta property=\"article:modified_time\" content=\"2020-05-20T09:37:38+00:00\" \/>\n<meta property=\"og:image\" content=\"https:\/\/gremicafe.cat\/wp-content\/uploads\/2020\/01\/gremicafe-premi-basf-novell-600.jpg\" \/>\n\t<meta property=\"og:image:width\" content=\"600\" \/>\n\t<meta property=\"og:image:height\" content=\"388\" \/>\n\t<meta property=\"og:image:type\" content=\"image\/jpeg\" \/>\n<meta name=\"author\" content=\"gremicafe\" \/>\n<meta name=\"twitter:card\" content=\"summary_large_image\" \/>\n<meta name=\"twitter:creator\" content=\"@gremicafecat\" \/>\n<meta name=\"twitter:site\" content=\"@gremicafecat\" \/>\n<meta name=\"twitter:label1\" content=\"Escrito por\" \/>\n\t<meta name=\"twitter:data1\" content=\"gremicafe\" \/>\n\t<meta name=\"twitter:label2\" content=\"Tiempo de lectura\" \/>\n\t<meta name=\"twitter:data2\" content=\"2 minutos\" \/>\n<script type=\"application\/ld+json\" class=\"yoast-schema-graph\">{\"@context\":\"https:\/\/schema.org\",\"@graph\":[{\"@type\":\"Article\",\"@id\":\"https:\/\/gremicafe.cat\/2020\/01\/21\/les-capsules-compostables-cafes-novell-premis-basf-pimes\/#article\",\"isPartOf\":{\"@id\":\"https:\/\/gremicafe.cat\/2020\/01\/21\/les-capsules-compostables-cafes-novell-premis-basf-pimes\/\"},\"author\":{\"name\":\"gremicafe\",\"@id\":\"https:\/\/gremicafe.cat\/#\/schema\/person\/dabfdbb3d0fa36260855a380f94e4733\"},\"headline\":\"Les C\u00e0psules Compostables Residu 0 de Caf\u00e8s Novell premiades com a millor pr\u00e0ctica d\u2019Economia Circular dels I Premis BASF en la categoria PIMES.\",\"datePublished\":\"2020-01-21T15:33:12+00:00\",\"dateModified\":\"2020-05-20T09:37:38+00:00\",\"mainEntityOfPage\":{\"@id\":\"https:\/\/gremicafe.cat\/2020\/01\/21\/les-capsules-compostables-cafes-novell-premis-basf-pimes\/\"},\"wordCount\":431,\"publisher\":{\"@id\":\"https:\/\/gremicafe.cat\/#organization\"},\"image\":{\"@id\":\"https:\/\/gremicafe.cat\/2020\/01\/21\/les-capsules-compostables-cafes-novell-premis-basf-pimes\/#primaryimage\"},\"thumbnailUrl\":\"https:\/\/gremicafe.cat\/wp-content\/uploads\/2020\/01\/gremicafe-premi-basf-novell-600.jpg\",\"articleSection\":[\"Not\u00edcies\"],\"inLanguage\":\"es\"},{\"@type\":\"WebPage\",\"@id\":\"https:\/\/gremicafe.cat\/2020\/01\/21\/les-capsules-compostables-cafes-novell-premis-basf-pimes\/\",\"url\":\"https:\/\/gremicafe.cat\/2020\/01\/21\/les-capsules-compostables-cafes-novell-premis-basf-pimes\/\",\"name\":\"Les c\u00e0psules compostables de Cafes Novell permiades per BASF\",\"isPartOf\":{\"@id\":\"https:\/\/gremicafe.cat\/#website\"},\"primaryImageOfPage\":{\"@id\":\"https:\/\/gremicafe.cat\/2020\/01\/21\/les-capsules-compostables-cafes-novell-premis-basf-pimes\/#primaryimage\"},\"image\":{\"@id\":\"https:\/\/gremicafe.cat\/2020\/01\/21\/les-capsules-compostables-cafes-novell-premis-basf-pimes\/#primaryimage\"},\"thumbnailUrl\":\"https:\/\/gremicafe.cat\/wp-content\/uploads\/2020\/01\/gremicafe-premi-basf-novell-600.jpg\",\"datePublished\":\"2020-01-21T15:33:12+00:00\",\"dateModified\":\"2020-05-20T09:37:38+00:00\",\"description\":\"Les C\u00e0psules Compostables Residu 0, compatible amb Nespresso\u00a0\u00a9, s\u00f3n les primeres del mercat en contenir 100% caf\u00e8 org\u00e0nic i ser 100% compostable.\",\"breadcrumb\":{\"@id\":\"https:\/\/gremicafe.cat\/2020\/01\/21\/les-capsules-compostables-cafes-novell-premis-basf-pimes\/#breadcrumb\"},\"inLanguage\":\"es\",\"potentialAction\":[{\"@type\":\"ReadAction\",\"target\":[\"https:\/\/gremicafe.cat\/2020\/01\/21\/les-capsules-compostables-cafes-novell-premis-basf-pimes\/\"]}]},{\"@type\":\"ImageObject\",\"inLanguage\":\"es\",\"@id\":\"https:\/\/gremicafe.cat\/2020\/01\/21\/les-capsules-compostables-cafes-novell-premis-basf-pimes\/#primaryimage\",\"url\":\"https:\/\/gremicafe.cat\/wp-content\/uploads\/2020\/01\/gremicafe-premi-basf-novell-600.jpg\",\"contentUrl\":\"https:\/\/gremicafe.cat\/wp-content\/uploads\/2020\/01\/gremicafe-premi-basf-novell-600.jpg\",\"width\":600,\"height\":388,\"caption\":\"LES C\u00c0PSULES RESIDU 0 PREMIADES COM MILLOR PR\u00c0CTICA EN ECONOMIA CIRCULAR\"},{\"@type\":\"BreadcrumbList\",\"@id\":\"https:\/\/gremicafe.cat\/2020\/01\/21\/les-capsules-compostables-cafes-novell-premis-basf-pimes\/#breadcrumb\",\"itemListElement\":[{\"@type\":\"ListItem\",\"position\":1,\"name\":\"Inici\",\"item\":\"https:\/\/gremicafe.cat\/\"},{\"@type\":\"ListItem\",\"position\":2,\"name\":\"Les C\u00e0psules Compostables Residu 0 de Caf\u00e8s Novell premiades com a millor pr\u00e0ctica d\u2019Economia Circular dels I Premis BASF en la categoria PIMES.\"}]},{\"@type\":\"WebSite\",\"@id\":\"https:\/\/gremicafe.cat\/#website\",\"url\":\"https:\/\/gremicafe.cat\/\",\"name\":\"Gremi del Caf\u00e8, torradors de Catalunya\",\"description\":\"Web oficial del gremi de torradors de caf\u00e8 de Catalunya\",\"publisher\":{\"@id\":\"https:\/\/gremicafe.cat\/#organization\"},\"potentialAction\":[{\"@type\":\"SearchAction\",\"target\":{\"@type\":\"EntryPoint\",\"urlTemplate\":\"https:\/\/gremicafe.cat\/?s={search_term_string}\"},\"query-input\":{\"@type\":\"PropertyValueSpecification\",\"valueRequired\":true,\"valueName\":\"search_term_string\"}}],\"inLanguage\":\"es\"},{\"@type\":\"Organization\",\"@id\":\"https:\/\/gremicafe.cat\/#organization\",\"name\":\"Gremi del Caf\u00e8, Torradors de Catalunya\",\"url\":\"https:\/\/gremicafe.cat\/\",\"logo\":{\"@type\":\"ImageObject\",\"inLanguage\":\"es\",\"@id\":\"https:\/\/gremicafe.cat\/#\/schema\/logo\/image\/\",\"url\":\"https:\/\/gremicafe.cat\/wp-content\/uploads\/2018\/03\/gremicafe-logo250.png\",\"contentUrl\":\"https:\/\/gremicafe.cat\/wp-content\/uploads\/2018\/03\/gremicafe-logo250.png\",\"width\":250,\"height\":49,\"caption\":\"Gremi del Caf\u00e8, Torradors de Catalunya\"},\"image\":{\"@id\":\"https:\/\/gremicafe.cat\/#\/schema\/logo\/image\/\"},\"sameAs\":[\"https:\/\/www.facebook.com\/gremicafecat\",\"https:\/\/x.com\/gremicafecat\",\"https:\/\/www.instagram.com\/gremicafecat\/\",\"https:\/\/www.pinterest.es\/gremicafecat\/\",\"https:\/\/www.youtube.com\/channel\/UCGLo5Y35vLwLvP4FrPZrCrw\/\"]},{\"@type\":\"Person\",\"@id\":\"https:\/\/gremicafe.cat\/#\/schema\/person\/dabfdbb3d0fa36260855a380f94e4733\",\"name\":\"gremicafe\",\"image\":{\"@type\":\"ImageObject\",\"inLanguage\":\"es\",\"@id\":\"https:\/\/gremicafe.cat\/#\/schema\/person\/image\/\",\"url\":\"https:\/\/secure.gravatar.com\/avatar\/e59baa4ca8f6f97576d6375fb6d3c8f0?s=96&d=mm&r=g\",\"contentUrl\":\"https:\/\/secure.gravatar.com\/avatar\/e59baa4ca8f6f97576d6375fb6d3c8f0?s=96&d=mm&r=g\",\"caption\":\"gremicafe\"}}]}<\/script>\n<!-- \/ Yoast SEO plugin. -->","yoast_head_json":{"title":"Les c\u00e0psules compostables de Cafes Novell permiades per BASF","description":"Les C\u00e0psules Compostables Residu 0, compatible amb Nespresso\u00a0\u00a9, s\u00f3n les primeres del mercat en contenir 100% caf\u00e8 org\u00e0nic i ser 100% compostable.","robots":{"index":"index","follow":"follow","max-snippet":"max-snippet:-1","max-image-preview":"max-image-preview:large","max-video-preview":"max-video-preview:-1"},"canonical":"https:\/\/gremicafe.cat\/es\/2020\/01\/21\/les-capsules-compostables-cafes-novell-premis-basf-pimes\/","og_locale":"es_ES","og_type":"article","og_title":"Les c\u00e0psules compostables de Cafes Novell permiades per BASF","og_description":"Les C\u00e0psules Compostables Residu 0, compatible amb Nespresso\u00a0\u00a9, s\u00f3n les primeres del mercat en contenir 100% caf\u00e8 org\u00e0nic i ser 100% compostable.","og_url":"https:\/\/gremicafe.cat\/es\/2020\/01\/21\/les-capsules-compostables-cafes-novell-premis-basf-pimes\/","og_site_name":"Gremi del Caf\u00e8, torradors de Catalunya","article_publisher":"https:\/\/www.facebook.com\/gremicafecat","article_published_time":"2020-01-21T15:33:12+00:00","article_modified_time":"2020-05-20T09:37:38+00:00","og_image":[{"width":600,"height":388,"url":"https:\/\/gremicafe.cat\/wp-content\/uploads\/2020\/01\/gremicafe-premi-basf-novell-600.jpg","type":"image\/jpeg"}],"author":"gremicafe","twitter_card":"summary_large_image","twitter_creator":"@gremicafecat","twitter_site":"@gremicafecat","twitter_misc":{"Escrito por":"gremicafe","Tiempo de lectura":"2 minutos"},"schema":{"@context":"https:\/\/schema.org","@graph":[{"@type":"Article","@id":"https:\/\/gremicafe.cat\/2020\/01\/21\/les-capsules-compostables-cafes-novell-premis-basf-pimes\/#article","isPartOf":{"@id":"https:\/\/gremicafe.cat\/2020\/01\/21\/les-capsules-compostables-cafes-novell-premis-basf-pimes\/"},"author":{"name":"gremicafe","@id":"https:\/\/gremicafe.cat\/#\/schema\/person\/dabfdbb3d0fa36260855a380f94e4733"},"headline":"Les C\u00e0psules Compostables Residu 0 de Caf\u00e8s Novell premiades com a millor pr\u00e0ctica d\u2019Economia Circular dels I Premis BASF en la categoria PIMES.","datePublished":"2020-01-21T15:33:12+00:00","dateModified":"2020-05-20T09:37:38+00:00","mainEntityOfPage":{"@id":"https:\/\/gremicafe.cat\/2020\/01\/21\/les-capsules-compostables-cafes-novell-premis-basf-pimes\/"},"wordCount":431,"publisher":{"@id":"https:\/\/gremicafe.cat\/#organization"},"image":{"@id":"https:\/\/gremicafe.cat\/2020\/01\/21\/les-capsules-compostables-cafes-novell-premis-basf-pimes\/#primaryimage"},"thumbnailUrl":"https:\/\/gremicafe.cat\/wp-content\/uploads\/2020\/01\/gremicafe-premi-basf-novell-600.jpg","articleSection":["Not\u00edcies"],"inLanguage":"es"},{"@type":"WebPage","@id":"https:\/\/gremicafe.cat\/2020\/01\/21\/les-capsules-compostables-cafes-novell-premis-basf-pimes\/","url":"https:\/\/gremicafe.cat\/2020\/01\/21\/les-capsules-compostables-cafes-novell-premis-basf-pimes\/","name":"Les c\u00e0psules compostables de Cafes Novell permiades per BASF","isPartOf":{"@id":"https:\/\/gremicafe.cat\/#website"},"primaryImageOfPage":{"@id":"https:\/\/gremicafe.cat\/2020\/01\/21\/les-capsules-compostables-cafes-novell-premis-basf-pimes\/#primaryimage"},"image":{"@id":"https:\/\/gremicafe.cat\/2020\/01\/21\/les-capsules-compostables-cafes-novell-premis-basf-pimes\/#primaryimage"},"thumbnailUrl":"https:\/\/gremicafe.cat\/wp-content\/uploads\/2020\/01\/gremicafe-premi-basf-novell-600.jpg","datePublished":"2020-01-21T15:33:12+00:00","dateModified":"2020-05-20T09:37:38+00:00","description":"Les C\u00e0psules Compostables Residu 0, compatible amb Nespresso\u00a0\u00a9, s\u00f3n les primeres del mercat en contenir 100% caf\u00e8 org\u00e0nic i ser 100% compostable.","breadcrumb":{"@id":"https:\/\/gremicafe.cat\/2020\/01\/21\/les-capsules-compostables-cafes-novell-premis-basf-pimes\/#breadcrumb"},"inLanguage":"es","potentialAction":[{"@type":"ReadAction","target":["https:\/\/gremicafe.cat\/2020\/01\/21\/les-capsules-compostables-cafes-novell-premis-basf-pimes\/"]}]},{"@type":"ImageObject","inLanguage":"es","@id":"https:\/\/gremicafe.cat\/2020\/01\/21\/les-capsules-compostables-cafes-novell-premis-basf-pimes\/#primaryimage","url":"https:\/\/gremicafe.cat\/wp-content\/uploads\/2020\/01\/gremicafe-premi-basf-novell-600.jpg","contentUrl":"https:\/\/gremicafe.cat\/wp-content\/uploads\/2020\/01\/gremicafe-premi-basf-novell-600.jpg","width":600,"height":388,"caption":"LES C\u00c0PSULES RESIDU 0 PREMIADES COM MILLOR PR\u00c0CTICA EN ECONOMIA CIRCULAR"},{"@type":"BreadcrumbList","@id":"https:\/\/gremicafe.cat\/2020\/01\/21\/les-capsules-compostables-cafes-novell-premis-basf-pimes\/#breadcrumb","itemListElement":[{"@type":"ListItem","position":1,"name":"Inici","item":"https:\/\/gremicafe.cat\/"},{"@type":"ListItem","position":2,"name":"Les C\u00e0psules Compostables Residu 0 de Caf\u00e8s Novell premiades com a millor pr\u00e0ctica d\u2019Economia Circular dels I Premis BASF en la categoria PIMES."}]},{"@type":"WebSite","@id":"https:\/\/gremicafe.cat\/#website","url":"https:\/\/gremicafe.cat\/","name":"Gremio del Caf\u00e9, tostadores de Catalu\u00f1a","description":"Web oficial del gremio de tostadores de caf\u00e9 de Catalunya","publisher":{"@id":"https:\/\/gremicafe.cat\/#organization"},"potentialAction":[{"@type":"SearchAction","target":{"@type":"EntryPoint","urlTemplate":"https:\/\/gremicafe.cat\/?s={search_term_string}"},"query-input":{"@type":"PropertyValueSpecification","valueRequired":true,"valueName":"search_term_string"}}],"inLanguage":"es"},{"@type":"Organization","@id":"https:\/\/gremicafe.cat\/#organization","name":"Gremio del Caf\u00e9, Tostadores de Catalu\u00f1a","url":"https:\/\/gremicafe.cat\/","logo":{"@type":"ImageObject","inLanguage":"es","@id":"https:\/\/gremicafe.cat\/#\/schema\/logo\/image\/","url":"https:\/\/gremicafe.cat\/wp-content\/uploads\/2018\/03\/gremicafe-logo250.png","contentUrl":"https:\/\/gremicafe.cat\/wp-content\/uploads\/2018\/03\/gremicafe-logo250.png","width":250,"height":49,"caption":"Gremi del Caf\u00e8, Torradors de Catalunya"},"image":{"@id":"https:\/\/gremicafe.cat\/#\/schema\/logo\/image\/"},"sameAs":["https:\/\/www.facebook.com\/gremicafecat","https:\/\/x.com\/gremicafecat","https:\/\/www.instagram.com\/gremicafecat\/","https:\/\/www.pinterest.es\/gremicafecat\/","https:\/\/www.youtube.com\/channel\/UCGLo5Y35vLwLvP4FrPZrCrw\/"]},{"@type":"Person","@id":"https:\/\/gremicafe.cat\/#\/schema\/person\/dabfdbb3d0fa36260855a380f94e4733","name":"gremicafe","image":{"@type":"ImageObject","inLanguage":"es","@id":"https:\/\/gremicafe.cat\/#\/schema\/person\/image\/","url":"https:\/\/secure.gravatar.com\/avatar\/e59baa4ca8f6f97576d6375fb6d3c8f0?s=96&d=mm&r=g","contentUrl":"https:\/\/secure.gravatar.com\/avatar\/e59baa4ca8f6f97576d6375fb6d3c8f0?s=96&d=mm&r=g","caption":"gremicafe"}}]}},"_links":{"self":[{"href":"https:\/\/gremicafe.cat\/es\/wp-json\/wp\/v2\/posts\/5036"}],"collection":[{"href":"https:\/\/gremicafe.cat\/es\/wp-json\/wp\/v2\/posts"}],"about":[{"href":"https:\/\/gremicafe.cat\/es\/wp-json\/wp\/v2\/types\/post"}],"author":[{"embeddable":true,"href":"https:\/\/gremicafe.cat\/es\/wp-json\/wp\/v2\/users\/1"}],"replies":[{"embeddable":true,"href":"https:\/\/gremicafe.cat\/es\/wp-json\/wp\/v2\/comments?post=5036"}],"version-history":[{"count":0,"href":"https:\/\/gremicafe.cat\/es\/wp-json\/wp\/v2\/posts\/5036\/revisions"}],"wp:featuredmedia":[{"embeddable":true,"href":"https:\/\/gremicafe.cat\/es\/wp-json\/wp\/v2\/media\/5039"}],"wp:attachment":[{"href":"https:\/\/gremicafe.cat\/es\/wp-json\/wp\/v2\/media?parent=5036"}],"wp:term":[{"taxonomy":"category","embeddable":true,"href":"https:\/\/gremicafe.cat\/es\/wp-json\/wp\/v2\/categories?post=5036"},{"taxonomy":"post_tag","embeddable":true,"href":"https:\/\/gremicafe.cat\/es\/wp-json\/wp\/v2\/tags?post=5036"}],"curies":[{"name":"wp","href":"https:\/\/api.w.org\/{rel}","templated":true}]}}