{"id":5309,"date":"2020-06-04T11:04:57","date_gmt":"2020-06-04T09:04:57","guid":{"rendered":"https:\/\/gremicafe.cat\/?p=5309"},"modified":"2020-06-04T14:12:55","modified_gmt":"2020-06-04T12:12:55","slug":"cafes-ros-dona-mes-de-15-000-serveis-de-cafe-entre-hospitals-i-geriatrics-durant-la-covid-19","status":"publish","type":"post","link":"https:\/\/gremicafe.cat\/es\/2020\/06\/04\/cafes-ros-dona-mes-de-15-000-serveis-de-cafe-entre-hospitals-i-geriatrics-durant-la-covid-19\/","title":{"rendered":"Caf\u00e8s Ros da m\u00e1s de 15.000 servicios de caf\u00e9 entre hospitales y geri\u00e1tricos durante la Covid-19"},"content":{"rendered":"<p><img loading=\"lazy\" decoding=\"async\" class=\"aligncenter size-full wp-image-5311\" src=\"https:\/\/gremicafe.cat\/wp-content\/uploads\/2020\/06\/cafes-ros-covid192.jpg\" alt=\"Donaci\u00f3 Cafes Ros durant el Covid-19\" width=\"1200\" height=\"800\" srcset=\"https:\/\/gremicafe.cat\/wp-content\/uploads\/2020\/06\/cafes-ros-covid192.jpg 1200w, https:\/\/gremicafe.cat\/wp-content\/uploads\/2020\/06\/cafes-ros-covid192-768x512.jpg 768w, https:\/\/gremicafe.cat\/wp-content\/uploads\/2020\/06\/cafes-ros-covid192-1080x720.jpg 1080w\" sizes=\"(max-width: 1200px) 100vw, 1200px\" \/><\/p>\n<p>&nbsp;<\/p>\n<p>Durante la fase de confinamiento de la Covid-19, <strong>Caf\u00e9s Ros<\/strong> entreg\u00f3 todo tipo de caf\u00e9s a hospitales, geri\u00e1tricos, C\u00e1ritas de la zona de Arenys de Mar, Canet, Caldes d&#039;Estrach y Barcelona.<\/p>\n<p>Caf\u00e8s Ros quiso contribuir a la lucha contra la Covid-19 ofreciendo de forma gratuita servicios de toda clase de caf\u00e9 al personal y personas residentes.<\/p>\n<p>Los centros escogidos de la zona del Maresme fueron los siguientes:<\/p>\n<ul>\n<li>SCIAS Hospital de Barcelona \u2013 2.500 servicios de caf\u00e9 \u2013 Barcelona ciudad<\/li>\n<li>Residencia Geri\u00e1trica Municipal \u2013 2.000 servicios entre caf\u00e9 y descafeinado \u2013 Arenys de Mar<\/li>\n<li>\n<div class=\"\">Convento de los Frailes Capuchinos \u2013 500 servicios entre caf\u00e9 y descafeinado. \u2013 Arenys de Mar<\/div>\n<\/li>\n<li>\n<div class=\"\">Asilo Torrent - 850 servicios entre caf\u00e9 y descafeinado. \u2013 Arenys de Mar<\/div>\n<\/li>\n<li>\n<div class=\"\">Vil\u00e0 Bet\u00e0nia - 550 servicios entre caf\u00e9 y descafeinado. \u2013 Arenys de Mar<\/div>\n<\/li>\n<li>\n<div class=\"\">C\u00e1ritas \u2013 1.800 sobres de descafeinado soluble.- Arenys de Mar<\/div>\n<\/li>\n<li>\n<div class=\"\">Cruz Roja Maresme Centre - 9.500 sobres de az\u00facar y descafeinado. \u2013 Canet de Mar<\/div>\n<\/li>\n<li>\n<div class=\"\">Residencia Geri\u00e1trica Santa Berta. 250 servicios de descafeinado. \u2013 Caldas de Estrach<\/div>\n<\/li>\n<\/ul>\n<p>Una colaboraci\u00f3n voluntaria para agradecer al personal trabajador y residentes de estas instalaciones su esfuerzo en la lucha de esta epidemia.<\/p>\n<p>&nbsp;<\/p>\n<p><img loading=\"lazy\" decoding=\"async\" class=\"aligncenter size-full wp-image-5317\" src=\"https:\/\/gremicafe.cat\/wp-content\/uploads\/2020\/06\/cafes-ros-covid193.jpg\" alt=\"cafe Ros donacions cafe resid\u00e8ncies\" width=\"1200\" height=\"800\" srcset=\"https:\/\/gremicafe.cat\/wp-content\/uploads\/2020\/06\/cafes-ros-covid193.jpg 1200w, https:\/\/gremicafe.cat\/wp-content\/uploads\/2020\/06\/cafes-ros-covid193-768x512.jpg 768w, https:\/\/gremicafe.cat\/wp-content\/uploads\/2020\/06\/cafes-ros-covid193-1080x720.jpg 1080w\" sizes=\"(max-width: 1200px) 100vw, 1200px\" \/><\/p>","protected":false},"excerpt":{"rendered":"<p>&nbsp; Durant la fase de confinament de la Covid-19, Caf\u00e8s Ros va entregar tota mena de caf\u00e8s a hospitals, geri\u00e0trics, C\u00e0ritas de la zona d&#8217;Arenys de Mar, Canet, Caldes d&#8217;Estrach i Barcelona. Caf\u00e8s Ros va voler contribuir en la lluita contra la Covid-19 oferint de forma gratu\u00efta serveis de tota classe de caf\u00e8 al personal [&hellip;]<\/p>\n","protected":false},"author":1,"featured_media":5311,"comment_status":"closed","ping_status":"open","sticky":false,"template":"","format":"standard","meta":{"_acf_changed":false,"inline_featured_image":false,"footnotes":""},"categories":[1],"tags":[],"class_list":["post-5309","post","type-post","status-publish","format-standard","has-post-thumbnail","hentry","category-noticies"],"acf":[],"yoast_head":"<!-- This site is optimized with the Yoast SEO plugin v25.5 - https:\/\/yoast.com\/wordpress\/plugins\/seo\/ -->\n<title>Caf\u00e8s Ros d\u00f3na m\u00e9s de 15.000 serveis de caf\u00e8 entre hospitals i geri\u00e0trics durant la Covid-19 - Gremi del Caf\u00e8, torradors de Catalunya<\/title>\n<meta name=\"robots\" content=\"index, follow, max-snippet:-1, max-image-preview:large, max-video-preview:-1\" \/>\n<link rel=\"canonical\" href=\"https:\/\/gremicafe.cat\/es\/2020\/06\/04\/cafes-ros-dona-mes-de-15-000-serveis-de-cafe-entre-hospitals-i-geriatrics-durant-la-covid-19\/\" \/>\n<meta property=\"og:locale\" content=\"es_ES\" \/>\n<meta property=\"og:type\" content=\"article\" \/>\n<meta property=\"og:title\" content=\"Caf\u00e8s Ros d\u00f3na m\u00e9s de 15.000 serveis de caf\u00e8 entre hospitals i geri\u00e0trics durant la Covid-19 - Gremi del Caf\u00e8, torradors de Catalunya\" \/>\n<meta property=\"og:description\" content=\"&nbsp; Durant la fase de confinament de la Covid-19, Caf\u00e8s Ros va entregar tota mena de caf\u00e8s a hospitals, geri\u00e0trics, C\u00e0ritas de la zona d&#8217;Arenys de Mar, Canet, Caldes d&#8217;Estrach i Barcelona. Caf\u00e8s Ros va voler contribuir en la lluita contra la Covid-19 oferint de forma gratu\u00efta serveis de tota classe de caf\u00e8 al personal [&hellip;]\" \/>\n<meta property=\"og:url\" content=\"https:\/\/gremicafe.cat\/es\/2020\/06\/04\/cafes-ros-dona-mes-de-15-000-serveis-de-cafe-entre-hospitals-i-geriatrics-durant-la-covid-19\/\" \/>\n<meta property=\"og:site_name\" content=\"Gremi del Caf\u00e8, torradors de Catalunya\" \/>\n<meta property=\"article:publisher\" content=\"https:\/\/www.facebook.com\/gremicafecat\" \/>\n<meta property=\"article:published_time\" content=\"2020-06-04T09:04:57+00:00\" \/>\n<meta property=\"article:modified_time\" content=\"2020-06-04T12:12:55+00:00\" \/>\n<meta property=\"og:image\" content=\"https:\/\/gremicafe.cat\/wp-content\/uploads\/2020\/06\/cafes-ros-covid192.jpg\" \/>\n\t<meta property=\"og:image:width\" content=\"1200\" \/>\n\t<meta property=\"og:image:height\" content=\"800\" \/>\n\t<meta property=\"og:image:type\" content=\"image\/jpeg\" \/>\n<meta name=\"author\" content=\"gremicafe\" \/>\n<meta name=\"twitter:card\" content=\"summary_large_image\" \/>\n<meta name=\"twitter:creator\" content=\"@gremicafecat\" \/>\n<meta name=\"twitter:site\" content=\"@gremicafecat\" \/>\n<meta name=\"twitter:label1\" content=\"Escrito por\" \/>\n\t<meta name=\"twitter:data1\" content=\"gremicafe\" \/>\n\t<meta name=\"twitter:label2\" content=\"Tiempo de lectura\" \/>\n\t<meta name=\"twitter:data2\" content=\"1 minuto\" \/>\n<script type=\"application\/ld+json\" class=\"yoast-schema-graph\">{\"@context\":\"https:\/\/schema.org\",\"@graph\":[{\"@type\":\"Article\",\"@id\":\"https:\/\/gremicafe.cat\/2020\/06\/04\/cafes-ros-dona-mes-de-15-000-serveis-de-cafe-entre-hospitals-i-geriatrics-durant-la-covid-19\/#article\",\"isPartOf\":{\"@id\":\"https:\/\/gremicafe.cat\/2020\/06\/04\/cafes-ros-dona-mes-de-15-000-serveis-de-cafe-entre-hospitals-i-geriatrics-durant-la-covid-19\/\"},\"author\":{\"name\":\"gremicafe\",\"@id\":\"https:\/\/gremicafe.cat\/#\/schema\/person\/dabfdbb3d0fa36260855a380f94e4733\"},\"headline\":\"Caf\u00e8s Ros d\u00f3na m\u00e9s de 15.000 serveis de caf\u00e8 entre hospitals i geri\u00e0trics durant la Covid-19\",\"datePublished\":\"2020-06-04T09:04:57+00:00\",\"dateModified\":\"2020-06-04T12:12:55+00:00\",\"mainEntityOfPage\":{\"@id\":\"https:\/\/gremicafe.cat\/2020\/06\/04\/cafes-ros-dona-mes-de-15-000-serveis-de-cafe-entre-hospitals-i-geriatrics-durant-la-covid-19\/\"},\"wordCount\":231,\"publisher\":{\"@id\":\"https:\/\/gremicafe.cat\/#organization\"},\"image\":{\"@id\":\"https:\/\/gremicafe.cat\/2020\/06\/04\/cafes-ros-dona-mes-de-15-000-serveis-de-cafe-entre-hospitals-i-geriatrics-durant-la-covid-19\/#primaryimage\"},\"thumbnailUrl\":\"https:\/\/gremicafe.cat\/wp-content\/uploads\/2020\/06\/cafes-ros-covid192.jpg\",\"articleSection\":[\"Not\u00edcies\"],\"inLanguage\":\"es\"},{\"@type\":\"WebPage\",\"@id\":\"https:\/\/gremicafe.cat\/2020\/06\/04\/cafes-ros-dona-mes-de-15-000-serveis-de-cafe-entre-hospitals-i-geriatrics-durant-la-covid-19\/\",\"url\":\"https:\/\/gremicafe.cat\/2020\/06\/04\/cafes-ros-dona-mes-de-15-000-serveis-de-cafe-entre-hospitals-i-geriatrics-durant-la-covid-19\/\",\"name\":\"Caf\u00e8s Ros d\u00f3na m\u00e9s de 15.000 serveis de caf\u00e8 entre hospitals i geri\u00e0trics durant la Covid-19 - Gremi del Caf\u00e8, torradors de Catalunya\",\"isPartOf\":{\"@id\":\"https:\/\/gremicafe.cat\/#website\"},\"primaryImageOfPage\":{\"@id\":\"https:\/\/gremicafe.cat\/2020\/06\/04\/cafes-ros-dona-mes-de-15-000-serveis-de-cafe-entre-hospitals-i-geriatrics-durant-la-covid-19\/#primaryimage\"},\"image\":{\"@id\":\"https:\/\/gremicafe.cat\/2020\/06\/04\/cafes-ros-dona-mes-de-15-000-serveis-de-cafe-entre-hospitals-i-geriatrics-durant-la-covid-19\/#primaryimage\"},\"thumbnailUrl\":\"https:\/\/gremicafe.cat\/wp-content\/uploads\/2020\/06\/cafes-ros-covid192.jpg\",\"datePublished\":\"2020-06-04T09:04:57+00:00\",\"dateModified\":\"2020-06-04T12:12:55+00:00\",\"breadcrumb\":{\"@id\":\"https:\/\/gremicafe.cat\/2020\/06\/04\/cafes-ros-dona-mes-de-15-000-serveis-de-cafe-entre-hospitals-i-geriatrics-durant-la-covid-19\/#breadcrumb\"},\"inLanguage\":\"es\",\"potentialAction\":[{\"@type\":\"ReadAction\",\"target\":[\"https:\/\/gremicafe.cat\/2020\/06\/04\/cafes-ros-dona-mes-de-15-000-serveis-de-cafe-entre-hospitals-i-geriatrics-durant-la-covid-19\/\"]}]},{\"@type\":\"ImageObject\",\"inLanguage\":\"es\",\"@id\":\"https:\/\/gremicafe.cat\/2020\/06\/04\/cafes-ros-dona-mes-de-15-000-serveis-de-cafe-entre-hospitals-i-geriatrics-durant-la-covid-19\/#primaryimage\",\"url\":\"https:\/\/gremicafe.cat\/wp-content\/uploads\/2020\/06\/cafes-ros-covid192.jpg\",\"contentUrl\":\"https:\/\/gremicafe.cat\/wp-content\/uploads\/2020\/06\/cafes-ros-covid192.jpg\",\"width\":1200,\"height\":800,\"caption\":\"Donaci\u00f3 Cafes Ros durant el Covid-19\"},{\"@type\":\"BreadcrumbList\",\"@id\":\"https:\/\/gremicafe.cat\/2020\/06\/04\/cafes-ros-dona-mes-de-15-000-serveis-de-cafe-entre-hospitals-i-geriatrics-durant-la-covid-19\/#breadcrumb\",\"itemListElement\":[{\"@type\":\"ListItem\",\"position\":1,\"name\":\"Inici\",\"item\":\"https:\/\/gremicafe.cat\/\"},{\"@type\":\"ListItem\",\"position\":2,\"name\":\"Caf\u00e8s Ros d\u00f3na m\u00e9s de 15.000 serveis de caf\u00e8 entre hospitals i geri\u00e0trics durant la Covid-19\"}]},{\"@type\":\"WebSite\",\"@id\":\"https:\/\/gremicafe.cat\/#website\",\"url\":\"https:\/\/gremicafe.cat\/\",\"name\":\"Gremi del Caf\u00e8, torradors de Catalunya\",\"description\":\"Web oficial del gremi de torradors de caf\u00e8 de Catalunya\",\"publisher\":{\"@id\":\"https:\/\/gremicafe.cat\/#organization\"},\"potentialAction\":[{\"@type\":\"SearchAction\",\"target\":{\"@type\":\"EntryPoint\",\"urlTemplate\":\"https:\/\/gremicafe.cat\/?s={search_term_string}\"},\"query-input\":{\"@type\":\"PropertyValueSpecification\",\"valueRequired\":true,\"valueName\":\"search_term_string\"}}],\"inLanguage\":\"es\"},{\"@type\":\"Organization\",\"@id\":\"https:\/\/gremicafe.cat\/#organization\",\"name\":\"Gremi del Caf\u00e8, Torradors de Catalunya\",\"url\":\"https:\/\/gremicafe.cat\/\",\"logo\":{\"@type\":\"ImageObject\",\"inLanguage\":\"es\",\"@id\":\"https:\/\/gremicafe.cat\/#\/schema\/logo\/image\/\",\"url\":\"https:\/\/gremicafe.cat\/wp-content\/uploads\/2018\/03\/gremicafe-logo250.png\",\"contentUrl\":\"https:\/\/gremicafe.cat\/wp-content\/uploads\/2018\/03\/gremicafe-logo250.png\",\"width\":250,\"height\":49,\"caption\":\"Gremi del Caf\u00e8, Torradors de Catalunya\"},\"image\":{\"@id\":\"https:\/\/gremicafe.cat\/#\/schema\/logo\/image\/\"},\"sameAs\":[\"https:\/\/www.facebook.com\/gremicafecat\",\"https:\/\/x.com\/gremicafecat\",\"https:\/\/www.instagram.com\/gremicafecat\/\",\"https:\/\/www.pinterest.es\/gremicafecat\/\",\"https:\/\/www.youtube.com\/channel\/UCGLo5Y35vLwLvP4FrPZrCrw\/\"]},{\"@type\":\"Person\",\"@id\":\"https:\/\/gremicafe.cat\/#\/schema\/person\/dabfdbb3d0fa36260855a380f94e4733\",\"name\":\"gremicafe\",\"image\":{\"@type\":\"ImageObject\",\"inLanguage\":\"es\",\"@id\":\"https:\/\/gremicafe.cat\/#\/schema\/person\/image\/\",\"url\":\"https:\/\/secure.gravatar.com\/avatar\/e59baa4ca8f6f97576d6375fb6d3c8f0?s=96&d=mm&r=g\",\"contentUrl\":\"https:\/\/secure.gravatar.com\/avatar\/e59baa4ca8f6f97576d6375fb6d3c8f0?s=96&d=mm&r=g\",\"caption\":\"gremicafe\"}}]}<\/script>\n<!-- \/ Yoast SEO plugin. -->","yoast_head_json":{"title":"Caf\u00e8s Ros d\u00f3na m\u00e9s de 15.000 serveis de caf\u00e8 entre hospitals i geri\u00e0trics durant la Covid-19 - Gremi del Caf\u00e8, torradors de Catalunya","robots":{"index":"index","follow":"follow","max-snippet":"max-snippet:-1","max-image-preview":"max-image-preview:large","max-video-preview":"max-video-preview:-1"},"canonical":"https:\/\/gremicafe.cat\/es\/2020\/06\/04\/cafes-ros-dona-mes-de-15-000-serveis-de-cafe-entre-hospitals-i-geriatrics-durant-la-covid-19\/","og_locale":"es_ES","og_type":"article","og_title":"Caf\u00e8s Ros d\u00f3na m\u00e9s de 15.000 serveis de caf\u00e8 entre hospitals i geri\u00e0trics durant la Covid-19 - Gremi del Caf\u00e8, torradors de Catalunya","og_description":"&nbsp; Durant la fase de confinament de la Covid-19, Caf\u00e8s Ros va entregar tota mena de caf\u00e8s a hospitals, geri\u00e0trics, C\u00e0ritas de la zona d&#8217;Arenys de Mar, Canet, Caldes d&#8217;Estrach i Barcelona. Caf\u00e8s Ros va voler contribuir en la lluita contra la Covid-19 oferint de forma gratu\u00efta serveis de tota classe de caf\u00e8 al personal [&hellip;]","og_url":"https:\/\/gremicafe.cat\/es\/2020\/06\/04\/cafes-ros-dona-mes-de-15-000-serveis-de-cafe-entre-hospitals-i-geriatrics-durant-la-covid-19\/","og_site_name":"Gremi del Caf\u00e8, torradors de Catalunya","article_publisher":"https:\/\/www.facebook.com\/gremicafecat","article_published_time":"2020-06-04T09:04:57+00:00","article_modified_time":"2020-06-04T12:12:55+00:00","og_image":[{"width":1200,"height":800,"url":"https:\/\/gremicafe.cat\/wp-content\/uploads\/2020\/06\/cafes-ros-covid192.jpg","type":"image\/jpeg"}],"author":"gremicafe","twitter_card":"summary_large_image","twitter_creator":"@gremicafecat","twitter_site":"@gremicafecat","twitter_misc":{"Escrito por":"gremicafe","Tiempo de lectura":"1 minuto"},"schema":{"@context":"https:\/\/schema.org","@graph":[{"@type":"Article","@id":"https:\/\/gremicafe.cat\/2020\/06\/04\/cafes-ros-dona-mes-de-15-000-serveis-de-cafe-entre-hospitals-i-geriatrics-durant-la-covid-19\/#article","isPartOf":{"@id":"https:\/\/gremicafe.cat\/2020\/06\/04\/cafes-ros-dona-mes-de-15-000-serveis-de-cafe-entre-hospitals-i-geriatrics-durant-la-covid-19\/"},"author":{"name":"gremicafe","@id":"https:\/\/gremicafe.cat\/#\/schema\/person\/dabfdbb3d0fa36260855a380f94e4733"},"headline":"Caf\u00e8s Ros d\u00f3na m\u00e9s de 15.000 serveis de caf\u00e8 entre hospitals i geri\u00e0trics durant la Covid-19","datePublished":"2020-06-04T09:04:57+00:00","dateModified":"2020-06-04T12:12:55+00:00","mainEntityOfPage":{"@id":"https:\/\/gremicafe.cat\/2020\/06\/04\/cafes-ros-dona-mes-de-15-000-serveis-de-cafe-entre-hospitals-i-geriatrics-durant-la-covid-19\/"},"wordCount":231,"publisher":{"@id":"https:\/\/gremicafe.cat\/#organization"},"image":{"@id":"https:\/\/gremicafe.cat\/2020\/06\/04\/cafes-ros-dona-mes-de-15-000-serveis-de-cafe-entre-hospitals-i-geriatrics-durant-la-covid-19\/#primaryimage"},"thumbnailUrl":"https:\/\/gremicafe.cat\/wp-content\/uploads\/2020\/06\/cafes-ros-covid192.jpg","articleSection":["Not\u00edcies"],"inLanguage":"es"},{"@type":"WebPage","@id":"https:\/\/gremicafe.cat\/2020\/06\/04\/cafes-ros-dona-mes-de-15-000-serveis-de-cafe-entre-hospitals-i-geriatrics-durant-la-covid-19\/","url":"https:\/\/gremicafe.cat\/2020\/06\/04\/cafes-ros-dona-mes-de-15-000-serveis-de-cafe-entre-hospitals-i-geriatrics-durant-la-covid-19\/","name":"Caf\u00e8s Ros d\u00f3na m\u00e9s de 15.000 serveis de caf\u00e8 entre hospitals i geri\u00e0trics durant la Covid-19 - Gremi del Caf\u00e8, torradors de Catalunya","isPartOf":{"@id":"https:\/\/gremicafe.cat\/#website"},"primaryImageOfPage":{"@id":"https:\/\/gremicafe.cat\/2020\/06\/04\/cafes-ros-dona-mes-de-15-000-serveis-de-cafe-entre-hospitals-i-geriatrics-durant-la-covid-19\/#primaryimage"},"image":{"@id":"https:\/\/gremicafe.cat\/2020\/06\/04\/cafes-ros-dona-mes-de-15-000-serveis-de-cafe-entre-hospitals-i-geriatrics-durant-la-covid-19\/#primaryimage"},"thumbnailUrl":"https:\/\/gremicafe.cat\/wp-content\/uploads\/2020\/06\/cafes-ros-covid192.jpg","datePublished":"2020-06-04T09:04:57+00:00","dateModified":"2020-06-04T12:12:55+00:00","breadcrumb":{"@id":"https:\/\/gremicafe.cat\/2020\/06\/04\/cafes-ros-dona-mes-de-15-000-serveis-de-cafe-entre-hospitals-i-geriatrics-durant-la-covid-19\/#breadcrumb"},"inLanguage":"es","potentialAction":[{"@type":"ReadAction","target":["https:\/\/gremicafe.cat\/2020\/06\/04\/cafes-ros-dona-mes-de-15-000-serveis-de-cafe-entre-hospitals-i-geriatrics-durant-la-covid-19\/"]}]},{"@type":"ImageObject","inLanguage":"es","@id":"https:\/\/gremicafe.cat\/2020\/06\/04\/cafes-ros-dona-mes-de-15-000-serveis-de-cafe-entre-hospitals-i-geriatrics-durant-la-covid-19\/#primaryimage","url":"https:\/\/gremicafe.cat\/wp-content\/uploads\/2020\/06\/cafes-ros-covid192.jpg","contentUrl":"https:\/\/gremicafe.cat\/wp-content\/uploads\/2020\/06\/cafes-ros-covid192.jpg","width":1200,"height":800,"caption":"Donaci\u00f3 Cafes Ros durant el Covid-19"},{"@type":"BreadcrumbList","@id":"https:\/\/gremicafe.cat\/2020\/06\/04\/cafes-ros-dona-mes-de-15-000-serveis-de-cafe-entre-hospitals-i-geriatrics-durant-la-covid-19\/#breadcrumb","itemListElement":[{"@type":"ListItem","position":1,"name":"Inici","item":"https:\/\/gremicafe.cat\/"},{"@type":"ListItem","position":2,"name":"Caf\u00e8s Ros d\u00f3na m\u00e9s de 15.000 serveis de caf\u00e8 entre hospitals i geri\u00e0trics durant la Covid-19"}]},{"@type":"WebSite","@id":"https:\/\/gremicafe.cat\/#website","url":"https:\/\/gremicafe.cat\/","name":"Gremio del Caf\u00e9, tostadores de Catalu\u00f1a","description":"Web oficial del gremio de tostadores de caf\u00e9 de Catalunya","publisher":{"@id":"https:\/\/gremicafe.cat\/#organization"},"potentialAction":[{"@type":"SearchAction","target":{"@type":"EntryPoint","urlTemplate":"https:\/\/gremicafe.cat\/?s={search_term_string}"},"query-input":{"@type":"PropertyValueSpecification","valueRequired":true,"valueName":"search_term_string"}}],"inLanguage":"es"},{"@type":"Organization","@id":"https:\/\/gremicafe.cat\/#organization","name":"Gremio del Caf\u00e9, Tostadores de Catalu\u00f1a","url":"https:\/\/gremicafe.cat\/","logo":{"@type":"ImageObject","inLanguage":"es","@id":"https:\/\/gremicafe.cat\/#\/schema\/logo\/image\/","url":"https:\/\/gremicafe.cat\/wp-content\/uploads\/2018\/03\/gremicafe-logo250.png","contentUrl":"https:\/\/gremicafe.cat\/wp-content\/uploads\/2018\/03\/gremicafe-logo250.png","width":250,"height":49,"caption":"Gremi del Caf\u00e8, Torradors de Catalunya"},"image":{"@id":"https:\/\/gremicafe.cat\/#\/schema\/logo\/image\/"},"sameAs":["https:\/\/www.facebook.com\/gremicafecat","https:\/\/x.com\/gremicafecat","https:\/\/www.instagram.com\/gremicafecat\/","https:\/\/www.pinterest.es\/gremicafecat\/","https:\/\/www.youtube.com\/channel\/UCGLo5Y35vLwLvP4FrPZrCrw\/"]},{"@type":"Person","@id":"https:\/\/gremicafe.cat\/#\/schema\/person\/dabfdbb3d0fa36260855a380f94e4733","name":"gremicafe","image":{"@type":"ImageObject","inLanguage":"es","@id":"https:\/\/gremicafe.cat\/#\/schema\/person\/image\/","url":"https:\/\/secure.gravatar.com\/avatar\/e59baa4ca8f6f97576d6375fb6d3c8f0?s=96&d=mm&r=g","contentUrl":"https:\/\/secure.gravatar.com\/avatar\/e59baa4ca8f6f97576d6375fb6d3c8f0?s=96&d=mm&r=g","caption":"gremicafe"}}]}},"_links":{"self":[{"href":"https:\/\/gremicafe.cat\/es\/wp-json\/wp\/v2\/posts\/5309"}],"collection":[{"href":"https:\/\/gremicafe.cat\/es\/wp-json\/wp\/v2\/posts"}],"about":[{"href":"https:\/\/gremicafe.cat\/es\/wp-json\/wp\/v2\/types\/post"}],"author":[{"embeddable":true,"href":"https:\/\/gremicafe.cat\/es\/wp-json\/wp\/v2\/users\/1"}],"replies":[{"embeddable":true,"href":"https:\/\/gremicafe.cat\/es\/wp-json\/wp\/v2\/comments?post=5309"}],"version-history":[{"count":0,"href":"https:\/\/gremicafe.cat\/es\/wp-json\/wp\/v2\/posts\/5309\/revisions"}],"wp:featuredmedia":[{"embeddable":true,"href":"https:\/\/gremicafe.cat\/es\/wp-json\/wp\/v2\/media\/5311"}],"wp:attachment":[{"href":"https:\/\/gremicafe.cat\/es\/wp-json\/wp\/v2\/media?parent=5309"}],"wp:term":[{"taxonomy":"category","embeddable":true,"href":"https:\/\/gremicafe.cat\/es\/wp-json\/wp\/v2\/categories?post=5309"},{"taxonomy":"post_tag","embeddable":true,"href":"https:\/\/gremicafe.cat\/es\/wp-json\/wp\/v2\/tags?post=5309"}],"curies":[{"name":"wp","href":"https:\/\/api.w.org\/{rel}","templated":true}]}}