{"id":5313,"date":"2020-06-04T13:50:44","date_gmt":"2020-06-04T11:50:44","guid":{"rendered":"https:\/\/gremicafe.cat\/?p=5313"},"modified":"2020-06-05T12:38:24","modified_gmt":"2020-06-05T10:38:24","slug":"cafe-saula-dona-mes-de-4-000-capsules-de-cafe-a-hospitals-i-residencies-de-catalunya","status":"publish","type":"post","link":"https:\/\/gremicafe.cat\/es\/2020\/06\/04\/cafe-saula-dona-mes-de-4-000-capsules-de-cafe-a-hospitals-i-residencies-de-catalunya\/","title":{"rendered":"Caf\u00e9 Saula da m\u00e1s de 5.000 c\u00e1psulas de caf\u00e9 a hospitales y residencias de Catalu\u00f1a"},"content":{"rendered":"<p><img loading=\"lazy\" decoding=\"async\" class=\"aligncenter size-full wp-image-5315\" src=\"https:\/\/gremicafe.cat\/wp-content\/uploads\/2020\/06\/Cafe-Saula-Vall-dhebron.jpg\" alt=\"Cafe Saula dona capsules a hospitals i resid\u00e8ncies\" width=\"711\" height=\"533\" \/><\/p>\n<p>&nbsp;<\/p>\n<p><a href=\"https:\/\/www.cafesaula.com\/blog\/cafe-saula-reparteix-mes-de-4-000-capsules-de-cafe-a-hospitals-i-residencies-de-catalunya\/\"><strong>Caf\u00e9 Saula<\/strong> <\/a>se une a la campa\u00f1a de solidaridad del<strong> Gremio de Caf\u00e9, Tostadores de Catalu\u00f1a<\/strong>, y reparti\u00f3 m\u00e1s de 5.000 c\u00e1psulas de caf\u00e9 de forma gratuita a las personas que est\u00e1n trabajando d\u00eda a d\u00eda contra la epidemia de la Covid-19.<\/p>\n<p>Las m\u00e1s de 4.000 c\u00e1psulas, infusiones y sobrecitos de az\u00facar fueron enviadas a distintos hospitales de Catalu\u00f1a; <strong>Hospital Vall d&#039;Hebron<\/strong>,\u00a0<strong>el Hospital SocioSanitari Sagrat Cor, el Hospital de Matar\u00f3 y la Cl\u00ednica del Remei.\u00a0<\/strong><\/p>\n<p>Tambi\u00e9n hicieron una aportaci\u00f3n a residencias de personas mayores como la <strong>Residencia Vibentia Mullerat,\u00a0<\/strong>donde enviaron m\u00e1s de 400 c\u00e1psulas y latas de caf\u00e9 mucho.<\/p>","protected":false},"excerpt":{"rendered":"<p>&nbsp; Caf\u00e9 Saula s&#8217;uneix a la campanya de solidaritat del Gremi de Caf\u00e8, Torradors de Catalunya, i va repartir m\u00e9s de 5.000 c\u00e0psules de caf\u00e8 de forma gratu\u00efta a les persones que estan treballant dia a dia contra l&#8217;epid\u00e8mia de la Covid-19. Les m\u00e9s de 4.000 c\u00e0psules, infusions i sobrets de sucre van ser enviades [&hellip;]<\/p>\n","protected":false},"author":1,"featured_media":5315,"comment_status":"closed","ping_status":"open","sticky":false,"template":"","format":"standard","meta":{"_acf_changed":false,"inline_featured_image":false,"footnotes":""},"categories":[1],"tags":[],"class_list":["post-5313","post","type-post","status-publish","format-standard","has-post-thumbnail","hentry","category-noticies"],"acf":[],"yoast_head":"<!-- This site is optimized with the Yoast SEO plugin v25.5 - https:\/\/yoast.com\/wordpress\/plugins\/seo\/ -->\n<title>Caf\u00e8 Saula d\u00f3na m\u00e9s de 5.000 c\u00e0psules de caf\u00e8 a hospitals i resid\u00e8ncies de Catalunya - Gremi del Caf\u00e8, torradors de Catalunya<\/title>\n<meta name=\"robots\" content=\"index, follow, max-snippet:-1, max-image-preview:large, max-video-preview:-1\" \/>\n<link rel=\"canonical\" href=\"https:\/\/gremicafe.cat\/es\/2020\/06\/04\/cafe-saula-dona-mes-de-4-000-capsules-de-cafe-a-hospitals-i-residencies-de-catalunya\/\" \/>\n<meta property=\"og:locale\" content=\"es_ES\" \/>\n<meta property=\"og:type\" content=\"article\" \/>\n<meta property=\"og:title\" content=\"Caf\u00e8 Saula d\u00f3na m\u00e9s de 5.000 c\u00e0psules de caf\u00e8 a hospitals i resid\u00e8ncies de Catalunya - Gremi del Caf\u00e8, torradors de Catalunya\" \/>\n<meta property=\"og:description\" content=\"&nbsp; Caf\u00e9 Saula s&#8217;uneix a la campanya de solidaritat del Gremi de Caf\u00e8, Torradors de Catalunya, i va repartir m\u00e9s de 5.000 c\u00e0psules de caf\u00e8 de forma gratu\u00efta a les persones que estan treballant dia a dia contra l&#8217;epid\u00e8mia de la Covid-19. Les m\u00e9s de 4.000 c\u00e0psules, infusions i sobrets de sucre van ser enviades [&hellip;]\" \/>\n<meta property=\"og:url\" content=\"https:\/\/gremicafe.cat\/es\/2020\/06\/04\/cafe-saula-dona-mes-de-4-000-capsules-de-cafe-a-hospitals-i-residencies-de-catalunya\/\" \/>\n<meta property=\"og:site_name\" content=\"Gremi del Caf\u00e8, torradors de Catalunya\" \/>\n<meta property=\"article:publisher\" content=\"https:\/\/www.facebook.com\/gremicafecat\" \/>\n<meta property=\"article:published_time\" content=\"2020-06-04T11:50:44+00:00\" \/>\n<meta property=\"article:modified_time\" content=\"2020-06-05T10:38:24+00:00\" \/>\n<meta property=\"og:image\" content=\"https:\/\/gremicafe.cat\/wp-content\/uploads\/2020\/06\/Cafe-Saula-Vall-dhebron.jpg\" \/>\n\t<meta property=\"og:image:width\" content=\"711\" \/>\n\t<meta property=\"og:image:height\" content=\"533\" \/>\n\t<meta property=\"og:image:type\" content=\"image\/jpeg\" \/>\n<meta name=\"author\" content=\"gremicafe\" \/>\n<meta name=\"twitter:card\" content=\"summary_large_image\" \/>\n<meta name=\"twitter:creator\" content=\"@gremicafecat\" \/>\n<meta name=\"twitter:site\" content=\"@gremicafecat\" \/>\n<meta name=\"twitter:label1\" content=\"Escrito por\" \/>\n\t<meta name=\"twitter:data1\" content=\"gremicafe\" \/>\n\t<meta name=\"twitter:label2\" content=\"Tiempo de lectura\" \/>\n\t<meta name=\"twitter:data2\" content=\"1 minuto\" \/>\n<script type=\"application\/ld+json\" class=\"yoast-schema-graph\">{\"@context\":\"https:\/\/schema.org\",\"@graph\":[{\"@type\":\"Article\",\"@id\":\"https:\/\/gremicafe.cat\/2020\/06\/04\/cafe-saula-dona-mes-de-4-000-capsules-de-cafe-a-hospitals-i-residencies-de-catalunya\/#article\",\"isPartOf\":{\"@id\":\"https:\/\/gremicafe.cat\/2020\/06\/04\/cafe-saula-dona-mes-de-4-000-capsules-de-cafe-a-hospitals-i-residencies-de-catalunya\/\"},\"author\":{\"name\":\"gremicafe\",\"@id\":\"https:\/\/gremicafe.cat\/#\/schema\/person\/dabfdbb3d0fa36260855a380f94e4733\"},\"headline\":\"Caf\u00e8 Saula d\u00f3na m\u00e9s de 5.000 c\u00e0psules de caf\u00e8 a hospitals i resid\u00e8ncies de Catalunya\",\"datePublished\":\"2020-06-04T11:50:44+00:00\",\"dateModified\":\"2020-06-05T10:38:24+00:00\",\"mainEntityOfPage\":{\"@id\":\"https:\/\/gremicafe.cat\/2020\/06\/04\/cafe-saula-dona-mes-de-4-000-capsules-de-cafe-a-hospitals-i-residencies-de-catalunya\/\"},\"wordCount\":131,\"publisher\":{\"@id\":\"https:\/\/gremicafe.cat\/#organization\"},\"image\":{\"@id\":\"https:\/\/gremicafe.cat\/2020\/06\/04\/cafe-saula-dona-mes-de-4-000-capsules-de-cafe-a-hospitals-i-residencies-de-catalunya\/#primaryimage\"},\"thumbnailUrl\":\"https:\/\/gremicafe.cat\/wp-content\/uploads\/2020\/06\/Cafe-Saula-Vall-dhebron.jpg\",\"articleSection\":[\"Not\u00edcies\"],\"inLanguage\":\"es\"},{\"@type\":\"WebPage\",\"@id\":\"https:\/\/gremicafe.cat\/2020\/06\/04\/cafe-saula-dona-mes-de-4-000-capsules-de-cafe-a-hospitals-i-residencies-de-catalunya\/\",\"url\":\"https:\/\/gremicafe.cat\/2020\/06\/04\/cafe-saula-dona-mes-de-4-000-capsules-de-cafe-a-hospitals-i-residencies-de-catalunya\/\",\"name\":\"Caf\u00e8 Saula d\u00f3na m\u00e9s de 5.000 c\u00e0psules de caf\u00e8 a hospitals i resid\u00e8ncies de Catalunya - Gremi del Caf\u00e8, torradors de Catalunya\",\"isPartOf\":{\"@id\":\"https:\/\/gremicafe.cat\/#website\"},\"primaryImageOfPage\":{\"@id\":\"https:\/\/gremicafe.cat\/2020\/06\/04\/cafe-saula-dona-mes-de-4-000-capsules-de-cafe-a-hospitals-i-residencies-de-catalunya\/#primaryimage\"},\"image\":{\"@id\":\"https:\/\/gremicafe.cat\/2020\/06\/04\/cafe-saula-dona-mes-de-4-000-capsules-de-cafe-a-hospitals-i-residencies-de-catalunya\/#primaryimage\"},\"thumbnailUrl\":\"https:\/\/gremicafe.cat\/wp-content\/uploads\/2020\/06\/Cafe-Saula-Vall-dhebron.jpg\",\"datePublished\":\"2020-06-04T11:50:44+00:00\",\"dateModified\":\"2020-06-05T10:38:24+00:00\",\"breadcrumb\":{\"@id\":\"https:\/\/gremicafe.cat\/2020\/06\/04\/cafe-saula-dona-mes-de-4-000-capsules-de-cafe-a-hospitals-i-residencies-de-catalunya\/#breadcrumb\"},\"inLanguage\":\"es\",\"potentialAction\":[{\"@type\":\"ReadAction\",\"target\":[\"https:\/\/gremicafe.cat\/2020\/06\/04\/cafe-saula-dona-mes-de-4-000-capsules-de-cafe-a-hospitals-i-residencies-de-catalunya\/\"]}]},{\"@type\":\"ImageObject\",\"inLanguage\":\"es\",\"@id\":\"https:\/\/gremicafe.cat\/2020\/06\/04\/cafe-saula-dona-mes-de-4-000-capsules-de-cafe-a-hospitals-i-residencies-de-catalunya\/#primaryimage\",\"url\":\"https:\/\/gremicafe.cat\/wp-content\/uploads\/2020\/06\/Cafe-Saula-Vall-dhebron.jpg\",\"contentUrl\":\"https:\/\/gremicafe.cat\/wp-content\/uploads\/2020\/06\/Cafe-Saula-Vall-dhebron.jpg\",\"width\":711,\"height\":533,\"caption\":\"Cafe Saula dona capsules a hospitals i resid\u00e8ncies\"},{\"@type\":\"BreadcrumbList\",\"@id\":\"https:\/\/gremicafe.cat\/2020\/06\/04\/cafe-saula-dona-mes-de-4-000-capsules-de-cafe-a-hospitals-i-residencies-de-catalunya\/#breadcrumb\",\"itemListElement\":[{\"@type\":\"ListItem\",\"position\":1,\"name\":\"Inici\",\"item\":\"https:\/\/gremicafe.cat\/\"},{\"@type\":\"ListItem\",\"position\":2,\"name\":\"Caf\u00e8 Saula d\u00f3na m\u00e9s de 5.000 c\u00e0psules de caf\u00e8 a hospitals i resid\u00e8ncies de Catalunya\"}]},{\"@type\":\"WebSite\",\"@id\":\"https:\/\/gremicafe.cat\/#website\",\"url\":\"https:\/\/gremicafe.cat\/\",\"name\":\"Gremi del Caf\u00e8, torradors de Catalunya\",\"description\":\"Web oficial del gremi de torradors de caf\u00e8 de Catalunya\",\"publisher\":{\"@id\":\"https:\/\/gremicafe.cat\/#organization\"},\"potentialAction\":[{\"@type\":\"SearchAction\",\"target\":{\"@type\":\"EntryPoint\",\"urlTemplate\":\"https:\/\/gremicafe.cat\/?s={search_term_string}\"},\"query-input\":{\"@type\":\"PropertyValueSpecification\",\"valueRequired\":true,\"valueName\":\"search_term_string\"}}],\"inLanguage\":\"es\"},{\"@type\":\"Organization\",\"@id\":\"https:\/\/gremicafe.cat\/#organization\",\"name\":\"Gremi del Caf\u00e8, Torradors de Catalunya\",\"url\":\"https:\/\/gremicafe.cat\/\",\"logo\":{\"@type\":\"ImageObject\",\"inLanguage\":\"es\",\"@id\":\"https:\/\/gremicafe.cat\/#\/schema\/logo\/image\/\",\"url\":\"https:\/\/gremicafe.cat\/wp-content\/uploads\/2018\/03\/gremicafe-logo250.png\",\"contentUrl\":\"https:\/\/gremicafe.cat\/wp-content\/uploads\/2018\/03\/gremicafe-logo250.png\",\"width\":250,\"height\":49,\"caption\":\"Gremi del Caf\u00e8, Torradors de Catalunya\"},\"image\":{\"@id\":\"https:\/\/gremicafe.cat\/#\/schema\/logo\/image\/\"},\"sameAs\":[\"https:\/\/www.facebook.com\/gremicafecat\",\"https:\/\/x.com\/gremicafecat\",\"https:\/\/www.instagram.com\/gremicafecat\/\",\"https:\/\/www.pinterest.es\/gremicafecat\/\",\"https:\/\/www.youtube.com\/channel\/UCGLo5Y35vLwLvP4FrPZrCrw\/\"]},{\"@type\":\"Person\",\"@id\":\"https:\/\/gremicafe.cat\/#\/schema\/person\/dabfdbb3d0fa36260855a380f94e4733\",\"name\":\"gremicafe\",\"image\":{\"@type\":\"ImageObject\",\"inLanguage\":\"es\",\"@id\":\"https:\/\/gremicafe.cat\/#\/schema\/person\/image\/\",\"url\":\"https:\/\/secure.gravatar.com\/avatar\/e59baa4ca8f6f97576d6375fb6d3c8f0?s=96&d=mm&r=g\",\"contentUrl\":\"https:\/\/secure.gravatar.com\/avatar\/e59baa4ca8f6f97576d6375fb6d3c8f0?s=96&d=mm&r=g\",\"caption\":\"gremicafe\"}}]}<\/script>\n<!-- \/ Yoast SEO plugin. -->","yoast_head_json":{"title":"Caf\u00e8 Saula d\u00f3na m\u00e9s de 5.000 c\u00e0psules de caf\u00e8 a hospitals i resid\u00e8ncies de Catalunya - Gremi del Caf\u00e8, torradors de Catalunya","robots":{"index":"index","follow":"follow","max-snippet":"max-snippet:-1","max-image-preview":"max-image-preview:large","max-video-preview":"max-video-preview:-1"},"canonical":"https:\/\/gremicafe.cat\/es\/2020\/06\/04\/cafe-saula-dona-mes-de-4-000-capsules-de-cafe-a-hospitals-i-residencies-de-catalunya\/","og_locale":"es_ES","og_type":"article","og_title":"Caf\u00e8 Saula d\u00f3na m\u00e9s de 5.000 c\u00e0psules de caf\u00e8 a hospitals i resid\u00e8ncies de Catalunya - Gremi del Caf\u00e8, torradors de Catalunya","og_description":"&nbsp; Caf\u00e9 Saula s&#8217;uneix a la campanya de solidaritat del Gremi de Caf\u00e8, Torradors de Catalunya, i va repartir m\u00e9s de 5.000 c\u00e0psules de caf\u00e8 de forma gratu\u00efta a les persones que estan treballant dia a dia contra l&#8217;epid\u00e8mia de la Covid-19. Les m\u00e9s de 4.000 c\u00e0psules, infusions i sobrets de sucre van ser enviades [&hellip;]","og_url":"https:\/\/gremicafe.cat\/es\/2020\/06\/04\/cafe-saula-dona-mes-de-4-000-capsules-de-cafe-a-hospitals-i-residencies-de-catalunya\/","og_site_name":"Gremi del Caf\u00e8, torradors de Catalunya","article_publisher":"https:\/\/www.facebook.com\/gremicafecat","article_published_time":"2020-06-04T11:50:44+00:00","article_modified_time":"2020-06-05T10:38:24+00:00","og_image":[{"width":711,"height":533,"url":"https:\/\/gremicafe.cat\/wp-content\/uploads\/2020\/06\/Cafe-Saula-Vall-dhebron.jpg","type":"image\/jpeg"}],"author":"gremicafe","twitter_card":"summary_large_image","twitter_creator":"@gremicafecat","twitter_site":"@gremicafecat","twitter_misc":{"Escrito por":"gremicafe","Tiempo de lectura":"1 minuto"},"schema":{"@context":"https:\/\/schema.org","@graph":[{"@type":"Article","@id":"https:\/\/gremicafe.cat\/2020\/06\/04\/cafe-saula-dona-mes-de-4-000-capsules-de-cafe-a-hospitals-i-residencies-de-catalunya\/#article","isPartOf":{"@id":"https:\/\/gremicafe.cat\/2020\/06\/04\/cafe-saula-dona-mes-de-4-000-capsules-de-cafe-a-hospitals-i-residencies-de-catalunya\/"},"author":{"name":"gremicafe","@id":"https:\/\/gremicafe.cat\/#\/schema\/person\/dabfdbb3d0fa36260855a380f94e4733"},"headline":"Caf\u00e8 Saula d\u00f3na m\u00e9s de 5.000 c\u00e0psules de caf\u00e8 a hospitals i resid\u00e8ncies de Catalunya","datePublished":"2020-06-04T11:50:44+00:00","dateModified":"2020-06-05T10:38:24+00:00","mainEntityOfPage":{"@id":"https:\/\/gremicafe.cat\/2020\/06\/04\/cafe-saula-dona-mes-de-4-000-capsules-de-cafe-a-hospitals-i-residencies-de-catalunya\/"},"wordCount":131,"publisher":{"@id":"https:\/\/gremicafe.cat\/#organization"},"image":{"@id":"https:\/\/gremicafe.cat\/2020\/06\/04\/cafe-saula-dona-mes-de-4-000-capsules-de-cafe-a-hospitals-i-residencies-de-catalunya\/#primaryimage"},"thumbnailUrl":"https:\/\/gremicafe.cat\/wp-content\/uploads\/2020\/06\/Cafe-Saula-Vall-dhebron.jpg","articleSection":["Not\u00edcies"],"inLanguage":"es"},{"@type":"WebPage","@id":"https:\/\/gremicafe.cat\/2020\/06\/04\/cafe-saula-dona-mes-de-4-000-capsules-de-cafe-a-hospitals-i-residencies-de-catalunya\/","url":"https:\/\/gremicafe.cat\/2020\/06\/04\/cafe-saula-dona-mes-de-4-000-capsules-de-cafe-a-hospitals-i-residencies-de-catalunya\/","name":"Caf\u00e8 Saula d\u00f3na m\u00e9s de 5.000 c\u00e0psules de caf\u00e8 a hospitals i resid\u00e8ncies de Catalunya - Gremi del Caf\u00e8, torradors de Catalunya","isPartOf":{"@id":"https:\/\/gremicafe.cat\/#website"},"primaryImageOfPage":{"@id":"https:\/\/gremicafe.cat\/2020\/06\/04\/cafe-saula-dona-mes-de-4-000-capsules-de-cafe-a-hospitals-i-residencies-de-catalunya\/#primaryimage"},"image":{"@id":"https:\/\/gremicafe.cat\/2020\/06\/04\/cafe-saula-dona-mes-de-4-000-capsules-de-cafe-a-hospitals-i-residencies-de-catalunya\/#primaryimage"},"thumbnailUrl":"https:\/\/gremicafe.cat\/wp-content\/uploads\/2020\/06\/Cafe-Saula-Vall-dhebron.jpg","datePublished":"2020-06-04T11:50:44+00:00","dateModified":"2020-06-05T10:38:24+00:00","breadcrumb":{"@id":"https:\/\/gremicafe.cat\/2020\/06\/04\/cafe-saula-dona-mes-de-4-000-capsules-de-cafe-a-hospitals-i-residencies-de-catalunya\/#breadcrumb"},"inLanguage":"es","potentialAction":[{"@type":"ReadAction","target":["https:\/\/gremicafe.cat\/2020\/06\/04\/cafe-saula-dona-mes-de-4-000-capsules-de-cafe-a-hospitals-i-residencies-de-catalunya\/"]}]},{"@type":"ImageObject","inLanguage":"es","@id":"https:\/\/gremicafe.cat\/2020\/06\/04\/cafe-saula-dona-mes-de-4-000-capsules-de-cafe-a-hospitals-i-residencies-de-catalunya\/#primaryimage","url":"https:\/\/gremicafe.cat\/wp-content\/uploads\/2020\/06\/Cafe-Saula-Vall-dhebron.jpg","contentUrl":"https:\/\/gremicafe.cat\/wp-content\/uploads\/2020\/06\/Cafe-Saula-Vall-dhebron.jpg","width":711,"height":533,"caption":"Cafe Saula dona capsules a hospitals i resid\u00e8ncies"},{"@type":"BreadcrumbList","@id":"https:\/\/gremicafe.cat\/2020\/06\/04\/cafe-saula-dona-mes-de-4-000-capsules-de-cafe-a-hospitals-i-residencies-de-catalunya\/#breadcrumb","itemListElement":[{"@type":"ListItem","position":1,"name":"Inici","item":"https:\/\/gremicafe.cat\/"},{"@type":"ListItem","position":2,"name":"Caf\u00e8 Saula d\u00f3na m\u00e9s de 5.000 c\u00e0psules de caf\u00e8 a hospitals i resid\u00e8ncies de Catalunya"}]},{"@type":"WebSite","@id":"https:\/\/gremicafe.cat\/#website","url":"https:\/\/gremicafe.cat\/","name":"Gremio del Caf\u00e9, tostadores de Catalu\u00f1a","description":"Web oficial del gremio de tostadores de caf\u00e9 de Catalunya","publisher":{"@id":"https:\/\/gremicafe.cat\/#organization"},"potentialAction":[{"@type":"SearchAction","target":{"@type":"EntryPoint","urlTemplate":"https:\/\/gremicafe.cat\/?s={search_term_string}"},"query-input":{"@type":"PropertyValueSpecification","valueRequired":true,"valueName":"search_term_string"}}],"inLanguage":"es"},{"@type":"Organization","@id":"https:\/\/gremicafe.cat\/#organization","name":"Gremio del Caf\u00e9, Tostadores de Catalu\u00f1a","url":"https:\/\/gremicafe.cat\/","logo":{"@type":"ImageObject","inLanguage":"es","@id":"https:\/\/gremicafe.cat\/#\/schema\/logo\/image\/","url":"https:\/\/gremicafe.cat\/wp-content\/uploads\/2018\/03\/gremicafe-logo250.png","contentUrl":"https:\/\/gremicafe.cat\/wp-content\/uploads\/2018\/03\/gremicafe-logo250.png","width":250,"height":49,"caption":"Gremi del Caf\u00e8, Torradors de Catalunya"},"image":{"@id":"https:\/\/gremicafe.cat\/#\/schema\/logo\/image\/"},"sameAs":["https:\/\/www.facebook.com\/gremicafecat","https:\/\/x.com\/gremicafecat","https:\/\/www.instagram.com\/gremicafecat\/","https:\/\/www.pinterest.es\/gremicafecat\/","https:\/\/www.youtube.com\/channel\/UCGLo5Y35vLwLvP4FrPZrCrw\/"]},{"@type":"Person","@id":"https:\/\/gremicafe.cat\/#\/schema\/person\/dabfdbb3d0fa36260855a380f94e4733","name":"gremicafe","image":{"@type":"ImageObject","inLanguage":"es","@id":"https:\/\/gremicafe.cat\/#\/schema\/person\/image\/","url":"https:\/\/secure.gravatar.com\/avatar\/e59baa4ca8f6f97576d6375fb6d3c8f0?s=96&d=mm&r=g","contentUrl":"https:\/\/secure.gravatar.com\/avatar\/e59baa4ca8f6f97576d6375fb6d3c8f0?s=96&d=mm&r=g","caption":"gremicafe"}}]}},"_links":{"self":[{"href":"https:\/\/gremicafe.cat\/es\/wp-json\/wp\/v2\/posts\/5313"}],"collection":[{"href":"https:\/\/gremicafe.cat\/es\/wp-json\/wp\/v2\/posts"}],"about":[{"href":"https:\/\/gremicafe.cat\/es\/wp-json\/wp\/v2\/types\/post"}],"author":[{"embeddable":true,"href":"https:\/\/gremicafe.cat\/es\/wp-json\/wp\/v2\/users\/1"}],"replies":[{"embeddable":true,"href":"https:\/\/gremicafe.cat\/es\/wp-json\/wp\/v2\/comments?post=5313"}],"version-history":[{"count":0,"href":"https:\/\/gremicafe.cat\/es\/wp-json\/wp\/v2\/posts\/5313\/revisions"}],"wp:featuredmedia":[{"embeddable":true,"href":"https:\/\/gremicafe.cat\/es\/wp-json\/wp\/v2\/media\/5315"}],"wp:attachment":[{"href":"https:\/\/gremicafe.cat\/es\/wp-json\/wp\/v2\/media?parent=5313"}],"wp:term":[{"taxonomy":"category","embeddable":true,"href":"https:\/\/gremicafe.cat\/es\/wp-json\/wp\/v2\/categories?post=5313"},{"taxonomy":"post_tag","embeddable":true,"href":"https:\/\/gremicafe.cat\/es\/wp-json\/wp\/v2\/tags?post=5313"}],"curies":[{"name":"wp","href":"https:\/\/api.w.org\/{rel}","templated":true}]}}