{"id":5344,"date":"2020-06-16T11:21:47","date_gmt":"2020-06-16T09:21:47","guid":{"rendered":"https:\/\/gremicafe.cat\/?p=5344"},"modified":"2020-06-16T11:21:47","modified_gmt":"2020-06-16T09:21:47","slug":"el-cafe-i-seus-els-beneficis-digestius","status":"publish","type":"post","link":"https:\/\/gremicafe.cat\/es\/2020\/06\/16\/el-cafe-i-seus-els-beneficis-digestius\/","title":{"rendered":"El caf\u00e9 y suyos los beneficios digestivos"},"content":{"rendered":"<p><img loading=\"lazy\" decoding=\"async\" class=\"aligncenter size-full wp-image-5345\" src=\"https:\/\/gremicafe.cat\/wp-content\/uploads\/2020\/06\/cafe-ajuda-sistema-digestiuAlta-scaled.jpg\" alt=\"cafe ajuda sistema digestiu\" width=\"2560\" height=\"1707\" srcset=\"https:\/\/gremicafe.cat\/wp-content\/uploads\/2020\/06\/cafe-ajuda-sistema-digestiuAlta-scaled.jpg 2560w, https:\/\/gremicafe.cat\/wp-content\/uploads\/2020\/06\/cafe-ajuda-sistema-digestiuAlta-768x512.jpg 768w, https:\/\/gremicafe.cat\/wp-content\/uploads\/2020\/06\/cafe-ajuda-sistema-digestiuAlta-1536x1024.jpg 1536w, https:\/\/gremicafe.cat\/wp-content\/uploads\/2020\/06\/cafe-ajuda-sistema-digestiuAlta-2048x1365.jpg 2048w, https:\/\/gremicafe.cat\/wp-content\/uploads\/2020\/06\/cafe-ajuda-sistema-digestiuAlta-1080x720.jpg 1080w\" sizes=\"(max-width: 2560px) 100vw, 2560px\" \/><\/p>\n<p>Un \u00faltimo estudio se\u00f1ala que beber caf\u00e9 podr\u00eda tener varios beneficios a nivel digestivo y no al rev\u00e9s.<\/p>\n<p>Algunos estudios hab\u00edan apuntado que la cafe\u00edna pod\u00eda ser perjudicial para el sistema digestivo seg\u00fan la sensibilidad de cada persona y la cantidad consumida. Ahora, <a href=\"https:\/\/www.elespanol.com\/ciencia\/nutricion\/20200604\/llevas-toda-vida-equivocado-beneficio-desconocido-oculta\/494200853_0.html\">otro estudio<\/a> ha descubierto que consumir cafe\u00edna, en forma s\u00f3lida o l\u00edquida, podr\u00eda contribuir al sistema digestivo de las personas.<\/p>\n<p>Este estudio lo ha llevado a cabo el Instituto de Informaci\u00f3n Cient\u00edfica sobre el Caf\u00e9 (CIIU, por sus siglas en ingl\u00e9s), titulado <strong>El caf\u00e9 y sus efectos sobre la digesti\u00f3n.\u00a0<\/strong>Y ha llegado a la conclusi\u00f3n de que beber caf\u00e9 puede reducir el riesgo de diversos trastornos digestivos: desde la formaci\u00f3n de c\u00e1lculos biliares o piedras en la ves\u00edcula, y las pancreatitis, hasta mejorar la motilidad intestinal, facilitando as\u00ed la digesti\u00f3n.<\/p>\n<p>Para llegar a estas conclusiones, el CIIU realiz\u00f3 una revisi\u00f3n de las \u00faltimas investigaciones sobre el efecto del caf\u00e9 sobre la digesti\u00f3n, detectando un posible efecto protector tanto en la formaci\u00f3n de c\u00e1lculos biliares como en la pancreatitis. Asimismo, el caf\u00e9 tambi\u00e9n facilitar\u00eda el proceso de digesti\u00f3n, mejorando la microflora intestinal y la motilidad intestinal.<\/p>\n<p>El informe, escrito por parte del profesor <strong>Carlo La Vecchia<\/strong>, del departamento de Ciencias Cl\u00ednicas y Salud Comunitaria de la Universidad de Mil\u00e1n (Italia), aboga por la investigaci\u00f3n sobre el caf\u00e9 y sus potenciales beneficios. De hecho, seg\u00fan La Vecchia, el caf\u00e9 tendr\u00eda tambi\u00e9n beneficios en molestias comunes como el estre\u00f1imiento, e incluso habr\u00eda demostrado poder reducir el riesgo de enfermedades graves como las hepatopat\u00edas cr\u00f3nicas.<\/p>\n<p>Un claro ejemplo ser\u00eda la enfermedad por formaci\u00f3n de c\u00e1lculos biliares, un trastorno digestivo com\u00fan, causado por la acumulaci\u00f3n de c\u00e1lculos o piedras en la ves\u00edcula biliar del h\u00edgado o en el conducto de uni\u00f3n desde esa ves\u00edcula hacia el mismo h\u00edgado.<\/p>\n<p>Este trastorno afecta al 10-15% de la poblaci\u00f3n adulta actualmente. Aunque se desconoce exactamente el mecanismo mediante el cual el caf\u00e9 reducir\u00eda el riesgo de tal enfermedad, s\u00ed se ha podido observar que tienen una relaci\u00f3n inversamente proporcional: el riesgo de c\u00e1lculos biliares se reduce a medida que aumenta el consumo de caf\u00e9.<\/p>\n<p>Se cree que la cafe\u00edna tendr\u00eda un importante papel en esta reducci\u00f3n del riesgo, dado que el caf\u00e9 descafeinado no parece otorgar una protecci\u00f3n como tal, pero deber\u00e1 seguirse estudiando.<\/p>\n<p>El caf\u00e9 podr\u00eda estimular la digesti\u00f3n gracias a la liberaci\u00f3n de \u00e1cido g\u00e1strico, bilis y secreciones pancre\u00e1ticas. Este efecto podr\u00eda y deber\u00eda tenerse en cuenta frente a algunos trastornos digestivos muy comunes, como el mencionado estre\u00f1imiento, aunque a su vez teniendo en cuenta la sensibilidad de cada individuo frente a la toma de caf\u00e9.<\/p>","protected":false},"excerpt":{"rendered":"<p>Un \u00faltim estudi assenyala que beure caf\u00e8 podria tenir diversos beneficis a nivell digestiu i no a l&#8217;inrev\u00e9s. Alguns estudis havien apuntat que la cafe\u00efna podia ser perjudicial per al sistema digestiu, segons la sensibilitat de cada persona i la quantitat consumida. Ara per\u00f2, un altra estudi ha descobert que consumir cafe\u00efna, en forma s\u00f2lida [&hellip;]<\/p>\n","protected":false},"author":1,"featured_media":5345,"comment_status":"closed","ping_status":"open","sticky":false,"template":"","format":"standard","meta":{"_acf_changed":false,"inline_featured_image":false,"footnotes":""},"categories":[1],"tags":[],"class_list":["post-5344","post","type-post","status-publish","format-standard","has-post-thumbnail","hentry","category-noticies"],"acf":[],"yoast_head":"<!-- This site is optimized with the Yoast SEO plugin v25.5 - https:\/\/yoast.com\/wordpress\/plugins\/seo\/ -->\n<title>El caf\u00e8 i seus els beneficis digestius - Gremi del Caf\u00e8, torradors de Catalunya<\/title>\n<meta name=\"robots\" content=\"index, follow, max-snippet:-1, max-image-preview:large, max-video-preview:-1\" \/>\n<link rel=\"canonical\" href=\"https:\/\/gremicafe.cat\/es\/2020\/06\/16\/el-cafe-i-seus-els-beneficis-digestius\/\" \/>\n<meta property=\"og:locale\" content=\"es_ES\" \/>\n<meta property=\"og:type\" content=\"article\" \/>\n<meta property=\"og:title\" content=\"El caf\u00e8 i seus els beneficis digestius - Gremi del Caf\u00e8, torradors de Catalunya\" \/>\n<meta property=\"og:description\" content=\"Un \u00faltim estudi assenyala que beure caf\u00e8 podria tenir diversos beneficis a nivell digestiu i no a l&#8217;inrev\u00e9s. Alguns estudis havien apuntat que la cafe\u00efna podia ser perjudicial per al sistema digestiu, segons la sensibilitat de cada persona i la quantitat consumida. Ara per\u00f2, un altra estudi ha descobert que consumir cafe\u00efna, en forma s\u00f2lida [&hellip;]\" \/>\n<meta property=\"og:url\" content=\"https:\/\/gremicafe.cat\/es\/2020\/06\/16\/el-cafe-i-seus-els-beneficis-digestius\/\" \/>\n<meta property=\"og:site_name\" content=\"Gremi del Caf\u00e8, torradors de Catalunya\" \/>\n<meta property=\"article:publisher\" content=\"https:\/\/www.facebook.com\/gremicafecat\" \/>\n<meta property=\"article:published_time\" content=\"2020-06-16T09:21:47+00:00\" \/>\n<meta property=\"og:image\" content=\"https:\/\/gremicafe.cat\/wp-content\/uploads\/2020\/06\/cafe-ajuda-sistema-digestiuAlta-scaled.jpg\" \/>\n\t<meta property=\"og:image:width\" content=\"2560\" \/>\n\t<meta property=\"og:image:height\" content=\"1707\" \/>\n\t<meta property=\"og:image:type\" content=\"image\/jpeg\" \/>\n<meta name=\"author\" content=\"gremicafe\" \/>\n<meta name=\"twitter:card\" content=\"summary_large_image\" \/>\n<meta name=\"twitter:creator\" content=\"@gremicafecat\" \/>\n<meta name=\"twitter:site\" content=\"@gremicafecat\" \/>\n<meta name=\"twitter:label1\" content=\"Escrito por\" \/>\n\t<meta name=\"twitter:data1\" content=\"gremicafe\" \/>\n\t<meta name=\"twitter:label2\" content=\"Tiempo de lectura\" \/>\n\t<meta name=\"twitter:data2\" content=\"2 minutos\" \/>\n<script type=\"application\/ld+json\" class=\"yoast-schema-graph\">{\"@context\":\"https:\/\/schema.org\",\"@graph\":[{\"@type\":\"Article\",\"@id\":\"https:\/\/gremicafe.cat\/2020\/06\/16\/el-cafe-i-seus-els-beneficis-digestius\/#article\",\"isPartOf\":{\"@id\":\"https:\/\/gremicafe.cat\/2020\/06\/16\/el-cafe-i-seus-els-beneficis-digestius\/\"},\"author\":{\"name\":\"gremicafe\",\"@id\":\"https:\/\/gremicafe.cat\/#\/schema\/person\/dabfdbb3d0fa36260855a380f94e4733\"},\"headline\":\"El caf\u00e8 i seus els beneficis digestius\",\"datePublished\":\"2020-06-16T09:21:47+00:00\",\"mainEntityOfPage\":{\"@id\":\"https:\/\/gremicafe.cat\/2020\/06\/16\/el-cafe-i-seus-els-beneficis-digestius\/\"},\"wordCount\":477,\"publisher\":{\"@id\":\"https:\/\/gremicafe.cat\/#organization\"},\"image\":{\"@id\":\"https:\/\/gremicafe.cat\/2020\/06\/16\/el-cafe-i-seus-els-beneficis-digestius\/#primaryimage\"},\"thumbnailUrl\":\"https:\/\/gremicafe.cat\/wp-content\/uploads\/2020\/06\/cafe-ajuda-sistema-digestiuAlta-scaled.jpg\",\"articleSection\":[\"Not\u00edcies\"],\"inLanguage\":\"es\"},{\"@type\":\"WebPage\",\"@id\":\"https:\/\/gremicafe.cat\/2020\/06\/16\/el-cafe-i-seus-els-beneficis-digestius\/\",\"url\":\"https:\/\/gremicafe.cat\/2020\/06\/16\/el-cafe-i-seus-els-beneficis-digestius\/\",\"name\":\"El caf\u00e8 i seus els beneficis digestius - Gremi del Caf\u00e8, torradors de Catalunya\",\"isPartOf\":{\"@id\":\"https:\/\/gremicafe.cat\/#website\"},\"primaryImageOfPage\":{\"@id\":\"https:\/\/gremicafe.cat\/2020\/06\/16\/el-cafe-i-seus-els-beneficis-digestius\/#primaryimage\"},\"image\":{\"@id\":\"https:\/\/gremicafe.cat\/2020\/06\/16\/el-cafe-i-seus-els-beneficis-digestius\/#primaryimage\"},\"thumbnailUrl\":\"https:\/\/gremicafe.cat\/wp-content\/uploads\/2020\/06\/cafe-ajuda-sistema-digestiuAlta-scaled.jpg\",\"datePublished\":\"2020-06-16T09:21:47+00:00\",\"breadcrumb\":{\"@id\":\"https:\/\/gremicafe.cat\/2020\/06\/16\/el-cafe-i-seus-els-beneficis-digestius\/#breadcrumb\"},\"inLanguage\":\"es\",\"potentialAction\":[{\"@type\":\"ReadAction\",\"target\":[\"https:\/\/gremicafe.cat\/2020\/06\/16\/el-cafe-i-seus-els-beneficis-digestius\/\"]}]},{\"@type\":\"ImageObject\",\"inLanguage\":\"es\",\"@id\":\"https:\/\/gremicafe.cat\/2020\/06\/16\/el-cafe-i-seus-els-beneficis-digestius\/#primaryimage\",\"url\":\"https:\/\/gremicafe.cat\/wp-content\/uploads\/2020\/06\/cafe-ajuda-sistema-digestiuAlta-scaled.jpg\",\"contentUrl\":\"https:\/\/gremicafe.cat\/wp-content\/uploads\/2020\/06\/cafe-ajuda-sistema-digestiuAlta-scaled.jpg\",\"width\":2560,\"height\":1707,\"caption\":\"cafe ajuda sistema digestiu\"},{\"@type\":\"BreadcrumbList\",\"@id\":\"https:\/\/gremicafe.cat\/2020\/06\/16\/el-cafe-i-seus-els-beneficis-digestius\/#breadcrumb\",\"itemListElement\":[{\"@type\":\"ListItem\",\"position\":1,\"name\":\"Inici\",\"item\":\"https:\/\/gremicafe.cat\/\"},{\"@type\":\"ListItem\",\"position\":2,\"name\":\"El caf\u00e8 i seus els beneficis digestius\"}]},{\"@type\":\"WebSite\",\"@id\":\"https:\/\/gremicafe.cat\/#website\",\"url\":\"https:\/\/gremicafe.cat\/\",\"name\":\"Gremi del Caf\u00e8, torradors de Catalunya\",\"description\":\"Web oficial del gremi de torradors de caf\u00e8 de Catalunya\",\"publisher\":{\"@id\":\"https:\/\/gremicafe.cat\/#organization\"},\"potentialAction\":[{\"@type\":\"SearchAction\",\"target\":{\"@type\":\"EntryPoint\",\"urlTemplate\":\"https:\/\/gremicafe.cat\/?s={search_term_string}\"},\"query-input\":{\"@type\":\"PropertyValueSpecification\",\"valueRequired\":true,\"valueName\":\"search_term_string\"}}],\"inLanguage\":\"es\"},{\"@type\":\"Organization\",\"@id\":\"https:\/\/gremicafe.cat\/#organization\",\"name\":\"Gremi del Caf\u00e8, Torradors de Catalunya\",\"url\":\"https:\/\/gremicafe.cat\/\",\"logo\":{\"@type\":\"ImageObject\",\"inLanguage\":\"es\",\"@id\":\"https:\/\/gremicafe.cat\/#\/schema\/logo\/image\/\",\"url\":\"https:\/\/gremicafe.cat\/wp-content\/uploads\/2018\/03\/gremicafe-logo250.png\",\"contentUrl\":\"https:\/\/gremicafe.cat\/wp-content\/uploads\/2018\/03\/gremicafe-logo250.png\",\"width\":250,\"height\":49,\"caption\":\"Gremi del Caf\u00e8, Torradors de Catalunya\"},\"image\":{\"@id\":\"https:\/\/gremicafe.cat\/#\/schema\/logo\/image\/\"},\"sameAs\":[\"https:\/\/www.facebook.com\/gremicafecat\",\"https:\/\/x.com\/gremicafecat\",\"https:\/\/www.instagram.com\/gremicafecat\/\",\"https:\/\/www.pinterest.es\/gremicafecat\/\",\"https:\/\/www.youtube.com\/channel\/UCGLo5Y35vLwLvP4FrPZrCrw\/\"]},{\"@type\":\"Person\",\"@id\":\"https:\/\/gremicafe.cat\/#\/schema\/person\/dabfdbb3d0fa36260855a380f94e4733\",\"name\":\"gremicafe\",\"image\":{\"@type\":\"ImageObject\",\"inLanguage\":\"es\",\"@id\":\"https:\/\/gremicafe.cat\/#\/schema\/person\/image\/\",\"url\":\"https:\/\/secure.gravatar.com\/avatar\/e59baa4ca8f6f97576d6375fb6d3c8f0?s=96&d=mm&r=g\",\"contentUrl\":\"https:\/\/secure.gravatar.com\/avatar\/e59baa4ca8f6f97576d6375fb6d3c8f0?s=96&d=mm&r=g\",\"caption\":\"gremicafe\"}}]}<\/script>\n<!-- \/ Yoast SEO plugin. -->","yoast_head_json":{"title":"El caf\u00e8 i seus els beneficis digestius - Gremi del Caf\u00e8, torradors de Catalunya","robots":{"index":"index","follow":"follow","max-snippet":"max-snippet:-1","max-image-preview":"max-image-preview:large","max-video-preview":"max-video-preview:-1"},"canonical":"https:\/\/gremicafe.cat\/es\/2020\/06\/16\/el-cafe-i-seus-els-beneficis-digestius\/","og_locale":"es_ES","og_type":"article","og_title":"El caf\u00e8 i seus els beneficis digestius - Gremi del Caf\u00e8, torradors de Catalunya","og_description":"Un \u00faltim estudi assenyala que beure caf\u00e8 podria tenir diversos beneficis a nivell digestiu i no a l&#8217;inrev\u00e9s. Alguns estudis havien apuntat que la cafe\u00efna podia ser perjudicial per al sistema digestiu, segons la sensibilitat de cada persona i la quantitat consumida. Ara per\u00f2, un altra estudi ha descobert que consumir cafe\u00efna, en forma s\u00f2lida [&hellip;]","og_url":"https:\/\/gremicafe.cat\/es\/2020\/06\/16\/el-cafe-i-seus-els-beneficis-digestius\/","og_site_name":"Gremi del Caf\u00e8, torradors de Catalunya","article_publisher":"https:\/\/www.facebook.com\/gremicafecat","article_published_time":"2020-06-16T09:21:47+00:00","og_image":[{"width":2560,"height":1707,"url":"https:\/\/gremicafe.cat\/wp-content\/uploads\/2020\/06\/cafe-ajuda-sistema-digestiuAlta-scaled.jpg","type":"image\/jpeg"}],"author":"gremicafe","twitter_card":"summary_large_image","twitter_creator":"@gremicafecat","twitter_site":"@gremicafecat","twitter_misc":{"Escrito por":"gremicafe","Tiempo de lectura":"2 minutos"},"schema":{"@context":"https:\/\/schema.org","@graph":[{"@type":"Article","@id":"https:\/\/gremicafe.cat\/2020\/06\/16\/el-cafe-i-seus-els-beneficis-digestius\/#article","isPartOf":{"@id":"https:\/\/gremicafe.cat\/2020\/06\/16\/el-cafe-i-seus-els-beneficis-digestius\/"},"author":{"name":"gremicafe","@id":"https:\/\/gremicafe.cat\/#\/schema\/person\/dabfdbb3d0fa36260855a380f94e4733"},"headline":"El caf\u00e8 i seus els beneficis digestius","datePublished":"2020-06-16T09:21:47+00:00","mainEntityOfPage":{"@id":"https:\/\/gremicafe.cat\/2020\/06\/16\/el-cafe-i-seus-els-beneficis-digestius\/"},"wordCount":477,"publisher":{"@id":"https:\/\/gremicafe.cat\/#organization"},"image":{"@id":"https:\/\/gremicafe.cat\/2020\/06\/16\/el-cafe-i-seus-els-beneficis-digestius\/#primaryimage"},"thumbnailUrl":"https:\/\/gremicafe.cat\/wp-content\/uploads\/2020\/06\/cafe-ajuda-sistema-digestiuAlta-scaled.jpg","articleSection":["Not\u00edcies"],"inLanguage":"es"},{"@type":"WebPage","@id":"https:\/\/gremicafe.cat\/2020\/06\/16\/el-cafe-i-seus-els-beneficis-digestius\/","url":"https:\/\/gremicafe.cat\/2020\/06\/16\/el-cafe-i-seus-els-beneficis-digestius\/","name":"El caf\u00e8 i seus els beneficis digestius - Gremi del Caf\u00e8, torradors de Catalunya","isPartOf":{"@id":"https:\/\/gremicafe.cat\/#website"},"primaryImageOfPage":{"@id":"https:\/\/gremicafe.cat\/2020\/06\/16\/el-cafe-i-seus-els-beneficis-digestius\/#primaryimage"},"image":{"@id":"https:\/\/gremicafe.cat\/2020\/06\/16\/el-cafe-i-seus-els-beneficis-digestius\/#primaryimage"},"thumbnailUrl":"https:\/\/gremicafe.cat\/wp-content\/uploads\/2020\/06\/cafe-ajuda-sistema-digestiuAlta-scaled.jpg","datePublished":"2020-06-16T09:21:47+00:00","breadcrumb":{"@id":"https:\/\/gremicafe.cat\/2020\/06\/16\/el-cafe-i-seus-els-beneficis-digestius\/#breadcrumb"},"inLanguage":"es","potentialAction":[{"@type":"ReadAction","target":["https:\/\/gremicafe.cat\/2020\/06\/16\/el-cafe-i-seus-els-beneficis-digestius\/"]}]},{"@type":"ImageObject","inLanguage":"es","@id":"https:\/\/gremicafe.cat\/2020\/06\/16\/el-cafe-i-seus-els-beneficis-digestius\/#primaryimage","url":"https:\/\/gremicafe.cat\/wp-content\/uploads\/2020\/06\/cafe-ajuda-sistema-digestiuAlta-scaled.jpg","contentUrl":"https:\/\/gremicafe.cat\/wp-content\/uploads\/2020\/06\/cafe-ajuda-sistema-digestiuAlta-scaled.jpg","width":2560,"height":1707,"caption":"cafe ajuda sistema digestiu"},{"@type":"BreadcrumbList","@id":"https:\/\/gremicafe.cat\/2020\/06\/16\/el-cafe-i-seus-els-beneficis-digestius\/#breadcrumb","itemListElement":[{"@type":"ListItem","position":1,"name":"Inici","item":"https:\/\/gremicafe.cat\/"},{"@type":"ListItem","position":2,"name":"El caf\u00e8 i seus els beneficis digestius"}]},{"@type":"WebSite","@id":"https:\/\/gremicafe.cat\/#website","url":"https:\/\/gremicafe.cat\/","name":"Gremio del Caf\u00e9, tostadores de Catalu\u00f1a","description":"Web oficial del gremio de tostadores de caf\u00e9 de Catalunya","publisher":{"@id":"https:\/\/gremicafe.cat\/#organization"},"potentialAction":[{"@type":"SearchAction","target":{"@type":"EntryPoint","urlTemplate":"https:\/\/gremicafe.cat\/?s={search_term_string}"},"query-input":{"@type":"PropertyValueSpecification","valueRequired":true,"valueName":"search_term_string"}}],"inLanguage":"es"},{"@type":"Organization","@id":"https:\/\/gremicafe.cat\/#organization","name":"Gremio del Caf\u00e9, Tostadores de Catalu\u00f1a","url":"https:\/\/gremicafe.cat\/","logo":{"@type":"ImageObject","inLanguage":"es","@id":"https:\/\/gremicafe.cat\/#\/schema\/logo\/image\/","url":"https:\/\/gremicafe.cat\/wp-content\/uploads\/2018\/03\/gremicafe-logo250.png","contentUrl":"https:\/\/gremicafe.cat\/wp-content\/uploads\/2018\/03\/gremicafe-logo250.png","width":250,"height":49,"caption":"Gremi del Caf\u00e8, Torradors de Catalunya"},"image":{"@id":"https:\/\/gremicafe.cat\/#\/schema\/logo\/image\/"},"sameAs":["https:\/\/www.facebook.com\/gremicafecat","https:\/\/x.com\/gremicafecat","https:\/\/www.instagram.com\/gremicafecat\/","https:\/\/www.pinterest.es\/gremicafecat\/","https:\/\/www.youtube.com\/channel\/UCGLo5Y35vLwLvP4FrPZrCrw\/"]},{"@type":"Person","@id":"https:\/\/gremicafe.cat\/#\/schema\/person\/dabfdbb3d0fa36260855a380f94e4733","name":"gremicafe","image":{"@type":"ImageObject","inLanguage":"es","@id":"https:\/\/gremicafe.cat\/#\/schema\/person\/image\/","url":"https:\/\/secure.gravatar.com\/avatar\/e59baa4ca8f6f97576d6375fb6d3c8f0?s=96&d=mm&r=g","contentUrl":"https:\/\/secure.gravatar.com\/avatar\/e59baa4ca8f6f97576d6375fb6d3c8f0?s=96&d=mm&r=g","caption":"gremicafe"}}]}},"_links":{"self":[{"href":"https:\/\/gremicafe.cat\/es\/wp-json\/wp\/v2\/posts\/5344"}],"collection":[{"href":"https:\/\/gremicafe.cat\/es\/wp-json\/wp\/v2\/posts"}],"about":[{"href":"https:\/\/gremicafe.cat\/es\/wp-json\/wp\/v2\/types\/post"}],"author":[{"embeddable":true,"href":"https:\/\/gremicafe.cat\/es\/wp-json\/wp\/v2\/users\/1"}],"replies":[{"embeddable":true,"href":"https:\/\/gremicafe.cat\/es\/wp-json\/wp\/v2\/comments?post=5344"}],"version-history":[{"count":0,"href":"https:\/\/gremicafe.cat\/es\/wp-json\/wp\/v2\/posts\/5344\/revisions"}],"wp:featuredmedia":[{"embeddable":true,"href":"https:\/\/gremicafe.cat\/es\/wp-json\/wp\/v2\/media\/5345"}],"wp:attachment":[{"href":"https:\/\/gremicafe.cat\/es\/wp-json\/wp\/v2\/media?parent=5344"}],"wp:term":[{"taxonomy":"category","embeddable":true,"href":"https:\/\/gremicafe.cat\/es\/wp-json\/wp\/v2\/categories?post=5344"},{"taxonomy":"post_tag","embeddable":true,"href":"https:\/\/gremicafe.cat\/es\/wp-json\/wp\/v2\/tags?post=5344"}],"curies":[{"name":"wp","href":"https:\/\/api.w.org\/{rel}","templated":true}]}}