{"id":5349,"date":"2020-06-19T09:18:17","date_gmt":"2020-06-19T07:18:17","guid":{"rendered":"https:\/\/gremicafe.cat\/?p=5349"},"modified":"2020-06-19T09:19:50","modified_gmt":"2020-06-19T07:19:50","slug":"perque-el-cafe-torrat-a-catalunya-es-cafe-de-proximitat","status":"publish","type":"post","link":"https:\/\/gremicafe.cat\/es\/2020\/06\/19\/perque-el-cafe-torrat-a-catalunya-es-cafe-de-proximitat\/","title":{"rendered":"\u00bfPor qu\u00e9 el Caf\u00e9 Torrat en Catalunya es caf\u00e9 de proximidad?"},"content":{"rendered":"<p class=\"p1\"><span class=\"s1\"><img loading=\"lazy\" decoding=\"async\" class=\"aligncenter size-full wp-image-5351\" src=\"https:\/\/gremicafe.cat\/wp-content\/uploads\/2020\/06\/GC-blogcafeproximitatlogo1500x800.jpg\" alt=\"cafe torrat a catalunya cafe de proximitat\" width=\"1500\" height=\"800\" srcset=\"https:\/\/gremicafe.cat\/wp-content\/uploads\/2020\/06\/GC-blogcafeproximitatlogo1500x800.jpg 1500w, https:\/\/gremicafe.cat\/wp-content\/uploads\/2020\/06\/GC-blogcafeproximitatlogo1500x800-768x410.jpg 768w, https:\/\/gremicafe.cat\/wp-content\/uploads\/2020\/06\/GC-blogcafeproximitatlogo1500x800-1280x683.jpg 1280w\" sizes=\"(max-width: 1500px) 100vw, 1500px\" \/><\/span><\/p>\n<h3 class=\"p1\"><span class=\"s1\">Todos sabemos que el caf\u00e9 es <strong>originario de los tr\u00f3picos<\/strong>, pero a qu\u00e9 nos referimos con el <strong>Caf\u00e9 Tostado en Catalu\u00f1a como producto de proximidad<\/strong>?<\/span><\/h3>\n<p class=\"p3\"><span class=\"s1\">El caf\u00e9 es un producto que en origen proviene de los tr\u00f3picos. Por el Puerto de Barcelona, llegan a Catalu\u00f1a sacos o big-bags llenos de granos de\u00a0<b>caf\u00e9 verde<\/b>, a\u00fan no aptos para el consumo, salvo algunas infusiones.<\/span><\/p>\n<p class=\"p3\"><span class=\"s1\">Para tomar un caf\u00e9, como el que nos gusta, es necesario\u00a0<b>tostarlo a la temperatura justa<\/b>\u00a0y durante el tiempo adecuado. Esto es lo que hacen los\u00a0<b>maestros cafeteros<\/b>\u00a0de los torrefactores de Catalu\u00f1a.<\/span><\/p>\n<p class=\"p4\"><span class=\"s1\">Una vez tostado, se envasa al vac\u00edo y se distribuye a los establecimientos de hosteler\u00eda y tiendas.\u00a0<\/span><\/p>\n<p class=\"p4\"><span class=\"s1\">Es por eso que el caf\u00e9, reci\u00e9n tostado <b>es un producto de proximidad<\/b>. Y en<\/span><span class=\"s1\"> Catalu\u00f1a, tenemos torrefactores del caf\u00e9 repartidos por todo el territorio que nos permiten disfrutar de todos los aromas del caf\u00e9 reci\u00e9n tostado. Se recomienda consumirlo lo antes posible para mantener todos sus aromas.\u00a0<\/span><\/p>\n<p class=\"p8\"><span class=\"s1\"><b>\u00bfPor qu\u00e9 es mejor el caf\u00e9 tostado de proximidad?<\/b><\/span><\/p>\n<p class=\"p8\"><span class=\"s1\">Tostar el caf\u00e9 cerca del consumidor final garantiza que se conserven mucho mejor todos los aromas que desprende el caf\u00e9 cuando se tuesta.<\/span><\/p>\n<p>&nbsp;<\/p>\n<p class=\"p8\"><span class=\"s1\"><b>\u00bfQu\u00e9 otros beneficios tiene comprar caf\u00e9 tostado en Catalu\u00f1a?<\/b><\/span><\/p>\n<p class=\"p8\"><span class=\"s1\">Adem\u00e1s, de consumir un producto de mayor calidad, con el consumo de productos de proximidad como el caf\u00e9, ayudamos con la econom\u00eda de nuestro territorio. Ayudamos a los trabajadores que torren el caf\u00e9 en el punto \u00f3ptimo.<\/span><\/p>\n<p class=\"p8\"><span class=\"s1\">Por otra parte, tambi\u00e9n reducimos el impacto medioambiental, puesto que el transporte de este producto una vez est\u00e1 a disposici\u00f3n de consumir, es mucho menor.<\/span><\/p>\n<p>&nbsp;<\/p>\n<p class=\"p8\"><span class=\"s1\"><b>\u00bfQu\u00e9 variedades de caf\u00e9 puedo encontrar?<\/b><\/span><\/p>\n<p class=\"p8\"><span class=\"s1\">Las diferentes empresas que forman el <a href=\"https:\/\/gremicafe.cat\/es\/gremi\/\"><strong>Gremio del Caf\u00e9<\/strong><\/a>, ofrecen diferentes formatos y variedades; en grano, mucho, c\u00e1psulas\u2026 As\u00ed como distintos tipos de tostado, y descafeinados.<\/span><\/p>\n<p>&nbsp;<\/p>\n<p class=\"p8\"><span class=\"s1\"><b>\u00bfD\u00f3nde puedo comprar caf\u00e9 tostado en Catalu\u00f1a?<\/b><\/span><\/p>\n<p class=\"p8\"><span class=\"s1\">Puedes comprar tu variedad a trav\u00e9s de la tienda online <b><a href=\"https:\/\/gremicafe.cat\/es\/\">aqu\u00ed<\/a>.<\/b><\/span><\/p>","protected":false},"excerpt":{"rendered":"<p>Tots sabem que el caf\u00e8 \u00e9s originari dels tr\u00f2pics, per\u00f2 a qu\u00e8 ens referim amb el Caf\u00e8 Torrat a Catalunya com a producte de proximitat? El caf\u00e8 \u00e9s un producte que en origen prov\u00e9 dels tr\u00f2pics. Pel Port de Barcelona, arriben a Catalunya sacs o big-bags plens de grans de\u00a0caf\u00e8 verd, encara no aptes pel [&hellip;]<\/p>\n","protected":false},"author":1,"featured_media":5351,"comment_status":"closed","ping_status":"open","sticky":false,"template":"","format":"standard","meta":{"_acf_changed":false,"inline_featured_image":false,"footnotes":""},"categories":[1],"tags":[],"class_list":["post-5349","post","type-post","status-publish","format-standard","has-post-thumbnail","hentry","category-noticies"],"acf":[],"yoast_head":"<!-- This site is optimized with the Yoast SEO plugin v25.5 - https:\/\/yoast.com\/wordpress\/plugins\/seo\/ -->\n<title>Perqu\u00e8 el Caf\u00e8 Torrat a Catalunya \u00e9s caf\u00e8 de proximitat? - Gremi del Caf\u00e8, torradors de Catalunya<\/title>\n<meta name=\"robots\" content=\"index, follow, max-snippet:-1, max-image-preview:large, max-video-preview:-1\" \/>\n<link rel=\"canonical\" href=\"https:\/\/gremicafe.cat\/es\/2020\/06\/19\/perque-el-cafe-torrat-a-catalunya-es-cafe-de-proximitat\/\" \/>\n<meta property=\"og:locale\" content=\"es_ES\" \/>\n<meta property=\"og:type\" content=\"article\" \/>\n<meta property=\"og:title\" content=\"Perqu\u00e8 el Caf\u00e8 Torrat a Catalunya \u00e9s caf\u00e8 de proximitat? - Gremi del Caf\u00e8, torradors de Catalunya\" \/>\n<meta property=\"og:description\" content=\"Tots sabem que el caf\u00e8 \u00e9s originari dels tr\u00f2pics, per\u00f2 a qu\u00e8 ens referim amb el Caf\u00e8 Torrat a Catalunya com a producte de proximitat? El caf\u00e8 \u00e9s un producte que en origen prov\u00e9 dels tr\u00f2pics. Pel Port de Barcelona, arriben a Catalunya sacs o big-bags plens de grans de\u00a0caf\u00e8 verd, encara no aptes pel [&hellip;]\" \/>\n<meta property=\"og:url\" content=\"https:\/\/gremicafe.cat\/es\/2020\/06\/19\/perque-el-cafe-torrat-a-catalunya-es-cafe-de-proximitat\/\" \/>\n<meta property=\"og:site_name\" content=\"Gremi del Caf\u00e8, torradors de Catalunya\" \/>\n<meta property=\"article:publisher\" content=\"https:\/\/www.facebook.com\/gremicafecat\" \/>\n<meta property=\"article:published_time\" content=\"2020-06-19T07:18:17+00:00\" \/>\n<meta property=\"article:modified_time\" content=\"2020-06-19T07:19:50+00:00\" \/>\n<meta property=\"og:image\" content=\"https:\/\/gremicafe.cat\/wp-content\/uploads\/2020\/06\/GC-blogcafeproximitatlogo1500x800.jpg\" \/>\n\t<meta property=\"og:image:width\" content=\"1500\" \/>\n\t<meta property=\"og:image:height\" content=\"800\" \/>\n\t<meta property=\"og:image:type\" content=\"image\/jpeg\" \/>\n<meta name=\"author\" content=\"gremicafe\" \/>\n<meta name=\"twitter:card\" content=\"summary_large_image\" \/>\n<meta name=\"twitter:creator\" content=\"@gremicafecat\" \/>\n<meta name=\"twitter:site\" content=\"@gremicafecat\" \/>\n<meta name=\"twitter:label1\" content=\"Escrito por\" \/>\n\t<meta name=\"twitter:data1\" content=\"gremicafe\" \/>\n\t<meta name=\"twitter:label2\" content=\"Tiempo de lectura\" \/>\n\t<meta name=\"twitter:data2\" content=\"2 minutos\" \/>\n<script type=\"application\/ld+json\" class=\"yoast-schema-graph\">{\"@context\":\"https:\/\/schema.org\",\"@graph\":[{\"@type\":\"Article\",\"@id\":\"https:\/\/gremicafe.cat\/2020\/06\/19\/perque-el-cafe-torrat-a-catalunya-es-cafe-de-proximitat\/#article\",\"isPartOf\":{\"@id\":\"https:\/\/gremicafe.cat\/2020\/06\/19\/perque-el-cafe-torrat-a-catalunya-es-cafe-de-proximitat\/\"},\"author\":{\"name\":\"gremicafe\",\"@id\":\"https:\/\/gremicafe.cat\/#\/schema\/person\/dabfdbb3d0fa36260855a380f94e4733\"},\"headline\":\"Perqu\u00e8 el Caf\u00e8 Torrat a Catalunya \u00e9s caf\u00e8 de proximitat?\",\"datePublished\":\"2020-06-19T07:18:17+00:00\",\"dateModified\":\"2020-06-19T07:19:50+00:00\",\"mainEntityOfPage\":{\"@id\":\"https:\/\/gremicafe.cat\/2020\/06\/19\/perque-el-cafe-torrat-a-catalunya-es-cafe-de-proximitat\/\"},\"wordCount\":347,\"publisher\":{\"@id\":\"https:\/\/gremicafe.cat\/#organization\"},\"image\":{\"@id\":\"https:\/\/gremicafe.cat\/2020\/06\/19\/perque-el-cafe-torrat-a-catalunya-es-cafe-de-proximitat\/#primaryimage\"},\"thumbnailUrl\":\"https:\/\/gremicafe.cat\/wp-content\/uploads\/2020\/06\/GC-blogcafeproximitatlogo1500x800.jpg\",\"articleSection\":[\"Not\u00edcies\"],\"inLanguage\":\"es\"},{\"@type\":\"WebPage\",\"@id\":\"https:\/\/gremicafe.cat\/2020\/06\/19\/perque-el-cafe-torrat-a-catalunya-es-cafe-de-proximitat\/\",\"url\":\"https:\/\/gremicafe.cat\/2020\/06\/19\/perque-el-cafe-torrat-a-catalunya-es-cafe-de-proximitat\/\",\"name\":\"Perqu\u00e8 el Caf\u00e8 Torrat a Catalunya \u00e9s caf\u00e8 de proximitat? - Gremi del Caf\u00e8, torradors de Catalunya\",\"isPartOf\":{\"@id\":\"https:\/\/gremicafe.cat\/#website\"},\"primaryImageOfPage\":{\"@id\":\"https:\/\/gremicafe.cat\/2020\/06\/19\/perque-el-cafe-torrat-a-catalunya-es-cafe-de-proximitat\/#primaryimage\"},\"image\":{\"@id\":\"https:\/\/gremicafe.cat\/2020\/06\/19\/perque-el-cafe-torrat-a-catalunya-es-cafe-de-proximitat\/#primaryimage\"},\"thumbnailUrl\":\"https:\/\/gremicafe.cat\/wp-content\/uploads\/2020\/06\/GC-blogcafeproximitatlogo1500x800.jpg\",\"datePublished\":\"2020-06-19T07:18:17+00:00\",\"dateModified\":\"2020-06-19T07:19:50+00:00\",\"breadcrumb\":{\"@id\":\"https:\/\/gremicafe.cat\/2020\/06\/19\/perque-el-cafe-torrat-a-catalunya-es-cafe-de-proximitat\/#breadcrumb\"},\"inLanguage\":\"es\",\"potentialAction\":[{\"@type\":\"ReadAction\",\"target\":[\"https:\/\/gremicafe.cat\/2020\/06\/19\/perque-el-cafe-torrat-a-catalunya-es-cafe-de-proximitat\/\"]}]},{\"@type\":\"ImageObject\",\"inLanguage\":\"es\",\"@id\":\"https:\/\/gremicafe.cat\/2020\/06\/19\/perque-el-cafe-torrat-a-catalunya-es-cafe-de-proximitat\/#primaryimage\",\"url\":\"https:\/\/gremicafe.cat\/wp-content\/uploads\/2020\/06\/GC-blogcafeproximitatlogo1500x800.jpg\",\"contentUrl\":\"https:\/\/gremicafe.cat\/wp-content\/uploads\/2020\/06\/GC-blogcafeproximitatlogo1500x800.jpg\",\"width\":1500,\"height\":800,\"caption\":\"cafe torrat a catalunya cafe de proximitat\"},{\"@type\":\"BreadcrumbList\",\"@id\":\"https:\/\/gremicafe.cat\/2020\/06\/19\/perque-el-cafe-torrat-a-catalunya-es-cafe-de-proximitat\/#breadcrumb\",\"itemListElement\":[{\"@type\":\"ListItem\",\"position\":1,\"name\":\"Inici\",\"item\":\"https:\/\/gremicafe.cat\/\"},{\"@type\":\"ListItem\",\"position\":2,\"name\":\"Perqu\u00e8 el Caf\u00e8 Torrat a Catalunya \u00e9s caf\u00e8 de proximitat?\"}]},{\"@type\":\"WebSite\",\"@id\":\"https:\/\/gremicafe.cat\/#website\",\"url\":\"https:\/\/gremicafe.cat\/\",\"name\":\"Gremi del Caf\u00e8, torradors de Catalunya\",\"description\":\"Web oficial del gremi de torradors de caf\u00e8 de Catalunya\",\"publisher\":{\"@id\":\"https:\/\/gremicafe.cat\/#organization\"},\"potentialAction\":[{\"@type\":\"SearchAction\",\"target\":{\"@type\":\"EntryPoint\",\"urlTemplate\":\"https:\/\/gremicafe.cat\/?s={search_term_string}\"},\"query-input\":{\"@type\":\"PropertyValueSpecification\",\"valueRequired\":true,\"valueName\":\"search_term_string\"}}],\"inLanguage\":\"es\"},{\"@type\":\"Organization\",\"@id\":\"https:\/\/gremicafe.cat\/#organization\",\"name\":\"Gremi del Caf\u00e8, Torradors de Catalunya\",\"url\":\"https:\/\/gremicafe.cat\/\",\"logo\":{\"@type\":\"ImageObject\",\"inLanguage\":\"es\",\"@id\":\"https:\/\/gremicafe.cat\/#\/schema\/logo\/image\/\",\"url\":\"https:\/\/gremicafe.cat\/wp-content\/uploads\/2018\/03\/gremicafe-logo250.png\",\"contentUrl\":\"https:\/\/gremicafe.cat\/wp-content\/uploads\/2018\/03\/gremicafe-logo250.png\",\"width\":250,\"height\":49,\"caption\":\"Gremi del Caf\u00e8, Torradors de Catalunya\"},\"image\":{\"@id\":\"https:\/\/gremicafe.cat\/#\/schema\/logo\/image\/\"},\"sameAs\":[\"https:\/\/www.facebook.com\/gremicafecat\",\"https:\/\/x.com\/gremicafecat\",\"https:\/\/www.instagram.com\/gremicafecat\/\",\"https:\/\/www.pinterest.es\/gremicafecat\/\",\"https:\/\/www.youtube.com\/channel\/UCGLo5Y35vLwLvP4FrPZrCrw\/\"]},{\"@type\":\"Person\",\"@id\":\"https:\/\/gremicafe.cat\/#\/schema\/person\/dabfdbb3d0fa36260855a380f94e4733\",\"name\":\"gremicafe\",\"image\":{\"@type\":\"ImageObject\",\"inLanguage\":\"es\",\"@id\":\"https:\/\/gremicafe.cat\/#\/schema\/person\/image\/\",\"url\":\"https:\/\/secure.gravatar.com\/avatar\/e59baa4ca8f6f97576d6375fb6d3c8f0?s=96&d=mm&r=g\",\"contentUrl\":\"https:\/\/secure.gravatar.com\/avatar\/e59baa4ca8f6f97576d6375fb6d3c8f0?s=96&d=mm&r=g\",\"caption\":\"gremicafe\"}}]}<\/script>\n<!-- \/ Yoast SEO plugin. -->","yoast_head_json":{"title":"Perqu\u00e8 el Caf\u00e8 Torrat a Catalunya \u00e9s caf\u00e8 de proximitat? - Gremi del Caf\u00e8, torradors de Catalunya","robots":{"index":"index","follow":"follow","max-snippet":"max-snippet:-1","max-image-preview":"max-image-preview:large","max-video-preview":"max-video-preview:-1"},"canonical":"https:\/\/gremicafe.cat\/es\/2020\/06\/19\/perque-el-cafe-torrat-a-catalunya-es-cafe-de-proximitat\/","og_locale":"es_ES","og_type":"article","og_title":"Perqu\u00e8 el Caf\u00e8 Torrat a Catalunya \u00e9s caf\u00e8 de proximitat? - Gremi del Caf\u00e8, torradors de Catalunya","og_description":"Tots sabem que el caf\u00e8 \u00e9s originari dels tr\u00f2pics, per\u00f2 a qu\u00e8 ens referim amb el Caf\u00e8 Torrat a Catalunya com a producte de proximitat? El caf\u00e8 \u00e9s un producte que en origen prov\u00e9 dels tr\u00f2pics. Pel Port de Barcelona, arriben a Catalunya sacs o big-bags plens de grans de\u00a0caf\u00e8 verd, encara no aptes pel [&hellip;]","og_url":"https:\/\/gremicafe.cat\/es\/2020\/06\/19\/perque-el-cafe-torrat-a-catalunya-es-cafe-de-proximitat\/","og_site_name":"Gremi del Caf\u00e8, torradors de Catalunya","article_publisher":"https:\/\/www.facebook.com\/gremicafecat","article_published_time":"2020-06-19T07:18:17+00:00","article_modified_time":"2020-06-19T07:19:50+00:00","og_image":[{"width":1500,"height":800,"url":"https:\/\/gremicafe.cat\/wp-content\/uploads\/2020\/06\/GC-blogcafeproximitatlogo1500x800.jpg","type":"image\/jpeg"}],"author":"gremicafe","twitter_card":"summary_large_image","twitter_creator":"@gremicafecat","twitter_site":"@gremicafecat","twitter_misc":{"Escrito por":"gremicafe","Tiempo de lectura":"2 minutos"},"schema":{"@context":"https:\/\/schema.org","@graph":[{"@type":"Article","@id":"https:\/\/gremicafe.cat\/2020\/06\/19\/perque-el-cafe-torrat-a-catalunya-es-cafe-de-proximitat\/#article","isPartOf":{"@id":"https:\/\/gremicafe.cat\/2020\/06\/19\/perque-el-cafe-torrat-a-catalunya-es-cafe-de-proximitat\/"},"author":{"name":"gremicafe","@id":"https:\/\/gremicafe.cat\/#\/schema\/person\/dabfdbb3d0fa36260855a380f94e4733"},"headline":"Perqu\u00e8 el Caf\u00e8 Torrat a Catalunya \u00e9s caf\u00e8 de proximitat?","datePublished":"2020-06-19T07:18:17+00:00","dateModified":"2020-06-19T07:19:50+00:00","mainEntityOfPage":{"@id":"https:\/\/gremicafe.cat\/2020\/06\/19\/perque-el-cafe-torrat-a-catalunya-es-cafe-de-proximitat\/"},"wordCount":347,"publisher":{"@id":"https:\/\/gremicafe.cat\/#organization"},"image":{"@id":"https:\/\/gremicafe.cat\/2020\/06\/19\/perque-el-cafe-torrat-a-catalunya-es-cafe-de-proximitat\/#primaryimage"},"thumbnailUrl":"https:\/\/gremicafe.cat\/wp-content\/uploads\/2020\/06\/GC-blogcafeproximitatlogo1500x800.jpg","articleSection":["Not\u00edcies"],"inLanguage":"es"},{"@type":"WebPage","@id":"https:\/\/gremicafe.cat\/2020\/06\/19\/perque-el-cafe-torrat-a-catalunya-es-cafe-de-proximitat\/","url":"https:\/\/gremicafe.cat\/2020\/06\/19\/perque-el-cafe-torrat-a-catalunya-es-cafe-de-proximitat\/","name":"Perqu\u00e8 el Caf\u00e8 Torrat a Catalunya \u00e9s caf\u00e8 de proximitat? - Gremi del Caf\u00e8, torradors de Catalunya","isPartOf":{"@id":"https:\/\/gremicafe.cat\/#website"},"primaryImageOfPage":{"@id":"https:\/\/gremicafe.cat\/2020\/06\/19\/perque-el-cafe-torrat-a-catalunya-es-cafe-de-proximitat\/#primaryimage"},"image":{"@id":"https:\/\/gremicafe.cat\/2020\/06\/19\/perque-el-cafe-torrat-a-catalunya-es-cafe-de-proximitat\/#primaryimage"},"thumbnailUrl":"https:\/\/gremicafe.cat\/wp-content\/uploads\/2020\/06\/GC-blogcafeproximitatlogo1500x800.jpg","datePublished":"2020-06-19T07:18:17+00:00","dateModified":"2020-06-19T07:19:50+00:00","breadcrumb":{"@id":"https:\/\/gremicafe.cat\/2020\/06\/19\/perque-el-cafe-torrat-a-catalunya-es-cafe-de-proximitat\/#breadcrumb"},"inLanguage":"es","potentialAction":[{"@type":"ReadAction","target":["https:\/\/gremicafe.cat\/2020\/06\/19\/perque-el-cafe-torrat-a-catalunya-es-cafe-de-proximitat\/"]}]},{"@type":"ImageObject","inLanguage":"es","@id":"https:\/\/gremicafe.cat\/2020\/06\/19\/perque-el-cafe-torrat-a-catalunya-es-cafe-de-proximitat\/#primaryimage","url":"https:\/\/gremicafe.cat\/wp-content\/uploads\/2020\/06\/GC-blogcafeproximitatlogo1500x800.jpg","contentUrl":"https:\/\/gremicafe.cat\/wp-content\/uploads\/2020\/06\/GC-blogcafeproximitatlogo1500x800.jpg","width":1500,"height":800,"caption":"cafe torrat a catalunya cafe de proximitat"},{"@type":"BreadcrumbList","@id":"https:\/\/gremicafe.cat\/2020\/06\/19\/perque-el-cafe-torrat-a-catalunya-es-cafe-de-proximitat\/#breadcrumb","itemListElement":[{"@type":"ListItem","position":1,"name":"Inici","item":"https:\/\/gremicafe.cat\/"},{"@type":"ListItem","position":2,"name":"Perqu\u00e8 el Caf\u00e8 Torrat a Catalunya \u00e9s caf\u00e8 de proximitat?"}]},{"@type":"WebSite","@id":"https:\/\/gremicafe.cat\/#website","url":"https:\/\/gremicafe.cat\/","name":"Gremio del Caf\u00e9, tostadores de Catalu\u00f1a","description":"Web oficial del gremio de tostadores de caf\u00e9 de Catalunya","publisher":{"@id":"https:\/\/gremicafe.cat\/#organization"},"potentialAction":[{"@type":"SearchAction","target":{"@type":"EntryPoint","urlTemplate":"https:\/\/gremicafe.cat\/?s={search_term_string}"},"query-input":{"@type":"PropertyValueSpecification","valueRequired":true,"valueName":"search_term_string"}}],"inLanguage":"es"},{"@type":"Organization","@id":"https:\/\/gremicafe.cat\/#organization","name":"Gremio del Caf\u00e9, Tostadores de Catalu\u00f1a","url":"https:\/\/gremicafe.cat\/","logo":{"@type":"ImageObject","inLanguage":"es","@id":"https:\/\/gremicafe.cat\/#\/schema\/logo\/image\/","url":"https:\/\/gremicafe.cat\/wp-content\/uploads\/2018\/03\/gremicafe-logo250.png","contentUrl":"https:\/\/gremicafe.cat\/wp-content\/uploads\/2018\/03\/gremicafe-logo250.png","width":250,"height":49,"caption":"Gremi del Caf\u00e8, Torradors de Catalunya"},"image":{"@id":"https:\/\/gremicafe.cat\/#\/schema\/logo\/image\/"},"sameAs":["https:\/\/www.facebook.com\/gremicafecat","https:\/\/x.com\/gremicafecat","https:\/\/www.instagram.com\/gremicafecat\/","https:\/\/www.pinterest.es\/gremicafecat\/","https:\/\/www.youtube.com\/channel\/UCGLo5Y35vLwLvP4FrPZrCrw\/"]},{"@type":"Person","@id":"https:\/\/gremicafe.cat\/#\/schema\/person\/dabfdbb3d0fa36260855a380f94e4733","name":"gremicafe","image":{"@type":"ImageObject","inLanguage":"es","@id":"https:\/\/gremicafe.cat\/#\/schema\/person\/image\/","url":"https:\/\/secure.gravatar.com\/avatar\/e59baa4ca8f6f97576d6375fb6d3c8f0?s=96&d=mm&r=g","contentUrl":"https:\/\/secure.gravatar.com\/avatar\/e59baa4ca8f6f97576d6375fb6d3c8f0?s=96&d=mm&r=g","caption":"gremicafe"}}]}},"_links":{"self":[{"href":"https:\/\/gremicafe.cat\/es\/wp-json\/wp\/v2\/posts\/5349"}],"collection":[{"href":"https:\/\/gremicafe.cat\/es\/wp-json\/wp\/v2\/posts"}],"about":[{"href":"https:\/\/gremicafe.cat\/es\/wp-json\/wp\/v2\/types\/post"}],"author":[{"embeddable":true,"href":"https:\/\/gremicafe.cat\/es\/wp-json\/wp\/v2\/users\/1"}],"replies":[{"embeddable":true,"href":"https:\/\/gremicafe.cat\/es\/wp-json\/wp\/v2\/comments?post=5349"}],"version-history":[{"count":0,"href":"https:\/\/gremicafe.cat\/es\/wp-json\/wp\/v2\/posts\/5349\/revisions"}],"wp:featuredmedia":[{"embeddable":true,"href":"https:\/\/gremicafe.cat\/es\/wp-json\/wp\/v2\/media\/5351"}],"wp:attachment":[{"href":"https:\/\/gremicafe.cat\/es\/wp-json\/wp\/v2\/media?parent=5349"}],"wp:term":[{"taxonomy":"category","embeddable":true,"href":"https:\/\/gremicafe.cat\/es\/wp-json\/wp\/v2\/categories?post=5349"},{"taxonomy":"post_tag","embeddable":true,"href":"https:\/\/gremicafe.cat\/es\/wp-json\/wp\/v2\/tags?post=5349"}],"curies":[{"name":"wp","href":"https:\/\/api.w.org\/{rel}","templated":true}]}}