{"id":5364,"date":"2020-07-22T10:26:21","date_gmt":"2020-07-22T08:26:21","guid":{"rendered":"https:\/\/gremicafe.cat\/?p=5364"},"modified":"2021-07-12T10:38:23","modified_gmt":"2021-07-12T08:38:23","slug":"noves-opcions-sostenibles-per-prendre-cafe","status":"publish","type":"post","link":"https:\/\/gremicafe.cat\/es\/2020\/07\/22\/noves-opcions-sostenibles-per-prendre-cafe\/","title":{"rendered":"Nuevas opciones sostenibles para tomar caf\u00e9"},"content":{"rendered":"<p>Durante los \u00faltimos a\u00f1os, parte de la sociedad y empresas buscan la forma de consumir de una forma m\u00e1s sostenible.<\/p>\n<p>En este art\u00edculo hacemos un resumen de las \u00faltimas novedades que han incorporado varias empresas del Gremio del Caf\u00e9 para contribuir a <strong>reducir el impacto en el medio ambiente<\/strong>.<\/p>\n<p>&nbsp;<\/p>\n<h2>Packs \u201cTake Away\u201d compostables<\/h2>\n<p>Caf\u00e9s Novell incorpora el <a href=\"https:\/\/cafesnovell.com\/ca\/categoria-producte\/complements\/\">pack completo compostable<\/a>; vaso de 2 tama\u00f1os, tapas, encima de az\u00facar y encima de az\u00facar con cucharilla.<\/p>\n<p>Caf\u00e9s Saula tambi\u00e9n ha incorporado los envases de Take Away por hosteler\u00eda 100% compostables, donde el vaso y la tapa son totalmente org\u00e1nicos.<\/p>\n<p>&nbsp;<\/p>\n<p><img loading=\"lazy\" decoding=\"async\" class=\"wp-image-5367 size-medium alignleft\" src=\"https:\/\/gremicafe.cat\/wp-content\/uploads\/2020\/07\/3209-300x300.jpg\" alt=\"\" width=\"300\" height=\"300\" srcset=\"https:\/\/gremicafe.cat\/wp-content\/uploads\/2020\/07\/3209-300x300.jpg 300w, https:\/\/gremicafe.cat\/wp-content\/uploads\/2020\/07\/3209-150x150.jpg 150w, https:\/\/gremicafe.cat\/wp-content\/uploads\/2020\/07\/3209.jpg 600w\" sizes=\"(max-width: 300px) 100vw, 300px\" \/><img loading=\"lazy\" decoding=\"async\" class=\"wp-image-5366 size-medium aligncenter\" src=\"https:\/\/gremicafe.cat\/wp-content\/uploads\/2020\/07\/IMG_0301-copia-300x300.jpg\" alt=\"\" width=\"300\" height=\"300\" srcset=\"https:\/\/gremicafe.cat\/wp-content\/uploads\/2020\/07\/IMG_0301-copia-300x300.jpg 300w, https:\/\/gremicafe.cat\/wp-content\/uploads\/2020\/07\/IMG_0301-copia-150x150.jpg 150w\" sizes=\"(max-width: 300px) 100vw, 300px\" \/><\/p>\n<p>&nbsp;<\/p>\n<p>&nbsp;<\/p>\n<h2>C\u00e1psulas compostables<\/h2>\n<p>Son varias las empresas que ya disponen de ese formato para reducir los residuos en este formato. A continuaci\u00f3n te las mostramos:<\/p>\n<ul>\n<li><a href=\"https:\/\/cafesnovell.com\/ca\/residuzero\/\" target=\"_blank\" rel=\"noopener\">Caf\u00e9s Novell<\/a><\/li>\n<li><a href=\"https:\/\/cafeciano.com\/collections\/ciano-cafe\" target=\"_blank\" rel=\"noopener\">Cafe Ciano<\/a><\/li>\n<li><a href=\"http:\/\/www.cafeslider.com\/capsulas\/\" target=\"_blank\" rel=\"noopener\">Caf\u00e9s Lider<\/a><\/li>\n<li><a href=\"https:\/\/compremacasa.cat\/bages\/cafesgener\/producte\/capsules-gener-natural\/\" target=\"_blank\" rel=\"noopener\">Caf\u00e9s Enero<\/a><\/li>\n<li><a href=\"https:\/\/www.capsulastupinamba.com\/ca\/\" target=\"_blank\" rel=\"noopener\">Tupinamba<\/a><\/li>\n<\/ul>\n<p>&nbsp;<\/p>\n<h2>C\u00e1psulas reutilizables<\/h2>\n<p><a href=\"https:\/\/www.cafesmoreno.net\/es-es\/tienda\/cafeteras\/espana\/todos-los-precios-y-marcas\/1-0-1000-1-10.html\" target=\"_blank\" rel=\"noopener\">Caf\u00e9s Moreno<\/a> dispone de c\u00e1psulas reutilizables, que permite llenar en m\u00e1s ocasiones.<\/p>\n<p>&nbsp;<\/p>\n<h2>Tapas m\u00e1s sostenibles<\/h2>\n<p>Saula cambia las tapas de pl\u00e1stico por unas m\u00e1s sostenibles. Han eliminado las tapas de pl\u00e1stico de las latas de caf\u00e9 de 250 y 500 gramos por <a href=\"https:\/\/www.cafesaula.com\/blog\/es\/cafe-saula-substitueix-les-tapes-de-plastic-per-unes-mes-sostenibles\/\" target=\"_blank\" rel=\"noopener\">tapas met\u00e1licas<\/a>.<\/p>\n<p>&nbsp;<\/p>\n<p><img loading=\"lazy\" decoding=\"async\" class=\"aligncenter size-full wp-image-5365\" src=\"https:\/\/gremicafe.cat\/wp-content\/uploads\/2020\/07\/106411586_3061297123962837_2219324126378915701_n-711x580-1.jpg\" alt=\"\" width=\"711\" height=\"580\" \/><\/p>","protected":false},"excerpt":{"rendered":"<p>Durant els \u00faltims anys, part de la societat i empreses busquen la manera de consumir d&#8217;una forma m\u00e9s sostenible. En aquest article fem un resum de les \u00faltimes novetats que han incorporat varies empreses del Gremi del Caf\u00e8 per contribuir en reduir l&#8217;impacte al medi ambient. &nbsp; Packs &#8220;Take Away&#8221; compostables Caf\u00e8s Novell incorpora el [&hellip;]<\/p>\n","protected":false},"author":1,"featured_media":5366,"comment_status":"closed","ping_status":"open","sticky":false,"template":"","format":"standard","meta":{"_acf_changed":false,"inline_featured_image":false,"footnotes":""},"categories":[1],"tags":[],"class_list":["post-5364","post","type-post","status-publish","format-standard","has-post-thumbnail","hentry","category-noticies"],"acf":[],"yoast_head":"<!-- This site is optimized with the Yoast SEO plugin v25.5 - https:\/\/yoast.com\/wordpress\/plugins\/seo\/ -->\n<title>Noves opcions sostenibles per prendre caf\u00e8 - Gremi del Caf\u00e8, torradors de Catalunya<\/title>\n<meta name=\"robots\" content=\"index, follow, max-snippet:-1, max-image-preview:large, max-video-preview:-1\" \/>\n<link rel=\"canonical\" href=\"https:\/\/gremicafe.cat\/es\/2020\/07\/22\/noves-opcions-sostenibles-per-prendre-cafe\/\" \/>\n<meta property=\"og:locale\" content=\"es_ES\" \/>\n<meta property=\"og:type\" content=\"article\" \/>\n<meta property=\"og:title\" content=\"Noves opcions sostenibles per prendre caf\u00e8 - Gremi del Caf\u00e8, torradors de Catalunya\" \/>\n<meta property=\"og:description\" content=\"Durant els \u00faltims anys, part de la societat i empreses busquen la manera de consumir d&#8217;una forma m\u00e9s sostenible. En aquest article fem un resum de les \u00faltimes novetats que han incorporat varies empreses del Gremi del Caf\u00e8 per contribuir en reduir l&#8217;impacte al medi ambient. &nbsp; Packs &#8220;Take Away&#8221; compostables Caf\u00e8s Novell incorpora el [&hellip;]\" \/>\n<meta property=\"og:url\" content=\"https:\/\/gremicafe.cat\/es\/2020\/07\/22\/noves-opcions-sostenibles-per-prendre-cafe\/\" \/>\n<meta property=\"og:site_name\" content=\"Gremi del Caf\u00e8, torradors de Catalunya\" \/>\n<meta property=\"article:publisher\" content=\"https:\/\/www.facebook.com\/gremicafecat\" \/>\n<meta property=\"article:published_time\" content=\"2020-07-22T08:26:21+00:00\" \/>\n<meta property=\"article:modified_time\" content=\"2021-07-12T08:38:23+00:00\" \/>\n<meta property=\"og:image\" content=\"https:\/\/gremicafe.cat\/wp-content\/uploads\/2020\/07\/IMG_0301-copia.jpg\" \/>\n\t<meta property=\"og:image:width\" content=\"711\" \/>\n\t<meta property=\"og:image:height\" content=\"533\" \/>\n\t<meta property=\"og:image:type\" content=\"image\/jpeg\" \/>\n<meta name=\"author\" content=\"gremicafe\" \/>\n<meta name=\"twitter:card\" content=\"summary_large_image\" \/>\n<meta name=\"twitter:creator\" content=\"@gremicafecat\" \/>\n<meta name=\"twitter:site\" content=\"@gremicafecat\" \/>\n<meta name=\"twitter:label1\" content=\"Escrito por\" \/>\n\t<meta name=\"twitter:data1\" content=\"gremicafe\" \/>\n\t<meta name=\"twitter:label2\" content=\"Tiempo de lectura\" \/>\n\t<meta name=\"twitter:data2\" content=\"2 minutos\" \/>\n<script type=\"application\/ld+json\" class=\"yoast-schema-graph\">{\"@context\":\"https:\/\/schema.org\",\"@graph\":[{\"@type\":\"Article\",\"@id\":\"https:\/\/gremicafe.cat\/2020\/07\/22\/noves-opcions-sostenibles-per-prendre-cafe\/#article\",\"isPartOf\":{\"@id\":\"https:\/\/gremicafe.cat\/2020\/07\/22\/noves-opcions-sostenibles-per-prendre-cafe\/\"},\"author\":{\"name\":\"gremicafe\",\"@id\":\"https:\/\/gremicafe.cat\/#\/schema\/person\/dabfdbb3d0fa36260855a380f94e4733\"},\"headline\":\"Noves opcions sostenibles per prendre caf\u00e8\",\"datePublished\":\"2020-07-22T08:26:21+00:00\",\"dateModified\":\"2021-07-12T08:38:23+00:00\",\"mainEntityOfPage\":{\"@id\":\"https:\/\/gremicafe.cat\/2020\/07\/22\/noves-opcions-sostenibles-per-prendre-cafe\/\"},\"wordCount\":200,\"publisher\":{\"@id\":\"https:\/\/gremicafe.cat\/#organization\"},\"image\":{\"@id\":\"https:\/\/gremicafe.cat\/2020\/07\/22\/noves-opcions-sostenibles-per-prendre-cafe\/#primaryimage\"},\"thumbnailUrl\":\"https:\/\/gremicafe.cat\/wp-content\/uploads\/2020\/07\/IMG_0301-copia.jpg\",\"articleSection\":[\"Not\u00edcies\"],\"inLanguage\":\"es\"},{\"@type\":\"WebPage\",\"@id\":\"https:\/\/gremicafe.cat\/2020\/07\/22\/noves-opcions-sostenibles-per-prendre-cafe\/\",\"url\":\"https:\/\/gremicafe.cat\/2020\/07\/22\/noves-opcions-sostenibles-per-prendre-cafe\/\",\"name\":\"Noves opcions sostenibles per prendre caf\u00e8 - Gremi del Caf\u00e8, torradors de Catalunya\",\"isPartOf\":{\"@id\":\"https:\/\/gremicafe.cat\/#website\"},\"primaryImageOfPage\":{\"@id\":\"https:\/\/gremicafe.cat\/2020\/07\/22\/noves-opcions-sostenibles-per-prendre-cafe\/#primaryimage\"},\"image\":{\"@id\":\"https:\/\/gremicafe.cat\/2020\/07\/22\/noves-opcions-sostenibles-per-prendre-cafe\/#primaryimage\"},\"thumbnailUrl\":\"https:\/\/gremicafe.cat\/wp-content\/uploads\/2020\/07\/IMG_0301-copia.jpg\",\"datePublished\":\"2020-07-22T08:26:21+00:00\",\"dateModified\":\"2021-07-12T08:38:23+00:00\",\"breadcrumb\":{\"@id\":\"https:\/\/gremicafe.cat\/2020\/07\/22\/noves-opcions-sostenibles-per-prendre-cafe\/#breadcrumb\"},\"inLanguage\":\"es\",\"potentialAction\":[{\"@type\":\"ReadAction\",\"target\":[\"https:\/\/gremicafe.cat\/2020\/07\/22\/noves-opcions-sostenibles-per-prendre-cafe\/\"]}]},{\"@type\":\"ImageObject\",\"inLanguage\":\"es\",\"@id\":\"https:\/\/gremicafe.cat\/2020\/07\/22\/noves-opcions-sostenibles-per-prendre-cafe\/#primaryimage\",\"url\":\"https:\/\/gremicafe.cat\/wp-content\/uploads\/2020\/07\/IMG_0301-copia.jpg\",\"contentUrl\":\"https:\/\/gremicafe.cat\/wp-content\/uploads\/2020\/07\/IMG_0301-copia.jpg\",\"width\":711,\"height\":533},{\"@type\":\"BreadcrumbList\",\"@id\":\"https:\/\/gremicafe.cat\/2020\/07\/22\/noves-opcions-sostenibles-per-prendre-cafe\/#breadcrumb\",\"itemListElement\":[{\"@type\":\"ListItem\",\"position\":1,\"name\":\"Inici\",\"item\":\"https:\/\/gremicafe.cat\/\"},{\"@type\":\"ListItem\",\"position\":2,\"name\":\"Noves opcions sostenibles per prendre caf\u00e8\"}]},{\"@type\":\"WebSite\",\"@id\":\"https:\/\/gremicafe.cat\/#website\",\"url\":\"https:\/\/gremicafe.cat\/\",\"name\":\"Gremi del Caf\u00e8, torradors de Catalunya\",\"description\":\"Web oficial del gremi de torradors de caf\u00e8 de Catalunya\",\"publisher\":{\"@id\":\"https:\/\/gremicafe.cat\/#organization\"},\"potentialAction\":[{\"@type\":\"SearchAction\",\"target\":{\"@type\":\"EntryPoint\",\"urlTemplate\":\"https:\/\/gremicafe.cat\/?s={search_term_string}\"},\"query-input\":{\"@type\":\"PropertyValueSpecification\",\"valueRequired\":true,\"valueName\":\"search_term_string\"}}],\"inLanguage\":\"es\"},{\"@type\":\"Organization\",\"@id\":\"https:\/\/gremicafe.cat\/#organization\",\"name\":\"Gremi del Caf\u00e8, Torradors de Catalunya\",\"url\":\"https:\/\/gremicafe.cat\/\",\"logo\":{\"@type\":\"ImageObject\",\"inLanguage\":\"es\",\"@id\":\"https:\/\/gremicafe.cat\/#\/schema\/logo\/image\/\",\"url\":\"https:\/\/gremicafe.cat\/wp-content\/uploads\/2018\/03\/gremicafe-logo250.png\",\"contentUrl\":\"https:\/\/gremicafe.cat\/wp-content\/uploads\/2018\/03\/gremicafe-logo250.png\",\"width\":250,\"height\":49,\"caption\":\"Gremi del Caf\u00e8, Torradors de Catalunya\"},\"image\":{\"@id\":\"https:\/\/gremicafe.cat\/#\/schema\/logo\/image\/\"},\"sameAs\":[\"https:\/\/www.facebook.com\/gremicafecat\",\"https:\/\/x.com\/gremicafecat\",\"https:\/\/www.instagram.com\/gremicafecat\/\",\"https:\/\/www.pinterest.es\/gremicafecat\/\",\"https:\/\/www.youtube.com\/channel\/UCGLo5Y35vLwLvP4FrPZrCrw\/\"]},{\"@type\":\"Person\",\"@id\":\"https:\/\/gremicafe.cat\/#\/schema\/person\/dabfdbb3d0fa36260855a380f94e4733\",\"name\":\"gremicafe\",\"image\":{\"@type\":\"ImageObject\",\"inLanguage\":\"es\",\"@id\":\"https:\/\/gremicafe.cat\/#\/schema\/person\/image\/\",\"url\":\"https:\/\/secure.gravatar.com\/avatar\/e59baa4ca8f6f97576d6375fb6d3c8f0?s=96&d=mm&r=g\",\"contentUrl\":\"https:\/\/secure.gravatar.com\/avatar\/e59baa4ca8f6f97576d6375fb6d3c8f0?s=96&d=mm&r=g\",\"caption\":\"gremicafe\"}}]}<\/script>\n<!-- \/ Yoast SEO plugin. -->","yoast_head_json":{"title":"Noves opcions sostenibles per prendre caf\u00e8 - Gremi del Caf\u00e8, torradors de Catalunya","robots":{"index":"index","follow":"follow","max-snippet":"max-snippet:-1","max-image-preview":"max-image-preview:large","max-video-preview":"max-video-preview:-1"},"canonical":"https:\/\/gremicafe.cat\/es\/2020\/07\/22\/noves-opcions-sostenibles-per-prendre-cafe\/","og_locale":"es_ES","og_type":"article","og_title":"Noves opcions sostenibles per prendre caf\u00e8 - Gremi del Caf\u00e8, torradors de Catalunya","og_description":"Durant els \u00faltims anys, part de la societat i empreses busquen la manera de consumir d&#8217;una forma m\u00e9s sostenible. En aquest article fem un resum de les \u00faltimes novetats que han incorporat varies empreses del Gremi del Caf\u00e8 per contribuir en reduir l&#8217;impacte al medi ambient. &nbsp; Packs &#8220;Take Away&#8221; compostables Caf\u00e8s Novell incorpora el [&hellip;]","og_url":"https:\/\/gremicafe.cat\/es\/2020\/07\/22\/noves-opcions-sostenibles-per-prendre-cafe\/","og_site_name":"Gremi del Caf\u00e8, torradors de Catalunya","article_publisher":"https:\/\/www.facebook.com\/gremicafecat","article_published_time":"2020-07-22T08:26:21+00:00","article_modified_time":"2021-07-12T08:38:23+00:00","og_image":[{"width":711,"height":533,"url":"https:\/\/gremicafe.cat\/wp-content\/uploads\/2020\/07\/IMG_0301-copia.jpg","type":"image\/jpeg"}],"author":"gremicafe","twitter_card":"summary_large_image","twitter_creator":"@gremicafecat","twitter_site":"@gremicafecat","twitter_misc":{"Escrito por":"gremicafe","Tiempo de lectura":"2 minutos"},"schema":{"@context":"https:\/\/schema.org","@graph":[{"@type":"Article","@id":"https:\/\/gremicafe.cat\/2020\/07\/22\/noves-opcions-sostenibles-per-prendre-cafe\/#article","isPartOf":{"@id":"https:\/\/gremicafe.cat\/2020\/07\/22\/noves-opcions-sostenibles-per-prendre-cafe\/"},"author":{"name":"gremicafe","@id":"https:\/\/gremicafe.cat\/#\/schema\/person\/dabfdbb3d0fa36260855a380f94e4733"},"headline":"Noves opcions sostenibles per prendre caf\u00e8","datePublished":"2020-07-22T08:26:21+00:00","dateModified":"2021-07-12T08:38:23+00:00","mainEntityOfPage":{"@id":"https:\/\/gremicafe.cat\/2020\/07\/22\/noves-opcions-sostenibles-per-prendre-cafe\/"},"wordCount":200,"publisher":{"@id":"https:\/\/gremicafe.cat\/#organization"},"image":{"@id":"https:\/\/gremicafe.cat\/2020\/07\/22\/noves-opcions-sostenibles-per-prendre-cafe\/#primaryimage"},"thumbnailUrl":"https:\/\/gremicafe.cat\/wp-content\/uploads\/2020\/07\/IMG_0301-copia.jpg","articleSection":["Not\u00edcies"],"inLanguage":"es"},{"@type":"WebPage","@id":"https:\/\/gremicafe.cat\/2020\/07\/22\/noves-opcions-sostenibles-per-prendre-cafe\/","url":"https:\/\/gremicafe.cat\/2020\/07\/22\/noves-opcions-sostenibles-per-prendre-cafe\/","name":"Noves opcions sostenibles per prendre caf\u00e8 - Gremi del Caf\u00e8, torradors de Catalunya","isPartOf":{"@id":"https:\/\/gremicafe.cat\/#website"},"primaryImageOfPage":{"@id":"https:\/\/gremicafe.cat\/2020\/07\/22\/noves-opcions-sostenibles-per-prendre-cafe\/#primaryimage"},"image":{"@id":"https:\/\/gremicafe.cat\/2020\/07\/22\/noves-opcions-sostenibles-per-prendre-cafe\/#primaryimage"},"thumbnailUrl":"https:\/\/gremicafe.cat\/wp-content\/uploads\/2020\/07\/IMG_0301-copia.jpg","datePublished":"2020-07-22T08:26:21+00:00","dateModified":"2021-07-12T08:38:23+00:00","breadcrumb":{"@id":"https:\/\/gremicafe.cat\/2020\/07\/22\/noves-opcions-sostenibles-per-prendre-cafe\/#breadcrumb"},"inLanguage":"es","potentialAction":[{"@type":"ReadAction","target":["https:\/\/gremicafe.cat\/2020\/07\/22\/noves-opcions-sostenibles-per-prendre-cafe\/"]}]},{"@type":"ImageObject","inLanguage":"es","@id":"https:\/\/gremicafe.cat\/2020\/07\/22\/noves-opcions-sostenibles-per-prendre-cafe\/#primaryimage","url":"https:\/\/gremicafe.cat\/wp-content\/uploads\/2020\/07\/IMG_0301-copia.jpg","contentUrl":"https:\/\/gremicafe.cat\/wp-content\/uploads\/2020\/07\/IMG_0301-copia.jpg","width":711,"height":533},{"@type":"BreadcrumbList","@id":"https:\/\/gremicafe.cat\/2020\/07\/22\/noves-opcions-sostenibles-per-prendre-cafe\/#breadcrumb","itemListElement":[{"@type":"ListItem","position":1,"name":"Inici","item":"https:\/\/gremicafe.cat\/"},{"@type":"ListItem","position":2,"name":"Noves opcions sostenibles per prendre caf\u00e8"}]},{"@type":"WebSite","@id":"https:\/\/gremicafe.cat\/#website","url":"https:\/\/gremicafe.cat\/","name":"Gremio del Caf\u00e9, tostadores de Catalu\u00f1a","description":"Web oficial del gremio de tostadores de caf\u00e9 de Catalunya","publisher":{"@id":"https:\/\/gremicafe.cat\/#organization"},"potentialAction":[{"@type":"SearchAction","target":{"@type":"EntryPoint","urlTemplate":"https:\/\/gremicafe.cat\/?s={search_term_string}"},"query-input":{"@type":"PropertyValueSpecification","valueRequired":true,"valueName":"search_term_string"}}],"inLanguage":"es"},{"@type":"Organization","@id":"https:\/\/gremicafe.cat\/#organization","name":"Gremio del Caf\u00e9, Tostadores de Catalu\u00f1a","url":"https:\/\/gremicafe.cat\/","logo":{"@type":"ImageObject","inLanguage":"es","@id":"https:\/\/gremicafe.cat\/#\/schema\/logo\/image\/","url":"https:\/\/gremicafe.cat\/wp-content\/uploads\/2018\/03\/gremicafe-logo250.png","contentUrl":"https:\/\/gremicafe.cat\/wp-content\/uploads\/2018\/03\/gremicafe-logo250.png","width":250,"height":49,"caption":"Gremi del Caf\u00e8, Torradors de Catalunya"},"image":{"@id":"https:\/\/gremicafe.cat\/#\/schema\/logo\/image\/"},"sameAs":["https:\/\/www.facebook.com\/gremicafecat","https:\/\/x.com\/gremicafecat","https:\/\/www.instagram.com\/gremicafecat\/","https:\/\/www.pinterest.es\/gremicafecat\/","https:\/\/www.youtube.com\/channel\/UCGLo5Y35vLwLvP4FrPZrCrw\/"]},{"@type":"Person","@id":"https:\/\/gremicafe.cat\/#\/schema\/person\/dabfdbb3d0fa36260855a380f94e4733","name":"gremicafe","image":{"@type":"ImageObject","inLanguage":"es","@id":"https:\/\/gremicafe.cat\/#\/schema\/person\/image\/","url":"https:\/\/secure.gravatar.com\/avatar\/e59baa4ca8f6f97576d6375fb6d3c8f0?s=96&d=mm&r=g","contentUrl":"https:\/\/secure.gravatar.com\/avatar\/e59baa4ca8f6f97576d6375fb6d3c8f0?s=96&d=mm&r=g","caption":"gremicafe"}}]}},"_links":{"self":[{"href":"https:\/\/gremicafe.cat\/es\/wp-json\/wp\/v2\/posts\/5364"}],"collection":[{"href":"https:\/\/gremicafe.cat\/es\/wp-json\/wp\/v2\/posts"}],"about":[{"href":"https:\/\/gremicafe.cat\/es\/wp-json\/wp\/v2\/types\/post"}],"author":[{"embeddable":true,"href":"https:\/\/gremicafe.cat\/es\/wp-json\/wp\/v2\/users\/1"}],"replies":[{"embeddable":true,"href":"https:\/\/gremicafe.cat\/es\/wp-json\/wp\/v2\/comments?post=5364"}],"version-history":[{"count":0,"href":"https:\/\/gremicafe.cat\/es\/wp-json\/wp\/v2\/posts\/5364\/revisions"}],"wp:featuredmedia":[{"embeddable":true,"href":"https:\/\/gremicafe.cat\/es\/wp-json\/wp\/v2\/media\/5366"}],"wp:attachment":[{"href":"https:\/\/gremicafe.cat\/es\/wp-json\/wp\/v2\/media?parent=5364"}],"wp:term":[{"taxonomy":"category","embeddable":true,"href":"https:\/\/gremicafe.cat\/es\/wp-json\/wp\/v2\/categories?post=5364"},{"taxonomy":"post_tag","embeddable":true,"href":"https:\/\/gremicafe.cat\/es\/wp-json\/wp\/v2\/tags?post=5364"}],"curies":[{"name":"wp","href":"https:\/\/api.w.org\/{rel}","templated":true}]}}