{"id":5376,"date":"2020-07-28T12:20:38","date_gmt":"2020-07-28T10:20:38","guid":{"rendered":"https:\/\/gremicafe.cat\/?p=5376"},"modified":"2020-07-30T12:19:05","modified_gmt":"2020-07-30T10:19:05","slug":"seguim-amb-campanya-cafe-torrat-a-catalunya-cafe-de-proximitat","status":"publish","type":"post","link":"https:\/\/gremicafe.cat\/es\/2020\/07\/28\/seguim-amb-campanya-cafe-torrat-a-catalunya-cafe-de-proximitat\/","title":{"rendered":"Seguimos con campa\u00f1a; Caf\u00e9 Tostado en Catalu\u00f1a, Caf\u00e9 de Proximidad"},"content":{"rendered":"<p><img loading=\"lazy\" decoding=\"async\" class=\"aligncenter size-full wp-image-5378\" src=\"https:\/\/gremicafe.cat\/wp-content\/uploads\/2020\/07\/GC-botigacafeOberta-1200x628OK.jpg\" alt=\"Gremi Cafe Catalunya\" width=\"1200\" height=\"628\" srcset=\"https:\/\/gremicafe.cat\/wp-content\/uploads\/2020\/07\/GC-botigacafeOberta-1200x628OK.jpg 1200w, https:\/\/gremicafe.cat\/wp-content\/uploads\/2020\/07\/GC-botigacafeOberta-1200x628OK-768x402.jpg 768w\" sizes=\"(max-width: 1200px) 100vw, 1200px\" \/><\/p>\n<p>&nbsp;<\/p>\n<p>Ya han pasado 2 meses desde el inicio de la campa\u00f1a digital iniciada por el Gremi del Caf\u00e9; <a href=\"https:\/\/gremicafe.cat\/es\/\"><strong>Caf\u00e9 Tostado en Catalu\u00f1a, Caf\u00e9 de Proximidad<\/strong><\/a>.<\/p>\n<p>La campa\u00f1a online que va destinada a <strong>Redes Sociales<\/strong> (Instagram y Facebook) y en formato <strong>display<\/strong>, ha causado un gran impacto en la web del Gremio, y de rebote en todas las webs de los tostadores que forman parte. Puesto que la campa\u00f1a tiene como objetivo redirigir y conectar a los usuarios con los diferentes tostadores para que vendan sus productos, a trav\u00e9s de los canales; online, tel\u00e9fono o email y\/o de sus tiendas f\u00edsicas.<\/p>\n<p>Durante estos 2 meses de campa\u00f1a, ya se ha conseguido m\u00e1s de <strong>3.000.000 de impresiones<\/strong> a trav\u00e9s de todos los canales online. Y en relaci\u00f3n al canal de Social Media, se ha llegado a m\u00e1s de <strong>300.000<\/strong> personas hasta el momento.<\/p>\n<p>La campa\u00f1a sigue en marcha, hasta noviembre, con una duraci\u00f3n total de 6 meses.<\/p>","protected":false},"excerpt":{"rendered":"<p>&nbsp; Ja han passat 2 mesos des de l&#8217;inici de la campanya digital iniciada pel Gremi del Caf\u00e8; Caf\u00e8 Torrat a Catalunya, Caf\u00e8 de Proximitat. La campanya online que va destinada a Xarxes Socials (Instagram i Facebook) i en format display, ha causat un gran impacte a la web del Gremi, i de retruc a [&hellip;]<\/p>\n","protected":false},"author":1,"featured_media":5379,"comment_status":"closed","ping_status":"open","sticky":false,"template":"","format":"standard","meta":{"_acf_changed":false,"inline_featured_image":false,"footnotes":""},"categories":[1],"tags":[],"class_list":["post-5376","post","type-post","status-publish","format-standard","has-post-thumbnail","hentry","category-noticies"],"acf":[],"yoast_head":"<!-- This site is optimized with the Yoast SEO plugin v25.5 - https:\/\/yoast.com\/wordpress\/plugins\/seo\/ -->\n<title>Seguim amb campanya; Caf\u00e8 Torrat a Catalunya, Caf\u00e8 de Proximitat - Gremi del Caf\u00e8, torradors de Catalunya<\/title>\n<meta name=\"robots\" content=\"index, follow, max-snippet:-1, max-image-preview:large, max-video-preview:-1\" \/>\n<link rel=\"canonical\" href=\"https:\/\/gremicafe.cat\/es\/2020\/07\/28\/seguim-amb-campanya-cafe-torrat-a-catalunya-cafe-de-proximitat\/\" \/>\n<meta property=\"og:locale\" content=\"es_ES\" \/>\n<meta property=\"og:type\" content=\"article\" \/>\n<meta property=\"og:title\" content=\"Seguim amb campanya; Caf\u00e8 Torrat a Catalunya, Caf\u00e8 de Proximitat - Gremi del Caf\u00e8, torradors de Catalunya\" \/>\n<meta property=\"og:description\" content=\"&nbsp; Ja han passat 2 mesos des de l&#8217;inici de la campanya digital iniciada pel Gremi del Caf\u00e8; Caf\u00e8 Torrat a Catalunya, Caf\u00e8 de Proximitat. La campanya online que va destinada a Xarxes Socials (Instagram i Facebook) i en format display, ha causat un gran impacte a la web del Gremi, i de retruc a [&hellip;]\" \/>\n<meta property=\"og:url\" content=\"https:\/\/gremicafe.cat\/es\/2020\/07\/28\/seguim-amb-campanya-cafe-torrat-a-catalunya-cafe-de-proximitat\/\" \/>\n<meta property=\"og:site_name\" content=\"Gremi del Caf\u00e8, torradors de Catalunya\" \/>\n<meta property=\"article:publisher\" content=\"https:\/\/www.facebook.com\/gremicafecat\" \/>\n<meta property=\"article:published_time\" content=\"2020-07-28T10:20:38+00:00\" \/>\n<meta property=\"article:modified_time\" content=\"2020-07-30T10:19:05+00:00\" \/>\n<meta property=\"og:image\" content=\"https:\/\/gremicafe.cat\/wp-content\/uploads\/2020\/07\/OBERTA-sensetext1080x1080.jpg\" \/>\n\t<meta property=\"og:image:width\" content=\"1200\" \/>\n\t<meta property=\"og:image:height\" content=\"1200\" \/>\n\t<meta property=\"og:image:type\" content=\"image\/jpeg\" \/>\n<meta name=\"author\" content=\"gremicafe\" \/>\n<meta name=\"twitter:card\" content=\"summary_large_image\" \/>\n<meta name=\"twitter:creator\" content=\"@gremicafecat\" \/>\n<meta name=\"twitter:site\" content=\"@gremicafecat\" \/>\n<meta name=\"twitter:label1\" content=\"Escrito por\" \/>\n\t<meta name=\"twitter:data1\" content=\"gremicafe\" \/>\n\t<meta name=\"twitter:label2\" content=\"Tiempo de lectura\" \/>\n\t<meta name=\"twitter:data2\" content=\"1 minuto\" \/>\n<script type=\"application\/ld+json\" class=\"yoast-schema-graph\">{\"@context\":\"https:\/\/schema.org\",\"@graph\":[{\"@type\":\"Article\",\"@id\":\"https:\/\/gremicafe.cat\/2020\/07\/28\/seguim-amb-campanya-cafe-torrat-a-catalunya-cafe-de-proximitat\/#article\",\"isPartOf\":{\"@id\":\"https:\/\/gremicafe.cat\/2020\/07\/28\/seguim-amb-campanya-cafe-torrat-a-catalunya-cafe-de-proximitat\/\"},\"author\":{\"name\":\"gremicafe\",\"@id\":\"https:\/\/gremicafe.cat\/#\/schema\/person\/dabfdbb3d0fa36260855a380f94e4733\"},\"headline\":\"Seguim amb campanya; Caf\u00e8 Torrat a Catalunya, Caf\u00e8 de Proximitat\",\"datePublished\":\"2020-07-28T10:20:38+00:00\",\"dateModified\":\"2020-07-30T10:19:05+00:00\",\"mainEntityOfPage\":{\"@id\":\"https:\/\/gremicafe.cat\/2020\/07\/28\/seguim-amb-campanya-cafe-torrat-a-catalunya-cafe-de-proximitat\/\"},\"wordCount\":167,\"publisher\":{\"@id\":\"https:\/\/gremicafe.cat\/#organization\"},\"image\":{\"@id\":\"https:\/\/gremicafe.cat\/2020\/07\/28\/seguim-amb-campanya-cafe-torrat-a-catalunya-cafe-de-proximitat\/#primaryimage\"},\"thumbnailUrl\":\"https:\/\/gremicafe.cat\/wp-content\/uploads\/2020\/07\/OBERTA-sensetext1080x1080.jpg\",\"articleSection\":[\"Not\u00edcies\"],\"inLanguage\":\"es\"},{\"@type\":\"WebPage\",\"@id\":\"https:\/\/gremicafe.cat\/2020\/07\/28\/seguim-amb-campanya-cafe-torrat-a-catalunya-cafe-de-proximitat\/\",\"url\":\"https:\/\/gremicafe.cat\/2020\/07\/28\/seguim-amb-campanya-cafe-torrat-a-catalunya-cafe-de-proximitat\/\",\"name\":\"Seguim amb campanya; Caf\u00e8 Torrat a Catalunya, Caf\u00e8 de Proximitat - Gremi del Caf\u00e8, torradors de Catalunya\",\"isPartOf\":{\"@id\":\"https:\/\/gremicafe.cat\/#website\"},\"primaryImageOfPage\":{\"@id\":\"https:\/\/gremicafe.cat\/2020\/07\/28\/seguim-amb-campanya-cafe-torrat-a-catalunya-cafe-de-proximitat\/#primaryimage\"},\"image\":{\"@id\":\"https:\/\/gremicafe.cat\/2020\/07\/28\/seguim-amb-campanya-cafe-torrat-a-catalunya-cafe-de-proximitat\/#primaryimage\"},\"thumbnailUrl\":\"https:\/\/gremicafe.cat\/wp-content\/uploads\/2020\/07\/OBERTA-sensetext1080x1080.jpg\",\"datePublished\":\"2020-07-28T10:20:38+00:00\",\"dateModified\":\"2020-07-30T10:19:05+00:00\",\"breadcrumb\":{\"@id\":\"https:\/\/gremicafe.cat\/2020\/07\/28\/seguim-amb-campanya-cafe-torrat-a-catalunya-cafe-de-proximitat\/#breadcrumb\"},\"inLanguage\":\"es\",\"potentialAction\":[{\"@type\":\"ReadAction\",\"target\":[\"https:\/\/gremicafe.cat\/2020\/07\/28\/seguim-amb-campanya-cafe-torrat-a-catalunya-cafe-de-proximitat\/\"]}]},{\"@type\":\"ImageObject\",\"inLanguage\":\"es\",\"@id\":\"https:\/\/gremicafe.cat\/2020\/07\/28\/seguim-amb-campanya-cafe-torrat-a-catalunya-cafe-de-proximitat\/#primaryimage\",\"url\":\"https:\/\/gremicafe.cat\/wp-content\/uploads\/2020\/07\/OBERTA-sensetext1080x1080.jpg\",\"contentUrl\":\"https:\/\/gremicafe.cat\/wp-content\/uploads\/2020\/07\/OBERTA-sensetext1080x1080.jpg\",\"width\":1200,\"height\":1200,\"caption\":\"Botiga caf\u00e8 oberta\"},{\"@type\":\"BreadcrumbList\",\"@id\":\"https:\/\/gremicafe.cat\/2020\/07\/28\/seguim-amb-campanya-cafe-torrat-a-catalunya-cafe-de-proximitat\/#breadcrumb\",\"itemListElement\":[{\"@type\":\"ListItem\",\"position\":1,\"name\":\"Inici\",\"item\":\"https:\/\/gremicafe.cat\/\"},{\"@type\":\"ListItem\",\"position\":2,\"name\":\"Seguim amb campanya; Caf\u00e8 Torrat a Catalunya, Caf\u00e8 de Proximitat\"}]},{\"@type\":\"WebSite\",\"@id\":\"https:\/\/gremicafe.cat\/#website\",\"url\":\"https:\/\/gremicafe.cat\/\",\"name\":\"Gremi del Caf\u00e8, torradors de Catalunya\",\"description\":\"Web oficial del gremi de torradors de caf\u00e8 de Catalunya\",\"publisher\":{\"@id\":\"https:\/\/gremicafe.cat\/#organization\"},\"potentialAction\":[{\"@type\":\"SearchAction\",\"target\":{\"@type\":\"EntryPoint\",\"urlTemplate\":\"https:\/\/gremicafe.cat\/?s={search_term_string}\"},\"query-input\":{\"@type\":\"PropertyValueSpecification\",\"valueRequired\":true,\"valueName\":\"search_term_string\"}}],\"inLanguage\":\"es\"},{\"@type\":\"Organization\",\"@id\":\"https:\/\/gremicafe.cat\/#organization\",\"name\":\"Gremi del Caf\u00e8, Torradors de Catalunya\",\"url\":\"https:\/\/gremicafe.cat\/\",\"logo\":{\"@type\":\"ImageObject\",\"inLanguage\":\"es\",\"@id\":\"https:\/\/gremicafe.cat\/#\/schema\/logo\/image\/\",\"url\":\"https:\/\/gremicafe.cat\/wp-content\/uploads\/2018\/03\/gremicafe-logo250.png\",\"contentUrl\":\"https:\/\/gremicafe.cat\/wp-content\/uploads\/2018\/03\/gremicafe-logo250.png\",\"width\":250,\"height\":49,\"caption\":\"Gremi del Caf\u00e8, Torradors de Catalunya\"},\"image\":{\"@id\":\"https:\/\/gremicafe.cat\/#\/schema\/logo\/image\/\"},\"sameAs\":[\"https:\/\/www.facebook.com\/gremicafecat\",\"https:\/\/x.com\/gremicafecat\",\"https:\/\/www.instagram.com\/gremicafecat\/\",\"https:\/\/www.pinterest.es\/gremicafecat\/\",\"https:\/\/www.youtube.com\/channel\/UCGLo5Y35vLwLvP4FrPZrCrw\/\"]},{\"@type\":\"Person\",\"@id\":\"https:\/\/gremicafe.cat\/#\/schema\/person\/dabfdbb3d0fa36260855a380f94e4733\",\"name\":\"gremicafe\",\"image\":{\"@type\":\"ImageObject\",\"inLanguage\":\"es\",\"@id\":\"https:\/\/gremicafe.cat\/#\/schema\/person\/image\/\",\"url\":\"https:\/\/secure.gravatar.com\/avatar\/e59baa4ca8f6f97576d6375fb6d3c8f0?s=96&d=mm&r=g\",\"contentUrl\":\"https:\/\/secure.gravatar.com\/avatar\/e59baa4ca8f6f97576d6375fb6d3c8f0?s=96&d=mm&r=g\",\"caption\":\"gremicafe\"}}]}<\/script>\n<!-- \/ Yoast SEO plugin. -->","yoast_head_json":{"title":"Seguim amb campanya; Caf\u00e8 Torrat a Catalunya, Caf\u00e8 de Proximitat - Gremi del Caf\u00e8, torradors de Catalunya","robots":{"index":"index","follow":"follow","max-snippet":"max-snippet:-1","max-image-preview":"max-image-preview:large","max-video-preview":"max-video-preview:-1"},"canonical":"https:\/\/gremicafe.cat\/es\/2020\/07\/28\/seguim-amb-campanya-cafe-torrat-a-catalunya-cafe-de-proximitat\/","og_locale":"es_ES","og_type":"article","og_title":"Seguim amb campanya; Caf\u00e8 Torrat a Catalunya, Caf\u00e8 de Proximitat - Gremi del Caf\u00e8, torradors de Catalunya","og_description":"&nbsp; Ja han passat 2 mesos des de l&#8217;inici de la campanya digital iniciada pel Gremi del Caf\u00e8; Caf\u00e8 Torrat a Catalunya, Caf\u00e8 de Proximitat. La campanya online que va destinada a Xarxes Socials (Instagram i Facebook) i en format display, ha causat un gran impacte a la web del Gremi, i de retruc a [&hellip;]","og_url":"https:\/\/gremicafe.cat\/es\/2020\/07\/28\/seguim-amb-campanya-cafe-torrat-a-catalunya-cafe-de-proximitat\/","og_site_name":"Gremi del Caf\u00e8, torradors de Catalunya","article_publisher":"https:\/\/www.facebook.com\/gremicafecat","article_published_time":"2020-07-28T10:20:38+00:00","article_modified_time":"2020-07-30T10:19:05+00:00","og_image":[{"width":1200,"height":1200,"url":"https:\/\/gremicafe.cat\/wp-content\/uploads\/2020\/07\/OBERTA-sensetext1080x1080.jpg","type":"image\/jpeg"}],"author":"gremicafe","twitter_card":"summary_large_image","twitter_creator":"@gremicafecat","twitter_site":"@gremicafecat","twitter_misc":{"Escrito por":"gremicafe","Tiempo de lectura":"1 minuto"},"schema":{"@context":"https:\/\/schema.org","@graph":[{"@type":"Article","@id":"https:\/\/gremicafe.cat\/2020\/07\/28\/seguim-amb-campanya-cafe-torrat-a-catalunya-cafe-de-proximitat\/#article","isPartOf":{"@id":"https:\/\/gremicafe.cat\/2020\/07\/28\/seguim-amb-campanya-cafe-torrat-a-catalunya-cafe-de-proximitat\/"},"author":{"name":"gremicafe","@id":"https:\/\/gremicafe.cat\/#\/schema\/person\/dabfdbb3d0fa36260855a380f94e4733"},"headline":"Seguim amb campanya; Caf\u00e8 Torrat a Catalunya, Caf\u00e8 de Proximitat","datePublished":"2020-07-28T10:20:38+00:00","dateModified":"2020-07-30T10:19:05+00:00","mainEntityOfPage":{"@id":"https:\/\/gremicafe.cat\/2020\/07\/28\/seguim-amb-campanya-cafe-torrat-a-catalunya-cafe-de-proximitat\/"},"wordCount":167,"publisher":{"@id":"https:\/\/gremicafe.cat\/#organization"},"image":{"@id":"https:\/\/gremicafe.cat\/2020\/07\/28\/seguim-amb-campanya-cafe-torrat-a-catalunya-cafe-de-proximitat\/#primaryimage"},"thumbnailUrl":"https:\/\/gremicafe.cat\/wp-content\/uploads\/2020\/07\/OBERTA-sensetext1080x1080.jpg","articleSection":["Not\u00edcies"],"inLanguage":"es"},{"@type":"WebPage","@id":"https:\/\/gremicafe.cat\/2020\/07\/28\/seguim-amb-campanya-cafe-torrat-a-catalunya-cafe-de-proximitat\/","url":"https:\/\/gremicafe.cat\/2020\/07\/28\/seguim-amb-campanya-cafe-torrat-a-catalunya-cafe-de-proximitat\/","name":"Seguim amb campanya; Caf\u00e8 Torrat a Catalunya, Caf\u00e8 de Proximitat - Gremi del Caf\u00e8, torradors de Catalunya","isPartOf":{"@id":"https:\/\/gremicafe.cat\/#website"},"primaryImageOfPage":{"@id":"https:\/\/gremicafe.cat\/2020\/07\/28\/seguim-amb-campanya-cafe-torrat-a-catalunya-cafe-de-proximitat\/#primaryimage"},"image":{"@id":"https:\/\/gremicafe.cat\/2020\/07\/28\/seguim-amb-campanya-cafe-torrat-a-catalunya-cafe-de-proximitat\/#primaryimage"},"thumbnailUrl":"https:\/\/gremicafe.cat\/wp-content\/uploads\/2020\/07\/OBERTA-sensetext1080x1080.jpg","datePublished":"2020-07-28T10:20:38+00:00","dateModified":"2020-07-30T10:19:05+00:00","breadcrumb":{"@id":"https:\/\/gremicafe.cat\/2020\/07\/28\/seguim-amb-campanya-cafe-torrat-a-catalunya-cafe-de-proximitat\/#breadcrumb"},"inLanguage":"es","potentialAction":[{"@type":"ReadAction","target":["https:\/\/gremicafe.cat\/2020\/07\/28\/seguim-amb-campanya-cafe-torrat-a-catalunya-cafe-de-proximitat\/"]}]},{"@type":"ImageObject","inLanguage":"es","@id":"https:\/\/gremicafe.cat\/2020\/07\/28\/seguim-amb-campanya-cafe-torrat-a-catalunya-cafe-de-proximitat\/#primaryimage","url":"https:\/\/gremicafe.cat\/wp-content\/uploads\/2020\/07\/OBERTA-sensetext1080x1080.jpg","contentUrl":"https:\/\/gremicafe.cat\/wp-content\/uploads\/2020\/07\/OBERTA-sensetext1080x1080.jpg","width":1200,"height":1200,"caption":"Botiga caf\u00e8 oberta"},{"@type":"BreadcrumbList","@id":"https:\/\/gremicafe.cat\/2020\/07\/28\/seguim-amb-campanya-cafe-torrat-a-catalunya-cafe-de-proximitat\/#breadcrumb","itemListElement":[{"@type":"ListItem","position":1,"name":"Inici","item":"https:\/\/gremicafe.cat\/"},{"@type":"ListItem","position":2,"name":"Seguim amb campanya; Caf\u00e8 Torrat a Catalunya, Caf\u00e8 de Proximitat"}]},{"@type":"WebSite","@id":"https:\/\/gremicafe.cat\/#website","url":"https:\/\/gremicafe.cat\/","name":"Gremio del Caf\u00e9, tostadores de Catalu\u00f1a","description":"Web oficial del gremio de tostadores de caf\u00e9 de Catalunya","publisher":{"@id":"https:\/\/gremicafe.cat\/#organization"},"potentialAction":[{"@type":"SearchAction","target":{"@type":"EntryPoint","urlTemplate":"https:\/\/gremicafe.cat\/?s={search_term_string}"},"query-input":{"@type":"PropertyValueSpecification","valueRequired":true,"valueName":"search_term_string"}}],"inLanguage":"es"},{"@type":"Organization","@id":"https:\/\/gremicafe.cat\/#organization","name":"Gremio del Caf\u00e9, Tostadores de Catalu\u00f1a","url":"https:\/\/gremicafe.cat\/","logo":{"@type":"ImageObject","inLanguage":"es","@id":"https:\/\/gremicafe.cat\/#\/schema\/logo\/image\/","url":"https:\/\/gremicafe.cat\/wp-content\/uploads\/2018\/03\/gremicafe-logo250.png","contentUrl":"https:\/\/gremicafe.cat\/wp-content\/uploads\/2018\/03\/gremicafe-logo250.png","width":250,"height":49,"caption":"Gremi del Caf\u00e8, Torradors de Catalunya"},"image":{"@id":"https:\/\/gremicafe.cat\/#\/schema\/logo\/image\/"},"sameAs":["https:\/\/www.facebook.com\/gremicafecat","https:\/\/x.com\/gremicafecat","https:\/\/www.instagram.com\/gremicafecat\/","https:\/\/www.pinterest.es\/gremicafecat\/","https:\/\/www.youtube.com\/channel\/UCGLo5Y35vLwLvP4FrPZrCrw\/"]},{"@type":"Person","@id":"https:\/\/gremicafe.cat\/#\/schema\/person\/dabfdbb3d0fa36260855a380f94e4733","name":"gremicafe","image":{"@type":"ImageObject","inLanguage":"es","@id":"https:\/\/gremicafe.cat\/#\/schema\/person\/image\/","url":"https:\/\/secure.gravatar.com\/avatar\/e59baa4ca8f6f97576d6375fb6d3c8f0?s=96&d=mm&r=g","contentUrl":"https:\/\/secure.gravatar.com\/avatar\/e59baa4ca8f6f97576d6375fb6d3c8f0?s=96&d=mm&r=g","caption":"gremicafe"}}]}},"_links":{"self":[{"href":"https:\/\/gremicafe.cat\/es\/wp-json\/wp\/v2\/posts\/5376"}],"collection":[{"href":"https:\/\/gremicafe.cat\/es\/wp-json\/wp\/v2\/posts"}],"about":[{"href":"https:\/\/gremicafe.cat\/es\/wp-json\/wp\/v2\/types\/post"}],"author":[{"embeddable":true,"href":"https:\/\/gremicafe.cat\/es\/wp-json\/wp\/v2\/users\/1"}],"replies":[{"embeddable":true,"href":"https:\/\/gremicafe.cat\/es\/wp-json\/wp\/v2\/comments?post=5376"}],"version-history":[{"count":0,"href":"https:\/\/gremicafe.cat\/es\/wp-json\/wp\/v2\/posts\/5376\/revisions"}],"wp:featuredmedia":[{"embeddable":true,"href":"https:\/\/gremicafe.cat\/es\/wp-json\/wp\/v2\/media\/5379"}],"wp:attachment":[{"href":"https:\/\/gremicafe.cat\/es\/wp-json\/wp\/v2\/media?parent=5376"}],"wp:term":[{"taxonomy":"category","embeddable":true,"href":"https:\/\/gremicafe.cat\/es\/wp-json\/wp\/v2\/categories?post=5376"},{"taxonomy":"post_tag","embeddable":true,"href":"https:\/\/gremicafe.cat\/es\/wp-json\/wp\/v2\/tags?post=5376"}],"curies":[{"name":"wp","href":"https:\/\/api.w.org\/{rel}","templated":true}]}}