{"id":5382,"date":"2020-09-03T11:16:55","date_gmt":"2020-09-03T09:16:55","guid":{"rendered":"https:\/\/gremicafe.cat\/?p=5382"},"modified":"2020-09-03T11:16:55","modified_gmt":"2020-09-03T09:16:55","slug":"noves-capsules-compostables-de-cafe-organic-de-cafes-saula","status":"publish","type":"post","link":"https:\/\/gremicafe.cat\/es\/2020\/09\/03\/noves-capsules-compostables-de-cafe-organic-de-cafes-saula\/","title":{"rendered":"Nuevas c\u00e1psulas compostables de caf\u00e9 org\u00e1nico de Caf\u00e9s Saula"},"content":{"rendered":"<p><img loading=\"lazy\" decoding=\"async\" class=\"aligncenter size-full wp-image-5383\" src=\"https:\/\/gremicafe.cat\/wp-content\/uploads\/2020\/09\/capsulescompostablescafesaula.jpg\" alt=\"capsules compostables cafe saula\" width=\"1500\" height=\"1000\" srcset=\"https:\/\/gremicafe.cat\/wp-content\/uploads\/2020\/09\/capsulescompostablescafesaula.jpg 1500w, https:\/\/gremicafe.cat\/wp-content\/uploads\/2020\/09\/capsulescompostablescafesaula-768x512.jpg 768w, https:\/\/gremicafe.cat\/wp-content\/uploads\/2020\/09\/capsulescompostablescafesaula-1080x720.jpg 1080w\" sizes=\"(max-width: 1500px) 100vw, 1500px\" \/><\/p>\n<p>&nbsp;<\/p>\n<p><a href=\"https:\/\/www.cafesaula.com\/\"><strong>Caf\u00e9s Saula<\/strong><\/a> lanza al mercado su primer formato de caf\u00e9 con <strong>c\u00e1psulas completamente compostables<\/strong> y compatibles con el sistema <strong>Nespresso\u00ae.<\/strong><\/p>\n<p>Este nuevo producto es de la gama Blends de Caf\u00e9 Saula Premium y se pueden adquirir a trav\u00e9s de su <a href=\"https:\/\/www.cafesaula.com\/store\/\" target=\"_blank\" rel=\"noopener noreferrer\"><strong>tienda online<\/strong><\/a> con las versiones de caf\u00e9 org\u00e1nico y caf\u00e9 org\u00e1nico descafeinado.<\/p>\n<p>Las nuevas c\u00e1psulas compostables vienen en un formato de\u00a0<strong>latas met\u00e1licas con 20 c\u00e1psulas<\/strong>. Aumentando as\u00ed la cantidad que un envase habitual a fin de reducir en el envase. Como siempre, el envase sigue el m\u00e9todo tradicional de la marca, envasado al vac\u00edo con gas inerte para conservar todos los aromas durante mucho m\u00e1s tiempo.<\/p>\n<h2>El material utilizado<\/h2>\n<p>El material de las c\u00e1psulas es a partir de materias renovables, mayoritariamente\u00a0<strong>de origen vegetal y certificadas 100% compostables y biodegradables<\/strong>.<\/p>\n<p>Una vez consumido el caf\u00e9 en este nuevo formato, basta con reciclarlas arroj\u00e1ndolas al contenedor org\u00e1nico, y la lata (envase) al contenedor de envase met\u00e1licos.<\/p>\n<p>&nbsp;<\/p>\n<h2>La variedad de caf\u00e9:<\/h2>\n<p><strong>Caf\u00e9 org\u00e1nico:\u00a0<\/strong>C\u00e1psulas compostables de 5,5 gr. con\u00a0<strong>caf\u00e9 100% Premium org\u00e1nico<\/strong>.<br \/>\n<strong>Caf\u00e9 org\u00e1nico descafeinado:\u00a0<\/strong>C\u00e1psulas compostables de 5,5 gr. con\u00a0<strong>caf\u00e9 100% ar\u00e1bica descafeinado<\/strong>.<\/p>\n<p>&nbsp;<\/p>","protected":false},"excerpt":{"rendered":"<p>&nbsp; Caf\u00e8s Saula llan\u00e7a al mercat el seu primer format de caf\u00e8 amb c\u00e0psules completament compostables i compatibles amb el sistema Nespresso\u00ae. Aquest nou producte \u00e9s de la gamma Blends de Caf\u00e8 Saula Premium i es poden adquirir a trav\u00e9s de la seva botiga online amb les versions de caf\u00e8 org\u00e0nic i caf\u00e8 org\u00e0nic descafe\u00efnat. [&hellip;]<\/p>\n","protected":false},"author":1,"featured_media":5383,"comment_status":"closed","ping_status":"open","sticky":false,"template":"","format":"standard","meta":{"_acf_changed":false,"inline_featured_image":false,"footnotes":""},"categories":[1],"tags":[],"class_list":["post-5382","post","type-post","status-publish","format-standard","has-post-thumbnail","hentry","category-noticies"],"acf":[],"yoast_head":"<!-- This site is optimized with the Yoast SEO plugin v25.5 - https:\/\/yoast.com\/wordpress\/plugins\/seo\/ -->\n<title>Noves c\u00e0psules compostables de caf\u00e8 org\u00e0nic de Caf\u00e8s Saula - Gremi del Caf\u00e8, torradors de Catalunya<\/title>\n<meta name=\"robots\" content=\"index, follow, max-snippet:-1, max-image-preview:large, max-video-preview:-1\" \/>\n<link rel=\"canonical\" href=\"https:\/\/gremicafe.cat\/es\/2020\/09\/03\/noves-capsules-compostables-de-cafe-organic-de-cafes-saula\/\" \/>\n<meta property=\"og:locale\" content=\"es_ES\" \/>\n<meta property=\"og:type\" content=\"article\" \/>\n<meta property=\"og:title\" content=\"Noves c\u00e0psules compostables de caf\u00e8 org\u00e0nic de Caf\u00e8s Saula - Gremi del Caf\u00e8, torradors de Catalunya\" \/>\n<meta property=\"og:description\" content=\"&nbsp; Caf\u00e8s Saula llan\u00e7a al mercat el seu primer format de caf\u00e8 amb c\u00e0psules completament compostables i compatibles amb el sistema Nespresso\u00ae. Aquest nou producte \u00e9s de la gamma Blends de Caf\u00e8 Saula Premium i es poden adquirir a trav\u00e9s de la seva botiga online amb les versions de caf\u00e8 org\u00e0nic i caf\u00e8 org\u00e0nic descafe\u00efnat. [&hellip;]\" \/>\n<meta property=\"og:url\" content=\"https:\/\/gremicafe.cat\/es\/2020\/09\/03\/noves-capsules-compostables-de-cafe-organic-de-cafes-saula\/\" \/>\n<meta property=\"og:site_name\" content=\"Gremi del Caf\u00e8, torradors de Catalunya\" \/>\n<meta property=\"article:publisher\" content=\"https:\/\/www.facebook.com\/gremicafecat\" \/>\n<meta property=\"article:published_time\" content=\"2020-09-03T09:16:55+00:00\" \/>\n<meta property=\"og:image\" content=\"https:\/\/gremicafe.cat\/wp-content\/uploads\/2020\/09\/capsulescompostablescafesaula.jpg\" \/>\n\t<meta property=\"og:image:width\" content=\"1500\" \/>\n\t<meta property=\"og:image:height\" content=\"1000\" \/>\n\t<meta property=\"og:image:type\" content=\"image\/jpeg\" \/>\n<meta name=\"author\" content=\"gremicafe\" \/>\n<meta name=\"twitter:card\" content=\"summary_large_image\" \/>\n<meta name=\"twitter:creator\" content=\"@gremicafecat\" \/>\n<meta name=\"twitter:site\" content=\"@gremicafecat\" \/>\n<meta name=\"twitter:label1\" content=\"Escrito por\" \/>\n\t<meta name=\"twitter:data1\" content=\"gremicafe\" \/>\n\t<meta name=\"twitter:label2\" content=\"Tiempo de lectura\" \/>\n\t<meta name=\"twitter:data2\" content=\"1 minuto\" \/>\n<script type=\"application\/ld+json\" class=\"yoast-schema-graph\">{\"@context\":\"https:\/\/schema.org\",\"@graph\":[{\"@type\":\"Article\",\"@id\":\"https:\/\/gremicafe.cat\/2020\/09\/03\/noves-capsules-compostables-de-cafe-organic-de-cafes-saula\/#article\",\"isPartOf\":{\"@id\":\"https:\/\/gremicafe.cat\/2020\/09\/03\/noves-capsules-compostables-de-cafe-organic-de-cafes-saula\/\"},\"author\":{\"name\":\"gremicafe\",\"@id\":\"https:\/\/gremicafe.cat\/#\/schema\/person\/dabfdbb3d0fa36260855a380f94e4733\"},\"headline\":\"Noves c\u00e0psules compostables de caf\u00e8 org\u00e0nic de Caf\u00e8s Saula\",\"datePublished\":\"2020-09-03T09:16:55+00:00\",\"mainEntityOfPage\":{\"@id\":\"https:\/\/gremicafe.cat\/2020\/09\/03\/noves-capsules-compostables-de-cafe-organic-de-cafes-saula\/\"},\"wordCount\":226,\"publisher\":{\"@id\":\"https:\/\/gremicafe.cat\/#organization\"},\"image\":{\"@id\":\"https:\/\/gremicafe.cat\/2020\/09\/03\/noves-capsules-compostables-de-cafe-organic-de-cafes-saula\/#primaryimage\"},\"thumbnailUrl\":\"https:\/\/gremicafe.cat\/wp-content\/uploads\/2020\/09\/capsulescompostablescafesaula.jpg\",\"articleSection\":[\"Not\u00edcies\"],\"inLanguage\":\"es\"},{\"@type\":\"WebPage\",\"@id\":\"https:\/\/gremicafe.cat\/2020\/09\/03\/noves-capsules-compostables-de-cafe-organic-de-cafes-saula\/\",\"url\":\"https:\/\/gremicafe.cat\/2020\/09\/03\/noves-capsules-compostables-de-cafe-organic-de-cafes-saula\/\",\"name\":\"Noves c\u00e0psules compostables de caf\u00e8 org\u00e0nic de Caf\u00e8s Saula - Gremi del Caf\u00e8, torradors de Catalunya\",\"isPartOf\":{\"@id\":\"https:\/\/gremicafe.cat\/#website\"},\"primaryImageOfPage\":{\"@id\":\"https:\/\/gremicafe.cat\/2020\/09\/03\/noves-capsules-compostables-de-cafe-organic-de-cafes-saula\/#primaryimage\"},\"image\":{\"@id\":\"https:\/\/gremicafe.cat\/2020\/09\/03\/noves-capsules-compostables-de-cafe-organic-de-cafes-saula\/#primaryimage\"},\"thumbnailUrl\":\"https:\/\/gremicafe.cat\/wp-content\/uploads\/2020\/09\/capsulescompostablescafesaula.jpg\",\"datePublished\":\"2020-09-03T09:16:55+00:00\",\"breadcrumb\":{\"@id\":\"https:\/\/gremicafe.cat\/2020\/09\/03\/noves-capsules-compostables-de-cafe-organic-de-cafes-saula\/#breadcrumb\"},\"inLanguage\":\"es\",\"potentialAction\":[{\"@type\":\"ReadAction\",\"target\":[\"https:\/\/gremicafe.cat\/2020\/09\/03\/noves-capsules-compostables-de-cafe-organic-de-cafes-saula\/\"]}]},{\"@type\":\"ImageObject\",\"inLanguage\":\"es\",\"@id\":\"https:\/\/gremicafe.cat\/2020\/09\/03\/noves-capsules-compostables-de-cafe-organic-de-cafes-saula\/#primaryimage\",\"url\":\"https:\/\/gremicafe.cat\/wp-content\/uploads\/2020\/09\/capsulescompostablescafesaula.jpg\",\"contentUrl\":\"https:\/\/gremicafe.cat\/wp-content\/uploads\/2020\/09\/capsulescompostablescafesaula.jpg\",\"width\":1500,\"height\":1000,\"caption\":\"capsules compostables cafe saula\"},{\"@type\":\"BreadcrumbList\",\"@id\":\"https:\/\/gremicafe.cat\/2020\/09\/03\/noves-capsules-compostables-de-cafe-organic-de-cafes-saula\/#breadcrumb\",\"itemListElement\":[{\"@type\":\"ListItem\",\"position\":1,\"name\":\"Inici\",\"item\":\"https:\/\/gremicafe.cat\/\"},{\"@type\":\"ListItem\",\"position\":2,\"name\":\"Noves c\u00e0psules compostables de caf\u00e8 org\u00e0nic de Caf\u00e8s Saula\"}]},{\"@type\":\"WebSite\",\"@id\":\"https:\/\/gremicafe.cat\/#website\",\"url\":\"https:\/\/gremicafe.cat\/\",\"name\":\"Gremi del Caf\u00e8, torradors de Catalunya\",\"description\":\"Web oficial del gremi de torradors de caf\u00e8 de Catalunya\",\"publisher\":{\"@id\":\"https:\/\/gremicafe.cat\/#organization\"},\"potentialAction\":[{\"@type\":\"SearchAction\",\"target\":{\"@type\":\"EntryPoint\",\"urlTemplate\":\"https:\/\/gremicafe.cat\/?s={search_term_string}\"},\"query-input\":{\"@type\":\"PropertyValueSpecification\",\"valueRequired\":true,\"valueName\":\"search_term_string\"}}],\"inLanguage\":\"es\"},{\"@type\":\"Organization\",\"@id\":\"https:\/\/gremicafe.cat\/#organization\",\"name\":\"Gremi del Caf\u00e8, Torradors de Catalunya\",\"url\":\"https:\/\/gremicafe.cat\/\",\"logo\":{\"@type\":\"ImageObject\",\"inLanguage\":\"es\",\"@id\":\"https:\/\/gremicafe.cat\/#\/schema\/logo\/image\/\",\"url\":\"https:\/\/gremicafe.cat\/wp-content\/uploads\/2018\/03\/gremicafe-logo250.png\",\"contentUrl\":\"https:\/\/gremicafe.cat\/wp-content\/uploads\/2018\/03\/gremicafe-logo250.png\",\"width\":250,\"height\":49,\"caption\":\"Gremi del Caf\u00e8, Torradors de Catalunya\"},\"image\":{\"@id\":\"https:\/\/gremicafe.cat\/#\/schema\/logo\/image\/\"},\"sameAs\":[\"https:\/\/www.facebook.com\/gremicafecat\",\"https:\/\/x.com\/gremicafecat\",\"https:\/\/www.instagram.com\/gremicafecat\/\",\"https:\/\/www.pinterest.es\/gremicafecat\/\",\"https:\/\/www.youtube.com\/channel\/UCGLo5Y35vLwLvP4FrPZrCrw\/\"]},{\"@type\":\"Person\",\"@id\":\"https:\/\/gremicafe.cat\/#\/schema\/person\/dabfdbb3d0fa36260855a380f94e4733\",\"name\":\"gremicafe\",\"image\":{\"@type\":\"ImageObject\",\"inLanguage\":\"es\",\"@id\":\"https:\/\/gremicafe.cat\/#\/schema\/person\/image\/\",\"url\":\"https:\/\/secure.gravatar.com\/avatar\/e59baa4ca8f6f97576d6375fb6d3c8f0?s=96&d=mm&r=g\",\"contentUrl\":\"https:\/\/secure.gravatar.com\/avatar\/e59baa4ca8f6f97576d6375fb6d3c8f0?s=96&d=mm&r=g\",\"caption\":\"gremicafe\"}}]}<\/script>\n<!-- \/ Yoast SEO plugin. -->","yoast_head_json":{"title":"Noves c\u00e0psules compostables de caf\u00e8 org\u00e0nic de Caf\u00e8s Saula - Gremi del Caf\u00e8, torradors de Catalunya","robots":{"index":"index","follow":"follow","max-snippet":"max-snippet:-1","max-image-preview":"max-image-preview:large","max-video-preview":"max-video-preview:-1"},"canonical":"https:\/\/gremicafe.cat\/es\/2020\/09\/03\/noves-capsules-compostables-de-cafe-organic-de-cafes-saula\/","og_locale":"es_ES","og_type":"article","og_title":"Noves c\u00e0psules compostables de caf\u00e8 org\u00e0nic de Caf\u00e8s Saula - Gremi del Caf\u00e8, torradors de Catalunya","og_description":"&nbsp; Caf\u00e8s Saula llan\u00e7a al mercat el seu primer format de caf\u00e8 amb c\u00e0psules completament compostables i compatibles amb el sistema Nespresso\u00ae. Aquest nou producte \u00e9s de la gamma Blends de Caf\u00e8 Saula Premium i es poden adquirir a trav\u00e9s de la seva botiga online amb les versions de caf\u00e8 org\u00e0nic i caf\u00e8 org\u00e0nic descafe\u00efnat. [&hellip;]","og_url":"https:\/\/gremicafe.cat\/es\/2020\/09\/03\/noves-capsules-compostables-de-cafe-organic-de-cafes-saula\/","og_site_name":"Gremi del Caf\u00e8, torradors de Catalunya","article_publisher":"https:\/\/www.facebook.com\/gremicafecat","article_published_time":"2020-09-03T09:16:55+00:00","og_image":[{"width":1500,"height":1000,"url":"https:\/\/gremicafe.cat\/wp-content\/uploads\/2020\/09\/capsulescompostablescafesaula.jpg","type":"image\/jpeg"}],"author":"gremicafe","twitter_card":"summary_large_image","twitter_creator":"@gremicafecat","twitter_site":"@gremicafecat","twitter_misc":{"Escrito por":"gremicafe","Tiempo de lectura":"1 minuto"},"schema":{"@context":"https:\/\/schema.org","@graph":[{"@type":"Article","@id":"https:\/\/gremicafe.cat\/2020\/09\/03\/noves-capsules-compostables-de-cafe-organic-de-cafes-saula\/#article","isPartOf":{"@id":"https:\/\/gremicafe.cat\/2020\/09\/03\/noves-capsules-compostables-de-cafe-organic-de-cafes-saula\/"},"author":{"name":"gremicafe","@id":"https:\/\/gremicafe.cat\/#\/schema\/person\/dabfdbb3d0fa36260855a380f94e4733"},"headline":"Noves c\u00e0psules compostables de caf\u00e8 org\u00e0nic de Caf\u00e8s Saula","datePublished":"2020-09-03T09:16:55+00:00","mainEntityOfPage":{"@id":"https:\/\/gremicafe.cat\/2020\/09\/03\/noves-capsules-compostables-de-cafe-organic-de-cafes-saula\/"},"wordCount":226,"publisher":{"@id":"https:\/\/gremicafe.cat\/#organization"},"image":{"@id":"https:\/\/gremicafe.cat\/2020\/09\/03\/noves-capsules-compostables-de-cafe-organic-de-cafes-saula\/#primaryimage"},"thumbnailUrl":"https:\/\/gremicafe.cat\/wp-content\/uploads\/2020\/09\/capsulescompostablescafesaula.jpg","articleSection":["Not\u00edcies"],"inLanguage":"es"},{"@type":"WebPage","@id":"https:\/\/gremicafe.cat\/2020\/09\/03\/noves-capsules-compostables-de-cafe-organic-de-cafes-saula\/","url":"https:\/\/gremicafe.cat\/2020\/09\/03\/noves-capsules-compostables-de-cafe-organic-de-cafes-saula\/","name":"Noves c\u00e0psules compostables de caf\u00e8 org\u00e0nic de Caf\u00e8s Saula - Gremi del Caf\u00e8, torradors de Catalunya","isPartOf":{"@id":"https:\/\/gremicafe.cat\/#website"},"primaryImageOfPage":{"@id":"https:\/\/gremicafe.cat\/2020\/09\/03\/noves-capsules-compostables-de-cafe-organic-de-cafes-saula\/#primaryimage"},"image":{"@id":"https:\/\/gremicafe.cat\/2020\/09\/03\/noves-capsules-compostables-de-cafe-organic-de-cafes-saula\/#primaryimage"},"thumbnailUrl":"https:\/\/gremicafe.cat\/wp-content\/uploads\/2020\/09\/capsulescompostablescafesaula.jpg","datePublished":"2020-09-03T09:16:55+00:00","breadcrumb":{"@id":"https:\/\/gremicafe.cat\/2020\/09\/03\/noves-capsules-compostables-de-cafe-organic-de-cafes-saula\/#breadcrumb"},"inLanguage":"es","potentialAction":[{"@type":"ReadAction","target":["https:\/\/gremicafe.cat\/2020\/09\/03\/noves-capsules-compostables-de-cafe-organic-de-cafes-saula\/"]}]},{"@type":"ImageObject","inLanguage":"es","@id":"https:\/\/gremicafe.cat\/2020\/09\/03\/noves-capsules-compostables-de-cafe-organic-de-cafes-saula\/#primaryimage","url":"https:\/\/gremicafe.cat\/wp-content\/uploads\/2020\/09\/capsulescompostablescafesaula.jpg","contentUrl":"https:\/\/gremicafe.cat\/wp-content\/uploads\/2020\/09\/capsulescompostablescafesaula.jpg","width":1500,"height":1000,"caption":"capsules compostables cafe saula"},{"@type":"BreadcrumbList","@id":"https:\/\/gremicafe.cat\/2020\/09\/03\/noves-capsules-compostables-de-cafe-organic-de-cafes-saula\/#breadcrumb","itemListElement":[{"@type":"ListItem","position":1,"name":"Inici","item":"https:\/\/gremicafe.cat\/"},{"@type":"ListItem","position":2,"name":"Noves c\u00e0psules compostables de caf\u00e8 org\u00e0nic de Caf\u00e8s Saula"}]},{"@type":"WebSite","@id":"https:\/\/gremicafe.cat\/#website","url":"https:\/\/gremicafe.cat\/","name":"Gremio del Caf\u00e9, tostadores de Catalu\u00f1a","description":"Web oficial del gremio de tostadores de caf\u00e9 de Catalunya","publisher":{"@id":"https:\/\/gremicafe.cat\/#organization"},"potentialAction":[{"@type":"SearchAction","target":{"@type":"EntryPoint","urlTemplate":"https:\/\/gremicafe.cat\/?s={search_term_string}"},"query-input":{"@type":"PropertyValueSpecification","valueRequired":true,"valueName":"search_term_string"}}],"inLanguage":"es"},{"@type":"Organization","@id":"https:\/\/gremicafe.cat\/#organization","name":"Gremio del Caf\u00e9, Tostadores de Catalu\u00f1a","url":"https:\/\/gremicafe.cat\/","logo":{"@type":"ImageObject","inLanguage":"es","@id":"https:\/\/gremicafe.cat\/#\/schema\/logo\/image\/","url":"https:\/\/gremicafe.cat\/wp-content\/uploads\/2018\/03\/gremicafe-logo250.png","contentUrl":"https:\/\/gremicafe.cat\/wp-content\/uploads\/2018\/03\/gremicafe-logo250.png","width":250,"height":49,"caption":"Gremi del Caf\u00e8, Torradors de Catalunya"},"image":{"@id":"https:\/\/gremicafe.cat\/#\/schema\/logo\/image\/"},"sameAs":["https:\/\/www.facebook.com\/gremicafecat","https:\/\/x.com\/gremicafecat","https:\/\/www.instagram.com\/gremicafecat\/","https:\/\/www.pinterest.es\/gremicafecat\/","https:\/\/www.youtube.com\/channel\/UCGLo5Y35vLwLvP4FrPZrCrw\/"]},{"@type":"Person","@id":"https:\/\/gremicafe.cat\/#\/schema\/person\/dabfdbb3d0fa36260855a380f94e4733","name":"gremicafe","image":{"@type":"ImageObject","inLanguage":"es","@id":"https:\/\/gremicafe.cat\/#\/schema\/person\/image\/","url":"https:\/\/secure.gravatar.com\/avatar\/e59baa4ca8f6f97576d6375fb6d3c8f0?s=96&d=mm&r=g","contentUrl":"https:\/\/secure.gravatar.com\/avatar\/e59baa4ca8f6f97576d6375fb6d3c8f0?s=96&d=mm&r=g","caption":"gremicafe"}}]}},"_links":{"self":[{"href":"https:\/\/gremicafe.cat\/es\/wp-json\/wp\/v2\/posts\/5382"}],"collection":[{"href":"https:\/\/gremicafe.cat\/es\/wp-json\/wp\/v2\/posts"}],"about":[{"href":"https:\/\/gremicafe.cat\/es\/wp-json\/wp\/v2\/types\/post"}],"author":[{"embeddable":true,"href":"https:\/\/gremicafe.cat\/es\/wp-json\/wp\/v2\/users\/1"}],"replies":[{"embeddable":true,"href":"https:\/\/gremicafe.cat\/es\/wp-json\/wp\/v2\/comments?post=5382"}],"version-history":[{"count":0,"href":"https:\/\/gremicafe.cat\/es\/wp-json\/wp\/v2\/posts\/5382\/revisions"}],"wp:featuredmedia":[{"embeddable":true,"href":"https:\/\/gremicafe.cat\/es\/wp-json\/wp\/v2\/media\/5383"}],"wp:attachment":[{"href":"https:\/\/gremicafe.cat\/es\/wp-json\/wp\/v2\/media?parent=5382"}],"wp:term":[{"taxonomy":"category","embeddable":true,"href":"https:\/\/gremicafe.cat\/es\/wp-json\/wp\/v2\/categories?post=5382"},{"taxonomy":"post_tag","embeddable":true,"href":"https:\/\/gremicafe.cat\/es\/wp-json\/wp\/v2\/tags?post=5382"}],"curies":[{"name":"wp","href":"https:\/\/api.w.org\/{rel}","templated":true}]}}