{"id":5465,"date":"2020-09-10T15:21:03","date_gmt":"2020-09-10T13:21:03","guid":{"rendered":"https:\/\/gremicafe.cat\/?p=5465"},"modified":"2020-09-10T15:21:03","modified_gmt":"2020-09-10T13:21:03","slug":"el-cafe-convencional-es-mes-saludable-que-el-cafe-organic","status":"publish","type":"post","link":"https:\/\/gremicafe.cat\/es\/2020\/09\/10\/el-cafe-convencional-es-mes-saludable-que-el-cafe-organic\/","title":{"rendered":"\u00bfEl caf\u00e9 convencional es m\u00e1s saludable que el caf\u00e9 org\u00e1nico?"},"content":{"rendered":"<div id=\"ut-row-69f45d92047de\" data-vc-full-width=\"true\" data-vc-full-width-init=\"false\" class=\"vc_row wpb_row vc_row-fluid vc_column-gap-0 ut-row-69f45d92047f0\" ><div class=\"wpb_column vc_column_container vc_col-sm-12\" ><div id=\"ut_inner_column_69f45d9205232\" class=\"vc_column-inner\"><div class=\"wpb_wrapper\">\n\t<div class=\"wpb_text_column wpb_content_element\" >\n\t\t<div class=\"wpb_wrapper\">\n\t\t\t<p><img loading=\"lazy\" decoding=\"async\" class=\"aligncenter size-full wp-image-5466\" src=\"https:\/\/gremicafe.cat\/wp-content\/uploads\/2020\/09\/coffee-beans-1695052-scaled.jpg\" alt=\"\" width=\"2560\" height=\"1707\" srcset=\"https:\/\/gremicafe.cat\/wp-content\/uploads\/2020\/09\/coffee-beans-1695052-scaled.jpg 2560w, https:\/\/gremicafe.cat\/wp-content\/uploads\/2020\/09\/coffee-beans-1695052-768x512.jpg 768w, https:\/\/gremicafe.cat\/wp-content\/uploads\/2020\/09\/coffee-beans-1695052-1536x1024.jpg 1536w, https:\/\/gremicafe.cat\/wp-content\/uploads\/2020\/09\/coffee-beans-1695052-2048x1365.jpg 2048w, https:\/\/gremicafe.cat\/wp-content\/uploads\/2020\/09\/coffee-beans-1695052-1080x720.jpg 1080w\" sizes=\"(max-width: 2560px) 100vw, 2560px\" \/><\/p>\n<p>Seg\u00fan uno <a href=\"https:\/\/www.comunicaffe.com\/conventional-coffee-may-be-more-beneficial-to-health-than-organic-shows-german-study\/\" target=\"_blank\" rel=\"noopener noreferrer\"><strong>estudio Alem\u00e1n realizado por Jacobs University<\/strong><\/a>, el caf\u00e9 convencional podr\u00eda ser m\u00e1s beneficioso para la salud que el caf\u00e9 org\u00e1nico.<\/p>\n<h3>Sobre el estudio<\/h3>\n<p>El profesor Nikolai Kuhnert, lleg\u00f3 a la sorprendente conclusi\u00f3n de que el <strong>caf\u00e9 org\u00e1nico contiene menos \u00e1cidos clorog\u00e9nicos que el caf\u00e9 no org\u00e1nico<\/strong>. A pesar de esta conclusi\u00f3n, el profesor de qu\u00edmica afirma que esto <strong>no significa que los cafeteros no puedan comprar caf\u00e9 org\u00e1nico<\/strong>.<\/p>\n<p>El equipo de la Universidad examin\u00f3 67 muestras de caf\u00e9 tostado de distintas zonas de Brasil, que ven\u00edan de cultivaciones de caf\u00e9 org\u00e1nicas y convencionales.<\/p>\n<p>En su investigaci\u00f3n, los cient\u00edficos han descubierto que los granos de caf\u00e9 de cultivo org\u00e1nico contienen menos \u00e1cidos clorog\u00e9nicos que los convencionales. \u00bfPor qu\u00e9 es as\u00ed? &quot;No podemos decir exactamente&quot;, subray\u00f3 Kuhnert. Sin embargo, es muy probable que las plantas convencionales, para protegerse de los depredadores como microorganismos, hongos o bacterias, produzcan anticuerpos beneficiosos para la salud humana. &quot;Parece que el caf\u00e9 org\u00e1nico no debe hacer esto, est\u00e1 menos estresado&quot;, dijo Kuhnert. El cient\u00edfico ya ha observado un fen\u00f3meno similar con la col rizada. All\u00ed, el uso de toxinas ambientales tambi\u00e9n conduce a una reacci\u00f3n biol\u00f3gica, es decir, la producci\u00f3n de anticuerpos que tienen un efecto de prevenci\u00f3n del c\u00e1ncer.<\/p>\n<p>Sin embargo, el cient\u00edfico cree que el caf\u00e9 de cultivo org\u00e1nico tiene claras ventajas, por ejemplo en cuanto a sus efectos ambientales. Solo no es beneficioso para la salud. Pero esto podr\u00eda compensarse, con una taza de caf\u00e9 adicional.<\/p>\n<h3><\/h3>\n<h3>Sobre el \u00e1cido clorog\u00e9nico<\/h3>\n<p>En el<strong>\u00e1cido clorog\u00e9nico<\/strong>\u00a0se le atribuyen propiedades como la regulaci\u00f3n de la glucemia en sangre, la depuraci\u00f3n del cuerpo, la saciedad, la transformaci\u00f3n de grasas en energ\u00eda\u2026<\/p>\n<p>Los \u00e1cidos clorog\u00e9nicos tambi\u00e9n se pueden encontrar en muchas frutas y verduras como por ejemplo: manzanas, peras, legumbres o alcachofas. Sin embargo, el principal suministrador de este \u00e1cido clorog\u00e9nico nos viene por los granos de caf\u00e9.<\/p>\n<p>Se calcula que cada taza de caf\u00e9 contiene 200 miligramos. En promedio, una persona consume entre 1 y 2 gramos de esta sustancia todos los d\u00edas.<\/p>\n<p>&nbsp;<\/p>\n<h3>Beneficios del caf\u00e9<\/h3>\n<p>El caf\u00e9 tambi\u00e9n tiene otros efectos que favorecen a la salud. Es antiinflamatorio, tiene un efecto positivo sobre el sistema cardiovascular, adem\u00e1s de un efecto antibacterias y antiviral y, sobre todo, reduce el az\u00facar en la sangre. &quot;Se puede observar una reducci\u00f3n dram\u00e1tica de la diabetes tipo 2 entre los consumidores habituales de caf\u00e9&quot;, ha subrayado Kuhnert, quien ha estado investigando los efectos del grano de caf\u00e9 y su composici\u00f3n qu\u00edmica durante dos d\u00e9cadas. Adem\u00e1s, el consumo de caf\u00e9 reduce el riesgo de aumentar los valores hep\u00e1ticos o la cirrosis hep\u00e1tica.<\/p>\n\n\t\t<\/div>\n\t<\/div>\n<\/div><\/div><\/div><\/div><div class=\"vc_row-full-width vc_clearfix\"><\/div>","protected":false},"excerpt":{"rendered":"Segons un estudi Alemany realitzat per Jacobs University, el caf\u00e8 convencional podria ser m\u00e9s benefici\u00f3s per la salut que el caf\u00e8 org\u00e0nic. Sobre l'estudi El professor Nikolai Kuhnert, va arribar a la sorprenent conclusi\u00f3 que el caf\u00e8 org\u00e0nic cont\u00e9 menys \u00e0cids clorog\u00e8nics que el caf\u00e8 no org\u00e0nic. Tot i aquesta conclusi\u00f3, el professor de qu\u00edmica [...]","protected":false},"author":1,"featured_media":5466,"comment_status":"closed","ping_status":"open","sticky":false,"template":"","format":"standard","meta":{"_acf_changed":false,"inline_featured_image":false,"footnotes":""},"categories":[1],"tags":[],"class_list":["post-5465","post","type-post","status-publish","format-standard","has-post-thumbnail","hentry","category-noticies"],"acf":[],"yoast_head":"<!-- This site is optimized with the Yoast SEO plugin v25.5 - https:\/\/yoast.com\/wordpress\/plugins\/seo\/ -->\n<title>El caf\u00e8 convencional \u00e9s m\u00e9s saludable que el caf\u00e8 org\u00e0nic? - Gremi del Caf\u00e8, torradors de Catalunya<\/title>\n<meta name=\"robots\" content=\"index, follow, max-snippet:-1, max-image-preview:large, max-video-preview:-1\" \/>\n<link rel=\"canonical\" href=\"https:\/\/gremicafe.cat\/es\/2020\/09\/10\/el-cafe-convencional-es-mes-saludable-que-el-cafe-organic\/\" \/>\n<meta property=\"og:locale\" content=\"es_ES\" \/>\n<meta property=\"og:type\" content=\"article\" \/>\n<meta property=\"og:title\" content=\"El caf\u00e8 convencional \u00e9s m\u00e9s saludable que el caf\u00e8 org\u00e0nic? - Gremi del Caf\u00e8, torradors de Catalunya\" \/>\n<meta property=\"og:url\" content=\"https:\/\/gremicafe.cat\/es\/2020\/09\/10\/el-cafe-convencional-es-mes-saludable-que-el-cafe-organic\/\" \/>\n<meta property=\"og:site_name\" content=\"Gremi del Caf\u00e8, torradors de Catalunya\" \/>\n<meta property=\"article:publisher\" content=\"https:\/\/www.facebook.com\/gremicafecat\" \/>\n<meta property=\"article:published_time\" content=\"2020-09-10T13:21:03+00:00\" \/>\n<meta property=\"og:image\" content=\"https:\/\/gremicafe.cat\/wp-content\/uploads\/2020\/09\/coffee-beans-1695052-scaled.jpg\" \/>\n\t<meta property=\"og:image:width\" content=\"2560\" \/>\n\t<meta property=\"og:image:height\" content=\"1707\" \/>\n\t<meta property=\"og:image:type\" content=\"image\/jpeg\" \/>\n<meta name=\"author\" content=\"gremicafe\" \/>\n<meta name=\"twitter:card\" content=\"summary_large_image\" \/>\n<meta name=\"twitter:creator\" content=\"@gremicafecat\" \/>\n<meta name=\"twitter:site\" content=\"@gremicafecat\" \/>\n<meta name=\"twitter:label1\" content=\"Escrito por\" \/>\n\t<meta name=\"twitter:data1\" content=\"gremicafe\" \/>\n\t<meta name=\"twitter:label2\" content=\"Tiempo de lectura\" \/>\n\t<meta name=\"twitter:data2\" content=\"2 minutos\" \/>\n<script type=\"application\/ld+json\" class=\"yoast-schema-graph\">{\"@context\":\"https:\/\/schema.org\",\"@graph\":[{\"@type\":\"Article\",\"@id\":\"https:\/\/gremicafe.cat\/2020\/09\/10\/el-cafe-convencional-es-mes-saludable-que-el-cafe-organic\/#article\",\"isPartOf\":{\"@id\":\"https:\/\/gremicafe.cat\/2020\/09\/10\/el-cafe-convencional-es-mes-saludable-que-el-cafe-organic\/\"},\"author\":{\"name\":\"gremicafe\",\"@id\":\"https:\/\/gremicafe.cat\/#\/schema\/person\/dabfdbb3d0fa36260855a380f94e4733\"},\"headline\":\"El caf\u00e8 convencional \u00e9s m\u00e9s saludable que el caf\u00e8 org\u00e0nic?\",\"datePublished\":\"2020-09-10T13:21:03+00:00\",\"mainEntityOfPage\":{\"@id\":\"https:\/\/gremicafe.cat\/2020\/09\/10\/el-cafe-convencional-es-mes-saludable-que-el-cafe-organic\/\"},\"wordCount\":493,\"publisher\":{\"@id\":\"https:\/\/gremicafe.cat\/#organization\"},\"image\":{\"@id\":\"https:\/\/gremicafe.cat\/2020\/09\/10\/el-cafe-convencional-es-mes-saludable-que-el-cafe-organic\/#primaryimage\"},\"thumbnailUrl\":\"https:\/\/gremicafe.cat\/wp-content\/uploads\/2020\/09\/coffee-beans-1695052-scaled.jpg\",\"articleSection\":[\"Not\u00edcies\"],\"inLanguage\":\"es\"},{\"@type\":\"WebPage\",\"@id\":\"https:\/\/gremicafe.cat\/2020\/09\/10\/el-cafe-convencional-es-mes-saludable-que-el-cafe-organic\/\",\"url\":\"https:\/\/gremicafe.cat\/2020\/09\/10\/el-cafe-convencional-es-mes-saludable-que-el-cafe-organic\/\",\"name\":\"El caf\u00e8 convencional \u00e9s m\u00e9s saludable que el caf\u00e8 org\u00e0nic? - Gremi del Caf\u00e8, torradors de Catalunya\",\"isPartOf\":{\"@id\":\"https:\/\/gremicafe.cat\/#website\"},\"primaryImageOfPage\":{\"@id\":\"https:\/\/gremicafe.cat\/2020\/09\/10\/el-cafe-convencional-es-mes-saludable-que-el-cafe-organic\/#primaryimage\"},\"image\":{\"@id\":\"https:\/\/gremicafe.cat\/2020\/09\/10\/el-cafe-convencional-es-mes-saludable-que-el-cafe-organic\/#primaryimage\"},\"thumbnailUrl\":\"https:\/\/gremicafe.cat\/wp-content\/uploads\/2020\/09\/coffee-beans-1695052-scaled.jpg\",\"datePublished\":\"2020-09-10T13:21:03+00:00\",\"breadcrumb\":{\"@id\":\"https:\/\/gremicafe.cat\/2020\/09\/10\/el-cafe-convencional-es-mes-saludable-que-el-cafe-organic\/#breadcrumb\"},\"inLanguage\":\"es\",\"potentialAction\":[{\"@type\":\"ReadAction\",\"target\":[\"https:\/\/gremicafe.cat\/2020\/09\/10\/el-cafe-convencional-es-mes-saludable-que-el-cafe-organic\/\"]}]},{\"@type\":\"ImageObject\",\"inLanguage\":\"es\",\"@id\":\"https:\/\/gremicafe.cat\/2020\/09\/10\/el-cafe-convencional-es-mes-saludable-que-el-cafe-organic\/#primaryimage\",\"url\":\"https:\/\/gremicafe.cat\/wp-content\/uploads\/2020\/09\/coffee-beans-1695052-scaled.jpg\",\"contentUrl\":\"https:\/\/gremicafe.cat\/wp-content\/uploads\/2020\/09\/coffee-beans-1695052-scaled.jpg\",\"width\":2560,\"height\":1707},{\"@type\":\"BreadcrumbList\",\"@id\":\"https:\/\/gremicafe.cat\/2020\/09\/10\/el-cafe-convencional-es-mes-saludable-que-el-cafe-organic\/#breadcrumb\",\"itemListElement\":[{\"@type\":\"ListItem\",\"position\":1,\"name\":\"Inici\",\"item\":\"https:\/\/gremicafe.cat\/\"},{\"@type\":\"ListItem\",\"position\":2,\"name\":\"El caf\u00e8 convencional \u00e9s m\u00e9s saludable que el caf\u00e8 org\u00e0nic?\"}]},{\"@type\":\"WebSite\",\"@id\":\"https:\/\/gremicafe.cat\/#website\",\"url\":\"https:\/\/gremicafe.cat\/\",\"name\":\"Gremi del Caf\u00e8, torradors de Catalunya\",\"description\":\"Web oficial del gremi de torradors de caf\u00e8 de Catalunya\",\"publisher\":{\"@id\":\"https:\/\/gremicafe.cat\/#organization\"},\"potentialAction\":[{\"@type\":\"SearchAction\",\"target\":{\"@type\":\"EntryPoint\",\"urlTemplate\":\"https:\/\/gremicafe.cat\/?s={search_term_string}\"},\"query-input\":{\"@type\":\"PropertyValueSpecification\",\"valueRequired\":true,\"valueName\":\"search_term_string\"}}],\"inLanguage\":\"es\"},{\"@type\":\"Organization\",\"@id\":\"https:\/\/gremicafe.cat\/#organization\",\"name\":\"Gremi del Caf\u00e8, Torradors de Catalunya\",\"url\":\"https:\/\/gremicafe.cat\/\",\"logo\":{\"@type\":\"ImageObject\",\"inLanguage\":\"es\",\"@id\":\"https:\/\/gremicafe.cat\/#\/schema\/logo\/image\/\",\"url\":\"https:\/\/gremicafe.cat\/wp-content\/uploads\/2018\/03\/gremicafe-logo250.png\",\"contentUrl\":\"https:\/\/gremicafe.cat\/wp-content\/uploads\/2018\/03\/gremicafe-logo250.png\",\"width\":250,\"height\":49,\"caption\":\"Gremi del Caf\u00e8, Torradors de Catalunya\"},\"image\":{\"@id\":\"https:\/\/gremicafe.cat\/#\/schema\/logo\/image\/\"},\"sameAs\":[\"https:\/\/www.facebook.com\/gremicafecat\",\"https:\/\/x.com\/gremicafecat\",\"https:\/\/www.instagram.com\/gremicafecat\/\",\"https:\/\/www.pinterest.es\/gremicafecat\/\",\"https:\/\/www.youtube.com\/channel\/UCGLo5Y35vLwLvP4FrPZrCrw\/\"]},{\"@type\":\"Person\",\"@id\":\"https:\/\/gremicafe.cat\/#\/schema\/person\/dabfdbb3d0fa36260855a380f94e4733\",\"name\":\"gremicafe\",\"image\":{\"@type\":\"ImageObject\",\"inLanguage\":\"es\",\"@id\":\"https:\/\/gremicafe.cat\/#\/schema\/person\/image\/\",\"url\":\"https:\/\/secure.gravatar.com\/avatar\/e59baa4ca8f6f97576d6375fb6d3c8f0?s=96&d=mm&r=g\",\"contentUrl\":\"https:\/\/secure.gravatar.com\/avatar\/e59baa4ca8f6f97576d6375fb6d3c8f0?s=96&d=mm&r=g\",\"caption\":\"gremicafe\"}}]}<\/script>\n<!-- \/ Yoast SEO plugin. -->","yoast_head_json":{"title":"El caf\u00e8 convencional \u00e9s m\u00e9s saludable que el caf\u00e8 org\u00e0nic? - Gremi del Caf\u00e8, torradors de Catalunya","robots":{"index":"index","follow":"follow","max-snippet":"max-snippet:-1","max-image-preview":"max-image-preview:large","max-video-preview":"max-video-preview:-1"},"canonical":"https:\/\/gremicafe.cat\/es\/2020\/09\/10\/el-cafe-convencional-es-mes-saludable-que-el-cafe-organic\/","og_locale":"es_ES","og_type":"article","og_title":"El caf\u00e8 convencional \u00e9s m\u00e9s saludable que el caf\u00e8 org\u00e0nic? - Gremi del Caf\u00e8, torradors de Catalunya","og_url":"https:\/\/gremicafe.cat\/es\/2020\/09\/10\/el-cafe-convencional-es-mes-saludable-que-el-cafe-organic\/","og_site_name":"Gremi del Caf\u00e8, torradors de Catalunya","article_publisher":"https:\/\/www.facebook.com\/gremicafecat","article_published_time":"2020-09-10T13:21:03+00:00","og_image":[{"width":2560,"height":1707,"url":"https:\/\/gremicafe.cat\/wp-content\/uploads\/2020\/09\/coffee-beans-1695052-scaled.jpg","type":"image\/jpeg"}],"author":"gremicafe","twitter_card":"summary_large_image","twitter_creator":"@gremicafecat","twitter_site":"@gremicafecat","twitter_misc":{"Escrito por":"gremicafe","Tiempo de lectura":"2 minutos"},"schema":{"@context":"https:\/\/schema.org","@graph":[{"@type":"Article","@id":"https:\/\/gremicafe.cat\/2020\/09\/10\/el-cafe-convencional-es-mes-saludable-que-el-cafe-organic\/#article","isPartOf":{"@id":"https:\/\/gremicafe.cat\/2020\/09\/10\/el-cafe-convencional-es-mes-saludable-que-el-cafe-organic\/"},"author":{"name":"gremicafe","@id":"https:\/\/gremicafe.cat\/#\/schema\/person\/dabfdbb3d0fa36260855a380f94e4733"},"headline":"El caf\u00e8 convencional \u00e9s m\u00e9s saludable que el caf\u00e8 org\u00e0nic?","datePublished":"2020-09-10T13:21:03+00:00","mainEntityOfPage":{"@id":"https:\/\/gremicafe.cat\/2020\/09\/10\/el-cafe-convencional-es-mes-saludable-que-el-cafe-organic\/"},"wordCount":493,"publisher":{"@id":"https:\/\/gremicafe.cat\/#organization"},"image":{"@id":"https:\/\/gremicafe.cat\/2020\/09\/10\/el-cafe-convencional-es-mes-saludable-que-el-cafe-organic\/#primaryimage"},"thumbnailUrl":"https:\/\/gremicafe.cat\/wp-content\/uploads\/2020\/09\/coffee-beans-1695052-scaled.jpg","articleSection":["Not\u00edcies"],"inLanguage":"es"},{"@type":"WebPage","@id":"https:\/\/gremicafe.cat\/2020\/09\/10\/el-cafe-convencional-es-mes-saludable-que-el-cafe-organic\/","url":"https:\/\/gremicafe.cat\/2020\/09\/10\/el-cafe-convencional-es-mes-saludable-que-el-cafe-organic\/","name":"El caf\u00e8 convencional \u00e9s m\u00e9s saludable que el caf\u00e8 org\u00e0nic? - Gremi del Caf\u00e8, torradors de Catalunya","isPartOf":{"@id":"https:\/\/gremicafe.cat\/#website"},"primaryImageOfPage":{"@id":"https:\/\/gremicafe.cat\/2020\/09\/10\/el-cafe-convencional-es-mes-saludable-que-el-cafe-organic\/#primaryimage"},"image":{"@id":"https:\/\/gremicafe.cat\/2020\/09\/10\/el-cafe-convencional-es-mes-saludable-que-el-cafe-organic\/#primaryimage"},"thumbnailUrl":"https:\/\/gremicafe.cat\/wp-content\/uploads\/2020\/09\/coffee-beans-1695052-scaled.jpg","datePublished":"2020-09-10T13:21:03+00:00","breadcrumb":{"@id":"https:\/\/gremicafe.cat\/2020\/09\/10\/el-cafe-convencional-es-mes-saludable-que-el-cafe-organic\/#breadcrumb"},"inLanguage":"es","potentialAction":[{"@type":"ReadAction","target":["https:\/\/gremicafe.cat\/2020\/09\/10\/el-cafe-convencional-es-mes-saludable-que-el-cafe-organic\/"]}]},{"@type":"ImageObject","inLanguage":"es","@id":"https:\/\/gremicafe.cat\/2020\/09\/10\/el-cafe-convencional-es-mes-saludable-que-el-cafe-organic\/#primaryimage","url":"https:\/\/gremicafe.cat\/wp-content\/uploads\/2020\/09\/coffee-beans-1695052-scaled.jpg","contentUrl":"https:\/\/gremicafe.cat\/wp-content\/uploads\/2020\/09\/coffee-beans-1695052-scaled.jpg","width":2560,"height":1707},{"@type":"BreadcrumbList","@id":"https:\/\/gremicafe.cat\/2020\/09\/10\/el-cafe-convencional-es-mes-saludable-que-el-cafe-organic\/#breadcrumb","itemListElement":[{"@type":"ListItem","position":1,"name":"Inici","item":"https:\/\/gremicafe.cat\/"},{"@type":"ListItem","position":2,"name":"El caf\u00e8 convencional \u00e9s m\u00e9s saludable que el caf\u00e8 org\u00e0nic?"}]},{"@type":"WebSite","@id":"https:\/\/gremicafe.cat\/#website","url":"https:\/\/gremicafe.cat\/","name":"Gremio del Caf\u00e9, tostadores de Catalu\u00f1a","description":"Web oficial del gremio de tostadores de caf\u00e9 de Catalunya","publisher":{"@id":"https:\/\/gremicafe.cat\/#organization"},"potentialAction":[{"@type":"SearchAction","target":{"@type":"EntryPoint","urlTemplate":"https:\/\/gremicafe.cat\/?s={search_term_string}"},"query-input":{"@type":"PropertyValueSpecification","valueRequired":true,"valueName":"search_term_string"}}],"inLanguage":"es"},{"@type":"Organization","@id":"https:\/\/gremicafe.cat\/#organization","name":"Gremio del Caf\u00e9, Tostadores de Catalu\u00f1a","url":"https:\/\/gremicafe.cat\/","logo":{"@type":"ImageObject","inLanguage":"es","@id":"https:\/\/gremicafe.cat\/#\/schema\/logo\/image\/","url":"https:\/\/gremicafe.cat\/wp-content\/uploads\/2018\/03\/gremicafe-logo250.png","contentUrl":"https:\/\/gremicafe.cat\/wp-content\/uploads\/2018\/03\/gremicafe-logo250.png","width":250,"height":49,"caption":"Gremi del Caf\u00e8, Torradors de Catalunya"},"image":{"@id":"https:\/\/gremicafe.cat\/#\/schema\/logo\/image\/"},"sameAs":["https:\/\/www.facebook.com\/gremicafecat","https:\/\/x.com\/gremicafecat","https:\/\/www.instagram.com\/gremicafecat\/","https:\/\/www.pinterest.es\/gremicafecat\/","https:\/\/www.youtube.com\/channel\/UCGLo5Y35vLwLvP4FrPZrCrw\/"]},{"@type":"Person","@id":"https:\/\/gremicafe.cat\/#\/schema\/person\/dabfdbb3d0fa36260855a380f94e4733","name":"gremicafe","image":{"@type":"ImageObject","inLanguage":"es","@id":"https:\/\/gremicafe.cat\/#\/schema\/person\/image\/","url":"https:\/\/secure.gravatar.com\/avatar\/e59baa4ca8f6f97576d6375fb6d3c8f0?s=96&d=mm&r=g","contentUrl":"https:\/\/secure.gravatar.com\/avatar\/e59baa4ca8f6f97576d6375fb6d3c8f0?s=96&d=mm&r=g","caption":"gremicafe"}}]}},"_links":{"self":[{"href":"https:\/\/gremicafe.cat\/es\/wp-json\/wp\/v2\/posts\/5465"}],"collection":[{"href":"https:\/\/gremicafe.cat\/es\/wp-json\/wp\/v2\/posts"}],"about":[{"href":"https:\/\/gremicafe.cat\/es\/wp-json\/wp\/v2\/types\/post"}],"author":[{"embeddable":true,"href":"https:\/\/gremicafe.cat\/es\/wp-json\/wp\/v2\/users\/1"}],"replies":[{"embeddable":true,"href":"https:\/\/gremicafe.cat\/es\/wp-json\/wp\/v2\/comments?post=5465"}],"version-history":[{"count":0,"href":"https:\/\/gremicafe.cat\/es\/wp-json\/wp\/v2\/posts\/5465\/revisions"}],"wp:featuredmedia":[{"embeddable":true,"href":"https:\/\/gremicafe.cat\/es\/wp-json\/wp\/v2\/media\/5466"}],"wp:attachment":[{"href":"https:\/\/gremicafe.cat\/es\/wp-json\/wp\/v2\/media?parent=5465"}],"wp:term":[{"taxonomy":"category","embeddable":true,"href":"https:\/\/gremicafe.cat\/es\/wp-json\/wp\/v2\/categories?post=5465"},{"taxonomy":"post_tag","embeddable":true,"href":"https:\/\/gremicafe.cat\/es\/wp-json\/wp\/v2\/tags?post=5465"}],"curies":[{"name":"wp","href":"https:\/\/api.w.org\/{rel}","templated":true}]}}