{"id":5483,"date":"2020-09-17T10:47:28","date_gmt":"2020-09-17T08:47:28","guid":{"rendered":"https:\/\/gremicafe.cat\/?p=5483"},"modified":"2021-07-09T14:55:42","modified_gmt":"2021-07-09T12:55:42","slug":"cafes-lider-rep-el-xix-premi-comerc-vallenc","status":"publish","type":"post","link":"https:\/\/gremicafe.cat\/es\/2020\/09\/17\/cafes-lider-rep-el-xix-premi-comerc-vallenc\/","title":{"rendered":"Caf\u00e9s LIDER recibe el XIX premio Comer\u00e7 Vallenc"},"content":{"rendered":"<p><img loading=\"lazy\" decoding=\"async\" class=\"aligncenter size-full wp-image-5484\" src=\"https:\/\/gremicafe.cat\/wp-content\/uploads\/2020\/09\/cafes-lider.jpg\" alt=\"\" width=\"1600\" height=\"1200\" srcset=\"https:\/\/gremicafe.cat\/wp-content\/uploads\/2020\/09\/cafes-lider.jpg 1600w, https:\/\/gremicafe.cat\/wp-content\/uploads\/2020\/09\/cafes-lider-768x576.jpg 768w, https:\/\/gremicafe.cat\/wp-content\/uploads\/2020\/09\/cafes-lider-1536x1152.jpg 1536w, https:\/\/gremicafe.cat\/wp-content\/uploads\/2020\/09\/cafes-lider-960x720.jpg 960w\" sizes=\"(max-width: 1600px) 100vw, 1600px\" \/><\/p>\n<p>&nbsp;<\/p>\n<p>La junta de Comercio de Valls concedi\u00f3 la <strong>XIX edici\u00f3n del premio Comer\u00e7 Vallenc<\/strong> en el establecimiento <a href=\"https:\/\/www.cafeslider.com\/\" target=\"_blank\" rel=\"noopener noreferrer\"><strong>CAF\u00c9S LIDER<\/strong><\/a>, en reconocimiento a su trayectoria.<\/p>\n<p><strong>Francesc F\u00e0bregas<\/strong> y la <strong>Montserrat Puig<\/strong> crearon la empresa en 1950 y registraron la marca LIDER. En sus inicios dispon\u00edan de un establecimiento de v\u00edveres y tambi\u00e9n tostaban malta, frutos secos y caf\u00e9. A lo largo de los a\u00f1os, el <strong>caf\u00e9<\/strong> empez\u00f3 a predominar y ser el centro de su actividad empresarial.<\/p>\n<p>Con la muerte de Francesc, en 1973, Montserrat Puig sigue sacar adelante la empresa familiar. No fue hasta 1986 que su hijo, Albert, se incorpor\u00f3 plenamente a la actividad empresarial de Caf\u00e8s LIDER.<\/p>\n<p>El nuevo proyecto consisti\u00f3 en renovar las instalaciones y abrir una segunda tienda en la capital del Alt Camp. En 2003 ampl\u00edan el negocio poniendo en marcha una nave en el pol\u00edgono industrial a pesar de conservar gran parte de su producci\u00f3n en su establecimiento inicial.<\/p>\n<p>Un proyecto que se ha adaptado a las \u00faltimas tecnolog\u00edas, hace a\u00f1os que disponen de una tienda online as\u00ed como est\u00e1n presentes en las redes sociales para ofrecer el buen trato con el cliente.<\/p>\n<p>&nbsp;<\/p>\n<p>Fuente foto: <a href=\"https:\/\/www.cafeslider.com\/les-botigues\/\" target=\"_blank\" rel=\"noopener noreferrer\">Caf\u00e9s Lider<\/a><\/p>","protected":false},"excerpt":{"rendered":"<p>&nbsp; La junta de Comer\u00e7 de Valls va concedir la XIX edici\u00f3 del premi Comer\u00e7 Vallenc a l&#8217;establiment CAF\u00c8S LIDER, en reconeixement a la seva traject\u00f2ria. Francesc F\u00e0bregas i la Montserrat Puig van crear l&#8217;empresa el 1950 i van registrar la marca LIDER. En els seus inicis disposaven d&#8217;un establiment de queviures i tamb\u00e9 hi [&hellip;]<\/p>\n","protected":false},"author":1,"featured_media":5484,"comment_status":"closed","ping_status":"open","sticky":false,"template":"","format":"standard","meta":{"_acf_changed":false,"inline_featured_image":false,"footnotes":""},"categories":[1],"tags":[],"class_list":["post-5483","post","type-post","status-publish","format-standard","has-post-thumbnail","hentry","category-noticies"],"acf":[],"yoast_head":"<!-- This site is optimized with the Yoast SEO plugin v25.5 - https:\/\/yoast.com\/wordpress\/plugins\/seo\/ -->\n<title>Caf\u00e8s LIDER rep el XIX premi Comer\u00e7 Vallenc - Gremi del Caf\u00e8, torradors de Catalunya<\/title>\n<meta name=\"robots\" content=\"index, follow, max-snippet:-1, max-image-preview:large, max-video-preview:-1\" \/>\n<link rel=\"canonical\" href=\"https:\/\/gremicafe.cat\/es\/2020\/09\/17\/cafes-lider-rep-el-xix-premi-comerc-vallenc\/\" \/>\n<meta property=\"og:locale\" content=\"es_ES\" \/>\n<meta property=\"og:type\" content=\"article\" \/>\n<meta property=\"og:title\" content=\"Caf\u00e8s LIDER rep el XIX premi Comer\u00e7 Vallenc - Gremi del Caf\u00e8, torradors de Catalunya\" \/>\n<meta property=\"og:description\" content=\"&nbsp; La junta de Comer\u00e7 de Valls va concedir la XIX edici\u00f3 del premi Comer\u00e7 Vallenc a l&#8217;establiment CAF\u00c8S LIDER, en reconeixement a la seva traject\u00f2ria. Francesc F\u00e0bregas i la Montserrat Puig van crear l&#8217;empresa el 1950 i van registrar la marca LIDER. En els seus inicis disposaven d&#8217;un establiment de queviures i tamb\u00e9 hi [&hellip;]\" \/>\n<meta property=\"og:url\" content=\"https:\/\/gremicafe.cat\/es\/2020\/09\/17\/cafes-lider-rep-el-xix-premi-comerc-vallenc\/\" \/>\n<meta property=\"og:site_name\" content=\"Gremi del Caf\u00e8, torradors de Catalunya\" \/>\n<meta property=\"article:publisher\" content=\"https:\/\/www.facebook.com\/gremicafecat\" \/>\n<meta property=\"article:published_time\" content=\"2020-09-17T08:47:28+00:00\" \/>\n<meta property=\"article:modified_time\" content=\"2021-07-09T12:55:42+00:00\" \/>\n<meta property=\"og:image\" content=\"https:\/\/gremicafe.cat\/wp-content\/uploads\/2020\/09\/cafes-lider.jpg\" \/>\n\t<meta property=\"og:image:width\" content=\"1600\" \/>\n\t<meta property=\"og:image:height\" content=\"1200\" \/>\n\t<meta property=\"og:image:type\" content=\"image\/jpeg\" \/>\n<meta name=\"author\" content=\"gremicafe\" \/>\n<meta name=\"twitter:card\" content=\"summary_large_image\" \/>\n<meta name=\"twitter:creator\" content=\"@gremicafecat\" \/>\n<meta name=\"twitter:site\" content=\"@gremicafecat\" \/>\n<meta name=\"twitter:label1\" content=\"Escrito por\" \/>\n\t<meta name=\"twitter:data1\" content=\"gremicafe\" \/>\n\t<meta name=\"twitter:label2\" content=\"Tiempo de lectura\" \/>\n\t<meta name=\"twitter:data2\" content=\"2 minutos\" \/>\n<script type=\"application\/ld+json\" class=\"yoast-schema-graph\">{\"@context\":\"https:\/\/schema.org\",\"@graph\":[{\"@type\":\"Article\",\"@id\":\"https:\/\/gremicafe.cat\/2020\/09\/17\/cafes-lider-rep-el-xix-premi-comerc-vallenc\/#article\",\"isPartOf\":{\"@id\":\"https:\/\/gremicafe.cat\/2020\/09\/17\/cafes-lider-rep-el-xix-premi-comerc-vallenc\/\"},\"author\":{\"name\":\"gremicafe\",\"@id\":\"https:\/\/gremicafe.cat\/#\/schema\/person\/dabfdbb3d0fa36260855a380f94e4733\"},\"headline\":\"Caf\u00e8s LIDER rep el XIX premi Comer\u00e7 Vallenc\",\"datePublished\":\"2020-09-17T08:47:28+00:00\",\"dateModified\":\"2021-07-09T12:55:42+00:00\",\"mainEntityOfPage\":{\"@id\":\"https:\/\/gremicafe.cat\/2020\/09\/17\/cafes-lider-rep-el-xix-premi-comerc-vallenc\/\"},\"wordCount\":212,\"publisher\":{\"@id\":\"https:\/\/gremicafe.cat\/#organization\"},\"image\":{\"@id\":\"https:\/\/gremicafe.cat\/2020\/09\/17\/cafes-lider-rep-el-xix-premi-comerc-vallenc\/#primaryimage\"},\"thumbnailUrl\":\"https:\/\/gremicafe.cat\/wp-content\/uploads\/2020\/09\/cafes-lider.jpg\",\"articleSection\":[\"Not\u00edcies\"],\"inLanguage\":\"es\"},{\"@type\":\"WebPage\",\"@id\":\"https:\/\/gremicafe.cat\/2020\/09\/17\/cafes-lider-rep-el-xix-premi-comerc-vallenc\/\",\"url\":\"https:\/\/gremicafe.cat\/2020\/09\/17\/cafes-lider-rep-el-xix-premi-comerc-vallenc\/\",\"name\":\"Caf\u00e8s LIDER rep el XIX premi Comer\u00e7 Vallenc - Gremi del Caf\u00e8, torradors de Catalunya\",\"isPartOf\":{\"@id\":\"https:\/\/gremicafe.cat\/#website\"},\"primaryImageOfPage\":{\"@id\":\"https:\/\/gremicafe.cat\/2020\/09\/17\/cafes-lider-rep-el-xix-premi-comerc-vallenc\/#primaryimage\"},\"image\":{\"@id\":\"https:\/\/gremicafe.cat\/2020\/09\/17\/cafes-lider-rep-el-xix-premi-comerc-vallenc\/#primaryimage\"},\"thumbnailUrl\":\"https:\/\/gremicafe.cat\/wp-content\/uploads\/2020\/09\/cafes-lider.jpg\",\"datePublished\":\"2020-09-17T08:47:28+00:00\",\"dateModified\":\"2021-07-09T12:55:42+00:00\",\"breadcrumb\":{\"@id\":\"https:\/\/gremicafe.cat\/2020\/09\/17\/cafes-lider-rep-el-xix-premi-comerc-vallenc\/#breadcrumb\"},\"inLanguage\":\"es\",\"potentialAction\":[{\"@type\":\"ReadAction\",\"target\":[\"https:\/\/gremicafe.cat\/2020\/09\/17\/cafes-lider-rep-el-xix-premi-comerc-vallenc\/\"]}]},{\"@type\":\"ImageObject\",\"inLanguage\":\"es\",\"@id\":\"https:\/\/gremicafe.cat\/2020\/09\/17\/cafes-lider-rep-el-xix-premi-comerc-vallenc\/#primaryimage\",\"url\":\"https:\/\/gremicafe.cat\/wp-content\/uploads\/2020\/09\/cafes-lider.jpg\",\"contentUrl\":\"https:\/\/gremicafe.cat\/wp-content\/uploads\/2020\/09\/cafes-lider.jpg\",\"width\":1600,\"height\":1200},{\"@type\":\"BreadcrumbList\",\"@id\":\"https:\/\/gremicafe.cat\/2020\/09\/17\/cafes-lider-rep-el-xix-premi-comerc-vallenc\/#breadcrumb\",\"itemListElement\":[{\"@type\":\"ListItem\",\"position\":1,\"name\":\"Inici\",\"item\":\"https:\/\/gremicafe.cat\/\"},{\"@type\":\"ListItem\",\"position\":2,\"name\":\"Caf\u00e8s LIDER rep el XIX premi Comer\u00e7 Vallenc\"}]},{\"@type\":\"WebSite\",\"@id\":\"https:\/\/gremicafe.cat\/#website\",\"url\":\"https:\/\/gremicafe.cat\/\",\"name\":\"Gremi del Caf\u00e8, torradors de Catalunya\",\"description\":\"Web oficial del gremi de torradors de caf\u00e8 de Catalunya\",\"publisher\":{\"@id\":\"https:\/\/gremicafe.cat\/#organization\"},\"potentialAction\":[{\"@type\":\"SearchAction\",\"target\":{\"@type\":\"EntryPoint\",\"urlTemplate\":\"https:\/\/gremicafe.cat\/?s={search_term_string}\"},\"query-input\":{\"@type\":\"PropertyValueSpecification\",\"valueRequired\":true,\"valueName\":\"search_term_string\"}}],\"inLanguage\":\"es\"},{\"@type\":\"Organization\",\"@id\":\"https:\/\/gremicafe.cat\/#organization\",\"name\":\"Gremi del Caf\u00e8, Torradors de Catalunya\",\"url\":\"https:\/\/gremicafe.cat\/\",\"logo\":{\"@type\":\"ImageObject\",\"inLanguage\":\"es\",\"@id\":\"https:\/\/gremicafe.cat\/#\/schema\/logo\/image\/\",\"url\":\"https:\/\/gremicafe.cat\/wp-content\/uploads\/2018\/03\/gremicafe-logo250.png\",\"contentUrl\":\"https:\/\/gremicafe.cat\/wp-content\/uploads\/2018\/03\/gremicafe-logo250.png\",\"width\":250,\"height\":49,\"caption\":\"Gremi del Caf\u00e8, Torradors de Catalunya\"},\"image\":{\"@id\":\"https:\/\/gremicafe.cat\/#\/schema\/logo\/image\/\"},\"sameAs\":[\"https:\/\/www.facebook.com\/gremicafecat\",\"https:\/\/x.com\/gremicafecat\",\"https:\/\/www.instagram.com\/gremicafecat\/\",\"https:\/\/www.pinterest.es\/gremicafecat\/\",\"https:\/\/www.youtube.com\/channel\/UCGLo5Y35vLwLvP4FrPZrCrw\/\"]},{\"@type\":\"Person\",\"@id\":\"https:\/\/gremicafe.cat\/#\/schema\/person\/dabfdbb3d0fa36260855a380f94e4733\",\"name\":\"gremicafe\",\"image\":{\"@type\":\"ImageObject\",\"inLanguage\":\"es\",\"@id\":\"https:\/\/gremicafe.cat\/#\/schema\/person\/image\/\",\"url\":\"https:\/\/secure.gravatar.com\/avatar\/e59baa4ca8f6f97576d6375fb6d3c8f0?s=96&d=mm&r=g\",\"contentUrl\":\"https:\/\/secure.gravatar.com\/avatar\/e59baa4ca8f6f97576d6375fb6d3c8f0?s=96&d=mm&r=g\",\"caption\":\"gremicafe\"}}]}<\/script>\n<!-- \/ Yoast SEO plugin. -->","yoast_head_json":{"title":"Caf\u00e8s LIDER rep el XIX premi Comer\u00e7 Vallenc - Gremi del Caf\u00e8, torradors de Catalunya","robots":{"index":"index","follow":"follow","max-snippet":"max-snippet:-1","max-image-preview":"max-image-preview:large","max-video-preview":"max-video-preview:-1"},"canonical":"https:\/\/gremicafe.cat\/es\/2020\/09\/17\/cafes-lider-rep-el-xix-premi-comerc-vallenc\/","og_locale":"es_ES","og_type":"article","og_title":"Caf\u00e8s LIDER rep el XIX premi Comer\u00e7 Vallenc - Gremi del Caf\u00e8, torradors de Catalunya","og_description":"&nbsp; La junta de Comer\u00e7 de Valls va concedir la XIX edici\u00f3 del premi Comer\u00e7 Vallenc a l&#8217;establiment CAF\u00c8S LIDER, en reconeixement a la seva traject\u00f2ria. Francesc F\u00e0bregas i la Montserrat Puig van crear l&#8217;empresa el 1950 i van registrar la marca LIDER. En els seus inicis disposaven d&#8217;un establiment de queviures i tamb\u00e9 hi [&hellip;]","og_url":"https:\/\/gremicafe.cat\/es\/2020\/09\/17\/cafes-lider-rep-el-xix-premi-comerc-vallenc\/","og_site_name":"Gremi del Caf\u00e8, torradors de Catalunya","article_publisher":"https:\/\/www.facebook.com\/gremicafecat","article_published_time":"2020-09-17T08:47:28+00:00","article_modified_time":"2021-07-09T12:55:42+00:00","og_image":[{"width":1600,"height":1200,"url":"https:\/\/gremicafe.cat\/wp-content\/uploads\/2020\/09\/cafes-lider.jpg","type":"image\/jpeg"}],"author":"gremicafe","twitter_card":"summary_large_image","twitter_creator":"@gremicafecat","twitter_site":"@gremicafecat","twitter_misc":{"Escrito por":"gremicafe","Tiempo de lectura":"2 minutos"},"schema":{"@context":"https:\/\/schema.org","@graph":[{"@type":"Article","@id":"https:\/\/gremicafe.cat\/2020\/09\/17\/cafes-lider-rep-el-xix-premi-comerc-vallenc\/#article","isPartOf":{"@id":"https:\/\/gremicafe.cat\/2020\/09\/17\/cafes-lider-rep-el-xix-premi-comerc-vallenc\/"},"author":{"name":"gremicafe","@id":"https:\/\/gremicafe.cat\/#\/schema\/person\/dabfdbb3d0fa36260855a380f94e4733"},"headline":"Caf\u00e8s LIDER rep el XIX premi Comer\u00e7 Vallenc","datePublished":"2020-09-17T08:47:28+00:00","dateModified":"2021-07-09T12:55:42+00:00","mainEntityOfPage":{"@id":"https:\/\/gremicafe.cat\/2020\/09\/17\/cafes-lider-rep-el-xix-premi-comerc-vallenc\/"},"wordCount":212,"publisher":{"@id":"https:\/\/gremicafe.cat\/#organization"},"image":{"@id":"https:\/\/gremicafe.cat\/2020\/09\/17\/cafes-lider-rep-el-xix-premi-comerc-vallenc\/#primaryimage"},"thumbnailUrl":"https:\/\/gremicafe.cat\/wp-content\/uploads\/2020\/09\/cafes-lider.jpg","articleSection":["Not\u00edcies"],"inLanguage":"es"},{"@type":"WebPage","@id":"https:\/\/gremicafe.cat\/2020\/09\/17\/cafes-lider-rep-el-xix-premi-comerc-vallenc\/","url":"https:\/\/gremicafe.cat\/2020\/09\/17\/cafes-lider-rep-el-xix-premi-comerc-vallenc\/","name":"Caf\u00e8s LIDER rep el XIX premi Comer\u00e7 Vallenc - Gremi del Caf\u00e8, torradors de Catalunya","isPartOf":{"@id":"https:\/\/gremicafe.cat\/#website"},"primaryImageOfPage":{"@id":"https:\/\/gremicafe.cat\/2020\/09\/17\/cafes-lider-rep-el-xix-premi-comerc-vallenc\/#primaryimage"},"image":{"@id":"https:\/\/gremicafe.cat\/2020\/09\/17\/cafes-lider-rep-el-xix-premi-comerc-vallenc\/#primaryimage"},"thumbnailUrl":"https:\/\/gremicafe.cat\/wp-content\/uploads\/2020\/09\/cafes-lider.jpg","datePublished":"2020-09-17T08:47:28+00:00","dateModified":"2021-07-09T12:55:42+00:00","breadcrumb":{"@id":"https:\/\/gremicafe.cat\/2020\/09\/17\/cafes-lider-rep-el-xix-premi-comerc-vallenc\/#breadcrumb"},"inLanguage":"es","potentialAction":[{"@type":"ReadAction","target":["https:\/\/gremicafe.cat\/2020\/09\/17\/cafes-lider-rep-el-xix-premi-comerc-vallenc\/"]}]},{"@type":"ImageObject","inLanguage":"es","@id":"https:\/\/gremicafe.cat\/2020\/09\/17\/cafes-lider-rep-el-xix-premi-comerc-vallenc\/#primaryimage","url":"https:\/\/gremicafe.cat\/wp-content\/uploads\/2020\/09\/cafes-lider.jpg","contentUrl":"https:\/\/gremicafe.cat\/wp-content\/uploads\/2020\/09\/cafes-lider.jpg","width":1600,"height":1200},{"@type":"BreadcrumbList","@id":"https:\/\/gremicafe.cat\/2020\/09\/17\/cafes-lider-rep-el-xix-premi-comerc-vallenc\/#breadcrumb","itemListElement":[{"@type":"ListItem","position":1,"name":"Inici","item":"https:\/\/gremicafe.cat\/"},{"@type":"ListItem","position":2,"name":"Caf\u00e8s LIDER rep el XIX premi Comer\u00e7 Vallenc"}]},{"@type":"WebSite","@id":"https:\/\/gremicafe.cat\/#website","url":"https:\/\/gremicafe.cat\/","name":"Gremio del Caf\u00e9, tostadores de Catalu\u00f1a","description":"Web oficial del gremio de tostadores de caf\u00e9 de Catalunya","publisher":{"@id":"https:\/\/gremicafe.cat\/#organization"},"potentialAction":[{"@type":"SearchAction","target":{"@type":"EntryPoint","urlTemplate":"https:\/\/gremicafe.cat\/?s={search_term_string}"},"query-input":{"@type":"PropertyValueSpecification","valueRequired":true,"valueName":"search_term_string"}}],"inLanguage":"es"},{"@type":"Organization","@id":"https:\/\/gremicafe.cat\/#organization","name":"Gremio del Caf\u00e9, Tostadores de Catalu\u00f1a","url":"https:\/\/gremicafe.cat\/","logo":{"@type":"ImageObject","inLanguage":"es","@id":"https:\/\/gremicafe.cat\/#\/schema\/logo\/image\/","url":"https:\/\/gremicafe.cat\/wp-content\/uploads\/2018\/03\/gremicafe-logo250.png","contentUrl":"https:\/\/gremicafe.cat\/wp-content\/uploads\/2018\/03\/gremicafe-logo250.png","width":250,"height":49,"caption":"Gremi del Caf\u00e8, Torradors de Catalunya"},"image":{"@id":"https:\/\/gremicafe.cat\/#\/schema\/logo\/image\/"},"sameAs":["https:\/\/www.facebook.com\/gremicafecat","https:\/\/x.com\/gremicafecat","https:\/\/www.instagram.com\/gremicafecat\/","https:\/\/www.pinterest.es\/gremicafecat\/","https:\/\/www.youtube.com\/channel\/UCGLo5Y35vLwLvP4FrPZrCrw\/"]},{"@type":"Person","@id":"https:\/\/gremicafe.cat\/#\/schema\/person\/dabfdbb3d0fa36260855a380f94e4733","name":"gremicafe","image":{"@type":"ImageObject","inLanguage":"es","@id":"https:\/\/gremicafe.cat\/#\/schema\/person\/image\/","url":"https:\/\/secure.gravatar.com\/avatar\/e59baa4ca8f6f97576d6375fb6d3c8f0?s=96&d=mm&r=g","contentUrl":"https:\/\/secure.gravatar.com\/avatar\/e59baa4ca8f6f97576d6375fb6d3c8f0?s=96&d=mm&r=g","caption":"gremicafe"}}]}},"_links":{"self":[{"href":"https:\/\/gremicafe.cat\/es\/wp-json\/wp\/v2\/posts\/5483"}],"collection":[{"href":"https:\/\/gremicafe.cat\/es\/wp-json\/wp\/v2\/posts"}],"about":[{"href":"https:\/\/gremicafe.cat\/es\/wp-json\/wp\/v2\/types\/post"}],"author":[{"embeddable":true,"href":"https:\/\/gremicafe.cat\/es\/wp-json\/wp\/v2\/users\/1"}],"replies":[{"embeddable":true,"href":"https:\/\/gremicafe.cat\/es\/wp-json\/wp\/v2\/comments?post=5483"}],"version-history":[{"count":0,"href":"https:\/\/gremicafe.cat\/es\/wp-json\/wp\/v2\/posts\/5483\/revisions"}],"wp:featuredmedia":[{"embeddable":true,"href":"https:\/\/gremicafe.cat\/es\/wp-json\/wp\/v2\/media\/5484"}],"wp:attachment":[{"href":"https:\/\/gremicafe.cat\/es\/wp-json\/wp\/v2\/media?parent=5483"}],"wp:term":[{"taxonomy":"category","embeddable":true,"href":"https:\/\/gremicafe.cat\/es\/wp-json\/wp\/v2\/categories?post=5483"},{"taxonomy":"post_tag","embeddable":true,"href":"https:\/\/gremicafe.cat\/es\/wp-json\/wp\/v2\/tags?post=5483"}],"curies":[{"name":"wp","href":"https:\/\/api.w.org\/{rel}","templated":true}]}}