{"id":5489,"date":"2020-09-18T09:47:31","date_gmt":"2020-09-18T07:47:31","guid":{"rendered":"https:\/\/gremicafe.cat\/?p=5489"},"modified":"2020-09-21T09:48:36","modified_gmt":"2020-09-21T07:48:36","slug":"cafe-saula-amplia-territori-i-ja-es-pot-comprar-als-establiments-del-grup-pyrenees-andorra","status":"publish","type":"post","link":"https:\/\/gremicafe.cat\/es\/2020\/09\/18\/cafe-saula-amplia-territori-i-ja-es-pot-comprar-als-establiments-del-grup-pyrenees-andorra\/","title":{"rendered":"Caf\u00e9 Saula ampl\u00eda territorio y ya se puede comprar en los establecimientos del Grupo Pyr\u00e9n\u00e9es Andorra"},"content":{"rendered":"<p><img loading=\"lazy\" decoding=\"async\" class=\"aligncenter size-full wp-image-5490\" src=\"https:\/\/gremicafe.cat\/wp-content\/uploads\/2020\/09\/pyrenees-andorra-cafe-saula.png\" alt=\"\" width=\"711\" height=\"505\" \/><\/p>\n<p>Los andorranos y turistas que visiten Andorra, ya pueden adquirir los productos Premium de <strong><a href=\"https:\/\/www.cafesaula.com\/store\/ca\/\">Caf\u00e9 Saula<\/a><\/strong>\u00a0en los establecimientos de alimentaci\u00f3n del\u00a0<strong><a href=\"https:\/\/www.pyrenees.ad\/\">Grupo Pyr\u00e9n\u00e9es Andorra<\/a><\/strong>. Algunos ejemplos de los establecimientos que conforman el grupo son: los Grandes Almacenes Pyr\u00e9n\u00e9es o el centro comercial\u00a0<em><strong>Andorra 2000<\/strong><\/em>.<\/p>\n<p>Por otra parte, si visitan cualquier restaurante o cafeter\u00eda del Grupo, podr\u00e1n degustar el <a href=\"https:\/\/www.cafesaula.com\/store\/ca\/cafe-en-gra\/7-gran-espresso-premium-ecologic\"><strong>Caf\u00e9 Saula Premium Org\u00e1nico<\/strong><\/a>.<\/p>\n<p>Grupo Pyr\u00e9n\u00e9es Andorra es una cadena con m\u00e1s de 70 a\u00f1os y se trata de la primera marca comercial del Principado de Andorra que desarrolla una importante actividad en el sector de los grandes almacenes, hipermercados y la restauraci\u00f3n del pa\u00eds andorrano.<\/p>","protected":false},"excerpt":{"rendered":"<p>Els andorrans i turistes que visitin Andorra, ja poden adquirir els productes Premium de Caf\u00e9 Saula\u00a0als establiments d\u2019alimentaci\u00f3 del\u00a0Grup Pyr\u00e9n\u00e9es Andorra. Alguns exemples dels establiments que conformen el grup s\u00f3n: els Grans Magatzems Pyr\u00e9n\u00e9es\u00a0o el centre comercial\u00a0Andorra 2000. Per altra banda, si visiten qualsevol restaurant o cafeteria del Grup, hi podran degustar el Caf\u00e9 Saula [&hellip;]<\/p>\n","protected":false},"author":1,"featured_media":5490,"comment_status":"closed","ping_status":"open","sticky":false,"template":"","format":"standard","meta":{"_acf_changed":false,"inline_featured_image":false,"footnotes":""},"categories":[1],"tags":[],"class_list":["post-5489","post","type-post","status-publish","format-standard","has-post-thumbnail","hentry","category-noticies"],"acf":[],"yoast_head":"<!-- This site is optimized with the Yoast SEO plugin v25.5 - https:\/\/yoast.com\/wordpress\/plugins\/seo\/ -->\n<title>Caf\u00e9 Saula amplia territori i ja es pot comprar als establiments del Grup Pyr\u00e9n\u00e9es Andorra - Gremi del Caf\u00e8, torradors de Catalunya<\/title>\n<meta name=\"robots\" content=\"index, follow, max-snippet:-1, max-image-preview:large, max-video-preview:-1\" \/>\n<link rel=\"canonical\" href=\"https:\/\/gremicafe.cat\/es\/2020\/09\/18\/cafe-saula-amplia-territori-i-ja-es-pot-comprar-als-establiments-del-grup-pyrenees-andorra\/\" \/>\n<meta property=\"og:locale\" content=\"es_ES\" \/>\n<meta property=\"og:type\" content=\"article\" \/>\n<meta property=\"og:title\" content=\"Caf\u00e9 Saula amplia territori i ja es pot comprar als establiments del Grup Pyr\u00e9n\u00e9es Andorra - Gremi del Caf\u00e8, torradors de Catalunya\" \/>\n<meta property=\"og:description\" content=\"Els andorrans i turistes que visitin Andorra, ja poden adquirir els productes Premium de Caf\u00e9 Saula\u00a0als establiments d\u2019alimentaci\u00f3 del\u00a0Grup Pyr\u00e9n\u00e9es Andorra. Alguns exemples dels establiments que conformen el grup s\u00f3n: els Grans Magatzems Pyr\u00e9n\u00e9es\u00a0o el centre comercial\u00a0Andorra 2000. Per altra banda, si visiten qualsevol restaurant o cafeteria del Grup, hi podran degustar el Caf\u00e9 Saula [&hellip;]\" \/>\n<meta property=\"og:url\" content=\"https:\/\/gremicafe.cat\/es\/2020\/09\/18\/cafe-saula-amplia-territori-i-ja-es-pot-comprar-als-establiments-del-grup-pyrenees-andorra\/\" \/>\n<meta property=\"og:site_name\" content=\"Gremi del Caf\u00e8, torradors de Catalunya\" \/>\n<meta property=\"article:publisher\" content=\"https:\/\/www.facebook.com\/gremicafecat\" \/>\n<meta property=\"article:published_time\" content=\"2020-09-18T07:47:31+00:00\" \/>\n<meta property=\"article:modified_time\" content=\"2020-09-21T07:48:36+00:00\" \/>\n<meta property=\"og:image\" content=\"https:\/\/gremicafe.cat\/wp-content\/uploads\/2020\/09\/pyrenees-andorra-cafe-saula.png\" \/>\n\t<meta property=\"og:image:width\" content=\"711\" \/>\n\t<meta property=\"og:image:height\" content=\"505\" \/>\n\t<meta property=\"og:image:type\" content=\"image\/png\" \/>\n<meta name=\"author\" content=\"gremicafe\" \/>\n<meta name=\"twitter:card\" content=\"summary_large_image\" \/>\n<meta name=\"twitter:creator\" content=\"@gremicafecat\" \/>\n<meta name=\"twitter:site\" content=\"@gremicafecat\" \/>\n<meta name=\"twitter:label1\" content=\"Escrito por\" \/>\n\t<meta name=\"twitter:data1\" content=\"gremicafe\" \/>\n\t<meta name=\"twitter:label2\" content=\"Tiempo de lectura\" \/>\n\t<meta name=\"twitter:data2\" content=\"1 minuto\" \/>\n<script type=\"application\/ld+json\" class=\"yoast-schema-graph\">{\"@context\":\"https:\/\/schema.org\",\"@graph\":[{\"@type\":\"Article\",\"@id\":\"https:\/\/gremicafe.cat\/2020\/09\/18\/cafe-saula-amplia-territori-i-ja-es-pot-comprar-als-establiments-del-grup-pyrenees-andorra\/#article\",\"isPartOf\":{\"@id\":\"https:\/\/gremicafe.cat\/2020\/09\/18\/cafe-saula-amplia-territori-i-ja-es-pot-comprar-als-establiments-del-grup-pyrenees-andorra\/\"},\"author\":{\"name\":\"gremicafe\",\"@id\":\"https:\/\/gremicafe.cat\/#\/schema\/person\/dabfdbb3d0fa36260855a380f94e4733\"},\"headline\":\"Caf\u00e9 Saula amplia territori i ja es pot comprar als establiments del Grup Pyr\u00e9n\u00e9es Andorra\",\"datePublished\":\"2020-09-18T07:47:31+00:00\",\"dateModified\":\"2020-09-21T07:48:36+00:00\",\"mainEntityOfPage\":{\"@id\":\"https:\/\/gremicafe.cat\/2020\/09\/18\/cafe-saula-amplia-territori-i-ja-es-pot-comprar-als-establiments-del-grup-pyrenees-andorra\/\"},\"wordCount\":128,\"publisher\":{\"@id\":\"https:\/\/gremicafe.cat\/#organization\"},\"image\":{\"@id\":\"https:\/\/gremicafe.cat\/2020\/09\/18\/cafe-saula-amplia-territori-i-ja-es-pot-comprar-als-establiments-del-grup-pyrenees-andorra\/#primaryimage\"},\"thumbnailUrl\":\"https:\/\/gremicafe.cat\/wp-content\/uploads\/2020\/09\/pyrenees-andorra-cafe-saula.png\",\"articleSection\":[\"Not\u00edcies\"],\"inLanguage\":\"es\"},{\"@type\":\"WebPage\",\"@id\":\"https:\/\/gremicafe.cat\/2020\/09\/18\/cafe-saula-amplia-territori-i-ja-es-pot-comprar-als-establiments-del-grup-pyrenees-andorra\/\",\"url\":\"https:\/\/gremicafe.cat\/2020\/09\/18\/cafe-saula-amplia-territori-i-ja-es-pot-comprar-als-establiments-del-grup-pyrenees-andorra\/\",\"name\":\"Caf\u00e9 Saula amplia territori i ja es pot comprar als establiments del Grup Pyr\u00e9n\u00e9es Andorra - Gremi del Caf\u00e8, torradors de Catalunya\",\"isPartOf\":{\"@id\":\"https:\/\/gremicafe.cat\/#website\"},\"primaryImageOfPage\":{\"@id\":\"https:\/\/gremicafe.cat\/2020\/09\/18\/cafe-saula-amplia-territori-i-ja-es-pot-comprar-als-establiments-del-grup-pyrenees-andorra\/#primaryimage\"},\"image\":{\"@id\":\"https:\/\/gremicafe.cat\/2020\/09\/18\/cafe-saula-amplia-territori-i-ja-es-pot-comprar-als-establiments-del-grup-pyrenees-andorra\/#primaryimage\"},\"thumbnailUrl\":\"https:\/\/gremicafe.cat\/wp-content\/uploads\/2020\/09\/pyrenees-andorra-cafe-saula.png\",\"datePublished\":\"2020-09-18T07:47:31+00:00\",\"dateModified\":\"2020-09-21T07:48:36+00:00\",\"breadcrumb\":{\"@id\":\"https:\/\/gremicafe.cat\/2020\/09\/18\/cafe-saula-amplia-territori-i-ja-es-pot-comprar-als-establiments-del-grup-pyrenees-andorra\/#breadcrumb\"},\"inLanguage\":\"es\",\"potentialAction\":[{\"@type\":\"ReadAction\",\"target\":[\"https:\/\/gremicafe.cat\/2020\/09\/18\/cafe-saula-amplia-territori-i-ja-es-pot-comprar-als-establiments-del-grup-pyrenees-andorra\/\"]}]},{\"@type\":\"ImageObject\",\"inLanguage\":\"es\",\"@id\":\"https:\/\/gremicafe.cat\/2020\/09\/18\/cafe-saula-amplia-territori-i-ja-es-pot-comprar-als-establiments-del-grup-pyrenees-andorra\/#primaryimage\",\"url\":\"https:\/\/gremicafe.cat\/wp-content\/uploads\/2020\/09\/pyrenees-andorra-cafe-saula.png\",\"contentUrl\":\"https:\/\/gremicafe.cat\/wp-content\/uploads\/2020\/09\/pyrenees-andorra-cafe-saula.png\",\"width\":711,\"height\":505},{\"@type\":\"BreadcrumbList\",\"@id\":\"https:\/\/gremicafe.cat\/2020\/09\/18\/cafe-saula-amplia-territori-i-ja-es-pot-comprar-als-establiments-del-grup-pyrenees-andorra\/#breadcrumb\",\"itemListElement\":[{\"@type\":\"ListItem\",\"position\":1,\"name\":\"Inici\",\"item\":\"https:\/\/gremicafe.cat\/\"},{\"@type\":\"ListItem\",\"position\":2,\"name\":\"Caf\u00e9 Saula amplia territori i ja es pot comprar als establiments del Grup Pyr\u00e9n\u00e9es Andorra\"}]},{\"@type\":\"WebSite\",\"@id\":\"https:\/\/gremicafe.cat\/#website\",\"url\":\"https:\/\/gremicafe.cat\/\",\"name\":\"Gremi del Caf\u00e8, torradors de Catalunya\",\"description\":\"Web oficial del gremi de torradors de caf\u00e8 de Catalunya\",\"publisher\":{\"@id\":\"https:\/\/gremicafe.cat\/#organization\"},\"potentialAction\":[{\"@type\":\"SearchAction\",\"target\":{\"@type\":\"EntryPoint\",\"urlTemplate\":\"https:\/\/gremicafe.cat\/?s={search_term_string}\"},\"query-input\":{\"@type\":\"PropertyValueSpecification\",\"valueRequired\":true,\"valueName\":\"search_term_string\"}}],\"inLanguage\":\"es\"},{\"@type\":\"Organization\",\"@id\":\"https:\/\/gremicafe.cat\/#organization\",\"name\":\"Gremi del Caf\u00e8, Torradors de Catalunya\",\"url\":\"https:\/\/gremicafe.cat\/\",\"logo\":{\"@type\":\"ImageObject\",\"inLanguage\":\"es\",\"@id\":\"https:\/\/gremicafe.cat\/#\/schema\/logo\/image\/\",\"url\":\"https:\/\/gremicafe.cat\/wp-content\/uploads\/2018\/03\/gremicafe-logo250.png\",\"contentUrl\":\"https:\/\/gremicafe.cat\/wp-content\/uploads\/2018\/03\/gremicafe-logo250.png\",\"width\":250,\"height\":49,\"caption\":\"Gremi del Caf\u00e8, Torradors de Catalunya\"},\"image\":{\"@id\":\"https:\/\/gremicafe.cat\/#\/schema\/logo\/image\/\"},\"sameAs\":[\"https:\/\/www.facebook.com\/gremicafecat\",\"https:\/\/x.com\/gremicafecat\",\"https:\/\/www.instagram.com\/gremicafecat\/\",\"https:\/\/www.pinterest.es\/gremicafecat\/\",\"https:\/\/www.youtube.com\/channel\/UCGLo5Y35vLwLvP4FrPZrCrw\/\"]},{\"@type\":\"Person\",\"@id\":\"https:\/\/gremicafe.cat\/#\/schema\/person\/dabfdbb3d0fa36260855a380f94e4733\",\"name\":\"gremicafe\",\"image\":{\"@type\":\"ImageObject\",\"inLanguage\":\"es\",\"@id\":\"https:\/\/gremicafe.cat\/#\/schema\/person\/image\/\",\"url\":\"https:\/\/secure.gravatar.com\/avatar\/e59baa4ca8f6f97576d6375fb6d3c8f0?s=96&d=mm&r=g\",\"contentUrl\":\"https:\/\/secure.gravatar.com\/avatar\/e59baa4ca8f6f97576d6375fb6d3c8f0?s=96&d=mm&r=g\",\"caption\":\"gremicafe\"}}]}<\/script>\n<!-- \/ Yoast SEO plugin. -->","yoast_head_json":{"title":"Caf\u00e9 Saula amplia territori i ja es pot comprar als establiments del Grup Pyr\u00e9n\u00e9es Andorra - Gremi del Caf\u00e8, torradors de Catalunya","robots":{"index":"index","follow":"follow","max-snippet":"max-snippet:-1","max-image-preview":"max-image-preview:large","max-video-preview":"max-video-preview:-1"},"canonical":"https:\/\/gremicafe.cat\/es\/2020\/09\/18\/cafe-saula-amplia-territori-i-ja-es-pot-comprar-als-establiments-del-grup-pyrenees-andorra\/","og_locale":"es_ES","og_type":"article","og_title":"Caf\u00e9 Saula amplia territori i ja es pot comprar als establiments del Grup Pyr\u00e9n\u00e9es Andorra - Gremi del Caf\u00e8, torradors de Catalunya","og_description":"Els andorrans i turistes que visitin Andorra, ja poden adquirir els productes Premium de Caf\u00e9 Saula\u00a0als establiments d\u2019alimentaci\u00f3 del\u00a0Grup Pyr\u00e9n\u00e9es Andorra. Alguns exemples dels establiments que conformen el grup s\u00f3n: els Grans Magatzems Pyr\u00e9n\u00e9es\u00a0o el centre comercial\u00a0Andorra 2000. Per altra banda, si visiten qualsevol restaurant o cafeteria del Grup, hi podran degustar el Caf\u00e9 Saula [&hellip;]","og_url":"https:\/\/gremicafe.cat\/es\/2020\/09\/18\/cafe-saula-amplia-territori-i-ja-es-pot-comprar-als-establiments-del-grup-pyrenees-andorra\/","og_site_name":"Gremi del Caf\u00e8, torradors de Catalunya","article_publisher":"https:\/\/www.facebook.com\/gremicafecat","article_published_time":"2020-09-18T07:47:31+00:00","article_modified_time":"2020-09-21T07:48:36+00:00","og_image":[{"width":711,"height":505,"url":"https:\/\/gremicafe.cat\/wp-content\/uploads\/2020\/09\/pyrenees-andorra-cafe-saula.png","type":"image\/png"}],"author":"gremicafe","twitter_card":"summary_large_image","twitter_creator":"@gremicafecat","twitter_site":"@gremicafecat","twitter_misc":{"Escrito por":"gremicafe","Tiempo de lectura":"1 minuto"},"schema":{"@context":"https:\/\/schema.org","@graph":[{"@type":"Article","@id":"https:\/\/gremicafe.cat\/2020\/09\/18\/cafe-saula-amplia-territori-i-ja-es-pot-comprar-als-establiments-del-grup-pyrenees-andorra\/#article","isPartOf":{"@id":"https:\/\/gremicafe.cat\/2020\/09\/18\/cafe-saula-amplia-territori-i-ja-es-pot-comprar-als-establiments-del-grup-pyrenees-andorra\/"},"author":{"name":"gremicafe","@id":"https:\/\/gremicafe.cat\/#\/schema\/person\/dabfdbb3d0fa36260855a380f94e4733"},"headline":"Caf\u00e9 Saula amplia territori i ja es pot comprar als establiments del Grup Pyr\u00e9n\u00e9es Andorra","datePublished":"2020-09-18T07:47:31+00:00","dateModified":"2020-09-21T07:48:36+00:00","mainEntityOfPage":{"@id":"https:\/\/gremicafe.cat\/2020\/09\/18\/cafe-saula-amplia-territori-i-ja-es-pot-comprar-als-establiments-del-grup-pyrenees-andorra\/"},"wordCount":128,"publisher":{"@id":"https:\/\/gremicafe.cat\/#organization"},"image":{"@id":"https:\/\/gremicafe.cat\/2020\/09\/18\/cafe-saula-amplia-territori-i-ja-es-pot-comprar-als-establiments-del-grup-pyrenees-andorra\/#primaryimage"},"thumbnailUrl":"https:\/\/gremicafe.cat\/wp-content\/uploads\/2020\/09\/pyrenees-andorra-cafe-saula.png","articleSection":["Not\u00edcies"],"inLanguage":"es"},{"@type":"WebPage","@id":"https:\/\/gremicafe.cat\/2020\/09\/18\/cafe-saula-amplia-territori-i-ja-es-pot-comprar-als-establiments-del-grup-pyrenees-andorra\/","url":"https:\/\/gremicafe.cat\/2020\/09\/18\/cafe-saula-amplia-territori-i-ja-es-pot-comprar-als-establiments-del-grup-pyrenees-andorra\/","name":"Caf\u00e9 Saula amplia territori i ja es pot comprar als establiments del Grup Pyr\u00e9n\u00e9es Andorra - Gremi del Caf\u00e8, torradors de Catalunya","isPartOf":{"@id":"https:\/\/gremicafe.cat\/#website"},"primaryImageOfPage":{"@id":"https:\/\/gremicafe.cat\/2020\/09\/18\/cafe-saula-amplia-territori-i-ja-es-pot-comprar-als-establiments-del-grup-pyrenees-andorra\/#primaryimage"},"image":{"@id":"https:\/\/gremicafe.cat\/2020\/09\/18\/cafe-saula-amplia-territori-i-ja-es-pot-comprar-als-establiments-del-grup-pyrenees-andorra\/#primaryimage"},"thumbnailUrl":"https:\/\/gremicafe.cat\/wp-content\/uploads\/2020\/09\/pyrenees-andorra-cafe-saula.png","datePublished":"2020-09-18T07:47:31+00:00","dateModified":"2020-09-21T07:48:36+00:00","breadcrumb":{"@id":"https:\/\/gremicafe.cat\/2020\/09\/18\/cafe-saula-amplia-territori-i-ja-es-pot-comprar-als-establiments-del-grup-pyrenees-andorra\/#breadcrumb"},"inLanguage":"es","potentialAction":[{"@type":"ReadAction","target":["https:\/\/gremicafe.cat\/2020\/09\/18\/cafe-saula-amplia-territori-i-ja-es-pot-comprar-als-establiments-del-grup-pyrenees-andorra\/"]}]},{"@type":"ImageObject","inLanguage":"es","@id":"https:\/\/gremicafe.cat\/2020\/09\/18\/cafe-saula-amplia-territori-i-ja-es-pot-comprar-als-establiments-del-grup-pyrenees-andorra\/#primaryimage","url":"https:\/\/gremicafe.cat\/wp-content\/uploads\/2020\/09\/pyrenees-andorra-cafe-saula.png","contentUrl":"https:\/\/gremicafe.cat\/wp-content\/uploads\/2020\/09\/pyrenees-andorra-cafe-saula.png","width":711,"height":505},{"@type":"BreadcrumbList","@id":"https:\/\/gremicafe.cat\/2020\/09\/18\/cafe-saula-amplia-territori-i-ja-es-pot-comprar-als-establiments-del-grup-pyrenees-andorra\/#breadcrumb","itemListElement":[{"@type":"ListItem","position":1,"name":"Inici","item":"https:\/\/gremicafe.cat\/"},{"@type":"ListItem","position":2,"name":"Caf\u00e9 Saula amplia territori i ja es pot comprar als establiments del Grup Pyr\u00e9n\u00e9es Andorra"}]},{"@type":"WebSite","@id":"https:\/\/gremicafe.cat\/#website","url":"https:\/\/gremicafe.cat\/","name":"Gremio del Caf\u00e9, tostadores de Catalu\u00f1a","description":"Web oficial del gremio de tostadores de caf\u00e9 de Catalunya","publisher":{"@id":"https:\/\/gremicafe.cat\/#organization"},"potentialAction":[{"@type":"SearchAction","target":{"@type":"EntryPoint","urlTemplate":"https:\/\/gremicafe.cat\/?s={search_term_string}"},"query-input":{"@type":"PropertyValueSpecification","valueRequired":true,"valueName":"search_term_string"}}],"inLanguage":"es"},{"@type":"Organization","@id":"https:\/\/gremicafe.cat\/#organization","name":"Gremio del Caf\u00e9, Tostadores de Catalu\u00f1a","url":"https:\/\/gremicafe.cat\/","logo":{"@type":"ImageObject","inLanguage":"es","@id":"https:\/\/gremicafe.cat\/#\/schema\/logo\/image\/","url":"https:\/\/gremicafe.cat\/wp-content\/uploads\/2018\/03\/gremicafe-logo250.png","contentUrl":"https:\/\/gremicafe.cat\/wp-content\/uploads\/2018\/03\/gremicafe-logo250.png","width":250,"height":49,"caption":"Gremi del Caf\u00e8, Torradors de Catalunya"},"image":{"@id":"https:\/\/gremicafe.cat\/#\/schema\/logo\/image\/"},"sameAs":["https:\/\/www.facebook.com\/gremicafecat","https:\/\/x.com\/gremicafecat","https:\/\/www.instagram.com\/gremicafecat\/","https:\/\/www.pinterest.es\/gremicafecat\/","https:\/\/www.youtube.com\/channel\/UCGLo5Y35vLwLvP4FrPZrCrw\/"]},{"@type":"Person","@id":"https:\/\/gremicafe.cat\/#\/schema\/person\/dabfdbb3d0fa36260855a380f94e4733","name":"gremicafe","image":{"@type":"ImageObject","inLanguage":"es","@id":"https:\/\/gremicafe.cat\/#\/schema\/person\/image\/","url":"https:\/\/secure.gravatar.com\/avatar\/e59baa4ca8f6f97576d6375fb6d3c8f0?s=96&d=mm&r=g","contentUrl":"https:\/\/secure.gravatar.com\/avatar\/e59baa4ca8f6f97576d6375fb6d3c8f0?s=96&d=mm&r=g","caption":"gremicafe"}}]}},"_links":{"self":[{"href":"https:\/\/gremicafe.cat\/es\/wp-json\/wp\/v2\/posts\/5489"}],"collection":[{"href":"https:\/\/gremicafe.cat\/es\/wp-json\/wp\/v2\/posts"}],"about":[{"href":"https:\/\/gremicafe.cat\/es\/wp-json\/wp\/v2\/types\/post"}],"author":[{"embeddable":true,"href":"https:\/\/gremicafe.cat\/es\/wp-json\/wp\/v2\/users\/1"}],"replies":[{"embeddable":true,"href":"https:\/\/gremicafe.cat\/es\/wp-json\/wp\/v2\/comments?post=5489"}],"version-history":[{"count":0,"href":"https:\/\/gremicafe.cat\/es\/wp-json\/wp\/v2\/posts\/5489\/revisions"}],"wp:featuredmedia":[{"embeddable":true,"href":"https:\/\/gremicafe.cat\/es\/wp-json\/wp\/v2\/media\/5490"}],"wp:attachment":[{"href":"https:\/\/gremicafe.cat\/es\/wp-json\/wp\/v2\/media?parent=5489"}],"wp:term":[{"taxonomy":"category","embeddable":true,"href":"https:\/\/gremicafe.cat\/es\/wp-json\/wp\/v2\/categories?post=5489"},{"taxonomy":"post_tag","embeddable":true,"href":"https:\/\/gremicafe.cat\/es\/wp-json\/wp\/v2\/tags?post=5489"}],"curies":[{"name":"wp","href":"https:\/\/api.w.org\/{rel}","templated":true}]}}