{"id":5492,"date":"2020-09-21T12:47:31","date_gmt":"2020-09-21T10:47:31","guid":{"rendered":"https:\/\/gremicafe.cat\/?p=5492"},"modified":"2020-09-21T12:51:09","modified_gmt":"2020-09-21T10:51:09","slug":"nous-estudis-demostren-els-beneficis-de-beure-cafe-i-la-reduccio-de-malalties-cardiovasculars","status":"publish","type":"post","link":"https:\/\/gremicafe.cat\/es\/2020\/09\/21\/nous-estudis-demostren-els-beneficis-de-beure-cafe-i-la-reduccio-de-malalties-cardiovasculars\/","title":{"rendered":"Nuevos estudios demuestran los beneficios de beber caf\u00e9 y la reducci\u00f3n de enfermedades cardiovasculares"},"content":{"rendered":"<p><img loading=\"lazy\" decoding=\"async\" class=\"aligncenter size-full wp-image-5494\" src=\"https:\/\/gremicafe.cat\/wp-content\/uploads\/2020\/09\/pexels-burst-373948-scaled.jpg\" alt=\"Consum cafe beneficis malaltia cardiovasculars\" width=\"2560\" height=\"1707\" srcset=\"https:\/\/gremicafe.cat\/wp-content\/uploads\/2020\/09\/pexels-burst-373948-scaled.jpg 2560w, https:\/\/gremicafe.cat\/wp-content\/uploads\/2020\/09\/pexels-burst-373948-768x512.jpg 768w, https:\/\/gremicafe.cat\/wp-content\/uploads\/2020\/09\/pexels-burst-373948-1536x1024.jpg 1536w, https:\/\/gremicafe.cat\/wp-content\/uploads\/2020\/09\/pexels-burst-373948-2048x1365.jpg 2048w, https:\/\/gremicafe.cat\/wp-content\/uploads\/2020\/09\/pexels-burst-373948-1080x720.jpg 1080w\" sizes=\"(max-width: 2560px) 100vw, 2560px\" \/><\/p>\n<p>&nbsp;<\/p>\n<p>Seg\u00fan explican en el <a href=\"https:\/\/www.comunicaffe.com\/drinking-coffee-associated-with-reduced-cardiovascular-disease-new-studies-show\/\">International Comunicaffe<\/a>, se realiz\u00f3 una <strong>metaan\u00e1lisis de 36 estudios de investigaci\u00f3n<\/strong> para determinar la <strong>relaci\u00f3n entre el consumo de caf\u00e9 a largo plazo y el riesgo cardiovascular<\/strong>.<\/p>\n<p>M\u00e1s de 1,2 millones de personas participaron en el conjunto de estos estudios, y la duraci\u00f3n media de seguimiento fue de 10 a\u00f1os. Este metan\u00e1lisis concluy\u00f3 que el hecho de beber 3,5 tazas de caf\u00e9 al d\u00eda (con cafe\u00edna o descafeinado) comporta <strong>disminuir el riesgo de padecer enfermedades cardiovasculares en un 15% menos<\/strong> que en comparaci\u00f3n con los participantes que no beb\u00edan caf\u00e9.<\/p>\n<p>Un estudio sueco sigui\u00f3 a una cohorte de 1369 participantes durante 8 a\u00f1os despu\u00e9s de ser hospitalizados por un primer ataque card\u00edaco. El estudio encontr\u00f3 que aquellos que beb\u00edan 2 o m\u00e1s tazas de caf\u00e9 con cafe\u00edna al d\u00eda ten\u00edan un 40% menos de probabilidades de morir de una enfermedad cardiovascular que aquellos que no beb\u00edan nada de caf\u00e9 o s\u00f3lo una taza al d\u00eda (Mukamal, et al., 2009).<\/p>\n<p>Es importante remarcar la cantidad que supone una taza de caf\u00e9. La medida de caf\u00e9 est\u00e1ndar pesa alrededor de 170 gramos de caf\u00e9. Pero algunas tazas pueden llegar a doblar esta cantidad.<\/p>\n<p>Tambi\u00e9n es importante tener en cuenta que el caf\u00e9 sin filtrar contiene cafestol y cafeol. Estos dos componentes est\u00e1n asociados a niveles elevados de colesterol y triglic\u00e9ridos, pero se eliminan cuando el caf\u00e9 se filtra con un filtro de papel.<\/p>\n<p>Aunque muchos estudios han demostrado una asociaci\u00f3n entre el consumo de caf\u00e9 y la reducci\u00f3n de las enfermedades cardiovasculares, esto <strong>no significa que el consumo de caf\u00e9 reduzca el riesgo de padecer esta enfermedad<\/strong>En otras palabras, en la investigaci\u00f3n, la asociaci\u00f3n no prueba causa y efecto. Adem\u00e1s, la sensibilidad individual en la cafe\u00edna puede variar considerablemente. <strong>las personas con antecedentes de enfermedades card\u00edacas y las que toman medicamentos por estas enfermedades siempre consulten con su m\u00e9dico<\/strong> antes de realizar cambios significativos con el consumo de cafe\u00edna.<\/p>\n<p>&nbsp;<\/p>\n<p>Fuente: <a href=\"https:\/\/www.comunicaffe.com\/drinking-coffee-associated-with-reduced-cardiovascular-disease-new-studies-show\/\">International Comunicaffe<\/a>.<\/p>","protected":false},"excerpt":{"rendered":"<p>&nbsp; Segons expliquen al International Comunicaffe, es va realitzar una metan\u00e0lisis de 36 estudis d&#8217;investigaci\u00f3 per determinar la relaci\u00f3 entre el consum de caf\u00e8 a llarg termini i el risc cardiovascular. M\u00e9s 1,2 milions de persones van participar en el conjunt d&#8217;aquests estudis, i la duraci\u00f3 mitjana de seguiment va ser de 10 anys. Aquesta [&hellip;]<\/p>\n","protected":false},"author":1,"featured_media":5494,"comment_status":"closed","ping_status":"open","sticky":false,"template":"","format":"standard","meta":{"_acf_changed":false,"inline_featured_image":false,"footnotes":""},"categories":[1],"tags":[],"class_list":["post-5492","post","type-post","status-publish","format-standard","has-post-thumbnail","hentry","category-noticies"],"acf":[],"yoast_head":"<!-- This site is optimized with the Yoast SEO plugin v25.5 - https:\/\/yoast.com\/wordpress\/plugins\/seo\/ -->\n<title>Nous estudis demostren els beneficis de beure caf\u00e8 i la reducci\u00f3 de malalties cardiovasculars - Gremi del Caf\u00e8, torradors de Catalunya<\/title>\n<meta name=\"robots\" content=\"index, follow, max-snippet:-1, max-image-preview:large, max-video-preview:-1\" \/>\n<link rel=\"canonical\" href=\"https:\/\/gremicafe.cat\/es\/2020\/09\/21\/nous-estudis-demostren-els-beneficis-de-beure-cafe-i-la-reduccio-de-malalties-cardiovasculars\/\" \/>\n<meta property=\"og:locale\" content=\"es_ES\" \/>\n<meta property=\"og:type\" content=\"article\" \/>\n<meta property=\"og:title\" content=\"Nous estudis demostren els beneficis de beure caf\u00e8 i la reducci\u00f3 de malalties cardiovasculars - Gremi del Caf\u00e8, torradors de Catalunya\" \/>\n<meta property=\"og:description\" content=\"&nbsp; Segons expliquen al International Comunicaffe, es va realitzar una metan\u00e0lisis de 36 estudis d&#8217;investigaci\u00f3 per determinar la relaci\u00f3 entre el consum de caf\u00e8 a llarg termini i el risc cardiovascular. M\u00e9s 1,2 milions de persones van participar en el conjunt d&#8217;aquests estudis, i la duraci\u00f3 mitjana de seguiment va ser de 10 anys. Aquesta [&hellip;]\" \/>\n<meta property=\"og:url\" content=\"https:\/\/gremicafe.cat\/es\/2020\/09\/21\/nous-estudis-demostren-els-beneficis-de-beure-cafe-i-la-reduccio-de-malalties-cardiovasculars\/\" \/>\n<meta property=\"og:site_name\" content=\"Gremi del Caf\u00e8, torradors de Catalunya\" \/>\n<meta property=\"article:publisher\" content=\"https:\/\/www.facebook.com\/gremicafecat\" \/>\n<meta property=\"article:published_time\" content=\"2020-09-21T10:47:31+00:00\" \/>\n<meta property=\"article:modified_time\" content=\"2020-09-21T10:51:09+00:00\" \/>\n<meta property=\"og:image\" content=\"https:\/\/gremicafe.cat\/wp-content\/uploads\/2020\/09\/pexels-burst-373948-scaled.jpg\" \/>\n\t<meta property=\"og:image:width\" content=\"2560\" \/>\n\t<meta property=\"og:image:height\" content=\"1707\" \/>\n\t<meta property=\"og:image:type\" content=\"image\/jpeg\" \/>\n<meta name=\"author\" content=\"gremicafe\" \/>\n<meta name=\"twitter:card\" content=\"summary_large_image\" \/>\n<meta name=\"twitter:creator\" content=\"@gremicafecat\" \/>\n<meta name=\"twitter:site\" content=\"@gremicafecat\" \/>\n<meta name=\"twitter:label1\" content=\"Escrito por\" \/>\n\t<meta name=\"twitter:data1\" content=\"gremicafe\" \/>\n\t<meta name=\"twitter:label2\" content=\"Tiempo de lectura\" \/>\n\t<meta name=\"twitter:data2\" content=\"2 minutos\" \/>\n<script type=\"application\/ld+json\" class=\"yoast-schema-graph\">{\"@context\":\"https:\/\/schema.org\",\"@graph\":[{\"@type\":\"Article\",\"@id\":\"https:\/\/gremicafe.cat\/2020\/09\/21\/nous-estudis-demostren-els-beneficis-de-beure-cafe-i-la-reduccio-de-malalties-cardiovasculars\/#article\",\"isPartOf\":{\"@id\":\"https:\/\/gremicafe.cat\/2020\/09\/21\/nous-estudis-demostren-els-beneficis-de-beure-cafe-i-la-reduccio-de-malalties-cardiovasculars\/\"},\"author\":{\"name\":\"gremicafe\",\"@id\":\"https:\/\/gremicafe.cat\/#\/schema\/person\/dabfdbb3d0fa36260855a380f94e4733\"},\"headline\":\"Nous estudis demostren els beneficis de beure caf\u00e8 i la reducci\u00f3 de malalties cardiovasculars\",\"datePublished\":\"2020-09-21T10:47:31+00:00\",\"dateModified\":\"2020-09-21T10:51:09+00:00\",\"mainEntityOfPage\":{\"@id\":\"https:\/\/gremicafe.cat\/2020\/09\/21\/nous-estudis-demostren-els-beneficis-de-beure-cafe-i-la-reduccio-de-malalties-cardiovasculars\/\"},\"wordCount\":354,\"publisher\":{\"@id\":\"https:\/\/gremicafe.cat\/#organization\"},\"image\":{\"@id\":\"https:\/\/gremicafe.cat\/2020\/09\/21\/nous-estudis-demostren-els-beneficis-de-beure-cafe-i-la-reduccio-de-malalties-cardiovasculars\/#primaryimage\"},\"thumbnailUrl\":\"https:\/\/gremicafe.cat\/wp-content\/uploads\/2020\/09\/pexels-burst-373948-scaled.jpg\",\"articleSection\":[\"Not\u00edcies\"],\"inLanguage\":\"es\"},{\"@type\":\"WebPage\",\"@id\":\"https:\/\/gremicafe.cat\/2020\/09\/21\/nous-estudis-demostren-els-beneficis-de-beure-cafe-i-la-reduccio-de-malalties-cardiovasculars\/\",\"url\":\"https:\/\/gremicafe.cat\/2020\/09\/21\/nous-estudis-demostren-els-beneficis-de-beure-cafe-i-la-reduccio-de-malalties-cardiovasculars\/\",\"name\":\"Nous estudis demostren els beneficis de beure caf\u00e8 i la reducci\u00f3 de malalties cardiovasculars - Gremi del Caf\u00e8, torradors de Catalunya\",\"isPartOf\":{\"@id\":\"https:\/\/gremicafe.cat\/#website\"},\"primaryImageOfPage\":{\"@id\":\"https:\/\/gremicafe.cat\/2020\/09\/21\/nous-estudis-demostren-els-beneficis-de-beure-cafe-i-la-reduccio-de-malalties-cardiovasculars\/#primaryimage\"},\"image\":{\"@id\":\"https:\/\/gremicafe.cat\/2020\/09\/21\/nous-estudis-demostren-els-beneficis-de-beure-cafe-i-la-reduccio-de-malalties-cardiovasculars\/#primaryimage\"},\"thumbnailUrl\":\"https:\/\/gremicafe.cat\/wp-content\/uploads\/2020\/09\/pexels-burst-373948-scaled.jpg\",\"datePublished\":\"2020-09-21T10:47:31+00:00\",\"dateModified\":\"2020-09-21T10:51:09+00:00\",\"breadcrumb\":{\"@id\":\"https:\/\/gremicafe.cat\/2020\/09\/21\/nous-estudis-demostren-els-beneficis-de-beure-cafe-i-la-reduccio-de-malalties-cardiovasculars\/#breadcrumb\"},\"inLanguage\":\"es\",\"potentialAction\":[{\"@type\":\"ReadAction\",\"target\":[\"https:\/\/gremicafe.cat\/2020\/09\/21\/nous-estudis-demostren-els-beneficis-de-beure-cafe-i-la-reduccio-de-malalties-cardiovasculars\/\"]}]},{\"@type\":\"ImageObject\",\"inLanguage\":\"es\",\"@id\":\"https:\/\/gremicafe.cat\/2020\/09\/21\/nous-estudis-demostren-els-beneficis-de-beure-cafe-i-la-reduccio-de-malalties-cardiovasculars\/#primaryimage\",\"url\":\"https:\/\/gremicafe.cat\/wp-content\/uploads\/2020\/09\/pexels-burst-373948-scaled.jpg\",\"contentUrl\":\"https:\/\/gremicafe.cat\/wp-content\/uploads\/2020\/09\/pexels-burst-373948-scaled.jpg\",\"width\":2560,\"height\":1707,\"caption\":\"Consum cafe beneficis malaltia cardiovasculars\"},{\"@type\":\"BreadcrumbList\",\"@id\":\"https:\/\/gremicafe.cat\/2020\/09\/21\/nous-estudis-demostren-els-beneficis-de-beure-cafe-i-la-reduccio-de-malalties-cardiovasculars\/#breadcrumb\",\"itemListElement\":[{\"@type\":\"ListItem\",\"position\":1,\"name\":\"Inici\",\"item\":\"https:\/\/gremicafe.cat\/\"},{\"@type\":\"ListItem\",\"position\":2,\"name\":\"Nous estudis demostren els beneficis de beure caf\u00e8 i la reducci\u00f3 de malalties cardiovasculars\"}]},{\"@type\":\"WebSite\",\"@id\":\"https:\/\/gremicafe.cat\/#website\",\"url\":\"https:\/\/gremicafe.cat\/\",\"name\":\"Gremi del Caf\u00e8, torradors de Catalunya\",\"description\":\"Web oficial del gremi de torradors de caf\u00e8 de Catalunya\",\"publisher\":{\"@id\":\"https:\/\/gremicafe.cat\/#organization\"},\"potentialAction\":[{\"@type\":\"SearchAction\",\"target\":{\"@type\":\"EntryPoint\",\"urlTemplate\":\"https:\/\/gremicafe.cat\/?s={search_term_string}\"},\"query-input\":{\"@type\":\"PropertyValueSpecification\",\"valueRequired\":true,\"valueName\":\"search_term_string\"}}],\"inLanguage\":\"es\"},{\"@type\":\"Organization\",\"@id\":\"https:\/\/gremicafe.cat\/#organization\",\"name\":\"Gremi del Caf\u00e8, Torradors de Catalunya\",\"url\":\"https:\/\/gremicafe.cat\/\",\"logo\":{\"@type\":\"ImageObject\",\"inLanguage\":\"es\",\"@id\":\"https:\/\/gremicafe.cat\/#\/schema\/logo\/image\/\",\"url\":\"https:\/\/gremicafe.cat\/wp-content\/uploads\/2018\/03\/gremicafe-logo250.png\",\"contentUrl\":\"https:\/\/gremicafe.cat\/wp-content\/uploads\/2018\/03\/gremicafe-logo250.png\",\"width\":250,\"height\":49,\"caption\":\"Gremi del Caf\u00e8, Torradors de Catalunya\"},\"image\":{\"@id\":\"https:\/\/gremicafe.cat\/#\/schema\/logo\/image\/\"},\"sameAs\":[\"https:\/\/www.facebook.com\/gremicafecat\",\"https:\/\/x.com\/gremicafecat\",\"https:\/\/www.instagram.com\/gremicafecat\/\",\"https:\/\/www.pinterest.es\/gremicafecat\/\",\"https:\/\/www.youtube.com\/channel\/UCGLo5Y35vLwLvP4FrPZrCrw\/\"]},{\"@type\":\"Person\",\"@id\":\"https:\/\/gremicafe.cat\/#\/schema\/person\/dabfdbb3d0fa36260855a380f94e4733\",\"name\":\"gremicafe\",\"image\":{\"@type\":\"ImageObject\",\"inLanguage\":\"es\",\"@id\":\"https:\/\/gremicafe.cat\/#\/schema\/person\/image\/\",\"url\":\"https:\/\/secure.gravatar.com\/avatar\/e59baa4ca8f6f97576d6375fb6d3c8f0?s=96&d=mm&r=g\",\"contentUrl\":\"https:\/\/secure.gravatar.com\/avatar\/e59baa4ca8f6f97576d6375fb6d3c8f0?s=96&d=mm&r=g\",\"caption\":\"gremicafe\"}}]}<\/script>\n<!-- \/ Yoast SEO plugin. -->","yoast_head_json":{"title":"Nous estudis demostren els beneficis de beure caf\u00e8 i la reducci\u00f3 de malalties cardiovasculars - Gremi del Caf\u00e8, torradors de Catalunya","robots":{"index":"index","follow":"follow","max-snippet":"max-snippet:-1","max-image-preview":"max-image-preview:large","max-video-preview":"max-video-preview:-1"},"canonical":"https:\/\/gremicafe.cat\/es\/2020\/09\/21\/nous-estudis-demostren-els-beneficis-de-beure-cafe-i-la-reduccio-de-malalties-cardiovasculars\/","og_locale":"es_ES","og_type":"article","og_title":"Nous estudis demostren els beneficis de beure caf\u00e8 i la reducci\u00f3 de malalties cardiovasculars - Gremi del Caf\u00e8, torradors de Catalunya","og_description":"&nbsp; Segons expliquen al International Comunicaffe, es va realitzar una metan\u00e0lisis de 36 estudis d&#8217;investigaci\u00f3 per determinar la relaci\u00f3 entre el consum de caf\u00e8 a llarg termini i el risc cardiovascular. M\u00e9s 1,2 milions de persones van participar en el conjunt d&#8217;aquests estudis, i la duraci\u00f3 mitjana de seguiment va ser de 10 anys. Aquesta [&hellip;]","og_url":"https:\/\/gremicafe.cat\/es\/2020\/09\/21\/nous-estudis-demostren-els-beneficis-de-beure-cafe-i-la-reduccio-de-malalties-cardiovasculars\/","og_site_name":"Gremi del Caf\u00e8, torradors de Catalunya","article_publisher":"https:\/\/www.facebook.com\/gremicafecat","article_published_time":"2020-09-21T10:47:31+00:00","article_modified_time":"2020-09-21T10:51:09+00:00","og_image":[{"width":2560,"height":1707,"url":"https:\/\/gremicafe.cat\/wp-content\/uploads\/2020\/09\/pexels-burst-373948-scaled.jpg","type":"image\/jpeg"}],"author":"gremicafe","twitter_card":"summary_large_image","twitter_creator":"@gremicafecat","twitter_site":"@gremicafecat","twitter_misc":{"Escrito por":"gremicafe","Tiempo de lectura":"2 minutos"},"schema":{"@context":"https:\/\/schema.org","@graph":[{"@type":"Article","@id":"https:\/\/gremicafe.cat\/2020\/09\/21\/nous-estudis-demostren-els-beneficis-de-beure-cafe-i-la-reduccio-de-malalties-cardiovasculars\/#article","isPartOf":{"@id":"https:\/\/gremicafe.cat\/2020\/09\/21\/nous-estudis-demostren-els-beneficis-de-beure-cafe-i-la-reduccio-de-malalties-cardiovasculars\/"},"author":{"name":"gremicafe","@id":"https:\/\/gremicafe.cat\/#\/schema\/person\/dabfdbb3d0fa36260855a380f94e4733"},"headline":"Nous estudis demostren els beneficis de beure caf\u00e8 i la reducci\u00f3 de malalties cardiovasculars","datePublished":"2020-09-21T10:47:31+00:00","dateModified":"2020-09-21T10:51:09+00:00","mainEntityOfPage":{"@id":"https:\/\/gremicafe.cat\/2020\/09\/21\/nous-estudis-demostren-els-beneficis-de-beure-cafe-i-la-reduccio-de-malalties-cardiovasculars\/"},"wordCount":354,"publisher":{"@id":"https:\/\/gremicafe.cat\/#organization"},"image":{"@id":"https:\/\/gremicafe.cat\/2020\/09\/21\/nous-estudis-demostren-els-beneficis-de-beure-cafe-i-la-reduccio-de-malalties-cardiovasculars\/#primaryimage"},"thumbnailUrl":"https:\/\/gremicafe.cat\/wp-content\/uploads\/2020\/09\/pexels-burst-373948-scaled.jpg","articleSection":["Not\u00edcies"],"inLanguage":"es"},{"@type":"WebPage","@id":"https:\/\/gremicafe.cat\/2020\/09\/21\/nous-estudis-demostren-els-beneficis-de-beure-cafe-i-la-reduccio-de-malalties-cardiovasculars\/","url":"https:\/\/gremicafe.cat\/2020\/09\/21\/nous-estudis-demostren-els-beneficis-de-beure-cafe-i-la-reduccio-de-malalties-cardiovasculars\/","name":"Nous estudis demostren els beneficis de beure caf\u00e8 i la reducci\u00f3 de malalties cardiovasculars - Gremi del Caf\u00e8, torradors de Catalunya","isPartOf":{"@id":"https:\/\/gremicafe.cat\/#website"},"primaryImageOfPage":{"@id":"https:\/\/gremicafe.cat\/2020\/09\/21\/nous-estudis-demostren-els-beneficis-de-beure-cafe-i-la-reduccio-de-malalties-cardiovasculars\/#primaryimage"},"image":{"@id":"https:\/\/gremicafe.cat\/2020\/09\/21\/nous-estudis-demostren-els-beneficis-de-beure-cafe-i-la-reduccio-de-malalties-cardiovasculars\/#primaryimage"},"thumbnailUrl":"https:\/\/gremicafe.cat\/wp-content\/uploads\/2020\/09\/pexels-burst-373948-scaled.jpg","datePublished":"2020-09-21T10:47:31+00:00","dateModified":"2020-09-21T10:51:09+00:00","breadcrumb":{"@id":"https:\/\/gremicafe.cat\/2020\/09\/21\/nous-estudis-demostren-els-beneficis-de-beure-cafe-i-la-reduccio-de-malalties-cardiovasculars\/#breadcrumb"},"inLanguage":"es","potentialAction":[{"@type":"ReadAction","target":["https:\/\/gremicafe.cat\/2020\/09\/21\/nous-estudis-demostren-els-beneficis-de-beure-cafe-i-la-reduccio-de-malalties-cardiovasculars\/"]}]},{"@type":"ImageObject","inLanguage":"es","@id":"https:\/\/gremicafe.cat\/2020\/09\/21\/nous-estudis-demostren-els-beneficis-de-beure-cafe-i-la-reduccio-de-malalties-cardiovasculars\/#primaryimage","url":"https:\/\/gremicafe.cat\/wp-content\/uploads\/2020\/09\/pexels-burst-373948-scaled.jpg","contentUrl":"https:\/\/gremicafe.cat\/wp-content\/uploads\/2020\/09\/pexels-burst-373948-scaled.jpg","width":2560,"height":1707,"caption":"Consum cafe beneficis malaltia cardiovasculars"},{"@type":"BreadcrumbList","@id":"https:\/\/gremicafe.cat\/2020\/09\/21\/nous-estudis-demostren-els-beneficis-de-beure-cafe-i-la-reduccio-de-malalties-cardiovasculars\/#breadcrumb","itemListElement":[{"@type":"ListItem","position":1,"name":"Inici","item":"https:\/\/gremicafe.cat\/"},{"@type":"ListItem","position":2,"name":"Nous estudis demostren els beneficis de beure caf\u00e8 i la reducci\u00f3 de malalties cardiovasculars"}]},{"@type":"WebSite","@id":"https:\/\/gremicafe.cat\/#website","url":"https:\/\/gremicafe.cat\/","name":"Gremio del Caf\u00e9, tostadores de Catalu\u00f1a","description":"Web oficial del gremio de tostadores de caf\u00e9 de Catalunya","publisher":{"@id":"https:\/\/gremicafe.cat\/#organization"},"potentialAction":[{"@type":"SearchAction","target":{"@type":"EntryPoint","urlTemplate":"https:\/\/gremicafe.cat\/?s={search_term_string}"},"query-input":{"@type":"PropertyValueSpecification","valueRequired":true,"valueName":"search_term_string"}}],"inLanguage":"es"},{"@type":"Organization","@id":"https:\/\/gremicafe.cat\/#organization","name":"Gremio del Caf\u00e9, Tostadores de Catalu\u00f1a","url":"https:\/\/gremicafe.cat\/","logo":{"@type":"ImageObject","inLanguage":"es","@id":"https:\/\/gremicafe.cat\/#\/schema\/logo\/image\/","url":"https:\/\/gremicafe.cat\/wp-content\/uploads\/2018\/03\/gremicafe-logo250.png","contentUrl":"https:\/\/gremicafe.cat\/wp-content\/uploads\/2018\/03\/gremicafe-logo250.png","width":250,"height":49,"caption":"Gremi del Caf\u00e8, Torradors de Catalunya"},"image":{"@id":"https:\/\/gremicafe.cat\/#\/schema\/logo\/image\/"},"sameAs":["https:\/\/www.facebook.com\/gremicafecat","https:\/\/x.com\/gremicafecat","https:\/\/www.instagram.com\/gremicafecat\/","https:\/\/www.pinterest.es\/gremicafecat\/","https:\/\/www.youtube.com\/channel\/UCGLo5Y35vLwLvP4FrPZrCrw\/"]},{"@type":"Person","@id":"https:\/\/gremicafe.cat\/#\/schema\/person\/dabfdbb3d0fa36260855a380f94e4733","name":"gremicafe","image":{"@type":"ImageObject","inLanguage":"es","@id":"https:\/\/gremicafe.cat\/#\/schema\/person\/image\/","url":"https:\/\/secure.gravatar.com\/avatar\/e59baa4ca8f6f97576d6375fb6d3c8f0?s=96&d=mm&r=g","contentUrl":"https:\/\/secure.gravatar.com\/avatar\/e59baa4ca8f6f97576d6375fb6d3c8f0?s=96&d=mm&r=g","caption":"gremicafe"}}]}},"_links":{"self":[{"href":"https:\/\/gremicafe.cat\/es\/wp-json\/wp\/v2\/posts\/5492"}],"collection":[{"href":"https:\/\/gremicafe.cat\/es\/wp-json\/wp\/v2\/posts"}],"about":[{"href":"https:\/\/gremicafe.cat\/es\/wp-json\/wp\/v2\/types\/post"}],"author":[{"embeddable":true,"href":"https:\/\/gremicafe.cat\/es\/wp-json\/wp\/v2\/users\/1"}],"replies":[{"embeddable":true,"href":"https:\/\/gremicafe.cat\/es\/wp-json\/wp\/v2\/comments?post=5492"}],"version-history":[{"count":0,"href":"https:\/\/gremicafe.cat\/es\/wp-json\/wp\/v2\/posts\/5492\/revisions"}],"wp:featuredmedia":[{"embeddable":true,"href":"https:\/\/gremicafe.cat\/es\/wp-json\/wp\/v2\/media\/5494"}],"wp:attachment":[{"href":"https:\/\/gremicafe.cat\/es\/wp-json\/wp\/v2\/media?parent=5492"}],"wp:term":[{"taxonomy":"category","embeddable":true,"href":"https:\/\/gremicafe.cat\/es\/wp-json\/wp\/v2\/categories?post=5492"},{"taxonomy":"post_tag","embeddable":true,"href":"https:\/\/gremicafe.cat\/es\/wp-json\/wp\/v2\/tags?post=5492"}],"curies":[{"name":"wp","href":"https:\/\/api.w.org\/{rel}","templated":true}]}}