{"id":5502,"date":"2020-09-28T17:30:54","date_gmt":"2020-09-28T15:30:54","guid":{"rendered":"https:\/\/gremicafe.cat\/?p=5502"},"modified":"2020-10-01T15:36:14","modified_gmt":"2020-10-01T13:36:14","slug":"nous-estudis-dels-beneficis-del-cafe-i-el-cancer","status":"publish","type":"post","link":"https:\/\/gremicafe.cat\/es\/2020\/09\/28\/nous-estudis-dels-beneficis-del-cafe-i-el-cancer\/","title":{"rendered":"Nuevo estudio del caf\u00e9 y el c\u00e1ncer colorrectal metast\u00e1tico"},"content":{"rendered":"<p><img loading=\"lazy\" decoding=\"async\" class=\"aligncenter size-full wp-image-5506\" src=\"https:\/\/gremicafe.cat\/wp-content\/uploads\/2020\/09\/pexels-spencer-selover-428403-scaled-e1601543256566.jpg\" alt=\"\" width=\"1000\" height=\"668\" \/><\/p>\n<p>&nbsp;<\/p>\n<p>Se ha demostrado a trav\u00e9s de muchos estudios los beneficios de beber caf\u00e9 y beneficios por la salud de las personas, as\u00ed como reducir el riesgo de ciertos tumores. Sin embargo, con este nuevo estudio, se constata que los pacientes con c\u00e1ncer de colon no metast\u00e1tico que consumen caf\u00e9 regularmente tienen una mayor supervivencia. Te resumimos algunos de los puntos que detalla <a href=\"https:\/\/www.alimente.elconfidencial.com\/bienestar\/2020-09-23\/cafe-consumo-reduce-riesgo-avance-cancer-colon_2756388\/\" target=\"_blank\" rel=\"noopener noreferrer\">El confidencial<\/a>.<\/p>\n<p>&nbsp;<\/p>\n<h2>Beneficios con el c\u00e1ncer de colon<\/h2>\n<p>Este nuevo estudio, llevado a cabo por investigadores del<strong>Instituto del C\u00e1ncer Dana-Farber (EEUU)<\/strong>, han constatado que en un gran grupo de pacientes con c\u00e1ncer colorrectal metast\u00e1tico que el consumo de unas tazas de caf\u00e9 al d\u00eda se asoci\u00f3 a una supervivencia y un menor riesgo de que la enfermedad avance.<\/p>\n<p>Este estudio, van en l\u00ednea de otros estudios realizados con la relaci\u00f3n del consumo de caf\u00e9 y una de las enfermedades que afecta a gran parte de la poblaci\u00f3n actualmente como es el c\u00e1ncer.<\/p>\n<p>Los investigadores encontraron que en 1.171 pacientes tratados por c\u00e1ncer colorrectal metast\u00e1tico, quienes informaron de haber bebido de dos a tres tazas de caf\u00e9 al d\u00eda ten\u00edan m\u00e1s probabilidades de vivir m\u00e1s tiempo en general y m\u00e1s tiempo antes de que su enfermedad empeorara de los que no beb\u00edan. E incluso, los pacientes que confirmaron que beb\u00edan m\u00e1s de cuatro tazas al d\u00eda, ten\u00edan un beneficio a\u00fan mayor. Los beneficios eran en relaci\u00f3n con el consumo de caf\u00e9 con cafe\u00edna o descafeinado.<\/p>\n<p>Las conclusiones permitieron a los investigadores establecer una asociaci\u00f3n, pero no una relaci\u00f3n de causa-efecto entre el consumo de caf\u00e9 y la reducci\u00f3n del riesgo de progreso del mismo y muerte entre los participantes del estudio.<\/p>\n<p>Como resultado, el estudio no es suficientemente concluyente para recomendar en este aspecto que los pacientes que sufran esta enfermedad tomen caf\u00e9 cada d\u00eda o aumenten su consumo habitual para intentar reducir el progreso del c\u00e1ncer.<\/p>\n<p>Chen Yuan, del Instituto Dana-Farber, coautor del estudio con Christopher Mackintosh, de la Escuela de Medicina de Mayo Clinic, afirma que \u201cse sabe que varios compuestos del caf\u00e9 tienen propiedades antioxidantes, antiinflamatorias y otros que pueden ser activas contra el c\u00e1ncer\u201d. Y a\u00f1ade, \u201clos estudios epidemiol\u00f3gicos han encontrado que una mayor ingesta de caf\u00e9 se asoci\u00f3 con una mejor supervivencia en pacientes con c\u00e1ncer de colon en etapa 3, pero no se conoce la relaci\u00f3n entre su consumo de caf\u00e9 y la supervivencia en pacientes con formas metast\u00e1ticos de la enfermedad\u201d.<\/p>\n<h2><\/h2>\n<h2>El caf\u00e9 y los beneficios antioxidantes<\/h2>\n<p>El principal factor que ayuda a que el caf\u00e9 est\u00e9 siempre relacionado con estos estudios, es el beneficio antioxidante que contiene el caf\u00e9. Como dice el doctor Carrera, \u201cse encuentran la gran cantidad de sustancias con efecto antioxidante y protector de las membranas y n\u00facleo de las c\u00e9lulas del caf\u00e9. Algunas ya las contiene el grano de caf\u00e9 crudo y otras surgen mediante reacciones qu\u00edmicas que se dan en el proceso de tostado. Los antioxidantes eliminan los radicales libres en el cuerpo, que son las mol\u00e9culas agresoras del ADN de la c\u00e9lula y que pueden producir mutaciones en oncogenes presentes en el material gen\u00e9tico y dar lugar a la aparici\u00f3n de c\u00e1ncer. Entre los antioxidantes del caf\u00e9 se encuentran muchos <em>polifenoles<\/em>. El m\u00e1s presente es el \u00e1cido clorog\u00e9nico, pero tambi\u00e9n est\u00e1n presentes el \u00e1cido <em>cafeico, cer\u00falico, cum\u00e1rico, m\u00e1lico y qu\u00ednico<\/em>, todos con actividad antioxidante\u201d.<\/p>\n<p>Otras sustancias con efecto antioxidante \u201cque surgen de la metabolizaci\u00f3n de prote\u00ednas y az\u00facares del caf\u00e9 con el tostado son las melanoidinas. Y dos compuestos del tipo <em>diterpenos<\/em>, con composici\u00f3n qu\u00edmica similar al colesterol son el <em>kahweol y cafestol<\/em>, con efecto protector de la c\u00e9lula. Otro mecanismo de protecci\u00f3n y coadyuvante del tratamiento es que estos antioxidantes pueden equilibrar y fortalecer la microbiota del colon, lo que estimula el sistema inmune local activ\u00e1ndolo, lo que es una gran herramienta de lucha contra la c\u00e9lula tumoral\u201d .<\/p>\n<h2 class=\"bodyTitle\">Alimentos para seguir una buena dieta<\/h2>\n<p>La alimentaci\u00f3n es uno de los puntos importantes a tener en cuenta siempre. Estos son algunos de los alimentos recomendados para los pacientes con c\u00e1ncer colorrectal; rica en verduras, sobre todo verdes y rojas, frescas y que se consuman en crudo, o al vapor.<\/p>\n<p>Entre otros, como fruta fresca, pescado azul, aceite de oliva virgen extra, frutos secos. Es importante tenerlo controlado con el m\u00e9dico especialista.<\/p>\n<p>&nbsp;<\/p>","protected":false},"excerpt":{"rendered":"<p>&nbsp; S&#8217;ha demostrat a trav\u00e9s de molts estudis els beneficis de beure caf\u00e8 i beneficis per la salut de les persones, aix\u00ed com reduir el risc de certs tumors. Ara per\u00f2, amb aquest nou estudi, es constata que els pacients amb c\u00e0ncer de c\u00f2lon no metast\u00e0tic que consumeixen caf\u00e8 regularment tenen una major superviv\u00e8ncia. Te&#8217;n [&hellip;]<\/p>\n","protected":false},"author":1,"featured_media":5506,"comment_status":"closed","ping_status":"open","sticky":false,"template":"","format":"standard","meta":{"_acf_changed":false,"inline_featured_image":false,"footnotes":""},"categories":[1],"tags":[],"class_list":["post-5502","post","type-post","status-publish","format-standard","has-post-thumbnail","hentry","category-noticies"],"acf":[],"yoast_head":"<!-- This site is optimized with the Yoast SEO plugin v25.5 - https:\/\/yoast.com\/wordpress\/plugins\/seo\/ -->\n<title>Nou estudi del caf\u00e8 i el c\u00e0ncer colorectal metast\u00e0tic - Gremi del Caf\u00e8, torradors de Catalunya<\/title>\n<meta name=\"robots\" content=\"index, follow, max-snippet:-1, max-image-preview:large, max-video-preview:-1\" \/>\n<link rel=\"canonical\" href=\"https:\/\/gremicafe.cat\/es\/2020\/09\/28\/nous-estudis-dels-beneficis-del-cafe-i-el-cancer\/\" \/>\n<meta property=\"og:locale\" content=\"es_ES\" \/>\n<meta property=\"og:type\" content=\"article\" \/>\n<meta property=\"og:title\" content=\"Nou estudi del caf\u00e8 i el c\u00e0ncer colorectal metast\u00e0tic - Gremi del Caf\u00e8, torradors de Catalunya\" \/>\n<meta property=\"og:description\" content=\"&nbsp; S&#8217;ha demostrat a trav\u00e9s de molts estudis els beneficis de beure caf\u00e8 i beneficis per la salut de les persones, aix\u00ed com reduir el risc de certs tumors. Ara per\u00f2, amb aquest nou estudi, es constata que els pacients amb c\u00e0ncer de c\u00f2lon no metast\u00e0tic que consumeixen caf\u00e8 regularment tenen una major superviv\u00e8ncia. Te&#8217;n [&hellip;]\" \/>\n<meta property=\"og:url\" content=\"https:\/\/gremicafe.cat\/es\/2020\/09\/28\/nous-estudis-dels-beneficis-del-cafe-i-el-cancer\/\" \/>\n<meta property=\"og:site_name\" content=\"Gremi del Caf\u00e8, torradors de Catalunya\" \/>\n<meta property=\"article:publisher\" content=\"https:\/\/www.facebook.com\/gremicafecat\" \/>\n<meta property=\"article:published_time\" content=\"2020-09-28T15:30:54+00:00\" \/>\n<meta property=\"article:modified_time\" content=\"2020-10-01T13:36:14+00:00\" \/>\n<meta property=\"og:image\" content=\"https:\/\/gremicafe.cat\/wp-content\/uploads\/2020\/09\/pexels-spencer-selover-428403-scaled-e1601543256566.jpg\" \/>\n\t<meta property=\"og:image:width\" content=\"1000\" \/>\n\t<meta property=\"og:image:height\" content=\"668\" \/>\n\t<meta property=\"og:image:type\" content=\"image\/jpeg\" \/>\n<meta name=\"author\" content=\"gremicafe\" \/>\n<meta name=\"twitter:card\" content=\"summary_large_image\" \/>\n<meta name=\"twitter:creator\" content=\"@gremicafecat\" \/>\n<meta name=\"twitter:site\" content=\"@gremicafecat\" \/>\n<meta name=\"twitter:label1\" content=\"Escrito por\" \/>\n\t<meta name=\"twitter:data1\" content=\"gremicafe\" \/>\n\t<meta name=\"twitter:label2\" content=\"Tiempo de lectura\" \/>\n\t<meta name=\"twitter:data2\" content=\"4 minutos\" \/>\n<script type=\"application\/ld+json\" class=\"yoast-schema-graph\">{\"@context\":\"https:\/\/schema.org\",\"@graph\":[{\"@type\":\"Article\",\"@id\":\"https:\/\/gremicafe.cat\/2020\/09\/28\/nous-estudis-dels-beneficis-del-cafe-i-el-cancer\/#article\",\"isPartOf\":{\"@id\":\"https:\/\/gremicafe.cat\/2020\/09\/28\/nous-estudis-dels-beneficis-del-cafe-i-el-cancer\/\"},\"author\":{\"name\":\"gremicafe\",\"@id\":\"https:\/\/gremicafe.cat\/#\/schema\/person\/dabfdbb3d0fa36260855a380f94e4733\"},\"headline\":\"Nou estudi del caf\u00e8 i el c\u00e0ncer colorectal metast\u00e0tic\",\"datePublished\":\"2020-09-28T15:30:54+00:00\",\"dateModified\":\"2020-10-01T13:36:14+00:00\",\"mainEntityOfPage\":{\"@id\":\"https:\/\/gremicafe.cat\/2020\/09\/28\/nous-estudis-dels-beneficis-del-cafe-i-el-cancer\/\"},\"wordCount\":801,\"publisher\":{\"@id\":\"https:\/\/gremicafe.cat\/#organization\"},\"image\":{\"@id\":\"https:\/\/gremicafe.cat\/2020\/09\/28\/nous-estudis-dels-beneficis-del-cafe-i-el-cancer\/#primaryimage\"},\"thumbnailUrl\":\"https:\/\/gremicafe.cat\/wp-content\/uploads\/2020\/09\/pexels-spencer-selover-428403-scaled-e1601543256566.jpg\",\"articleSection\":[\"Not\u00edcies\"],\"inLanguage\":\"es\"},{\"@type\":\"WebPage\",\"@id\":\"https:\/\/gremicafe.cat\/2020\/09\/28\/nous-estudis-dels-beneficis-del-cafe-i-el-cancer\/\",\"url\":\"https:\/\/gremicafe.cat\/2020\/09\/28\/nous-estudis-dels-beneficis-del-cafe-i-el-cancer\/\",\"name\":\"Nou estudi del caf\u00e8 i el c\u00e0ncer colorectal metast\u00e0tic - Gremi del Caf\u00e8, torradors de Catalunya\",\"isPartOf\":{\"@id\":\"https:\/\/gremicafe.cat\/#website\"},\"primaryImageOfPage\":{\"@id\":\"https:\/\/gremicafe.cat\/2020\/09\/28\/nous-estudis-dels-beneficis-del-cafe-i-el-cancer\/#primaryimage\"},\"image\":{\"@id\":\"https:\/\/gremicafe.cat\/2020\/09\/28\/nous-estudis-dels-beneficis-del-cafe-i-el-cancer\/#primaryimage\"},\"thumbnailUrl\":\"https:\/\/gremicafe.cat\/wp-content\/uploads\/2020\/09\/pexels-spencer-selover-428403-scaled-e1601543256566.jpg\",\"datePublished\":\"2020-09-28T15:30:54+00:00\",\"dateModified\":\"2020-10-01T13:36:14+00:00\",\"breadcrumb\":{\"@id\":\"https:\/\/gremicafe.cat\/2020\/09\/28\/nous-estudis-dels-beneficis-del-cafe-i-el-cancer\/#breadcrumb\"},\"inLanguage\":\"es\",\"potentialAction\":[{\"@type\":\"ReadAction\",\"target\":[\"https:\/\/gremicafe.cat\/2020\/09\/28\/nous-estudis-dels-beneficis-del-cafe-i-el-cancer\/\"]}]},{\"@type\":\"ImageObject\",\"inLanguage\":\"es\",\"@id\":\"https:\/\/gremicafe.cat\/2020\/09\/28\/nous-estudis-dels-beneficis-del-cafe-i-el-cancer\/#primaryimage\",\"url\":\"https:\/\/gremicafe.cat\/wp-content\/uploads\/2020\/09\/pexels-spencer-selover-428403-scaled-e1601543256566.jpg\",\"contentUrl\":\"https:\/\/gremicafe.cat\/wp-content\/uploads\/2020\/09\/pexels-spencer-selover-428403-scaled-e1601543256566.jpg\",\"width\":1000,\"height\":668},{\"@type\":\"BreadcrumbList\",\"@id\":\"https:\/\/gremicafe.cat\/2020\/09\/28\/nous-estudis-dels-beneficis-del-cafe-i-el-cancer\/#breadcrumb\",\"itemListElement\":[{\"@type\":\"ListItem\",\"position\":1,\"name\":\"Inici\",\"item\":\"https:\/\/gremicafe.cat\/\"},{\"@type\":\"ListItem\",\"position\":2,\"name\":\"Nou estudi del caf\u00e8 i el c\u00e0ncer colorectal metast\u00e0tic\"}]},{\"@type\":\"WebSite\",\"@id\":\"https:\/\/gremicafe.cat\/#website\",\"url\":\"https:\/\/gremicafe.cat\/\",\"name\":\"Gremi del Caf\u00e8, torradors de Catalunya\",\"description\":\"Web oficial del gremi de torradors de caf\u00e8 de Catalunya\",\"publisher\":{\"@id\":\"https:\/\/gremicafe.cat\/#organization\"},\"potentialAction\":[{\"@type\":\"SearchAction\",\"target\":{\"@type\":\"EntryPoint\",\"urlTemplate\":\"https:\/\/gremicafe.cat\/?s={search_term_string}\"},\"query-input\":{\"@type\":\"PropertyValueSpecification\",\"valueRequired\":true,\"valueName\":\"search_term_string\"}}],\"inLanguage\":\"es\"},{\"@type\":\"Organization\",\"@id\":\"https:\/\/gremicafe.cat\/#organization\",\"name\":\"Gremi del Caf\u00e8, Torradors de Catalunya\",\"url\":\"https:\/\/gremicafe.cat\/\",\"logo\":{\"@type\":\"ImageObject\",\"inLanguage\":\"es\",\"@id\":\"https:\/\/gremicafe.cat\/#\/schema\/logo\/image\/\",\"url\":\"https:\/\/gremicafe.cat\/wp-content\/uploads\/2018\/03\/gremicafe-logo250.png\",\"contentUrl\":\"https:\/\/gremicafe.cat\/wp-content\/uploads\/2018\/03\/gremicafe-logo250.png\",\"width\":250,\"height\":49,\"caption\":\"Gremi del Caf\u00e8, Torradors de Catalunya\"},\"image\":{\"@id\":\"https:\/\/gremicafe.cat\/#\/schema\/logo\/image\/\"},\"sameAs\":[\"https:\/\/www.facebook.com\/gremicafecat\",\"https:\/\/x.com\/gremicafecat\",\"https:\/\/www.instagram.com\/gremicafecat\/\",\"https:\/\/www.pinterest.es\/gremicafecat\/\",\"https:\/\/www.youtube.com\/channel\/UCGLo5Y35vLwLvP4FrPZrCrw\/\"]},{\"@type\":\"Person\",\"@id\":\"https:\/\/gremicafe.cat\/#\/schema\/person\/dabfdbb3d0fa36260855a380f94e4733\",\"name\":\"gremicafe\",\"image\":{\"@type\":\"ImageObject\",\"inLanguage\":\"es\",\"@id\":\"https:\/\/gremicafe.cat\/#\/schema\/person\/image\/\",\"url\":\"https:\/\/secure.gravatar.com\/avatar\/e59baa4ca8f6f97576d6375fb6d3c8f0?s=96&d=mm&r=g\",\"contentUrl\":\"https:\/\/secure.gravatar.com\/avatar\/e59baa4ca8f6f97576d6375fb6d3c8f0?s=96&d=mm&r=g\",\"caption\":\"gremicafe\"}}]}<\/script>\n<!-- \/ Yoast SEO plugin. -->","yoast_head_json":{"title":"Nou estudi del caf\u00e8 i el c\u00e0ncer colorectal metast\u00e0tic - Gremi del Caf\u00e8, torradors de Catalunya","robots":{"index":"index","follow":"follow","max-snippet":"max-snippet:-1","max-image-preview":"max-image-preview:large","max-video-preview":"max-video-preview:-1"},"canonical":"https:\/\/gremicafe.cat\/es\/2020\/09\/28\/nous-estudis-dels-beneficis-del-cafe-i-el-cancer\/","og_locale":"es_ES","og_type":"article","og_title":"Nou estudi del caf\u00e8 i el c\u00e0ncer colorectal metast\u00e0tic - Gremi del Caf\u00e8, torradors de Catalunya","og_description":"&nbsp; S&#8217;ha demostrat a trav\u00e9s de molts estudis els beneficis de beure caf\u00e8 i beneficis per la salut de les persones, aix\u00ed com reduir el risc de certs tumors. Ara per\u00f2, amb aquest nou estudi, es constata que els pacients amb c\u00e0ncer de c\u00f2lon no metast\u00e0tic que consumeixen caf\u00e8 regularment tenen una major superviv\u00e8ncia. Te&#8217;n [&hellip;]","og_url":"https:\/\/gremicafe.cat\/es\/2020\/09\/28\/nous-estudis-dels-beneficis-del-cafe-i-el-cancer\/","og_site_name":"Gremi del Caf\u00e8, torradors de Catalunya","article_publisher":"https:\/\/www.facebook.com\/gremicafecat","article_published_time":"2020-09-28T15:30:54+00:00","article_modified_time":"2020-10-01T13:36:14+00:00","og_image":[{"width":1000,"height":668,"url":"https:\/\/gremicafe.cat\/wp-content\/uploads\/2020\/09\/pexels-spencer-selover-428403-scaled-e1601543256566.jpg","type":"image\/jpeg"}],"author":"gremicafe","twitter_card":"summary_large_image","twitter_creator":"@gremicafecat","twitter_site":"@gremicafecat","twitter_misc":{"Escrito por":"gremicafe","Tiempo de lectura":"4 minutos"},"schema":{"@context":"https:\/\/schema.org","@graph":[{"@type":"Article","@id":"https:\/\/gremicafe.cat\/2020\/09\/28\/nous-estudis-dels-beneficis-del-cafe-i-el-cancer\/#article","isPartOf":{"@id":"https:\/\/gremicafe.cat\/2020\/09\/28\/nous-estudis-dels-beneficis-del-cafe-i-el-cancer\/"},"author":{"name":"gremicafe","@id":"https:\/\/gremicafe.cat\/#\/schema\/person\/dabfdbb3d0fa36260855a380f94e4733"},"headline":"Nou estudi del caf\u00e8 i el c\u00e0ncer colorectal metast\u00e0tic","datePublished":"2020-09-28T15:30:54+00:00","dateModified":"2020-10-01T13:36:14+00:00","mainEntityOfPage":{"@id":"https:\/\/gremicafe.cat\/2020\/09\/28\/nous-estudis-dels-beneficis-del-cafe-i-el-cancer\/"},"wordCount":801,"publisher":{"@id":"https:\/\/gremicafe.cat\/#organization"},"image":{"@id":"https:\/\/gremicafe.cat\/2020\/09\/28\/nous-estudis-dels-beneficis-del-cafe-i-el-cancer\/#primaryimage"},"thumbnailUrl":"https:\/\/gremicafe.cat\/wp-content\/uploads\/2020\/09\/pexels-spencer-selover-428403-scaled-e1601543256566.jpg","articleSection":["Not\u00edcies"],"inLanguage":"es"},{"@type":"WebPage","@id":"https:\/\/gremicafe.cat\/2020\/09\/28\/nous-estudis-dels-beneficis-del-cafe-i-el-cancer\/","url":"https:\/\/gremicafe.cat\/2020\/09\/28\/nous-estudis-dels-beneficis-del-cafe-i-el-cancer\/","name":"Nou estudi del caf\u00e8 i el c\u00e0ncer colorectal metast\u00e0tic - Gremi del Caf\u00e8, torradors de Catalunya","isPartOf":{"@id":"https:\/\/gremicafe.cat\/#website"},"primaryImageOfPage":{"@id":"https:\/\/gremicafe.cat\/2020\/09\/28\/nous-estudis-dels-beneficis-del-cafe-i-el-cancer\/#primaryimage"},"image":{"@id":"https:\/\/gremicafe.cat\/2020\/09\/28\/nous-estudis-dels-beneficis-del-cafe-i-el-cancer\/#primaryimage"},"thumbnailUrl":"https:\/\/gremicafe.cat\/wp-content\/uploads\/2020\/09\/pexels-spencer-selover-428403-scaled-e1601543256566.jpg","datePublished":"2020-09-28T15:30:54+00:00","dateModified":"2020-10-01T13:36:14+00:00","breadcrumb":{"@id":"https:\/\/gremicafe.cat\/2020\/09\/28\/nous-estudis-dels-beneficis-del-cafe-i-el-cancer\/#breadcrumb"},"inLanguage":"es","potentialAction":[{"@type":"ReadAction","target":["https:\/\/gremicafe.cat\/2020\/09\/28\/nous-estudis-dels-beneficis-del-cafe-i-el-cancer\/"]}]},{"@type":"ImageObject","inLanguage":"es","@id":"https:\/\/gremicafe.cat\/2020\/09\/28\/nous-estudis-dels-beneficis-del-cafe-i-el-cancer\/#primaryimage","url":"https:\/\/gremicafe.cat\/wp-content\/uploads\/2020\/09\/pexels-spencer-selover-428403-scaled-e1601543256566.jpg","contentUrl":"https:\/\/gremicafe.cat\/wp-content\/uploads\/2020\/09\/pexels-spencer-selover-428403-scaled-e1601543256566.jpg","width":1000,"height":668},{"@type":"BreadcrumbList","@id":"https:\/\/gremicafe.cat\/2020\/09\/28\/nous-estudis-dels-beneficis-del-cafe-i-el-cancer\/#breadcrumb","itemListElement":[{"@type":"ListItem","position":1,"name":"Inici","item":"https:\/\/gremicafe.cat\/"},{"@type":"ListItem","position":2,"name":"Nou estudi del caf\u00e8 i el c\u00e0ncer colorectal metast\u00e0tic"}]},{"@type":"WebSite","@id":"https:\/\/gremicafe.cat\/#website","url":"https:\/\/gremicafe.cat\/","name":"Gremio del Caf\u00e9, tostadores de Catalu\u00f1a","description":"Web oficial del gremio de tostadores de caf\u00e9 de Catalunya","publisher":{"@id":"https:\/\/gremicafe.cat\/#organization"},"potentialAction":[{"@type":"SearchAction","target":{"@type":"EntryPoint","urlTemplate":"https:\/\/gremicafe.cat\/?s={search_term_string}"},"query-input":{"@type":"PropertyValueSpecification","valueRequired":true,"valueName":"search_term_string"}}],"inLanguage":"es"},{"@type":"Organization","@id":"https:\/\/gremicafe.cat\/#organization","name":"Gremio del Caf\u00e9, Tostadores de Catalu\u00f1a","url":"https:\/\/gremicafe.cat\/","logo":{"@type":"ImageObject","inLanguage":"es","@id":"https:\/\/gremicafe.cat\/#\/schema\/logo\/image\/","url":"https:\/\/gremicafe.cat\/wp-content\/uploads\/2018\/03\/gremicafe-logo250.png","contentUrl":"https:\/\/gremicafe.cat\/wp-content\/uploads\/2018\/03\/gremicafe-logo250.png","width":250,"height":49,"caption":"Gremi del Caf\u00e8, Torradors de Catalunya"},"image":{"@id":"https:\/\/gremicafe.cat\/#\/schema\/logo\/image\/"},"sameAs":["https:\/\/www.facebook.com\/gremicafecat","https:\/\/x.com\/gremicafecat","https:\/\/www.instagram.com\/gremicafecat\/","https:\/\/www.pinterest.es\/gremicafecat\/","https:\/\/www.youtube.com\/channel\/UCGLo5Y35vLwLvP4FrPZrCrw\/"]},{"@type":"Person","@id":"https:\/\/gremicafe.cat\/#\/schema\/person\/dabfdbb3d0fa36260855a380f94e4733","name":"gremicafe","image":{"@type":"ImageObject","inLanguage":"es","@id":"https:\/\/gremicafe.cat\/#\/schema\/person\/image\/","url":"https:\/\/secure.gravatar.com\/avatar\/e59baa4ca8f6f97576d6375fb6d3c8f0?s=96&d=mm&r=g","contentUrl":"https:\/\/secure.gravatar.com\/avatar\/e59baa4ca8f6f97576d6375fb6d3c8f0?s=96&d=mm&r=g","caption":"gremicafe"}}]}},"_links":{"self":[{"href":"https:\/\/gremicafe.cat\/es\/wp-json\/wp\/v2\/posts\/5502"}],"collection":[{"href":"https:\/\/gremicafe.cat\/es\/wp-json\/wp\/v2\/posts"}],"about":[{"href":"https:\/\/gremicafe.cat\/es\/wp-json\/wp\/v2\/types\/post"}],"author":[{"embeddable":true,"href":"https:\/\/gremicafe.cat\/es\/wp-json\/wp\/v2\/users\/1"}],"replies":[{"embeddable":true,"href":"https:\/\/gremicafe.cat\/es\/wp-json\/wp\/v2\/comments?post=5502"}],"version-history":[{"count":0,"href":"https:\/\/gremicafe.cat\/es\/wp-json\/wp\/v2\/posts\/5502\/revisions"}],"wp:featuredmedia":[{"embeddable":true,"href":"https:\/\/gremicafe.cat\/es\/wp-json\/wp\/v2\/media\/5506"}],"wp:attachment":[{"href":"https:\/\/gremicafe.cat\/es\/wp-json\/wp\/v2\/media?parent=5502"}],"wp:term":[{"taxonomy":"category","embeddable":true,"href":"https:\/\/gremicafe.cat\/es\/wp-json\/wp\/v2\/categories?post=5502"},{"taxonomy":"post_tag","embeddable":true,"href":"https:\/\/gremicafe.cat\/es\/wp-json\/wp\/v2\/tags?post=5502"}],"curies":[{"name":"wp","href":"https:\/\/api.w.org\/{rel}","templated":true}]}}