{"id":5624,"date":"2021-01-07T17:19:25","date_gmt":"2021-01-07T15:19:25","guid":{"rendered":"https:\/\/gremicafe.cat\/?p=5624"},"modified":"2021-01-07T17:19:25","modified_gmt":"2021-01-07T15:19:25","slug":"un-estudi-de-la-urv-afirma-que-el-consum-moderat-de-cafe-sassocia-a-menys-risc-de-deteriorament-cognitiu","status":"publish","type":"post","link":"https:\/\/gremicafe.cat\/es\/2021\/01\/07\/un-estudi-de-la-urv-afirma-que-el-consum-moderat-de-cafe-sassocia-a-menys-risc-de-deteriorament-cognitiu\/","title":{"rendered":"Un estudio de la URV afirma que el consumo moderado de caf\u00e9 se asocia a menor riesgo de deterioro cognitivo"},"content":{"rendered":"<p><img loading=\"lazy\" decoding=\"async\" class=\"aligncenter size-full wp-image-5626\" src=\"https:\/\/gremicafe.cat\/wp-content\/uploads\/2021\/01\/URV-unitat-nutricio-humana.jpg\" alt=\"URV inotat nutricio humana\" width=\"1024\" height=\"642\" srcset=\"https:\/\/gremicafe.cat\/wp-content\/uploads\/2021\/01\/URV-unitat-nutricio-humana.jpg 1024w, https:\/\/gremicafe.cat\/wp-content\/uploads\/2021\/01\/URV-unitat-nutricio-humana-768x482.jpg 768w\" sizes=\"(max-width: 1024px) 100vw, 1024px\" \/><\/p>\n<p>&nbsp;<\/p>\n<p>Seg\u00fan <a href=\"https:\/\/diaridigital.urv.cat\/el-consum-de-moderat-de-cafe-sassocia-a-menys-risc-de-deterioracio-cognitiva\/\" target=\"_blank\" rel=\"noopener\"><strong>un estudio de la Unidad de Nutrici\u00f3n Humana de la Universidad Rovira i Virgili<\/strong><\/a> URV-IISPV, sugiere que el consumo de caf\u00e9 con cafe\u00edna se relaciona con menor riesgo de deterioro cognitivo en personas con alto riesgo cardiovascular.<\/p>\n<p>La semilla de caf\u00e9 contiene muchas propiedades antioxidantes, es caracter\u00edstica por un alto contenido en polifenoles, cafe\u00edna, vitaminas minerales y fitoqu\u00edmicos bioactivos con muchos efectos beneficiosos para la salud. Como ya se ha comentado en otros art\u00edculos, muchos estudios han confirmado beneficios en relaci\u00f3n a la salud cardiometab\u00f3lica, c\u00e1ncer y mortalidad.<\/p>\n<p>Ahora, los investigadores de la Unidad de Nutrici\u00f3n Humana de la URV estudiaron la <strong>relaci\u00f3n entre el consumo de caf\u00e9 y el funcionamiento cognitivo,<\/strong> con el estudio PREDIMED-Plus y la participaci\u00f3n de 6.427 voluntarios del Estado espa\u00f1ol. Durante este estudio se les realiz\u00f3 una evaluaci\u00f3n de la funci\u00f3n cognitiva a trav\u00e9s de cuestionarios neuropsicol\u00f3gicos, que exploran funciones cognitivas como la memoria, la orientaci\u00f3n, el registro, la concentraci\u00f3n, la velocidad de procesamiento, la b\u00fasqueda visual y la atenci\u00f3n , entre otros.<\/p>\n<p>Las conclusiones del estudio seg\u00fan los autores son que \u201clas personas que consumen caf\u00e9, con cafe\u00edna, tienen menos riesgo de presentar deterioro cognitivo en comparaci\u00f3n con aquellas que no consumen. Y los que beben en dos o m\u00e1s tazas (100 ml), presentan menos riesgo de disfunci\u00f3n cognitiva en comparaci\u00f3n con aquellos que beben menos de una taza diaria\u201d.<\/p>\n<p>Los autores sugieren que el consumo de caf\u00e9 podr\u00eda prevenir el mal neuronal, la sinaptotoxicidad y, por tanto, el deterioro cognitivo, gracias a los compuestos bioactivos que presenta el caf\u00e9.<\/p>\n<p>Tambi\u00e9n se ha observado que las personas que han consumido m\u00e1s cafe\u00edna presentan menor frecuencia de deterioro cognitivo, en comparaci\u00f3n con aquellos que beben menos cantidad de cafe\u00edna.<\/p>\n<p>Gracias a las conclusiones llegadas a trav\u00e9s del estudio, en un futuro, recomendaciones en el consumo de caf\u00e9 y cafe\u00edna podr\u00edan formar parte de las estrategias para prevenir el deterioro cognitivo.<\/p>\n<p>En la foto, los responsables e investigadores del trabajo que fue publicado en la revista <strong><em>European Journal of Nutrition<\/em><\/strong>. El trabajo lo ha llevado a cabo la investigadora predoctoral Indira Paz-Graniel, y lo han liderado la investigadora Nancy Babio, profesora agregada de la URV, y Jordi Salas-Salvad\u00f3, catedr\u00e1tico y director de la Unidad de Nutrici\u00f3n Humana de la URV del Departamento de Bioqu\u00edmica y Biotecnolog\u00eda de la Universidad Rovira i Virgili, todos miembros del Centro de Investigaci\u00f3n Biom\u00e9dica en Red de la Fisiopatolog\u00eda de la Obesidad y Nutrici\u00f3n (CIBERobn) y del Instituto de Investigaci\u00f3n Sanitaria Pere Virgili.<\/p>\n<p>&nbsp;<\/p>\n<p>Fuente de la noticia y fotograf\u00eda: <a href=\"https:\/\/diaridigital.urv.cat\/el-consum-de-moderat-de-cafe-sassocia-a-menys-risc-de-deterioracio-cognitiva\/\" target=\"_blank\" rel=\"noopener\"><strong>Diario Digital URV<\/strong><\/a><\/p>","protected":false},"excerpt":{"rendered":"<p>&nbsp; Segons un estudi de la Unitat de Nutrici\u00f3 Humana de la Universitat Rovira i Virgili URV-IISPV, suggereix que el consum de caf\u00e8 amb cafe\u00efna es relaciona amb menys risc de deteriorament cognitiu en persones amb alt risc cardiovascular. La llavor de caf\u00e8 cont\u00e9 moltes propietats antioxidants, \u00e9s caracter\u00edstic per un alt contingut en polifenols, [&hellip;]<\/p>\n","protected":false},"author":1,"featured_media":5626,"comment_status":"closed","ping_status":"open","sticky":false,"template":"","format":"standard","meta":{"_acf_changed":false,"inline_featured_image":false,"footnotes":""},"categories":[1],"tags":[],"class_list":["post-5624","post","type-post","status-publish","format-standard","has-post-thumbnail","hentry","category-noticies"],"acf":[],"yoast_head":"<!-- This site is optimized with the Yoast SEO plugin v25.5 - https:\/\/yoast.com\/wordpress\/plugins\/seo\/ -->\n<title>Un estudi de la URV afirma que el consum moderat de caf\u00e8 s&#039;associa a menys risc de deteriorament cognitiu - Gremi del Caf\u00e8, torradors de Catalunya<\/title>\n<meta name=\"robots\" content=\"index, follow, max-snippet:-1, max-image-preview:large, max-video-preview:-1\" \/>\n<link rel=\"canonical\" href=\"https:\/\/gremicafe.cat\/es\/2021\/01\/07\/un-estudi-de-la-urv-afirma-que-el-consum-moderat-de-cafe-sassocia-a-menys-risc-de-deteriorament-cognitiu\/\" \/>\n<meta property=\"og:locale\" content=\"es_ES\" \/>\n<meta property=\"og:type\" content=\"article\" \/>\n<meta property=\"og:title\" content=\"Un estudi de la URV afirma que el consum moderat de caf\u00e8 s&#039;associa a menys risc de deteriorament cognitiu - Gremi del Caf\u00e8, torradors de Catalunya\" \/>\n<meta property=\"og:description\" content=\"&nbsp; Segons un estudi de la Unitat de Nutrici\u00f3 Humana de la Universitat Rovira i Virgili URV-IISPV, suggereix que el consum de caf\u00e8 amb cafe\u00efna es relaciona amb menys risc de deteriorament cognitiu en persones amb alt risc cardiovascular. La llavor de caf\u00e8 cont\u00e9 moltes propietats antioxidants, \u00e9s caracter\u00edstic per un alt contingut en polifenols, [&hellip;]\" \/>\n<meta property=\"og:url\" content=\"https:\/\/gremicafe.cat\/es\/2021\/01\/07\/un-estudi-de-la-urv-afirma-que-el-consum-moderat-de-cafe-sassocia-a-menys-risc-de-deteriorament-cognitiu\/\" \/>\n<meta property=\"og:site_name\" content=\"Gremi del Caf\u00e8, torradors de Catalunya\" \/>\n<meta property=\"article:publisher\" content=\"https:\/\/www.facebook.com\/gremicafecat\" \/>\n<meta property=\"article:published_time\" content=\"2021-01-07T15:19:25+00:00\" \/>\n<meta property=\"og:image\" content=\"https:\/\/gremicafe.cat\/wp-content\/uploads\/2021\/01\/URV-unitat-nutricio-humana.jpg\" \/>\n\t<meta property=\"og:image:width\" content=\"1024\" \/>\n\t<meta property=\"og:image:height\" content=\"642\" \/>\n\t<meta property=\"og:image:type\" content=\"image\/jpeg\" \/>\n<meta name=\"author\" content=\"gremicafe\" \/>\n<meta name=\"twitter:card\" content=\"summary_large_image\" \/>\n<meta name=\"twitter:creator\" content=\"@gremicafecat\" \/>\n<meta name=\"twitter:site\" content=\"@gremicafecat\" \/>\n<meta name=\"twitter:label1\" content=\"Escrito por\" \/>\n\t<meta name=\"twitter:data1\" content=\"gremicafe\" \/>\n\t<meta name=\"twitter:label2\" content=\"Tiempo de lectura\" \/>\n\t<meta name=\"twitter:data2\" content=\"2 minutos\" \/>\n<script type=\"application\/ld+json\" class=\"yoast-schema-graph\">{\"@context\":\"https:\/\/schema.org\",\"@graph\":[{\"@type\":\"Article\",\"@id\":\"https:\/\/gremicafe.cat\/2021\/01\/07\/un-estudi-de-la-urv-afirma-que-el-consum-moderat-de-cafe-sassocia-a-menys-risc-de-deteriorament-cognitiu\/#article\",\"isPartOf\":{\"@id\":\"https:\/\/gremicafe.cat\/2021\/01\/07\/un-estudi-de-la-urv-afirma-que-el-consum-moderat-de-cafe-sassocia-a-menys-risc-de-deteriorament-cognitiu\/\"},\"author\":{\"name\":\"gremicafe\",\"@id\":\"https:\/\/gremicafe.cat\/#\/schema\/person\/dabfdbb3d0fa36260855a380f94e4733\"},\"headline\":\"Un estudi de la URV afirma que el consum moderat de caf\u00e8 s&#8217;associa a menys risc de deteriorament cognitiu\",\"datePublished\":\"2021-01-07T15:19:25+00:00\",\"mainEntityOfPage\":{\"@id\":\"https:\/\/gremicafe.cat\/2021\/01\/07\/un-estudi-de-la-urv-afirma-que-el-consum-moderat-de-cafe-sassocia-a-menys-risc-de-deteriorament-cognitiu\/\"},\"wordCount\":471,\"publisher\":{\"@id\":\"https:\/\/gremicafe.cat\/#organization\"},\"image\":{\"@id\":\"https:\/\/gremicafe.cat\/2021\/01\/07\/un-estudi-de-la-urv-afirma-que-el-consum-moderat-de-cafe-sassocia-a-menys-risc-de-deteriorament-cognitiu\/#primaryimage\"},\"thumbnailUrl\":\"https:\/\/gremicafe.cat\/wp-content\/uploads\/2021\/01\/URV-unitat-nutricio-humana.jpg\",\"articleSection\":[\"Not\u00edcies\"],\"inLanguage\":\"es\"},{\"@type\":\"WebPage\",\"@id\":\"https:\/\/gremicafe.cat\/2021\/01\/07\/un-estudi-de-la-urv-afirma-que-el-consum-moderat-de-cafe-sassocia-a-menys-risc-de-deteriorament-cognitiu\/\",\"url\":\"https:\/\/gremicafe.cat\/2021\/01\/07\/un-estudi-de-la-urv-afirma-que-el-consum-moderat-de-cafe-sassocia-a-menys-risc-de-deteriorament-cognitiu\/\",\"name\":\"Un estudi de la URV afirma que el consum moderat de caf\u00e8 s'associa a menys risc de deteriorament cognitiu - Gremi del Caf\u00e8, torradors de Catalunya\",\"isPartOf\":{\"@id\":\"https:\/\/gremicafe.cat\/#website\"},\"primaryImageOfPage\":{\"@id\":\"https:\/\/gremicafe.cat\/2021\/01\/07\/un-estudi-de-la-urv-afirma-que-el-consum-moderat-de-cafe-sassocia-a-menys-risc-de-deteriorament-cognitiu\/#primaryimage\"},\"image\":{\"@id\":\"https:\/\/gremicafe.cat\/2021\/01\/07\/un-estudi-de-la-urv-afirma-que-el-consum-moderat-de-cafe-sassocia-a-menys-risc-de-deteriorament-cognitiu\/#primaryimage\"},\"thumbnailUrl\":\"https:\/\/gremicafe.cat\/wp-content\/uploads\/2021\/01\/URV-unitat-nutricio-humana.jpg\",\"datePublished\":\"2021-01-07T15:19:25+00:00\",\"breadcrumb\":{\"@id\":\"https:\/\/gremicafe.cat\/2021\/01\/07\/un-estudi-de-la-urv-afirma-que-el-consum-moderat-de-cafe-sassocia-a-menys-risc-de-deteriorament-cognitiu\/#breadcrumb\"},\"inLanguage\":\"es\",\"potentialAction\":[{\"@type\":\"ReadAction\",\"target\":[\"https:\/\/gremicafe.cat\/2021\/01\/07\/un-estudi-de-la-urv-afirma-que-el-consum-moderat-de-cafe-sassocia-a-menys-risc-de-deteriorament-cognitiu\/\"]}]},{\"@type\":\"ImageObject\",\"inLanguage\":\"es\",\"@id\":\"https:\/\/gremicafe.cat\/2021\/01\/07\/un-estudi-de-la-urv-afirma-que-el-consum-moderat-de-cafe-sassocia-a-menys-risc-de-deteriorament-cognitiu\/#primaryimage\",\"url\":\"https:\/\/gremicafe.cat\/wp-content\/uploads\/2021\/01\/URV-unitat-nutricio-humana.jpg\",\"contentUrl\":\"https:\/\/gremicafe.cat\/wp-content\/uploads\/2021\/01\/URV-unitat-nutricio-humana.jpg\",\"width\":1024,\"height\":642,\"caption\":\"URV inotat nutricio humana\"},{\"@type\":\"BreadcrumbList\",\"@id\":\"https:\/\/gremicafe.cat\/2021\/01\/07\/un-estudi-de-la-urv-afirma-que-el-consum-moderat-de-cafe-sassocia-a-menys-risc-de-deteriorament-cognitiu\/#breadcrumb\",\"itemListElement\":[{\"@type\":\"ListItem\",\"position\":1,\"name\":\"Inici\",\"item\":\"https:\/\/gremicafe.cat\/\"},{\"@type\":\"ListItem\",\"position\":2,\"name\":\"Un estudi de la URV afirma que el consum moderat de caf\u00e8 s&#8217;associa a menys risc de deteriorament cognitiu\"}]},{\"@type\":\"WebSite\",\"@id\":\"https:\/\/gremicafe.cat\/#website\",\"url\":\"https:\/\/gremicafe.cat\/\",\"name\":\"Gremi del Caf\u00e8, torradors de Catalunya\",\"description\":\"Web oficial del gremi de torradors de caf\u00e8 de Catalunya\",\"publisher\":{\"@id\":\"https:\/\/gremicafe.cat\/#organization\"},\"potentialAction\":[{\"@type\":\"SearchAction\",\"target\":{\"@type\":\"EntryPoint\",\"urlTemplate\":\"https:\/\/gremicafe.cat\/?s={search_term_string}\"},\"query-input\":{\"@type\":\"PropertyValueSpecification\",\"valueRequired\":true,\"valueName\":\"search_term_string\"}}],\"inLanguage\":\"es\"},{\"@type\":\"Organization\",\"@id\":\"https:\/\/gremicafe.cat\/#organization\",\"name\":\"Gremi del Caf\u00e8, Torradors de Catalunya\",\"url\":\"https:\/\/gremicafe.cat\/\",\"logo\":{\"@type\":\"ImageObject\",\"inLanguage\":\"es\",\"@id\":\"https:\/\/gremicafe.cat\/#\/schema\/logo\/image\/\",\"url\":\"https:\/\/gremicafe.cat\/wp-content\/uploads\/2018\/03\/gremicafe-logo250.png\",\"contentUrl\":\"https:\/\/gremicafe.cat\/wp-content\/uploads\/2018\/03\/gremicafe-logo250.png\",\"width\":250,\"height\":49,\"caption\":\"Gremi del Caf\u00e8, Torradors de Catalunya\"},\"image\":{\"@id\":\"https:\/\/gremicafe.cat\/#\/schema\/logo\/image\/\"},\"sameAs\":[\"https:\/\/www.facebook.com\/gremicafecat\",\"https:\/\/x.com\/gremicafecat\",\"https:\/\/www.instagram.com\/gremicafecat\/\",\"https:\/\/www.pinterest.es\/gremicafecat\/\",\"https:\/\/www.youtube.com\/channel\/UCGLo5Y35vLwLvP4FrPZrCrw\/\"]},{\"@type\":\"Person\",\"@id\":\"https:\/\/gremicafe.cat\/#\/schema\/person\/dabfdbb3d0fa36260855a380f94e4733\",\"name\":\"gremicafe\",\"image\":{\"@type\":\"ImageObject\",\"inLanguage\":\"es\",\"@id\":\"https:\/\/gremicafe.cat\/#\/schema\/person\/image\/\",\"url\":\"https:\/\/secure.gravatar.com\/avatar\/e59baa4ca8f6f97576d6375fb6d3c8f0?s=96&d=mm&r=g\",\"contentUrl\":\"https:\/\/secure.gravatar.com\/avatar\/e59baa4ca8f6f97576d6375fb6d3c8f0?s=96&d=mm&r=g\",\"caption\":\"gremicafe\"}}]}<\/script>\n<!-- \/ Yoast SEO plugin. -->","yoast_head_json":{"title":"Un estudi de la URV afirma que el consum moderat de caf\u00e8 s'associa a menys risc de deteriorament cognitiu - Gremi del Caf\u00e8, torradors de Catalunya","robots":{"index":"index","follow":"follow","max-snippet":"max-snippet:-1","max-image-preview":"max-image-preview:large","max-video-preview":"max-video-preview:-1"},"canonical":"https:\/\/gremicafe.cat\/es\/2021\/01\/07\/un-estudi-de-la-urv-afirma-que-el-consum-moderat-de-cafe-sassocia-a-menys-risc-de-deteriorament-cognitiu\/","og_locale":"es_ES","og_type":"article","og_title":"Un estudi de la URV afirma que el consum moderat de caf\u00e8 s'associa a menys risc de deteriorament cognitiu - Gremi del Caf\u00e8, torradors de Catalunya","og_description":"&nbsp; Segons un estudi de la Unitat de Nutrici\u00f3 Humana de la Universitat Rovira i Virgili URV-IISPV, suggereix que el consum de caf\u00e8 amb cafe\u00efna es relaciona amb menys risc de deteriorament cognitiu en persones amb alt risc cardiovascular. La llavor de caf\u00e8 cont\u00e9 moltes propietats antioxidants, \u00e9s caracter\u00edstic per un alt contingut en polifenols, [&hellip;]","og_url":"https:\/\/gremicafe.cat\/es\/2021\/01\/07\/un-estudi-de-la-urv-afirma-que-el-consum-moderat-de-cafe-sassocia-a-menys-risc-de-deteriorament-cognitiu\/","og_site_name":"Gremi del Caf\u00e8, torradors de Catalunya","article_publisher":"https:\/\/www.facebook.com\/gremicafecat","article_published_time":"2021-01-07T15:19:25+00:00","og_image":[{"width":1024,"height":642,"url":"https:\/\/gremicafe.cat\/wp-content\/uploads\/2021\/01\/URV-unitat-nutricio-humana.jpg","type":"image\/jpeg"}],"author":"gremicafe","twitter_card":"summary_large_image","twitter_creator":"@gremicafecat","twitter_site":"@gremicafecat","twitter_misc":{"Escrito por":"gremicafe","Tiempo de lectura":"2 minutos"},"schema":{"@context":"https:\/\/schema.org","@graph":[{"@type":"Article","@id":"https:\/\/gremicafe.cat\/2021\/01\/07\/un-estudi-de-la-urv-afirma-que-el-consum-moderat-de-cafe-sassocia-a-menys-risc-de-deteriorament-cognitiu\/#article","isPartOf":{"@id":"https:\/\/gremicafe.cat\/2021\/01\/07\/un-estudi-de-la-urv-afirma-que-el-consum-moderat-de-cafe-sassocia-a-menys-risc-de-deteriorament-cognitiu\/"},"author":{"name":"gremicafe","@id":"https:\/\/gremicafe.cat\/#\/schema\/person\/dabfdbb3d0fa36260855a380f94e4733"},"headline":"Un estudi de la URV afirma que el consum moderat de caf\u00e8 s&#8217;associa a menys risc de deteriorament cognitiu","datePublished":"2021-01-07T15:19:25+00:00","mainEntityOfPage":{"@id":"https:\/\/gremicafe.cat\/2021\/01\/07\/un-estudi-de-la-urv-afirma-que-el-consum-moderat-de-cafe-sassocia-a-menys-risc-de-deteriorament-cognitiu\/"},"wordCount":471,"publisher":{"@id":"https:\/\/gremicafe.cat\/#organization"},"image":{"@id":"https:\/\/gremicafe.cat\/2021\/01\/07\/un-estudi-de-la-urv-afirma-que-el-consum-moderat-de-cafe-sassocia-a-menys-risc-de-deteriorament-cognitiu\/#primaryimage"},"thumbnailUrl":"https:\/\/gremicafe.cat\/wp-content\/uploads\/2021\/01\/URV-unitat-nutricio-humana.jpg","articleSection":["Not\u00edcies"],"inLanguage":"es"},{"@type":"WebPage","@id":"https:\/\/gremicafe.cat\/2021\/01\/07\/un-estudi-de-la-urv-afirma-que-el-consum-moderat-de-cafe-sassocia-a-menys-risc-de-deteriorament-cognitiu\/","url":"https:\/\/gremicafe.cat\/2021\/01\/07\/un-estudi-de-la-urv-afirma-que-el-consum-moderat-de-cafe-sassocia-a-menys-risc-de-deteriorament-cognitiu\/","name":"Un estudi de la URV afirma que el consum moderat de caf\u00e8 s'associa a menys risc de deteriorament cognitiu - Gremi del Caf\u00e8, torradors de Catalunya","isPartOf":{"@id":"https:\/\/gremicafe.cat\/#website"},"primaryImageOfPage":{"@id":"https:\/\/gremicafe.cat\/2021\/01\/07\/un-estudi-de-la-urv-afirma-que-el-consum-moderat-de-cafe-sassocia-a-menys-risc-de-deteriorament-cognitiu\/#primaryimage"},"image":{"@id":"https:\/\/gremicafe.cat\/2021\/01\/07\/un-estudi-de-la-urv-afirma-que-el-consum-moderat-de-cafe-sassocia-a-menys-risc-de-deteriorament-cognitiu\/#primaryimage"},"thumbnailUrl":"https:\/\/gremicafe.cat\/wp-content\/uploads\/2021\/01\/URV-unitat-nutricio-humana.jpg","datePublished":"2021-01-07T15:19:25+00:00","breadcrumb":{"@id":"https:\/\/gremicafe.cat\/2021\/01\/07\/un-estudi-de-la-urv-afirma-que-el-consum-moderat-de-cafe-sassocia-a-menys-risc-de-deteriorament-cognitiu\/#breadcrumb"},"inLanguage":"es","potentialAction":[{"@type":"ReadAction","target":["https:\/\/gremicafe.cat\/2021\/01\/07\/un-estudi-de-la-urv-afirma-que-el-consum-moderat-de-cafe-sassocia-a-menys-risc-de-deteriorament-cognitiu\/"]}]},{"@type":"ImageObject","inLanguage":"es","@id":"https:\/\/gremicafe.cat\/2021\/01\/07\/un-estudi-de-la-urv-afirma-que-el-consum-moderat-de-cafe-sassocia-a-menys-risc-de-deteriorament-cognitiu\/#primaryimage","url":"https:\/\/gremicafe.cat\/wp-content\/uploads\/2021\/01\/URV-unitat-nutricio-humana.jpg","contentUrl":"https:\/\/gremicafe.cat\/wp-content\/uploads\/2021\/01\/URV-unitat-nutricio-humana.jpg","width":1024,"height":642,"caption":"URV inotat nutricio humana"},{"@type":"BreadcrumbList","@id":"https:\/\/gremicafe.cat\/2021\/01\/07\/un-estudi-de-la-urv-afirma-que-el-consum-moderat-de-cafe-sassocia-a-menys-risc-de-deteriorament-cognitiu\/#breadcrumb","itemListElement":[{"@type":"ListItem","position":1,"name":"Inici","item":"https:\/\/gremicafe.cat\/"},{"@type":"ListItem","position":2,"name":"Un estudi de la URV afirma que el consum moderat de caf\u00e8 s&#8217;associa a menys risc de deteriorament cognitiu"}]},{"@type":"WebSite","@id":"https:\/\/gremicafe.cat\/#website","url":"https:\/\/gremicafe.cat\/","name":"Gremio del Caf\u00e9, tostadores de Catalu\u00f1a","description":"Web oficial del gremio de tostadores de caf\u00e9 de Catalunya","publisher":{"@id":"https:\/\/gremicafe.cat\/#organization"},"potentialAction":[{"@type":"SearchAction","target":{"@type":"EntryPoint","urlTemplate":"https:\/\/gremicafe.cat\/?s={search_term_string}"},"query-input":{"@type":"PropertyValueSpecification","valueRequired":true,"valueName":"search_term_string"}}],"inLanguage":"es"},{"@type":"Organization","@id":"https:\/\/gremicafe.cat\/#organization","name":"Gremio del Caf\u00e9, Tostadores de Catalu\u00f1a","url":"https:\/\/gremicafe.cat\/","logo":{"@type":"ImageObject","inLanguage":"es","@id":"https:\/\/gremicafe.cat\/#\/schema\/logo\/image\/","url":"https:\/\/gremicafe.cat\/wp-content\/uploads\/2018\/03\/gremicafe-logo250.png","contentUrl":"https:\/\/gremicafe.cat\/wp-content\/uploads\/2018\/03\/gremicafe-logo250.png","width":250,"height":49,"caption":"Gremi del Caf\u00e8, Torradors de Catalunya"},"image":{"@id":"https:\/\/gremicafe.cat\/#\/schema\/logo\/image\/"},"sameAs":["https:\/\/www.facebook.com\/gremicafecat","https:\/\/x.com\/gremicafecat","https:\/\/www.instagram.com\/gremicafecat\/","https:\/\/www.pinterest.es\/gremicafecat\/","https:\/\/www.youtube.com\/channel\/UCGLo5Y35vLwLvP4FrPZrCrw\/"]},{"@type":"Person","@id":"https:\/\/gremicafe.cat\/#\/schema\/person\/dabfdbb3d0fa36260855a380f94e4733","name":"gremicafe","image":{"@type":"ImageObject","inLanguage":"es","@id":"https:\/\/gremicafe.cat\/#\/schema\/person\/image\/","url":"https:\/\/secure.gravatar.com\/avatar\/e59baa4ca8f6f97576d6375fb6d3c8f0?s=96&d=mm&r=g","contentUrl":"https:\/\/secure.gravatar.com\/avatar\/e59baa4ca8f6f97576d6375fb6d3c8f0?s=96&d=mm&r=g","caption":"gremicafe"}}]}},"_links":{"self":[{"href":"https:\/\/gremicafe.cat\/es\/wp-json\/wp\/v2\/posts\/5624"}],"collection":[{"href":"https:\/\/gremicafe.cat\/es\/wp-json\/wp\/v2\/posts"}],"about":[{"href":"https:\/\/gremicafe.cat\/es\/wp-json\/wp\/v2\/types\/post"}],"author":[{"embeddable":true,"href":"https:\/\/gremicafe.cat\/es\/wp-json\/wp\/v2\/users\/1"}],"replies":[{"embeddable":true,"href":"https:\/\/gremicafe.cat\/es\/wp-json\/wp\/v2\/comments?post=5624"}],"version-history":[{"count":0,"href":"https:\/\/gremicafe.cat\/es\/wp-json\/wp\/v2\/posts\/5624\/revisions"}],"wp:featuredmedia":[{"embeddable":true,"href":"https:\/\/gremicafe.cat\/es\/wp-json\/wp\/v2\/media\/5626"}],"wp:attachment":[{"href":"https:\/\/gremicafe.cat\/es\/wp-json\/wp\/v2\/media?parent=5624"}],"wp:term":[{"taxonomy":"category","embeddable":true,"href":"https:\/\/gremicafe.cat\/es\/wp-json\/wp\/v2\/categories?post=5624"},{"taxonomy":"post_tag","embeddable":true,"href":"https:\/\/gremicafe.cat\/es\/wp-json\/wp\/v2\/tags?post=5624"}],"curies":[{"name":"wp","href":"https:\/\/api.w.org\/{rel}","templated":true}]}}