{"id":5632,"date":"2021-01-15T11:39:04","date_gmt":"2021-01-15T09:39:04","guid":{"rendered":"https:\/\/gremicafe.cat\/?p=5632"},"modified":"2021-01-15T12:08:07","modified_gmt":"2021-01-15T10:08:07","slug":"com-hem-de-netejar-una-cafetera-italiana","status":"publish","type":"post","link":"https:\/\/gremicafe.cat\/es\/2021\/01\/15\/com-hem-de-netejar-una-cafetera-italiana\/","title":{"rendered":"\u00bfC\u00f3mo limpiar una cafetera italiana?"},"content":{"rendered":"<p><img loading=\"lazy\" decoding=\"async\" class=\"aligncenter size-full wp-image-5633\" src=\"https:\/\/gremicafe.cat\/wp-content\/uploads\/2021\/01\/cafetera-italiana-moka-scaled.jpg\" alt=\"\" width=\"2560\" height=\"1826\" srcset=\"https:\/\/gremicafe.cat\/wp-content\/uploads\/2021\/01\/cafetera-italiana-moka-scaled.jpg 2560w, https:\/\/gremicafe.cat\/wp-content\/uploads\/2021\/01\/cafetera-italiana-moka-768x548.jpg 768w, https:\/\/gremicafe.cat\/wp-content\/uploads\/2021\/01\/cafetera-italiana-moka-1536x1096.jpg 1536w, https:\/\/gremicafe.cat\/wp-content\/uploads\/2021\/01\/cafetera-italiana-moka-2048x1461.jpg 2048w, https:\/\/gremicafe.cat\/wp-content\/uploads\/2021\/01\/cafetera-italiana-moka-1009x720.jpg 1009w\" sizes=\"(max-width: 2560px) 100vw, 2560px\" \/><\/p>\n<p>&nbsp;<\/p>\n<p>La cafetera italiana o tambi\u00e9n conocida como Moka o express, es la cafetera para hacer <strong>caf\u00e9 en casa de una forma m\u00e1s simple y econ\u00f3mica<\/strong>.<\/p>\n<p>En este art\u00edculo te explicaremos los pasos para que la tuya <strong>cafetera dure m\u00e1s tiempo<\/strong>, y adem\u00e1s, el caf\u00e9 que salga de lo m\u00e1s exquisito. Tanto si lo utilizas habitualmente, como si no, debe realizarse un mantenimiento y limpieza adecuado para que el caf\u00e9 no salga con un sabor rancio.<\/p>\n<h2>Pasos para limpiar una cafetera italiana, Moka o expreso de forma diaria<\/h2>\n<p>Despu\u00e9s de cada uso, se puede observar una <strong>capa fina aceitosa residual del caf\u00e9<\/strong> en el interior del tubo, en el filtro y en la c\u00e1mara superior. Es recomendable mantener esta capa, puesto que en muchos casos evita el contacto con el caf\u00e9 y la pared de aluminio, lo que puede influenciar en el sabor del caf\u00e9.<\/p>\n<p>La <strong>limpieza b\u00e1sica<\/strong>, para los cafeteros que la utilizan recurrentemente, es aconsejable limpiarla despu\u00e9s de cada uso. Una vez que la cafetera ha vuelto a temperatura ambiente, desmonta las c\u00e1maras superior (4) e inferior (1) de la cafetera, quitar el embudo (3) y la placa del filtro (8) y la junta (6)) de la interior de las c\u00e1maras superior e inferior, y l\u00edmpiala con abundante <strong>agua caliente a mano<\/strong>, hasta que todo est\u00e9 limpio.<\/p>\n<p>No aconsejamos utilizar detergentes ni jabones agresivos, puesto que pueden da\u00f1ar la capa residual y dejar sabores extra\u00f1os.<\/p>\n<p>A continuaci\u00f3n, seca la cafetera con un pa\u00f1o y gu\u00e1rdala sin enroscar el cuerpo inferior con el superior.<\/p>\n<p><img loading=\"lazy\" decoding=\"async\" class=\"size-full wp-image-5637 aligncenter\" src=\"https:\/\/gremicafe.cat\/wp-content\/uploads\/2021\/01\/Captura-de-Pantalla-2021-01-14-a-les-17.08.06.png\" alt=\"\" width=\"521\" height=\"554\" \/><\/p>\n<p>&nbsp;<\/p>\n<h2>Si tienes una cafetera \u201citaliana\u201d o \u201cMoka\u201d nueva\u2026<\/h2>\n<p>Te aconsejamos que limpies todas las partes de la cafetera de acero inoxidable o aluminio con agua caliente. Y a continuaci\u00f3n haz un primer caf\u00e9 para echarlo. Los aceites del caf\u00e9 sellar\u00e1n el aluminio y evitar\u00e1n que el sabor met\u00e1lico se filtre con el caf\u00e9.<\/p>\n<p>&nbsp;<\/p>\n<h2>Si vives en una zona con mucha cal\u2026<\/h2>\n<p>La mejor soluci\u00f3n para limpiar y descalcificar la cafetera es en vinagre. El vinagre blanco es muy adecuado, ya que limpia, desinfecta y elimina cualquier acumulaci\u00f3n de minerales de forma natural sin dejar restos qu\u00edmicos u olores.<\/p>\n<p>Para limpiar el interior del embudo de la cafetera, te aconsejamos que mezcles una parte de vinagre por dos partes de agua, ya continuaci\u00f3n, preparar la bebida como har\u00edas normalmente pero sin el caf\u00e9. Cuando la mezcla empiece a hervir y pase por el embudo se limpiar\u00e1 perfectamente. Puedes repetirlo hasta que veas que tu cafetera est\u00e9 completamente limpia y descalcificada.<\/p>\n<p>&nbsp;<\/p>\n<h2>5 consejos para mantener una cafetera italiana<\/h2>\n<ol>\n<li>Comprueba antes de cada uso que la v\u00e1lvula est\u00e9 limpia y no bloqueada.<\/li>\n<li>Nunca debe ir al lavavajillas<\/li>\n<li>Nunca debe limpiarse con lej\u00eda o productos que contengan cloro, ya que atacan el aluminio y el acero inoxidable.<\/li>\n<li>Recomendamos reemplazar la junta de goma de forma peri\u00f3dica, una vez al a\u00f1o.<\/li>\n<li>Si el filtro no est\u00e1 en buenas condiciones, es necesario cambiarlo por uno nuevo.<\/li>\n<\/ol>\n<p>&nbsp;<\/p>\n<p>&nbsp;<\/p>\n<p>Ya tienes tu cafetera nueva o antigua, pero limpia y apta para <a href=\"https:\/\/gremicafe.cat\/es\/\"><strong>disfrutar de un buen caf\u00e9 tostado en Catalu\u00f1a<\/strong><\/a>. Haz clic <a href=\"https:\/\/gremicafe.cat\/es\/\"><strong>aqu\u00ed<\/strong><\/a> para ver todos los <strong>tostadores del Gremio de Caf\u00e9 Tostado en Catalu\u00f1a<\/strong>, elige tu variedad preferida, y \u00a1disfr\u00fatalo!<\/p>\n<p>&nbsp;<\/p>\n<p>&nbsp;<\/p>\n<p><strong>Informaci\u00f3n cedida gentileza de BRA\u00ae y Monix\u00ae.<\/strong><\/p>","protected":false},"excerpt":{"rendered":"<p>&nbsp; La cafetera italiana o tamb\u00e9 coneguda com a Moka o expr\u00e9s, \u00e9s la cafetera per fer caf\u00e8 a casa d&#8217;una manera m\u00e9s simple i econ\u00f2mica. En aquest article t&#8217;explicarem els passos perqu\u00e8 la teva cafetera duri m\u00e9s temps, i a m\u00e9s, el caf\u00e8 que en surti d&#8217;all\u00f2 m\u00e9s exquisit. Tant si l&#8217;utilitzes habitualment, com [&hellip;]<\/p>\n","protected":false},"author":1,"featured_media":5633,"comment_status":"closed","ping_status":"open","sticky":false,"template":"","format":"standard","meta":{"_acf_changed":false,"inline_featured_image":false,"footnotes":""},"categories":[1],"tags":[],"class_list":["post-5632","post","type-post","status-publish","format-standard","has-post-thumbnail","hentry","category-noticies"],"acf":[],"yoast_head":"<!-- This site is optimized with the Yoast SEO plugin v25.5 - https:\/\/yoast.com\/wordpress\/plugins\/seo\/ -->\n<title>Com hem de netejar una cafetera italiana? - Gremi del Caf\u00e8, torradors de Catalunya<\/title>\n<meta name=\"robots\" content=\"index, follow, max-snippet:-1, max-image-preview:large, max-video-preview:-1\" \/>\n<link rel=\"canonical\" href=\"https:\/\/gremicafe.cat\/es\/2021\/01\/15\/com-hem-de-netejar-una-cafetera-italiana\/\" \/>\n<meta property=\"og:locale\" content=\"es_ES\" \/>\n<meta property=\"og:type\" content=\"article\" \/>\n<meta property=\"og:title\" content=\"Com hem de netejar una cafetera italiana? - Gremi del Caf\u00e8, torradors de Catalunya\" \/>\n<meta property=\"og:description\" content=\"&nbsp; La cafetera italiana o tamb\u00e9 coneguda com a Moka o expr\u00e9s, \u00e9s la cafetera per fer caf\u00e8 a casa d&#8217;una manera m\u00e9s simple i econ\u00f2mica. En aquest article t&#8217;explicarem els passos perqu\u00e8 la teva cafetera duri m\u00e9s temps, i a m\u00e9s, el caf\u00e8 que en surti d&#8217;all\u00f2 m\u00e9s exquisit. Tant si l&#8217;utilitzes habitualment, com [&hellip;]\" \/>\n<meta property=\"og:url\" content=\"https:\/\/gremicafe.cat\/es\/2021\/01\/15\/com-hem-de-netejar-una-cafetera-italiana\/\" \/>\n<meta property=\"og:site_name\" content=\"Gremi del Caf\u00e8, torradors de Catalunya\" \/>\n<meta property=\"article:publisher\" content=\"https:\/\/www.facebook.com\/gremicafecat\" \/>\n<meta property=\"article:published_time\" content=\"2021-01-15T09:39:04+00:00\" \/>\n<meta property=\"article:modified_time\" content=\"2021-01-15T10:08:07+00:00\" \/>\n<meta property=\"og:image\" content=\"https:\/\/gremicafe.cat\/wp-content\/uploads\/2021\/01\/cafetera-italiana-moka-scaled.jpg\" \/>\n\t<meta property=\"og:image:width\" content=\"2560\" \/>\n\t<meta property=\"og:image:height\" content=\"1826\" \/>\n\t<meta property=\"og:image:type\" content=\"image\/jpeg\" \/>\n<meta name=\"author\" content=\"gremicafe\" \/>\n<meta name=\"twitter:card\" content=\"summary_large_image\" \/>\n<meta name=\"twitter:creator\" content=\"@gremicafecat\" \/>\n<meta name=\"twitter:site\" content=\"@gremicafecat\" \/>\n<meta name=\"twitter:label1\" content=\"Escrito por\" \/>\n\t<meta name=\"twitter:data1\" content=\"gremicafe\" \/>\n\t<meta name=\"twitter:label2\" content=\"Tiempo de lectura\" \/>\n\t<meta name=\"twitter:data2\" content=\"3 minutos\" \/>\n<script type=\"application\/ld+json\" class=\"yoast-schema-graph\">{\"@context\":\"https:\/\/schema.org\",\"@graph\":[{\"@type\":\"Article\",\"@id\":\"https:\/\/gremicafe.cat\/2021\/01\/15\/com-hem-de-netejar-una-cafetera-italiana\/#article\",\"isPartOf\":{\"@id\":\"https:\/\/gremicafe.cat\/2021\/01\/15\/com-hem-de-netejar-una-cafetera-italiana\/\"},\"author\":{\"name\":\"gremicafe\",\"@id\":\"https:\/\/gremicafe.cat\/#\/schema\/person\/dabfdbb3d0fa36260855a380f94e4733\"},\"headline\":\"Com hem de netejar una cafetera italiana?\",\"datePublished\":\"2021-01-15T09:39:04+00:00\",\"dateModified\":\"2021-01-15T10:08:07+00:00\",\"mainEntityOfPage\":{\"@id\":\"https:\/\/gremicafe.cat\/2021\/01\/15\/com-hem-de-netejar-una-cafetera-italiana\/\"},\"wordCount\":549,\"publisher\":{\"@id\":\"https:\/\/gremicafe.cat\/#organization\"},\"image\":{\"@id\":\"https:\/\/gremicafe.cat\/2021\/01\/15\/com-hem-de-netejar-una-cafetera-italiana\/#primaryimage\"},\"thumbnailUrl\":\"https:\/\/gremicafe.cat\/wp-content\/uploads\/2021\/01\/cafetera-italiana-moka-scaled.jpg\",\"articleSection\":[\"Not\u00edcies\"],\"inLanguage\":\"es\"},{\"@type\":\"WebPage\",\"@id\":\"https:\/\/gremicafe.cat\/2021\/01\/15\/com-hem-de-netejar-una-cafetera-italiana\/\",\"url\":\"https:\/\/gremicafe.cat\/2021\/01\/15\/com-hem-de-netejar-una-cafetera-italiana\/\",\"name\":\"Com hem de netejar una cafetera italiana? - Gremi del Caf\u00e8, torradors de Catalunya\",\"isPartOf\":{\"@id\":\"https:\/\/gremicafe.cat\/#website\"},\"primaryImageOfPage\":{\"@id\":\"https:\/\/gremicafe.cat\/2021\/01\/15\/com-hem-de-netejar-una-cafetera-italiana\/#primaryimage\"},\"image\":{\"@id\":\"https:\/\/gremicafe.cat\/2021\/01\/15\/com-hem-de-netejar-una-cafetera-italiana\/#primaryimage\"},\"thumbnailUrl\":\"https:\/\/gremicafe.cat\/wp-content\/uploads\/2021\/01\/cafetera-italiana-moka-scaled.jpg\",\"datePublished\":\"2021-01-15T09:39:04+00:00\",\"dateModified\":\"2021-01-15T10:08:07+00:00\",\"breadcrumb\":{\"@id\":\"https:\/\/gremicafe.cat\/2021\/01\/15\/com-hem-de-netejar-una-cafetera-italiana\/#breadcrumb\"},\"inLanguage\":\"es\",\"potentialAction\":[{\"@type\":\"ReadAction\",\"target\":[\"https:\/\/gremicafe.cat\/2021\/01\/15\/com-hem-de-netejar-una-cafetera-italiana\/\"]}]},{\"@type\":\"ImageObject\",\"inLanguage\":\"es\",\"@id\":\"https:\/\/gremicafe.cat\/2021\/01\/15\/com-hem-de-netejar-una-cafetera-italiana\/#primaryimage\",\"url\":\"https:\/\/gremicafe.cat\/wp-content\/uploads\/2021\/01\/cafetera-italiana-moka-scaled.jpg\",\"contentUrl\":\"https:\/\/gremicafe.cat\/wp-content\/uploads\/2021\/01\/cafetera-italiana-moka-scaled.jpg\",\"width\":2560,\"height\":1826,\"caption\":\"gremicafe cafetera italiana\"},{\"@type\":\"BreadcrumbList\",\"@id\":\"https:\/\/gremicafe.cat\/2021\/01\/15\/com-hem-de-netejar-una-cafetera-italiana\/#breadcrumb\",\"itemListElement\":[{\"@type\":\"ListItem\",\"position\":1,\"name\":\"Inici\",\"item\":\"https:\/\/gremicafe.cat\/\"},{\"@type\":\"ListItem\",\"position\":2,\"name\":\"Com hem de netejar una cafetera italiana?\"}]},{\"@type\":\"WebSite\",\"@id\":\"https:\/\/gremicafe.cat\/#website\",\"url\":\"https:\/\/gremicafe.cat\/\",\"name\":\"Gremi del Caf\u00e8, torradors de Catalunya\",\"description\":\"Web oficial del gremi de torradors de caf\u00e8 de Catalunya\",\"publisher\":{\"@id\":\"https:\/\/gremicafe.cat\/#organization\"},\"potentialAction\":[{\"@type\":\"SearchAction\",\"target\":{\"@type\":\"EntryPoint\",\"urlTemplate\":\"https:\/\/gremicafe.cat\/?s={search_term_string}\"},\"query-input\":{\"@type\":\"PropertyValueSpecification\",\"valueRequired\":true,\"valueName\":\"search_term_string\"}}],\"inLanguage\":\"es\"},{\"@type\":\"Organization\",\"@id\":\"https:\/\/gremicafe.cat\/#organization\",\"name\":\"Gremi del Caf\u00e8, Torradors de Catalunya\",\"url\":\"https:\/\/gremicafe.cat\/\",\"logo\":{\"@type\":\"ImageObject\",\"inLanguage\":\"es\",\"@id\":\"https:\/\/gremicafe.cat\/#\/schema\/logo\/image\/\",\"url\":\"https:\/\/gremicafe.cat\/wp-content\/uploads\/2018\/03\/gremicafe-logo250.png\",\"contentUrl\":\"https:\/\/gremicafe.cat\/wp-content\/uploads\/2018\/03\/gremicafe-logo250.png\",\"width\":250,\"height\":49,\"caption\":\"Gremi del Caf\u00e8, Torradors de Catalunya\"},\"image\":{\"@id\":\"https:\/\/gremicafe.cat\/#\/schema\/logo\/image\/\"},\"sameAs\":[\"https:\/\/www.facebook.com\/gremicafecat\",\"https:\/\/x.com\/gremicafecat\",\"https:\/\/www.instagram.com\/gremicafecat\/\",\"https:\/\/www.pinterest.es\/gremicafecat\/\",\"https:\/\/www.youtube.com\/channel\/UCGLo5Y35vLwLvP4FrPZrCrw\/\"]},{\"@type\":\"Person\",\"@id\":\"https:\/\/gremicafe.cat\/#\/schema\/person\/dabfdbb3d0fa36260855a380f94e4733\",\"name\":\"gremicafe\",\"image\":{\"@type\":\"ImageObject\",\"inLanguage\":\"es\",\"@id\":\"https:\/\/gremicafe.cat\/#\/schema\/person\/image\/\",\"url\":\"https:\/\/secure.gravatar.com\/avatar\/e59baa4ca8f6f97576d6375fb6d3c8f0?s=96&d=mm&r=g\",\"contentUrl\":\"https:\/\/secure.gravatar.com\/avatar\/e59baa4ca8f6f97576d6375fb6d3c8f0?s=96&d=mm&r=g\",\"caption\":\"gremicafe\"}}]}<\/script>\n<!-- \/ Yoast SEO plugin. -->","yoast_head_json":{"title":"Com hem de netejar una cafetera italiana? - Gremi del Caf\u00e8, torradors de Catalunya","robots":{"index":"index","follow":"follow","max-snippet":"max-snippet:-1","max-image-preview":"max-image-preview:large","max-video-preview":"max-video-preview:-1"},"canonical":"https:\/\/gremicafe.cat\/es\/2021\/01\/15\/com-hem-de-netejar-una-cafetera-italiana\/","og_locale":"es_ES","og_type":"article","og_title":"Com hem de netejar una cafetera italiana? - Gremi del Caf\u00e8, torradors de Catalunya","og_description":"&nbsp; La cafetera italiana o tamb\u00e9 coneguda com a Moka o expr\u00e9s, \u00e9s la cafetera per fer caf\u00e8 a casa d&#8217;una manera m\u00e9s simple i econ\u00f2mica. En aquest article t&#8217;explicarem els passos perqu\u00e8 la teva cafetera duri m\u00e9s temps, i a m\u00e9s, el caf\u00e8 que en surti d&#8217;all\u00f2 m\u00e9s exquisit. Tant si l&#8217;utilitzes habitualment, com [&hellip;]","og_url":"https:\/\/gremicafe.cat\/es\/2021\/01\/15\/com-hem-de-netejar-una-cafetera-italiana\/","og_site_name":"Gremi del Caf\u00e8, torradors de Catalunya","article_publisher":"https:\/\/www.facebook.com\/gremicafecat","article_published_time":"2021-01-15T09:39:04+00:00","article_modified_time":"2021-01-15T10:08:07+00:00","og_image":[{"width":2560,"height":1826,"url":"https:\/\/gremicafe.cat\/wp-content\/uploads\/2021\/01\/cafetera-italiana-moka-scaled.jpg","type":"image\/jpeg"}],"author":"gremicafe","twitter_card":"summary_large_image","twitter_creator":"@gremicafecat","twitter_site":"@gremicafecat","twitter_misc":{"Escrito por":"gremicafe","Tiempo de lectura":"3 minutos"},"schema":{"@context":"https:\/\/schema.org","@graph":[{"@type":"Article","@id":"https:\/\/gremicafe.cat\/2021\/01\/15\/com-hem-de-netejar-una-cafetera-italiana\/#article","isPartOf":{"@id":"https:\/\/gremicafe.cat\/2021\/01\/15\/com-hem-de-netejar-una-cafetera-italiana\/"},"author":{"name":"gremicafe","@id":"https:\/\/gremicafe.cat\/#\/schema\/person\/dabfdbb3d0fa36260855a380f94e4733"},"headline":"Com hem de netejar una cafetera italiana?","datePublished":"2021-01-15T09:39:04+00:00","dateModified":"2021-01-15T10:08:07+00:00","mainEntityOfPage":{"@id":"https:\/\/gremicafe.cat\/2021\/01\/15\/com-hem-de-netejar-una-cafetera-italiana\/"},"wordCount":549,"publisher":{"@id":"https:\/\/gremicafe.cat\/#organization"},"image":{"@id":"https:\/\/gremicafe.cat\/2021\/01\/15\/com-hem-de-netejar-una-cafetera-italiana\/#primaryimage"},"thumbnailUrl":"https:\/\/gremicafe.cat\/wp-content\/uploads\/2021\/01\/cafetera-italiana-moka-scaled.jpg","articleSection":["Not\u00edcies"],"inLanguage":"es"},{"@type":"WebPage","@id":"https:\/\/gremicafe.cat\/2021\/01\/15\/com-hem-de-netejar-una-cafetera-italiana\/","url":"https:\/\/gremicafe.cat\/2021\/01\/15\/com-hem-de-netejar-una-cafetera-italiana\/","name":"Com hem de netejar una cafetera italiana? - Gremi del Caf\u00e8, torradors de Catalunya","isPartOf":{"@id":"https:\/\/gremicafe.cat\/#website"},"primaryImageOfPage":{"@id":"https:\/\/gremicafe.cat\/2021\/01\/15\/com-hem-de-netejar-una-cafetera-italiana\/#primaryimage"},"image":{"@id":"https:\/\/gremicafe.cat\/2021\/01\/15\/com-hem-de-netejar-una-cafetera-italiana\/#primaryimage"},"thumbnailUrl":"https:\/\/gremicafe.cat\/wp-content\/uploads\/2021\/01\/cafetera-italiana-moka-scaled.jpg","datePublished":"2021-01-15T09:39:04+00:00","dateModified":"2021-01-15T10:08:07+00:00","breadcrumb":{"@id":"https:\/\/gremicafe.cat\/2021\/01\/15\/com-hem-de-netejar-una-cafetera-italiana\/#breadcrumb"},"inLanguage":"es","potentialAction":[{"@type":"ReadAction","target":["https:\/\/gremicafe.cat\/2021\/01\/15\/com-hem-de-netejar-una-cafetera-italiana\/"]}]},{"@type":"ImageObject","inLanguage":"es","@id":"https:\/\/gremicafe.cat\/2021\/01\/15\/com-hem-de-netejar-una-cafetera-italiana\/#primaryimage","url":"https:\/\/gremicafe.cat\/wp-content\/uploads\/2021\/01\/cafetera-italiana-moka-scaled.jpg","contentUrl":"https:\/\/gremicafe.cat\/wp-content\/uploads\/2021\/01\/cafetera-italiana-moka-scaled.jpg","width":2560,"height":1826,"caption":"gremicafe cafetera italiana"},{"@type":"BreadcrumbList","@id":"https:\/\/gremicafe.cat\/2021\/01\/15\/com-hem-de-netejar-una-cafetera-italiana\/#breadcrumb","itemListElement":[{"@type":"ListItem","position":1,"name":"Inici","item":"https:\/\/gremicafe.cat\/"},{"@type":"ListItem","position":2,"name":"Com hem de netejar una cafetera italiana?"}]},{"@type":"WebSite","@id":"https:\/\/gremicafe.cat\/#website","url":"https:\/\/gremicafe.cat\/","name":"Gremio del Caf\u00e9, tostadores de Catalu\u00f1a","description":"Web oficial del gremio de tostadores de caf\u00e9 de Catalunya","publisher":{"@id":"https:\/\/gremicafe.cat\/#organization"},"potentialAction":[{"@type":"SearchAction","target":{"@type":"EntryPoint","urlTemplate":"https:\/\/gremicafe.cat\/?s={search_term_string}"},"query-input":{"@type":"PropertyValueSpecification","valueRequired":true,"valueName":"search_term_string"}}],"inLanguage":"es"},{"@type":"Organization","@id":"https:\/\/gremicafe.cat\/#organization","name":"Gremio del Caf\u00e9, Tostadores de Catalu\u00f1a","url":"https:\/\/gremicafe.cat\/","logo":{"@type":"ImageObject","inLanguage":"es","@id":"https:\/\/gremicafe.cat\/#\/schema\/logo\/image\/","url":"https:\/\/gremicafe.cat\/wp-content\/uploads\/2018\/03\/gremicafe-logo250.png","contentUrl":"https:\/\/gremicafe.cat\/wp-content\/uploads\/2018\/03\/gremicafe-logo250.png","width":250,"height":49,"caption":"Gremi del Caf\u00e8, Torradors de Catalunya"},"image":{"@id":"https:\/\/gremicafe.cat\/#\/schema\/logo\/image\/"},"sameAs":["https:\/\/www.facebook.com\/gremicafecat","https:\/\/x.com\/gremicafecat","https:\/\/www.instagram.com\/gremicafecat\/","https:\/\/www.pinterest.es\/gremicafecat\/","https:\/\/www.youtube.com\/channel\/UCGLo5Y35vLwLvP4FrPZrCrw\/"]},{"@type":"Person","@id":"https:\/\/gremicafe.cat\/#\/schema\/person\/dabfdbb3d0fa36260855a380f94e4733","name":"gremicafe","image":{"@type":"ImageObject","inLanguage":"es","@id":"https:\/\/gremicafe.cat\/#\/schema\/person\/image\/","url":"https:\/\/secure.gravatar.com\/avatar\/e59baa4ca8f6f97576d6375fb6d3c8f0?s=96&d=mm&r=g","contentUrl":"https:\/\/secure.gravatar.com\/avatar\/e59baa4ca8f6f97576d6375fb6d3c8f0?s=96&d=mm&r=g","caption":"gremicafe"}}]}},"_links":{"self":[{"href":"https:\/\/gremicafe.cat\/es\/wp-json\/wp\/v2\/posts\/5632"}],"collection":[{"href":"https:\/\/gremicafe.cat\/es\/wp-json\/wp\/v2\/posts"}],"about":[{"href":"https:\/\/gremicafe.cat\/es\/wp-json\/wp\/v2\/types\/post"}],"author":[{"embeddable":true,"href":"https:\/\/gremicafe.cat\/es\/wp-json\/wp\/v2\/users\/1"}],"replies":[{"embeddable":true,"href":"https:\/\/gremicafe.cat\/es\/wp-json\/wp\/v2\/comments?post=5632"}],"version-history":[{"count":0,"href":"https:\/\/gremicafe.cat\/es\/wp-json\/wp\/v2\/posts\/5632\/revisions"}],"wp:featuredmedia":[{"embeddable":true,"href":"https:\/\/gremicafe.cat\/es\/wp-json\/wp\/v2\/media\/5633"}],"wp:attachment":[{"href":"https:\/\/gremicafe.cat\/es\/wp-json\/wp\/v2\/media?parent=5632"}],"wp:term":[{"taxonomy":"category","embeddable":true,"href":"https:\/\/gremicafe.cat\/es\/wp-json\/wp\/v2\/categories?post=5632"},{"taxonomy":"post_tag","embeddable":true,"href":"https:\/\/gremicafe.cat\/es\/wp-json\/wp\/v2\/tags?post=5632"}],"curies":[{"name":"wp","href":"https:\/\/api.w.org\/{rel}","templated":true}]}}