{"id":5641,"date":"2021-01-26T16:05:01","date_gmt":"2021-01-26T14:05:01","guid":{"rendered":"https:\/\/gremicafe.cat\/?p=5641"},"modified":"2021-01-20T11:44:25","modified_gmt":"2021-01-20T09:44:25","slug":"una-nova-forma-davaluar-la-composicio-del-gra-de-cafe-despres-de-ser-torrat","status":"publish","type":"post","link":"https:\/\/gremicafe.cat\/es\/2021\/01\/26\/una-nova-forma-davaluar-la-composicio-del-gra-de-cafe-despres-de-ser-torrat\/","title":{"rendered":"Una nueva forma de evaluar la composici\u00f3n del grano de caf\u00e9 despu\u00e9s de ser tostado"},"content":{"rendered":"<p><img loading=\"lazy\" decoding=\"async\" class=\"aligncenter size-full wp-image-5643\" src=\"https:\/\/gremicafe.cat\/wp-content\/uploads\/2021\/01\/coffee-1044387_1280.jpg\" alt=\"nou metode avaluacio composicio gra cafe\" width=\"1280\" height=\"854\" srcset=\"https:\/\/gremicafe.cat\/wp-content\/uploads\/2021\/01\/coffee-1044387_1280.jpg 1280w, https:\/\/gremicafe.cat\/wp-content\/uploads\/2021\/01\/coffee-1044387_1280-768x512.jpg 768w, https:\/\/gremicafe.cat\/wp-content\/uploads\/2021\/01\/coffee-1044387_1280-1079x720.jpg 1079w\" sizes=\"(max-width: 1280px) 100vw, 1280px\" \/><\/p>\n<p>&nbsp;<\/p>\n<p>Seg\u00fan ha publicado la <a href=\"https:\/\/www.comunicaffe.com\/researchers-have-discovered-a-new-way-to-assess-coffee-bean-composition-after-roasting\/\"><strong>web Comunicaffe<\/strong><\/a>, unos investigadores han encontrado un <strong>nuevo m\u00e9todo para poder evaluar la composici\u00f3n del grano de caf\u00e9<\/strong> una vez \u00e9ste ha pasado por la fase de torrefacci\u00f3n.<\/p>\n<p class=\"p1\">Todo el mundo, en todo el mundo, busca un caf\u00e9 con unos aromas y sabores ya un precio razonable. Para satisfacer estas demandas del mercado, los tostadores de caf\u00e9 mezclan dos tipos de granos; el<span class=\"hiddenSpellError\">ar\u00e1bica<\/span>\u00a0y\u00a0<span class=\"hiddenGrammarError\">lo robusta<\/span>. Sin embargo, algunos utilizan m\u00e1s del tipo robusta, ya que hasta ahora, era dif\u00edcil determinar la composici\u00f3n del caf\u00e9 una vez ha sido tostado. Ahora, los investigadores que informan el\u00a0<strong><span class=\"hiddenSpellError\">Journal<\/span>\u00a0<span class=\"hiddenSpellError\">of<\/span>\u00a0<span class=\"hiddenSpellError\">Agricultural and<\/span>\u00a0<span class=\"hiddenSpellError\">Food<\/span>\u00a0<span class=\"hiddenSpellError\">Chemistry<\/span><\/strong>\u00a0<span class=\"hiddenGrammarError\">de <strong>ACS<\/strong><\/span>\u00a0han desarrollado una nueva forma de evaluar exactamente lo que hay en una taza de caf\u00e9.<\/p>\n<p>Ya sabemos que las mezclas de caf\u00e9 pueden tener buena calidad y sabor. Sin embargo, los granos de caf\u00e9 de tipo\u00a0<span class=\"hiddenSpellError\">ar\u00e1bica<\/span>\u00a0son m\u00e1s apreciados que otros tipos, en cuanto a que tengan un mayor valor de mercado, y en consecuencia las mezclas que dispongan de una mayor proporci\u00f3n de esta variedad. Es muy frecuente que los productores de caf\u00e9 diluyan sus mezclas con los granos de caf\u00e9 de tipo robusta, ya que son menos costosas, pero la proporci\u00f3n de las variedades son dif\u00edciles de discernir por los consumidores.<\/p>\n<p>Los m\u00e9todos conocidos, hasta ahora, para analizar la autenticaci\u00f3n del caf\u00e9 normalmente requieren mucha mano de obra y tiempo, o bien utilizan cloroformo para la extracci\u00f3n, lo que limita el tipo de compuestos que se pueden detectar.<\/p>\n<p>En algunos estudios, los investigadores utilizaron la espectroscopia de <strong>resonancia magn\u00e9tica nuclear<\/strong> (<span class=\"hiddenSpellError\">RMN<\/span>) para controlar la cantidad de 16-O-<span class=\"hiddenSpellError\">metilcafestol<\/span>\u00a0(16-OMC) en el caf\u00e9, pero las conclusiones no fueron concluyentes porque las concentraciones var\u00edan seg\u00fan la ubicaci\u00f3n geogr\u00e1fica y el cultivo. As\u00ed pues, los investigadores quisieron aprovechar el trabajo anterior con\u00a0<span class=\"hiddenSpellError\">RMN<\/span>\u00a0para evaluar la composici\u00f3n qu\u00edmica de cada variedad de grano de caf\u00e9 y confirmar las mezclas de muestras reales.<\/p>\n<p>Los investigadores realizaron el an\u00e1lisis de un conjunto de pruebas de caf\u00e9 puro y mezclas conocidas con metanol e identificaron los compuestos con\u00a0<span class=\"hiddenSpellError\">RMN<\/span>. Los resultados obtenidos fueron, 12 compuestos con concentraciones medibles y dos ten\u00edan cantidades significativamente distintas entre las variedades de caf\u00e9.<\/p>\n<p>Las concentraciones elevadas de 16-OMC eran exclusivas de robusta, mientras que las concentraciones elevadas de\u00a0<span class=\"hiddenSpellError\">cahewol<\/span>, un compuesto que otros investigadores encontraban previamente en granos de caf\u00e9, eran diferentes del<span class=\"hiddenSpellError\">\u00e1rabe<\/span>. Hubo una relaci\u00f3n directa y reproducible entre las concentraciones de 16-OMC y\u00a0<span class=\"hiddenSpellError\">cahewol<\/span>\u00a0encuentros en las mezclas de ambas variedades.<\/p>\n<p>A continuaci\u00f3n, el equipo midi\u00f3 los niveles de 16\u00a0<span class=\"hiddenSpellError\">OMC<\/span>\u00a0y\u00a0<span class=\"hiddenSpellError\">cahewol<\/span>, adem\u00e1s de otras mol\u00e9culas de sabor, en 292 muestras de productores de todo el mundo. Podr\u00edan autenticar el caf\u00e9 puro con \u00e9xito, incluso con concentraciones relativamente bajas de ambos compuestos indicadores.<\/p>\n<p>Para las muestras en las que se conoc\u00eda la composici\u00f3n de las mezclas en grano de caf\u00e9, las predicciones del equipo estaban dentro del 15% de la proporci\u00f3n real. El <strong>nuevo m\u00e9todo da lugar a una forma m\u00e1s robusta y fiable de verificar el caf\u00e9 sin adulterar<\/strong> y predecir las mezclas que los enfoques informados anteriormente, dicen los investigadores.<\/p>\n<p>&nbsp;<\/p>\n<p>&nbsp;<\/p>\n<p>&nbsp;<\/p>\n<p>Fuente de la noticia: <a href=\"https:\/\/www.comunicaffe.com\/researchers-have-discovered-a-new-way-to-assess-coffee-bean-composition-after-roasting\/\"><strong>web Comunicaffe<\/strong><\/a><\/p>\n<p>&nbsp;<\/p>\n<p>&nbsp;<\/p>\n<p>&nbsp;<\/p>","protected":false},"excerpt":{"rendered":"<p>&nbsp; Segons ha publicat la web Comunicaffe, uns investigadors han trobat un nou m\u00e8tode per poder avaluar la composici\u00f3 del gra de caf\u00e8 un cop aquest ha passat per la fase de torrefacci\u00f3. Tothom, arreu del m\u00f3n, busca un caf\u00e8 amb unes aromes i sabors i a un preu raonable. Per satisfer aquestes demandes del [&hellip;]<\/p>\n","protected":false},"author":1,"featured_media":5643,"comment_status":"closed","ping_status":"open","sticky":false,"template":"","format":"standard","meta":{"_acf_changed":false,"inline_featured_image":false,"footnotes":""},"categories":[1],"tags":[47,55,56,59,60,58,57],"class_list":["post-5641","post","type-post","status-publish","format-standard","has-post-thumbnail","hentry","category-noticies","tag-cafe","tag-cafe-arabica","tag-cafe-robusta","tag-cafe-torrat","tag-cafe-torrat-catalunya","tag-mescla-cafe","tag-metode-avaluacio-composicio-cafe"],"acf":[],"yoast_head":"<!-- This site is optimized with the Yoast SEO plugin v25.5 - https:\/\/yoast.com\/wordpress\/plugins\/seo\/ -->\n<title>Una nova forma d&#039;avaluar la composici\u00f3 del gra de caf\u00e8 despr\u00e9s de ser torrat - Gremi del Caf\u00e8, torradors de Catalunya<\/title>\n<meta name=\"robots\" content=\"index, follow, max-snippet:-1, max-image-preview:large, max-video-preview:-1\" \/>\n<link rel=\"canonical\" href=\"https:\/\/gremicafe.cat\/es\/2021\/01\/26\/una-nova-forma-davaluar-la-composicio-del-gra-de-cafe-despres-de-ser-torrat\/\" \/>\n<meta property=\"og:locale\" content=\"es_ES\" \/>\n<meta property=\"og:type\" content=\"article\" \/>\n<meta property=\"og:title\" content=\"Una nova forma d&#039;avaluar la composici\u00f3 del gra de caf\u00e8 despr\u00e9s de ser torrat - Gremi del Caf\u00e8, torradors de Catalunya\" \/>\n<meta property=\"og:description\" content=\"&nbsp; Segons ha publicat la web Comunicaffe, uns investigadors han trobat un nou m\u00e8tode per poder avaluar la composici\u00f3 del gra de caf\u00e8 un cop aquest ha passat per la fase de torrefacci\u00f3. Tothom, arreu del m\u00f3n, busca un caf\u00e8 amb unes aromes i sabors i a un preu raonable. Per satisfer aquestes demandes del [&hellip;]\" \/>\n<meta property=\"og:url\" content=\"https:\/\/gremicafe.cat\/es\/2021\/01\/26\/una-nova-forma-davaluar-la-composicio-del-gra-de-cafe-despres-de-ser-torrat\/\" \/>\n<meta property=\"og:site_name\" content=\"Gremi del Caf\u00e8, torradors de Catalunya\" \/>\n<meta property=\"article:publisher\" content=\"https:\/\/www.facebook.com\/gremicafecat\" \/>\n<meta property=\"article:published_time\" content=\"2021-01-26T14:05:01+00:00\" \/>\n<meta property=\"og:image\" content=\"https:\/\/gremicafe.cat\/wp-content\/uploads\/2021\/01\/coffee-1044387_1280.jpg\" \/>\n\t<meta property=\"og:image:width\" content=\"1280\" \/>\n\t<meta property=\"og:image:height\" content=\"854\" \/>\n\t<meta property=\"og:image:type\" content=\"image\/jpeg\" \/>\n<meta name=\"author\" content=\"gremicafe\" \/>\n<meta name=\"twitter:card\" content=\"summary_large_image\" \/>\n<meta name=\"twitter:creator\" content=\"@gremicafecat\" \/>\n<meta name=\"twitter:site\" content=\"@gremicafecat\" \/>\n<meta name=\"twitter:label1\" content=\"Escrito por\" \/>\n\t<meta name=\"twitter:data1\" content=\"gremicafe\" \/>\n\t<meta name=\"twitter:label2\" content=\"Tiempo de lectura\" \/>\n\t<meta name=\"twitter:data2\" content=\"3 minutos\" \/>\n<script type=\"application\/ld+json\" class=\"yoast-schema-graph\">{\"@context\":\"https:\/\/schema.org\",\"@graph\":[{\"@type\":\"Article\",\"@id\":\"https:\/\/gremicafe.cat\/2021\/01\/26\/una-nova-forma-davaluar-la-composicio-del-gra-de-cafe-despres-de-ser-torrat\/#article\",\"isPartOf\":{\"@id\":\"https:\/\/gremicafe.cat\/2021\/01\/26\/una-nova-forma-davaluar-la-composicio-del-gra-de-cafe-despres-de-ser-torrat\/\"},\"author\":{\"name\":\"gremicafe\",\"@id\":\"https:\/\/gremicafe.cat\/#\/schema\/person\/dabfdbb3d0fa36260855a380f94e4733\"},\"headline\":\"Una nova forma d&#8217;avaluar la composici\u00f3 del gra de caf\u00e8 despr\u00e9s de ser torrat\",\"datePublished\":\"2021-01-26T14:05:01+00:00\",\"mainEntityOfPage\":{\"@id\":\"https:\/\/gremicafe.cat\/2021\/01\/26\/una-nova-forma-davaluar-la-composicio-del-gra-de-cafe-despres-de-ser-torrat\/\"},\"wordCount\":581,\"publisher\":{\"@id\":\"https:\/\/gremicafe.cat\/#organization\"},\"image\":{\"@id\":\"https:\/\/gremicafe.cat\/2021\/01\/26\/una-nova-forma-davaluar-la-composicio-del-gra-de-cafe-despres-de-ser-torrat\/#primaryimage\"},\"thumbnailUrl\":\"https:\/\/gremicafe.cat\/wp-content\/uploads\/2021\/01\/coffee-1044387_1280.jpg\",\"keywords\":[\"cafe\",\"cafe arabica\",\"cafe robusta\",\"cafe torrat\",\"cafe torrat catalunya\",\"mescla cafe\",\"metode avaluacio composicio cafe\"],\"articleSection\":[\"Not\u00edcies\"],\"inLanguage\":\"es\"},{\"@type\":\"WebPage\",\"@id\":\"https:\/\/gremicafe.cat\/2021\/01\/26\/una-nova-forma-davaluar-la-composicio-del-gra-de-cafe-despres-de-ser-torrat\/\",\"url\":\"https:\/\/gremicafe.cat\/2021\/01\/26\/una-nova-forma-davaluar-la-composicio-del-gra-de-cafe-despres-de-ser-torrat\/\",\"name\":\"Una nova forma d'avaluar la composici\u00f3 del gra de caf\u00e8 despr\u00e9s de ser torrat - Gremi del Caf\u00e8, torradors de Catalunya\",\"isPartOf\":{\"@id\":\"https:\/\/gremicafe.cat\/#website\"},\"primaryImageOfPage\":{\"@id\":\"https:\/\/gremicafe.cat\/2021\/01\/26\/una-nova-forma-davaluar-la-composicio-del-gra-de-cafe-despres-de-ser-torrat\/#primaryimage\"},\"image\":{\"@id\":\"https:\/\/gremicafe.cat\/2021\/01\/26\/una-nova-forma-davaluar-la-composicio-del-gra-de-cafe-despres-de-ser-torrat\/#primaryimage\"},\"thumbnailUrl\":\"https:\/\/gremicafe.cat\/wp-content\/uploads\/2021\/01\/coffee-1044387_1280.jpg\",\"datePublished\":\"2021-01-26T14:05:01+00:00\",\"breadcrumb\":{\"@id\":\"https:\/\/gremicafe.cat\/2021\/01\/26\/una-nova-forma-davaluar-la-composicio-del-gra-de-cafe-despres-de-ser-torrat\/#breadcrumb\"},\"inLanguage\":\"es\",\"potentialAction\":[{\"@type\":\"ReadAction\",\"target\":[\"https:\/\/gremicafe.cat\/2021\/01\/26\/una-nova-forma-davaluar-la-composicio-del-gra-de-cafe-despres-de-ser-torrat\/\"]}]},{\"@type\":\"ImageObject\",\"inLanguage\":\"es\",\"@id\":\"https:\/\/gremicafe.cat\/2021\/01\/26\/una-nova-forma-davaluar-la-composicio-del-gra-de-cafe-despres-de-ser-torrat\/#primaryimage\",\"url\":\"https:\/\/gremicafe.cat\/wp-content\/uploads\/2021\/01\/coffee-1044387_1280.jpg\",\"contentUrl\":\"https:\/\/gremicafe.cat\/wp-content\/uploads\/2021\/01\/coffee-1044387_1280.jpg\",\"width\":1280,\"height\":854,\"caption\":\"nou metode avaluacio composicio gra cafe\"},{\"@type\":\"BreadcrumbList\",\"@id\":\"https:\/\/gremicafe.cat\/2021\/01\/26\/una-nova-forma-davaluar-la-composicio-del-gra-de-cafe-despres-de-ser-torrat\/#breadcrumb\",\"itemListElement\":[{\"@type\":\"ListItem\",\"position\":1,\"name\":\"Inici\",\"item\":\"https:\/\/gremicafe.cat\/\"},{\"@type\":\"ListItem\",\"position\":2,\"name\":\"Una nova forma d&#8217;avaluar la composici\u00f3 del gra de caf\u00e8 despr\u00e9s de ser torrat\"}]},{\"@type\":\"WebSite\",\"@id\":\"https:\/\/gremicafe.cat\/#website\",\"url\":\"https:\/\/gremicafe.cat\/\",\"name\":\"Gremi del Caf\u00e8, torradors de Catalunya\",\"description\":\"Web oficial del gremi de torradors de caf\u00e8 de Catalunya\",\"publisher\":{\"@id\":\"https:\/\/gremicafe.cat\/#organization\"},\"potentialAction\":[{\"@type\":\"SearchAction\",\"target\":{\"@type\":\"EntryPoint\",\"urlTemplate\":\"https:\/\/gremicafe.cat\/?s={search_term_string}\"},\"query-input\":{\"@type\":\"PropertyValueSpecification\",\"valueRequired\":true,\"valueName\":\"search_term_string\"}}],\"inLanguage\":\"es\"},{\"@type\":\"Organization\",\"@id\":\"https:\/\/gremicafe.cat\/#organization\",\"name\":\"Gremi del Caf\u00e8, Torradors de Catalunya\",\"url\":\"https:\/\/gremicafe.cat\/\",\"logo\":{\"@type\":\"ImageObject\",\"inLanguage\":\"es\",\"@id\":\"https:\/\/gremicafe.cat\/#\/schema\/logo\/image\/\",\"url\":\"https:\/\/gremicafe.cat\/wp-content\/uploads\/2018\/03\/gremicafe-logo250.png\",\"contentUrl\":\"https:\/\/gremicafe.cat\/wp-content\/uploads\/2018\/03\/gremicafe-logo250.png\",\"width\":250,\"height\":49,\"caption\":\"Gremi del Caf\u00e8, Torradors de Catalunya\"},\"image\":{\"@id\":\"https:\/\/gremicafe.cat\/#\/schema\/logo\/image\/\"},\"sameAs\":[\"https:\/\/www.facebook.com\/gremicafecat\",\"https:\/\/x.com\/gremicafecat\",\"https:\/\/www.instagram.com\/gremicafecat\/\",\"https:\/\/www.pinterest.es\/gremicafecat\/\",\"https:\/\/www.youtube.com\/channel\/UCGLo5Y35vLwLvP4FrPZrCrw\/\"]},{\"@type\":\"Person\",\"@id\":\"https:\/\/gremicafe.cat\/#\/schema\/person\/dabfdbb3d0fa36260855a380f94e4733\",\"name\":\"gremicafe\",\"image\":{\"@type\":\"ImageObject\",\"inLanguage\":\"es\",\"@id\":\"https:\/\/gremicafe.cat\/#\/schema\/person\/image\/\",\"url\":\"https:\/\/secure.gravatar.com\/avatar\/e59baa4ca8f6f97576d6375fb6d3c8f0?s=96&d=mm&r=g\",\"contentUrl\":\"https:\/\/secure.gravatar.com\/avatar\/e59baa4ca8f6f97576d6375fb6d3c8f0?s=96&d=mm&r=g\",\"caption\":\"gremicafe\"}}]}<\/script>\n<!-- \/ Yoast SEO plugin. -->","yoast_head_json":{"title":"Una nova forma d'avaluar la composici\u00f3 del gra de caf\u00e8 despr\u00e9s de ser torrat - Gremi del Caf\u00e8, torradors de Catalunya","robots":{"index":"index","follow":"follow","max-snippet":"max-snippet:-1","max-image-preview":"max-image-preview:large","max-video-preview":"max-video-preview:-1"},"canonical":"https:\/\/gremicafe.cat\/es\/2021\/01\/26\/una-nova-forma-davaluar-la-composicio-del-gra-de-cafe-despres-de-ser-torrat\/","og_locale":"es_ES","og_type":"article","og_title":"Una nova forma d'avaluar la composici\u00f3 del gra de caf\u00e8 despr\u00e9s de ser torrat - Gremi del Caf\u00e8, torradors de Catalunya","og_description":"&nbsp; Segons ha publicat la web Comunicaffe, uns investigadors han trobat un nou m\u00e8tode per poder avaluar la composici\u00f3 del gra de caf\u00e8 un cop aquest ha passat per la fase de torrefacci\u00f3. Tothom, arreu del m\u00f3n, busca un caf\u00e8 amb unes aromes i sabors i a un preu raonable. Per satisfer aquestes demandes del [&hellip;]","og_url":"https:\/\/gremicafe.cat\/es\/2021\/01\/26\/una-nova-forma-davaluar-la-composicio-del-gra-de-cafe-despres-de-ser-torrat\/","og_site_name":"Gremi del Caf\u00e8, torradors de Catalunya","article_publisher":"https:\/\/www.facebook.com\/gremicafecat","article_published_time":"2021-01-26T14:05:01+00:00","og_image":[{"width":1280,"height":854,"url":"https:\/\/gremicafe.cat\/wp-content\/uploads\/2021\/01\/coffee-1044387_1280.jpg","type":"image\/jpeg"}],"author":"gremicafe","twitter_card":"summary_large_image","twitter_creator":"@gremicafecat","twitter_site":"@gremicafecat","twitter_misc":{"Escrito por":"gremicafe","Tiempo de lectura":"3 minutos"},"schema":{"@context":"https:\/\/schema.org","@graph":[{"@type":"Article","@id":"https:\/\/gremicafe.cat\/2021\/01\/26\/una-nova-forma-davaluar-la-composicio-del-gra-de-cafe-despres-de-ser-torrat\/#article","isPartOf":{"@id":"https:\/\/gremicafe.cat\/2021\/01\/26\/una-nova-forma-davaluar-la-composicio-del-gra-de-cafe-despres-de-ser-torrat\/"},"author":{"name":"gremicafe","@id":"https:\/\/gremicafe.cat\/#\/schema\/person\/dabfdbb3d0fa36260855a380f94e4733"},"headline":"Una nova forma d&#8217;avaluar la composici\u00f3 del gra de caf\u00e8 despr\u00e9s de ser torrat","datePublished":"2021-01-26T14:05:01+00:00","mainEntityOfPage":{"@id":"https:\/\/gremicafe.cat\/2021\/01\/26\/una-nova-forma-davaluar-la-composicio-del-gra-de-cafe-despres-de-ser-torrat\/"},"wordCount":581,"publisher":{"@id":"https:\/\/gremicafe.cat\/#organization"},"image":{"@id":"https:\/\/gremicafe.cat\/2021\/01\/26\/una-nova-forma-davaluar-la-composicio-del-gra-de-cafe-despres-de-ser-torrat\/#primaryimage"},"thumbnailUrl":"https:\/\/gremicafe.cat\/wp-content\/uploads\/2021\/01\/coffee-1044387_1280.jpg","keywords":["cafe","cafe arabica","cafe robusta","cafe torrat","cafe torrat catalunya","mescla cafe","metode avaluacio composicio cafe"],"articleSection":["Not\u00edcies"],"inLanguage":"es"},{"@type":"WebPage","@id":"https:\/\/gremicafe.cat\/2021\/01\/26\/una-nova-forma-davaluar-la-composicio-del-gra-de-cafe-despres-de-ser-torrat\/","url":"https:\/\/gremicafe.cat\/2021\/01\/26\/una-nova-forma-davaluar-la-composicio-del-gra-de-cafe-despres-de-ser-torrat\/","name":"Una nova forma d'avaluar la composici\u00f3 del gra de caf\u00e8 despr\u00e9s de ser torrat - Gremi del Caf\u00e8, torradors de Catalunya","isPartOf":{"@id":"https:\/\/gremicafe.cat\/#website"},"primaryImageOfPage":{"@id":"https:\/\/gremicafe.cat\/2021\/01\/26\/una-nova-forma-davaluar-la-composicio-del-gra-de-cafe-despres-de-ser-torrat\/#primaryimage"},"image":{"@id":"https:\/\/gremicafe.cat\/2021\/01\/26\/una-nova-forma-davaluar-la-composicio-del-gra-de-cafe-despres-de-ser-torrat\/#primaryimage"},"thumbnailUrl":"https:\/\/gremicafe.cat\/wp-content\/uploads\/2021\/01\/coffee-1044387_1280.jpg","datePublished":"2021-01-26T14:05:01+00:00","breadcrumb":{"@id":"https:\/\/gremicafe.cat\/2021\/01\/26\/una-nova-forma-davaluar-la-composicio-del-gra-de-cafe-despres-de-ser-torrat\/#breadcrumb"},"inLanguage":"es","potentialAction":[{"@type":"ReadAction","target":["https:\/\/gremicafe.cat\/2021\/01\/26\/una-nova-forma-davaluar-la-composicio-del-gra-de-cafe-despres-de-ser-torrat\/"]}]},{"@type":"ImageObject","inLanguage":"es","@id":"https:\/\/gremicafe.cat\/2021\/01\/26\/una-nova-forma-davaluar-la-composicio-del-gra-de-cafe-despres-de-ser-torrat\/#primaryimage","url":"https:\/\/gremicafe.cat\/wp-content\/uploads\/2021\/01\/coffee-1044387_1280.jpg","contentUrl":"https:\/\/gremicafe.cat\/wp-content\/uploads\/2021\/01\/coffee-1044387_1280.jpg","width":1280,"height":854,"caption":"nou metode avaluacio composicio gra cafe"},{"@type":"BreadcrumbList","@id":"https:\/\/gremicafe.cat\/2021\/01\/26\/una-nova-forma-davaluar-la-composicio-del-gra-de-cafe-despres-de-ser-torrat\/#breadcrumb","itemListElement":[{"@type":"ListItem","position":1,"name":"Inici","item":"https:\/\/gremicafe.cat\/"},{"@type":"ListItem","position":2,"name":"Una nova forma d&#8217;avaluar la composici\u00f3 del gra de caf\u00e8 despr\u00e9s de ser torrat"}]},{"@type":"WebSite","@id":"https:\/\/gremicafe.cat\/#website","url":"https:\/\/gremicafe.cat\/","name":"Gremio del Caf\u00e9, tostadores de Catalu\u00f1a","description":"Web oficial del gremio de tostadores de caf\u00e9 de Catalunya","publisher":{"@id":"https:\/\/gremicafe.cat\/#organization"},"potentialAction":[{"@type":"SearchAction","target":{"@type":"EntryPoint","urlTemplate":"https:\/\/gremicafe.cat\/?s={search_term_string}"},"query-input":{"@type":"PropertyValueSpecification","valueRequired":true,"valueName":"search_term_string"}}],"inLanguage":"es"},{"@type":"Organization","@id":"https:\/\/gremicafe.cat\/#organization","name":"Gremio del Caf\u00e9, Tostadores de Catalu\u00f1a","url":"https:\/\/gremicafe.cat\/","logo":{"@type":"ImageObject","inLanguage":"es","@id":"https:\/\/gremicafe.cat\/#\/schema\/logo\/image\/","url":"https:\/\/gremicafe.cat\/wp-content\/uploads\/2018\/03\/gremicafe-logo250.png","contentUrl":"https:\/\/gremicafe.cat\/wp-content\/uploads\/2018\/03\/gremicafe-logo250.png","width":250,"height":49,"caption":"Gremi del Caf\u00e8, Torradors de Catalunya"},"image":{"@id":"https:\/\/gremicafe.cat\/#\/schema\/logo\/image\/"},"sameAs":["https:\/\/www.facebook.com\/gremicafecat","https:\/\/x.com\/gremicafecat","https:\/\/www.instagram.com\/gremicafecat\/","https:\/\/www.pinterest.es\/gremicafecat\/","https:\/\/www.youtube.com\/channel\/UCGLo5Y35vLwLvP4FrPZrCrw\/"]},{"@type":"Person","@id":"https:\/\/gremicafe.cat\/#\/schema\/person\/dabfdbb3d0fa36260855a380f94e4733","name":"gremicafe","image":{"@type":"ImageObject","inLanguage":"es","@id":"https:\/\/gremicafe.cat\/#\/schema\/person\/image\/","url":"https:\/\/secure.gravatar.com\/avatar\/e59baa4ca8f6f97576d6375fb6d3c8f0?s=96&d=mm&r=g","contentUrl":"https:\/\/secure.gravatar.com\/avatar\/e59baa4ca8f6f97576d6375fb6d3c8f0?s=96&d=mm&r=g","caption":"gremicafe"}}]}},"_links":{"self":[{"href":"https:\/\/gremicafe.cat\/es\/wp-json\/wp\/v2\/posts\/5641"}],"collection":[{"href":"https:\/\/gremicafe.cat\/es\/wp-json\/wp\/v2\/posts"}],"about":[{"href":"https:\/\/gremicafe.cat\/es\/wp-json\/wp\/v2\/types\/post"}],"author":[{"embeddable":true,"href":"https:\/\/gremicafe.cat\/es\/wp-json\/wp\/v2\/users\/1"}],"replies":[{"embeddable":true,"href":"https:\/\/gremicafe.cat\/es\/wp-json\/wp\/v2\/comments?post=5641"}],"version-history":[{"count":0,"href":"https:\/\/gremicafe.cat\/es\/wp-json\/wp\/v2\/posts\/5641\/revisions"}],"wp:featuredmedia":[{"embeddable":true,"href":"https:\/\/gremicafe.cat\/es\/wp-json\/wp\/v2\/media\/5643"}],"wp:attachment":[{"href":"https:\/\/gremicafe.cat\/es\/wp-json\/wp\/v2\/media?parent=5641"}],"wp:term":[{"taxonomy":"category","embeddable":true,"href":"https:\/\/gremicafe.cat\/es\/wp-json\/wp\/v2\/categories?post=5641"},{"taxonomy":"post_tag","embeddable":true,"href":"https:\/\/gremicafe.cat\/es\/wp-json\/wp\/v2\/tags?post=5641"}],"curies":[{"name":"wp","href":"https:\/\/api.w.org\/{rel}","templated":true}]}}