{"id":5647,"date":"2020-12-29T18:27:46","date_gmt":"2020-12-29T16:27:46","guid":{"rendered":"https:\/\/gremicafe.cat\/?p=5647"},"modified":"2021-01-20T11:50:28","modified_gmt":"2021-01-20T09:50:28","slug":"incapto-lempresa-catalana-que-aposta-pel-cafe-en-gra","status":"publish","type":"post","link":"https:\/\/gremicafe.cat\/es\/2020\/12\/29\/incapto-lempresa-catalana-que-aposta-pel-cafe-en-gra\/","title":{"rendered":"Incapto, la empresa catalana que apuesta por el caf\u00e9 en grano"},"content":{"rendered":"<p><img loading=\"lazy\" decoding=\"async\" class=\"aligncenter size-full wp-image-5648\" src=\"https:\/\/gremicafe.cat\/wp-content\/uploads\/2021\/01\/incapto.jpeg\" alt=\"Incapto cafe\" width=\"1280\" height=\"1280\" srcset=\"https:\/\/gremicafe.cat\/wp-content\/uploads\/2021\/01\/incapto.jpeg 1280w, https:\/\/gremicafe.cat\/wp-content\/uploads\/2021\/01\/incapto-300x300.jpeg 300w, https:\/\/gremicafe.cat\/wp-content\/uploads\/2021\/01\/incapto-1160x1160.jpeg 1160w, https:\/\/gremicafe.cat\/wp-content\/uploads\/2021\/01\/incapto-150x150.jpeg 150w, https:\/\/gremicafe.cat\/wp-content\/uploads\/2021\/01\/incapto-768x768.jpeg 768w, https:\/\/gremicafe.cat\/wp-content\/uploads\/2021\/01\/incapto-720x720.jpeg 720w\" sizes=\"(max-width: 1280px) 100vw, 1280px\" \/><\/p>\n<p>&nbsp;<\/p>\n<p>En medio de la gran tendencia de los cafeteros de utilizar cafeteras de c\u00e1psulas, nace <strong>Incapto \u201cel caf\u00e9 que no se deja encapsular\u201d,<\/strong>\u00a0una nueva modalidad de consumir caf\u00e9 para combatir la elevada producci\u00f3n de las c\u00e1psulas de caf\u00e9 con el fin de <strong>reducir el impacto medioambiental<\/strong> y disfrutar de un buen caf\u00e9 reci\u00e9n molido.<\/p>\n<p><a href=\"https:\/\/incapto.com\/ca\/\" target=\"_blank\" rel=\"noopener\"><strong>Incapto<\/strong><\/a> es la nueva empresa fundada por <strong>Bea Mesas<\/strong> de <a href=\"https:\/\/cafeciano.com\/\" target=\"_blank\" rel=\"noopener\"><strong>Caf\u00e9s Ciano<\/strong><\/a>, Joaquim Marc y Francesc Font. Los 3 socios pusieron en marcha la iniciativa de eliminar las c\u00e1psulas de caf\u00e9, pero eso no es todo, tambi\u00e9n han facilitado que todos los cafeteros que lo quieran, puedan disfrutar de caf\u00e9 ecol\u00f3gico, comercio justo, reci\u00e9n molido y poder ahorrar en cada taza de caf\u00e9.<\/p>\n<p><img loading=\"lazy\" decoding=\"async\" class=\"alignleft wp-image-5649 size-medium\" src=\"https:\/\/gremicafe.cat\/wp-content\/uploads\/2021\/01\/cafetera-incapto-300x300.jpg\" alt=\"\" width=\"300\" height=\"300\" srcset=\"https:\/\/gremicafe.cat\/wp-content\/uploads\/2021\/01\/cafetera-incapto-300x300.jpg 300w, https:\/\/gremicafe.cat\/wp-content\/uploads\/2021\/01\/cafetera-incapto-1160x1160.jpg 1160w, https:\/\/gremicafe.cat\/wp-content\/uploads\/2021\/01\/cafetera-incapto-150x150.jpg 150w, https:\/\/gremicafe.cat\/wp-content\/uploads\/2021\/01\/cafetera-incapto-768x768.jpg 768w, https:\/\/gremicafe.cat\/wp-content\/uploads\/2021\/01\/cafetera-incapto-720x720.jpg 720w, https:\/\/gremicafe.cat\/wp-content\/uploads\/2021\/01\/cafetera-incapto.jpg 1200w\" sizes=\"(max-width: 300px) 100vw, 300px\" \/>A trav\u00e9s de su sistema de suscripci\u00f3n, obtienes una m\u00e1quina semiautom\u00e1tica que te mucho el caf\u00e9 en el momento, de una forma sencilla, r\u00e1pida y sin generar residuos.<\/p>\n<p>La cafetera tiene un coste de 249\u20ac, m\u00e1s la suscripci\u00f3n seleccionada seg\u00fan la cantidad de caf\u00e9 consumida al mes, la m\u00e1s econ\u00f3mica a partir de 12\u20ac.<\/p>\n<p>Sin duda, es una gran apuesta por facilitar el consumo de caf\u00e9 en grano, a la vez que permite disfrutar de caf\u00e9 reci\u00e9n tostado y mucho en tu casa o en el trabajo.<\/p>\n<p>&nbsp;<\/p>\n<p>&nbsp;<\/p>\n<p>&nbsp;<\/p>\n<p>&nbsp;<\/p>\n<p>&nbsp;<\/p>\n<p>&nbsp;<\/p>\n<p>&nbsp;<\/p>\n<p>Fotos: Incapto.<\/p>","protected":false},"excerpt":{"rendered":"<p>&nbsp; Enmig de la gran tend\u00e8ncia dels cafeters d&#8217;utilitzar cafeteres de c\u00e0psules, neix Incapto &#8220;el caf\u00e8 que no es deixa encapsular&#8221;,\u00a0una nova modalitat de consumir caf\u00e8 per combatre l&#8217;elevada producci\u00f3 de les c\u00e0psules de caf\u00e8 amb la finalitat de reduir l&#8217;impacte mediambiental i gaudir d&#8217;un bon caf\u00e8 acabat de moldre. Incapto \u00e9s la nova empresa [&hellip;]<\/p>\n","protected":false},"author":1,"featured_media":5648,"comment_status":"closed","ping_status":"open","sticky":false,"template":"","format":"standard","meta":{"_acf_changed":false,"inline_featured_image":false,"footnotes":""},"categories":[1],"tags":[],"class_list":["post-5647","post","type-post","status-publish","format-standard","has-post-thumbnail","hentry","category-noticies"],"acf":[],"yoast_head":"<!-- This site is optimized with the Yoast SEO plugin v25.5 - https:\/\/yoast.com\/wordpress\/plugins\/seo\/ -->\n<title>Incapto, l&#039;empresa catalana que aposta pel caf\u00e8 en gra - Gremi del Caf\u00e8, torradors de Catalunya<\/title>\n<meta name=\"robots\" content=\"index, follow, max-snippet:-1, max-image-preview:large, max-video-preview:-1\" \/>\n<link rel=\"canonical\" href=\"https:\/\/gremicafe.cat\/es\/2020\/12\/29\/incapto-lempresa-catalana-que-aposta-pel-cafe-en-gra\/\" \/>\n<meta property=\"og:locale\" content=\"es_ES\" \/>\n<meta property=\"og:type\" content=\"article\" \/>\n<meta property=\"og:title\" content=\"Incapto, l&#039;empresa catalana que aposta pel caf\u00e8 en gra - Gremi del Caf\u00e8, torradors de Catalunya\" \/>\n<meta property=\"og:description\" content=\"&nbsp; Enmig de la gran tend\u00e8ncia dels cafeters d&#8217;utilitzar cafeteres de c\u00e0psules, neix Incapto &#8220;el caf\u00e8 que no es deixa encapsular&#8221;,\u00a0una nova modalitat de consumir caf\u00e8 per combatre l&#8217;elevada producci\u00f3 de les c\u00e0psules de caf\u00e8 amb la finalitat de reduir l&#8217;impacte mediambiental i gaudir d&#8217;un bon caf\u00e8 acabat de moldre. Incapto \u00e9s la nova empresa [&hellip;]\" \/>\n<meta property=\"og:url\" content=\"https:\/\/gremicafe.cat\/es\/2020\/12\/29\/incapto-lempresa-catalana-que-aposta-pel-cafe-en-gra\/\" \/>\n<meta property=\"og:site_name\" content=\"Gremi del Caf\u00e8, torradors de Catalunya\" \/>\n<meta property=\"article:publisher\" content=\"https:\/\/www.facebook.com\/gremicafecat\" \/>\n<meta property=\"article:published_time\" content=\"2020-12-29T16:27:46+00:00\" \/>\n<meta property=\"article:modified_time\" content=\"2021-01-20T09:50:28+00:00\" \/>\n<meta property=\"og:image\" content=\"https:\/\/gremicafe.cat\/wp-content\/uploads\/2021\/01\/incapto.jpeg\" \/>\n\t<meta property=\"og:image:width\" content=\"1280\" \/>\n\t<meta property=\"og:image:height\" content=\"1280\" \/>\n\t<meta property=\"og:image:type\" content=\"image\/jpeg\" \/>\n<meta name=\"author\" content=\"gremicafe\" \/>\n<meta name=\"twitter:card\" content=\"summary_large_image\" \/>\n<meta name=\"twitter:creator\" content=\"@gremicafecat\" \/>\n<meta name=\"twitter:site\" content=\"@gremicafecat\" \/>\n<meta name=\"twitter:label1\" content=\"Escrito por\" \/>\n\t<meta name=\"twitter:data1\" content=\"gremicafe\" \/>\n\t<meta name=\"twitter:label2\" content=\"Tiempo de lectura\" \/>\n\t<meta name=\"twitter:data2\" content=\"1 minuto\" \/>\n<script type=\"application\/ld+json\" class=\"yoast-schema-graph\">{\"@context\":\"https:\/\/schema.org\",\"@graph\":[{\"@type\":\"Article\",\"@id\":\"https:\/\/gremicafe.cat\/2020\/12\/29\/incapto-lempresa-catalana-que-aposta-pel-cafe-en-gra\/#article\",\"isPartOf\":{\"@id\":\"https:\/\/gremicafe.cat\/2020\/12\/29\/incapto-lempresa-catalana-que-aposta-pel-cafe-en-gra\/\"},\"author\":{\"name\":\"gremicafe\",\"@id\":\"https:\/\/gremicafe.cat\/#\/schema\/person\/dabfdbb3d0fa36260855a380f94e4733\"},\"headline\":\"Incapto, l&#8217;empresa catalana que aposta pel caf\u00e8 en gra\",\"datePublished\":\"2020-12-29T16:27:46+00:00\",\"dateModified\":\"2021-01-20T09:50:28+00:00\",\"mainEntityOfPage\":{\"@id\":\"https:\/\/gremicafe.cat\/2020\/12\/29\/incapto-lempresa-catalana-que-aposta-pel-cafe-en-gra\/\"},\"wordCount\":227,\"publisher\":{\"@id\":\"https:\/\/gremicafe.cat\/#organization\"},\"image\":{\"@id\":\"https:\/\/gremicafe.cat\/2020\/12\/29\/incapto-lempresa-catalana-que-aposta-pel-cafe-en-gra\/#primaryimage\"},\"thumbnailUrl\":\"https:\/\/gremicafe.cat\/wp-content\/uploads\/2021\/01\/incapto.jpeg\",\"articleSection\":[\"Not\u00edcies\"],\"inLanguage\":\"es\"},{\"@type\":\"WebPage\",\"@id\":\"https:\/\/gremicafe.cat\/2020\/12\/29\/incapto-lempresa-catalana-que-aposta-pel-cafe-en-gra\/\",\"url\":\"https:\/\/gremicafe.cat\/2020\/12\/29\/incapto-lempresa-catalana-que-aposta-pel-cafe-en-gra\/\",\"name\":\"Incapto, l'empresa catalana que aposta pel caf\u00e8 en gra - Gremi del Caf\u00e8, torradors de Catalunya\",\"isPartOf\":{\"@id\":\"https:\/\/gremicafe.cat\/#website\"},\"primaryImageOfPage\":{\"@id\":\"https:\/\/gremicafe.cat\/2020\/12\/29\/incapto-lempresa-catalana-que-aposta-pel-cafe-en-gra\/#primaryimage\"},\"image\":{\"@id\":\"https:\/\/gremicafe.cat\/2020\/12\/29\/incapto-lempresa-catalana-que-aposta-pel-cafe-en-gra\/#primaryimage\"},\"thumbnailUrl\":\"https:\/\/gremicafe.cat\/wp-content\/uploads\/2021\/01\/incapto.jpeg\",\"datePublished\":\"2020-12-29T16:27:46+00:00\",\"dateModified\":\"2021-01-20T09:50:28+00:00\",\"breadcrumb\":{\"@id\":\"https:\/\/gremicafe.cat\/2020\/12\/29\/incapto-lempresa-catalana-que-aposta-pel-cafe-en-gra\/#breadcrumb\"},\"inLanguage\":\"es\",\"potentialAction\":[{\"@type\":\"ReadAction\",\"target\":[\"https:\/\/gremicafe.cat\/2020\/12\/29\/incapto-lempresa-catalana-que-aposta-pel-cafe-en-gra\/\"]}]},{\"@type\":\"ImageObject\",\"inLanguage\":\"es\",\"@id\":\"https:\/\/gremicafe.cat\/2020\/12\/29\/incapto-lempresa-catalana-que-aposta-pel-cafe-en-gra\/#primaryimage\",\"url\":\"https:\/\/gremicafe.cat\/wp-content\/uploads\/2021\/01\/incapto.jpeg\",\"contentUrl\":\"https:\/\/gremicafe.cat\/wp-content\/uploads\/2021\/01\/incapto.jpeg\",\"width\":1280,\"height\":1280,\"caption\":\"Incapto cafe\"},{\"@type\":\"BreadcrumbList\",\"@id\":\"https:\/\/gremicafe.cat\/2020\/12\/29\/incapto-lempresa-catalana-que-aposta-pel-cafe-en-gra\/#breadcrumb\",\"itemListElement\":[{\"@type\":\"ListItem\",\"position\":1,\"name\":\"Inici\",\"item\":\"https:\/\/gremicafe.cat\/\"},{\"@type\":\"ListItem\",\"position\":2,\"name\":\"Incapto, l&#8217;empresa catalana que aposta pel caf\u00e8 en gra\"}]},{\"@type\":\"WebSite\",\"@id\":\"https:\/\/gremicafe.cat\/#website\",\"url\":\"https:\/\/gremicafe.cat\/\",\"name\":\"Gremi del Caf\u00e8, torradors de Catalunya\",\"description\":\"Web oficial del gremi de torradors de caf\u00e8 de Catalunya\",\"publisher\":{\"@id\":\"https:\/\/gremicafe.cat\/#organization\"},\"potentialAction\":[{\"@type\":\"SearchAction\",\"target\":{\"@type\":\"EntryPoint\",\"urlTemplate\":\"https:\/\/gremicafe.cat\/?s={search_term_string}\"},\"query-input\":{\"@type\":\"PropertyValueSpecification\",\"valueRequired\":true,\"valueName\":\"search_term_string\"}}],\"inLanguage\":\"es\"},{\"@type\":\"Organization\",\"@id\":\"https:\/\/gremicafe.cat\/#organization\",\"name\":\"Gremi del Caf\u00e8, Torradors de Catalunya\",\"url\":\"https:\/\/gremicafe.cat\/\",\"logo\":{\"@type\":\"ImageObject\",\"inLanguage\":\"es\",\"@id\":\"https:\/\/gremicafe.cat\/#\/schema\/logo\/image\/\",\"url\":\"https:\/\/gremicafe.cat\/wp-content\/uploads\/2018\/03\/gremicafe-logo250.png\",\"contentUrl\":\"https:\/\/gremicafe.cat\/wp-content\/uploads\/2018\/03\/gremicafe-logo250.png\",\"width\":250,\"height\":49,\"caption\":\"Gremi del Caf\u00e8, Torradors de Catalunya\"},\"image\":{\"@id\":\"https:\/\/gremicafe.cat\/#\/schema\/logo\/image\/\"},\"sameAs\":[\"https:\/\/www.facebook.com\/gremicafecat\",\"https:\/\/x.com\/gremicafecat\",\"https:\/\/www.instagram.com\/gremicafecat\/\",\"https:\/\/www.pinterest.es\/gremicafecat\/\",\"https:\/\/www.youtube.com\/channel\/UCGLo5Y35vLwLvP4FrPZrCrw\/\"]},{\"@type\":\"Person\",\"@id\":\"https:\/\/gremicafe.cat\/#\/schema\/person\/dabfdbb3d0fa36260855a380f94e4733\",\"name\":\"gremicafe\",\"image\":{\"@type\":\"ImageObject\",\"inLanguage\":\"es\",\"@id\":\"https:\/\/gremicafe.cat\/#\/schema\/person\/image\/\",\"url\":\"https:\/\/secure.gravatar.com\/avatar\/e59baa4ca8f6f97576d6375fb6d3c8f0?s=96&d=mm&r=g\",\"contentUrl\":\"https:\/\/secure.gravatar.com\/avatar\/e59baa4ca8f6f97576d6375fb6d3c8f0?s=96&d=mm&r=g\",\"caption\":\"gremicafe\"}}]}<\/script>\n<!-- \/ Yoast SEO plugin. -->","yoast_head_json":{"title":"Incapto, l'empresa catalana que aposta pel caf\u00e8 en gra - Gremi del Caf\u00e8, torradors de Catalunya","robots":{"index":"index","follow":"follow","max-snippet":"max-snippet:-1","max-image-preview":"max-image-preview:large","max-video-preview":"max-video-preview:-1"},"canonical":"https:\/\/gremicafe.cat\/es\/2020\/12\/29\/incapto-lempresa-catalana-que-aposta-pel-cafe-en-gra\/","og_locale":"es_ES","og_type":"article","og_title":"Incapto, l'empresa catalana que aposta pel caf\u00e8 en gra - Gremi del Caf\u00e8, torradors de Catalunya","og_description":"&nbsp; Enmig de la gran tend\u00e8ncia dels cafeters d&#8217;utilitzar cafeteres de c\u00e0psules, neix Incapto &#8220;el caf\u00e8 que no es deixa encapsular&#8221;,\u00a0una nova modalitat de consumir caf\u00e8 per combatre l&#8217;elevada producci\u00f3 de les c\u00e0psules de caf\u00e8 amb la finalitat de reduir l&#8217;impacte mediambiental i gaudir d&#8217;un bon caf\u00e8 acabat de moldre. Incapto \u00e9s la nova empresa [&hellip;]","og_url":"https:\/\/gremicafe.cat\/es\/2020\/12\/29\/incapto-lempresa-catalana-que-aposta-pel-cafe-en-gra\/","og_site_name":"Gremi del Caf\u00e8, torradors de Catalunya","article_publisher":"https:\/\/www.facebook.com\/gremicafecat","article_published_time":"2020-12-29T16:27:46+00:00","article_modified_time":"2021-01-20T09:50:28+00:00","og_image":[{"width":1280,"height":1280,"url":"https:\/\/gremicafe.cat\/wp-content\/uploads\/2021\/01\/incapto.jpeg","type":"image\/jpeg"}],"author":"gremicafe","twitter_card":"summary_large_image","twitter_creator":"@gremicafecat","twitter_site":"@gremicafecat","twitter_misc":{"Escrito por":"gremicafe","Tiempo de lectura":"1 minuto"},"schema":{"@context":"https:\/\/schema.org","@graph":[{"@type":"Article","@id":"https:\/\/gremicafe.cat\/2020\/12\/29\/incapto-lempresa-catalana-que-aposta-pel-cafe-en-gra\/#article","isPartOf":{"@id":"https:\/\/gremicafe.cat\/2020\/12\/29\/incapto-lempresa-catalana-que-aposta-pel-cafe-en-gra\/"},"author":{"name":"gremicafe","@id":"https:\/\/gremicafe.cat\/#\/schema\/person\/dabfdbb3d0fa36260855a380f94e4733"},"headline":"Incapto, l&#8217;empresa catalana que aposta pel caf\u00e8 en gra","datePublished":"2020-12-29T16:27:46+00:00","dateModified":"2021-01-20T09:50:28+00:00","mainEntityOfPage":{"@id":"https:\/\/gremicafe.cat\/2020\/12\/29\/incapto-lempresa-catalana-que-aposta-pel-cafe-en-gra\/"},"wordCount":227,"publisher":{"@id":"https:\/\/gremicafe.cat\/#organization"},"image":{"@id":"https:\/\/gremicafe.cat\/2020\/12\/29\/incapto-lempresa-catalana-que-aposta-pel-cafe-en-gra\/#primaryimage"},"thumbnailUrl":"https:\/\/gremicafe.cat\/wp-content\/uploads\/2021\/01\/incapto.jpeg","articleSection":["Not\u00edcies"],"inLanguage":"es"},{"@type":"WebPage","@id":"https:\/\/gremicafe.cat\/2020\/12\/29\/incapto-lempresa-catalana-que-aposta-pel-cafe-en-gra\/","url":"https:\/\/gremicafe.cat\/2020\/12\/29\/incapto-lempresa-catalana-que-aposta-pel-cafe-en-gra\/","name":"Incapto, l'empresa catalana que aposta pel caf\u00e8 en gra - Gremi del Caf\u00e8, torradors de Catalunya","isPartOf":{"@id":"https:\/\/gremicafe.cat\/#website"},"primaryImageOfPage":{"@id":"https:\/\/gremicafe.cat\/2020\/12\/29\/incapto-lempresa-catalana-que-aposta-pel-cafe-en-gra\/#primaryimage"},"image":{"@id":"https:\/\/gremicafe.cat\/2020\/12\/29\/incapto-lempresa-catalana-que-aposta-pel-cafe-en-gra\/#primaryimage"},"thumbnailUrl":"https:\/\/gremicafe.cat\/wp-content\/uploads\/2021\/01\/incapto.jpeg","datePublished":"2020-12-29T16:27:46+00:00","dateModified":"2021-01-20T09:50:28+00:00","breadcrumb":{"@id":"https:\/\/gremicafe.cat\/2020\/12\/29\/incapto-lempresa-catalana-que-aposta-pel-cafe-en-gra\/#breadcrumb"},"inLanguage":"es","potentialAction":[{"@type":"ReadAction","target":["https:\/\/gremicafe.cat\/2020\/12\/29\/incapto-lempresa-catalana-que-aposta-pel-cafe-en-gra\/"]}]},{"@type":"ImageObject","inLanguage":"es","@id":"https:\/\/gremicafe.cat\/2020\/12\/29\/incapto-lempresa-catalana-que-aposta-pel-cafe-en-gra\/#primaryimage","url":"https:\/\/gremicafe.cat\/wp-content\/uploads\/2021\/01\/incapto.jpeg","contentUrl":"https:\/\/gremicafe.cat\/wp-content\/uploads\/2021\/01\/incapto.jpeg","width":1280,"height":1280,"caption":"Incapto cafe"},{"@type":"BreadcrumbList","@id":"https:\/\/gremicafe.cat\/2020\/12\/29\/incapto-lempresa-catalana-que-aposta-pel-cafe-en-gra\/#breadcrumb","itemListElement":[{"@type":"ListItem","position":1,"name":"Inici","item":"https:\/\/gremicafe.cat\/"},{"@type":"ListItem","position":2,"name":"Incapto, l&#8217;empresa catalana que aposta pel caf\u00e8 en gra"}]},{"@type":"WebSite","@id":"https:\/\/gremicafe.cat\/#website","url":"https:\/\/gremicafe.cat\/","name":"Gremio del Caf\u00e9, tostadores de Catalu\u00f1a","description":"Web oficial del gremio de tostadores de caf\u00e9 de Catalunya","publisher":{"@id":"https:\/\/gremicafe.cat\/#organization"},"potentialAction":[{"@type":"SearchAction","target":{"@type":"EntryPoint","urlTemplate":"https:\/\/gremicafe.cat\/?s={search_term_string}"},"query-input":{"@type":"PropertyValueSpecification","valueRequired":true,"valueName":"search_term_string"}}],"inLanguage":"es"},{"@type":"Organization","@id":"https:\/\/gremicafe.cat\/#organization","name":"Gremio del Caf\u00e9, Tostadores de Catalu\u00f1a","url":"https:\/\/gremicafe.cat\/","logo":{"@type":"ImageObject","inLanguage":"es","@id":"https:\/\/gremicafe.cat\/#\/schema\/logo\/image\/","url":"https:\/\/gremicafe.cat\/wp-content\/uploads\/2018\/03\/gremicafe-logo250.png","contentUrl":"https:\/\/gremicafe.cat\/wp-content\/uploads\/2018\/03\/gremicafe-logo250.png","width":250,"height":49,"caption":"Gremi del Caf\u00e8, Torradors de Catalunya"},"image":{"@id":"https:\/\/gremicafe.cat\/#\/schema\/logo\/image\/"},"sameAs":["https:\/\/www.facebook.com\/gremicafecat","https:\/\/x.com\/gremicafecat","https:\/\/www.instagram.com\/gremicafecat\/","https:\/\/www.pinterest.es\/gremicafecat\/","https:\/\/www.youtube.com\/channel\/UCGLo5Y35vLwLvP4FrPZrCrw\/"]},{"@type":"Person","@id":"https:\/\/gremicafe.cat\/#\/schema\/person\/dabfdbb3d0fa36260855a380f94e4733","name":"gremicafe","image":{"@type":"ImageObject","inLanguage":"es","@id":"https:\/\/gremicafe.cat\/#\/schema\/person\/image\/","url":"https:\/\/secure.gravatar.com\/avatar\/e59baa4ca8f6f97576d6375fb6d3c8f0?s=96&d=mm&r=g","contentUrl":"https:\/\/secure.gravatar.com\/avatar\/e59baa4ca8f6f97576d6375fb6d3c8f0?s=96&d=mm&r=g","caption":"gremicafe"}}]}},"_links":{"self":[{"href":"https:\/\/gremicafe.cat\/es\/wp-json\/wp\/v2\/posts\/5647"}],"collection":[{"href":"https:\/\/gremicafe.cat\/es\/wp-json\/wp\/v2\/posts"}],"about":[{"href":"https:\/\/gremicafe.cat\/es\/wp-json\/wp\/v2\/types\/post"}],"author":[{"embeddable":true,"href":"https:\/\/gremicafe.cat\/es\/wp-json\/wp\/v2\/users\/1"}],"replies":[{"embeddable":true,"href":"https:\/\/gremicafe.cat\/es\/wp-json\/wp\/v2\/comments?post=5647"}],"version-history":[{"count":0,"href":"https:\/\/gremicafe.cat\/es\/wp-json\/wp\/v2\/posts\/5647\/revisions"}],"wp:featuredmedia":[{"embeddable":true,"href":"https:\/\/gremicafe.cat\/es\/wp-json\/wp\/v2\/media\/5648"}],"wp:attachment":[{"href":"https:\/\/gremicafe.cat\/es\/wp-json\/wp\/v2\/media?parent=5647"}],"wp:term":[{"taxonomy":"category","embeddable":true,"href":"https:\/\/gremicafe.cat\/es\/wp-json\/wp\/v2\/categories?post=5647"},{"taxonomy":"post_tag","embeddable":true,"href":"https:\/\/gremicafe.cat\/es\/wp-json\/wp\/v2\/tags?post=5647"}],"curies":[{"name":"wp","href":"https:\/\/api.w.org\/{rel}","templated":true}]}}