{"id":5654,"date":"2021-01-19T18:38:19","date_gmt":"2021-01-19T16:38:19","guid":{"rendered":"https:\/\/gremicafe.cat\/?p=5654"},"modified":"2021-01-21T12:11:51","modified_gmt":"2021-01-21T10:11:51","slug":"el-gremi-del-cafe-dona-suport-al-gremi-de-la-restauracio","status":"publish","type":"post","link":"https:\/\/gremicafe.cat\/es\/2021\/01\/19\/el-gremi-del-cafe-dona-suport-al-gremi-de-la-restauracio\/","title":{"rendered":"El Gremio del Caf\u00e9 apoya al Gremio de la Restauraci\u00f3n de Barcelona"},"content":{"rendered":"<p><img loading=\"lazy\" decoding=\"async\" class=\"aligncenter size-full wp-image-5656\" src=\"https:\/\/gremicafe.cat\/wp-content\/uploads\/2021\/01\/Captura-de-pantalla-2021-01-19-a-les-17.36.02.png\" alt=\"gremi restauracio barcelona video restauradors sense filtres\" width=\"1252\" height=\"631\" srcset=\"https:\/\/gremicafe.cat\/wp-content\/uploads\/2021\/01\/Captura-de-pantalla-2021-01-19-a-les-17.36.02.png 1252w, https:\/\/gremicafe.cat\/wp-content\/uploads\/2021\/01\/Captura-de-pantalla-2021-01-19-a-les-17.36.02-768x387.png 768w\" sizes=\"(max-width: 1252px) 100vw, 1252px\" \/><\/p>\n<p>&nbsp;<\/p>\n<p>Las medidas establecidas para combatir la pandemia de la COVID-19 han afectado duramente al sector de la restauraci\u00f3n. Por ello, el Gremio de Caf\u00e9 de Catalu\u00f1a quiere mostrar su apoyo al Gremio de la Restauraci\u00f3n de Barcelona, Tarragona, Lleida y Girona.<\/p>\n<p>A continuaci\u00f3n, el v\u00eddeo creado por el <a href=\"http:\/\/www.gremirestauracio.com\/\">Gremio de Restauraci\u00f3n de Barcelona<\/a> titulado \u201c<strong>RESTAURADORES SIN FILTRO<\/strong>\u201d para dar a conocer las dif\u00edciles situaciones y consecuencias que est\u00e1n sufriendo los propietarios de bares y restaurantes hasta la fecha.<\/p>\n<p>&nbsp;<\/p>\n<p><iframe loading=\"lazy\" src=\"https:\/\/www.youtube.com\/embed\/RcA95d9Zxoc\" width=\"560\" height=\"315\" frameborder=\"0\" allowfullscreen=\"allowfullscreen\"><\/iframe><\/p>","protected":false},"excerpt":{"rendered":"<p>&nbsp; Les mesures establertes per combatre la pand\u00e8mia de la COVID-19 han afectat durament al sector de la restauraci\u00f3. \u00c9s per aix\u00f2 que el Gremi de Caf\u00e8 de Catalunya vol mostrar el seu suport al Gremi de la Restauraci\u00f3 de Barcelona, Tarragona, Lleida i Girona. A continuaci\u00f3, el v\u00eddeo creat pel Gremi de Restauraci\u00f3 de [&hellip;]<\/p>\n","protected":false},"author":1,"featured_media":5656,"comment_status":"closed","ping_status":"open","sticky":false,"template":"","format":"standard","meta":{"_acf_changed":false,"inline_featured_image":false,"footnotes":""},"categories":[1],"tags":[],"class_list":["post-5654","post","type-post","status-publish","format-standard","has-post-thumbnail","hentry","category-noticies"],"acf":[],"yoast_head":"<!-- This site is optimized with the Yoast SEO plugin v25.5 - https:\/\/yoast.com\/wordpress\/plugins\/seo\/ -->\n<title>El Gremi del Caf\u00e8 d\u00f3na suport al Gremi de la Restauraci\u00f3 de Barcelona - Gremi del Caf\u00e8, torradors de Catalunya<\/title>\n<meta name=\"robots\" content=\"index, follow, max-snippet:-1, max-image-preview:large, max-video-preview:-1\" \/>\n<link rel=\"canonical\" href=\"https:\/\/gremicafe.cat\/es\/2021\/01\/19\/el-gremi-del-cafe-dona-suport-al-gremi-de-la-restauracio\/\" \/>\n<meta property=\"og:locale\" content=\"es_ES\" \/>\n<meta property=\"og:type\" content=\"article\" \/>\n<meta property=\"og:title\" content=\"El Gremi del Caf\u00e8 d\u00f3na suport al Gremi de la Restauraci\u00f3 de Barcelona - Gremi del Caf\u00e8, torradors de Catalunya\" \/>\n<meta property=\"og:description\" content=\"&nbsp; Les mesures establertes per combatre la pand\u00e8mia de la COVID-19 han afectat durament al sector de la restauraci\u00f3. \u00c9s per aix\u00f2 que el Gremi de Caf\u00e8 de Catalunya vol mostrar el seu suport al Gremi de la Restauraci\u00f3 de Barcelona, Tarragona, Lleida i Girona. A continuaci\u00f3, el v\u00eddeo creat pel Gremi de Restauraci\u00f3 de [&hellip;]\" \/>\n<meta property=\"og:url\" content=\"https:\/\/gremicafe.cat\/es\/2021\/01\/19\/el-gremi-del-cafe-dona-suport-al-gremi-de-la-restauracio\/\" \/>\n<meta property=\"og:site_name\" content=\"Gremi del Caf\u00e8, torradors de Catalunya\" \/>\n<meta property=\"article:publisher\" content=\"https:\/\/www.facebook.com\/gremicafecat\" \/>\n<meta property=\"article:published_time\" content=\"2021-01-19T16:38:19+00:00\" \/>\n<meta property=\"article:modified_time\" content=\"2021-01-21T10:11:51+00:00\" \/>\n<meta property=\"og:image\" content=\"https:\/\/gremicafe.cat\/wp-content\/uploads\/2021\/01\/Captura-de-pantalla-2021-01-19-a-les-17.36.02.png\" \/>\n\t<meta property=\"og:image:width\" content=\"1252\" \/>\n\t<meta property=\"og:image:height\" content=\"631\" \/>\n\t<meta property=\"og:image:type\" content=\"image\/png\" \/>\n<meta name=\"author\" content=\"gremicafe\" \/>\n<meta name=\"twitter:card\" content=\"summary_large_image\" \/>\n<meta name=\"twitter:creator\" content=\"@gremicafecat\" \/>\n<meta name=\"twitter:site\" content=\"@gremicafecat\" \/>\n<meta name=\"twitter:label1\" content=\"Escrito por\" \/>\n\t<meta name=\"twitter:data1\" content=\"gremicafe\" \/>\n<script type=\"application\/ld+json\" class=\"yoast-schema-graph\">{\"@context\":\"https:\/\/schema.org\",\"@graph\":[{\"@type\":\"Article\",\"@id\":\"https:\/\/gremicafe.cat\/2021\/01\/19\/el-gremi-del-cafe-dona-suport-al-gremi-de-la-restauracio\/#article\",\"isPartOf\":{\"@id\":\"https:\/\/gremicafe.cat\/2021\/01\/19\/el-gremi-del-cafe-dona-suport-al-gremi-de-la-restauracio\/\"},\"author\":{\"name\":\"gremicafe\",\"@id\":\"https:\/\/gremicafe.cat\/#\/schema\/person\/dabfdbb3d0fa36260855a380f94e4733\"},\"headline\":\"El Gremi del Caf\u00e8 d\u00f3na suport al Gremi de la Restauraci\u00f3 de Barcelona\",\"datePublished\":\"2021-01-19T16:38:19+00:00\",\"dateModified\":\"2021-01-21T10:11:51+00:00\",\"mainEntityOfPage\":{\"@id\":\"https:\/\/gremicafe.cat\/2021\/01\/19\/el-gremi-del-cafe-dona-suport-al-gremi-de-la-restauracio\/\"},\"wordCount\":101,\"publisher\":{\"@id\":\"https:\/\/gremicafe.cat\/#organization\"},\"image\":{\"@id\":\"https:\/\/gremicafe.cat\/2021\/01\/19\/el-gremi-del-cafe-dona-suport-al-gremi-de-la-restauracio\/#primaryimage\"},\"thumbnailUrl\":\"https:\/\/gremicafe.cat\/wp-content\/uploads\/2021\/01\/Captura-de-pantalla-2021-01-19-a-les-17.36.02.png\",\"articleSection\":[\"Not\u00edcies\"],\"inLanguage\":\"es\"},{\"@type\":\"WebPage\",\"@id\":\"https:\/\/gremicafe.cat\/2021\/01\/19\/el-gremi-del-cafe-dona-suport-al-gremi-de-la-restauracio\/\",\"url\":\"https:\/\/gremicafe.cat\/2021\/01\/19\/el-gremi-del-cafe-dona-suport-al-gremi-de-la-restauracio\/\",\"name\":\"El Gremi del Caf\u00e8 d\u00f3na suport al Gremi de la Restauraci\u00f3 de Barcelona - Gremi del Caf\u00e8, torradors de Catalunya\",\"isPartOf\":{\"@id\":\"https:\/\/gremicafe.cat\/#website\"},\"primaryImageOfPage\":{\"@id\":\"https:\/\/gremicafe.cat\/2021\/01\/19\/el-gremi-del-cafe-dona-suport-al-gremi-de-la-restauracio\/#primaryimage\"},\"image\":{\"@id\":\"https:\/\/gremicafe.cat\/2021\/01\/19\/el-gremi-del-cafe-dona-suport-al-gremi-de-la-restauracio\/#primaryimage\"},\"thumbnailUrl\":\"https:\/\/gremicafe.cat\/wp-content\/uploads\/2021\/01\/Captura-de-pantalla-2021-01-19-a-les-17.36.02.png\",\"datePublished\":\"2021-01-19T16:38:19+00:00\",\"dateModified\":\"2021-01-21T10:11:51+00:00\",\"breadcrumb\":{\"@id\":\"https:\/\/gremicafe.cat\/2021\/01\/19\/el-gremi-del-cafe-dona-suport-al-gremi-de-la-restauracio\/#breadcrumb\"},\"inLanguage\":\"es\",\"potentialAction\":[{\"@type\":\"ReadAction\",\"target\":[\"https:\/\/gremicafe.cat\/2021\/01\/19\/el-gremi-del-cafe-dona-suport-al-gremi-de-la-restauracio\/\"]}]},{\"@type\":\"ImageObject\",\"inLanguage\":\"es\",\"@id\":\"https:\/\/gremicafe.cat\/2021\/01\/19\/el-gremi-del-cafe-dona-suport-al-gremi-de-la-restauracio\/#primaryimage\",\"url\":\"https:\/\/gremicafe.cat\/wp-content\/uploads\/2021\/01\/Captura-de-pantalla-2021-01-19-a-les-17.36.02.png\",\"contentUrl\":\"https:\/\/gremicafe.cat\/wp-content\/uploads\/2021\/01\/Captura-de-pantalla-2021-01-19-a-les-17.36.02.png\",\"width\":1252,\"height\":631,\"caption\":\"gremi restauracio barcelona video restauradors sense filtres\"},{\"@type\":\"BreadcrumbList\",\"@id\":\"https:\/\/gremicafe.cat\/2021\/01\/19\/el-gremi-del-cafe-dona-suport-al-gremi-de-la-restauracio\/#breadcrumb\",\"itemListElement\":[{\"@type\":\"ListItem\",\"position\":1,\"name\":\"Inici\",\"item\":\"https:\/\/gremicafe.cat\/\"},{\"@type\":\"ListItem\",\"position\":2,\"name\":\"El Gremi del Caf\u00e8 d\u00f3na suport al Gremi de la Restauraci\u00f3 de Barcelona\"}]},{\"@type\":\"WebSite\",\"@id\":\"https:\/\/gremicafe.cat\/#website\",\"url\":\"https:\/\/gremicafe.cat\/\",\"name\":\"Gremi del Caf\u00e8, torradors de Catalunya\",\"description\":\"Web oficial del gremi de torradors de caf\u00e8 de Catalunya\",\"publisher\":{\"@id\":\"https:\/\/gremicafe.cat\/#organization\"},\"potentialAction\":[{\"@type\":\"SearchAction\",\"target\":{\"@type\":\"EntryPoint\",\"urlTemplate\":\"https:\/\/gremicafe.cat\/?s={search_term_string}\"},\"query-input\":{\"@type\":\"PropertyValueSpecification\",\"valueRequired\":true,\"valueName\":\"search_term_string\"}}],\"inLanguage\":\"es\"},{\"@type\":\"Organization\",\"@id\":\"https:\/\/gremicafe.cat\/#organization\",\"name\":\"Gremi del Caf\u00e8, Torradors de Catalunya\",\"url\":\"https:\/\/gremicafe.cat\/\",\"logo\":{\"@type\":\"ImageObject\",\"inLanguage\":\"es\",\"@id\":\"https:\/\/gremicafe.cat\/#\/schema\/logo\/image\/\",\"url\":\"https:\/\/gremicafe.cat\/wp-content\/uploads\/2018\/03\/gremicafe-logo250.png\",\"contentUrl\":\"https:\/\/gremicafe.cat\/wp-content\/uploads\/2018\/03\/gremicafe-logo250.png\",\"width\":250,\"height\":49,\"caption\":\"Gremi del Caf\u00e8, Torradors de Catalunya\"},\"image\":{\"@id\":\"https:\/\/gremicafe.cat\/#\/schema\/logo\/image\/\"},\"sameAs\":[\"https:\/\/www.facebook.com\/gremicafecat\",\"https:\/\/x.com\/gremicafecat\",\"https:\/\/www.instagram.com\/gremicafecat\/\",\"https:\/\/www.pinterest.es\/gremicafecat\/\",\"https:\/\/www.youtube.com\/channel\/UCGLo5Y35vLwLvP4FrPZrCrw\/\"]},{\"@type\":\"Person\",\"@id\":\"https:\/\/gremicafe.cat\/#\/schema\/person\/dabfdbb3d0fa36260855a380f94e4733\",\"name\":\"gremicafe\",\"image\":{\"@type\":\"ImageObject\",\"inLanguage\":\"es\",\"@id\":\"https:\/\/gremicafe.cat\/#\/schema\/person\/image\/\",\"url\":\"https:\/\/secure.gravatar.com\/avatar\/e59baa4ca8f6f97576d6375fb6d3c8f0?s=96&d=mm&r=g\",\"contentUrl\":\"https:\/\/secure.gravatar.com\/avatar\/e59baa4ca8f6f97576d6375fb6d3c8f0?s=96&d=mm&r=g\",\"caption\":\"gremicafe\"}}]}<\/script>\n<!-- \/ Yoast SEO plugin. -->","yoast_head_json":{"title":"El Gremi del Caf\u00e8 d\u00f3na suport al Gremi de la Restauraci\u00f3 de Barcelona - Gremi del Caf\u00e8, torradors de Catalunya","robots":{"index":"index","follow":"follow","max-snippet":"max-snippet:-1","max-image-preview":"max-image-preview:large","max-video-preview":"max-video-preview:-1"},"canonical":"https:\/\/gremicafe.cat\/es\/2021\/01\/19\/el-gremi-del-cafe-dona-suport-al-gremi-de-la-restauracio\/","og_locale":"es_ES","og_type":"article","og_title":"El Gremi del Caf\u00e8 d\u00f3na suport al Gremi de la Restauraci\u00f3 de Barcelona - Gremi del Caf\u00e8, torradors de Catalunya","og_description":"&nbsp; Les mesures establertes per combatre la pand\u00e8mia de la COVID-19 han afectat durament al sector de la restauraci\u00f3. \u00c9s per aix\u00f2 que el Gremi de Caf\u00e8 de Catalunya vol mostrar el seu suport al Gremi de la Restauraci\u00f3 de Barcelona, Tarragona, Lleida i Girona. A continuaci\u00f3, el v\u00eddeo creat pel Gremi de Restauraci\u00f3 de [&hellip;]","og_url":"https:\/\/gremicafe.cat\/es\/2021\/01\/19\/el-gremi-del-cafe-dona-suport-al-gremi-de-la-restauracio\/","og_site_name":"Gremi del Caf\u00e8, torradors de Catalunya","article_publisher":"https:\/\/www.facebook.com\/gremicafecat","article_published_time":"2021-01-19T16:38:19+00:00","article_modified_time":"2021-01-21T10:11:51+00:00","og_image":[{"width":1252,"height":631,"url":"https:\/\/gremicafe.cat\/wp-content\/uploads\/2021\/01\/Captura-de-pantalla-2021-01-19-a-les-17.36.02.png","type":"image\/png"}],"author":"gremicafe","twitter_card":"summary_large_image","twitter_creator":"@gremicafecat","twitter_site":"@gremicafecat","twitter_misc":{"Escrito por":"gremicafe"},"schema":{"@context":"https:\/\/schema.org","@graph":[{"@type":"Article","@id":"https:\/\/gremicafe.cat\/2021\/01\/19\/el-gremi-del-cafe-dona-suport-al-gremi-de-la-restauracio\/#article","isPartOf":{"@id":"https:\/\/gremicafe.cat\/2021\/01\/19\/el-gremi-del-cafe-dona-suport-al-gremi-de-la-restauracio\/"},"author":{"name":"gremicafe","@id":"https:\/\/gremicafe.cat\/#\/schema\/person\/dabfdbb3d0fa36260855a380f94e4733"},"headline":"El Gremi del Caf\u00e8 d\u00f3na suport al Gremi de la Restauraci\u00f3 de Barcelona","datePublished":"2021-01-19T16:38:19+00:00","dateModified":"2021-01-21T10:11:51+00:00","mainEntityOfPage":{"@id":"https:\/\/gremicafe.cat\/2021\/01\/19\/el-gremi-del-cafe-dona-suport-al-gremi-de-la-restauracio\/"},"wordCount":101,"publisher":{"@id":"https:\/\/gremicafe.cat\/#organization"},"image":{"@id":"https:\/\/gremicafe.cat\/2021\/01\/19\/el-gremi-del-cafe-dona-suport-al-gremi-de-la-restauracio\/#primaryimage"},"thumbnailUrl":"https:\/\/gremicafe.cat\/wp-content\/uploads\/2021\/01\/Captura-de-pantalla-2021-01-19-a-les-17.36.02.png","articleSection":["Not\u00edcies"],"inLanguage":"es"},{"@type":"WebPage","@id":"https:\/\/gremicafe.cat\/2021\/01\/19\/el-gremi-del-cafe-dona-suport-al-gremi-de-la-restauracio\/","url":"https:\/\/gremicafe.cat\/2021\/01\/19\/el-gremi-del-cafe-dona-suport-al-gremi-de-la-restauracio\/","name":"El Gremi del Caf\u00e8 d\u00f3na suport al Gremi de la Restauraci\u00f3 de Barcelona - Gremi del Caf\u00e8, torradors de Catalunya","isPartOf":{"@id":"https:\/\/gremicafe.cat\/#website"},"primaryImageOfPage":{"@id":"https:\/\/gremicafe.cat\/2021\/01\/19\/el-gremi-del-cafe-dona-suport-al-gremi-de-la-restauracio\/#primaryimage"},"image":{"@id":"https:\/\/gremicafe.cat\/2021\/01\/19\/el-gremi-del-cafe-dona-suport-al-gremi-de-la-restauracio\/#primaryimage"},"thumbnailUrl":"https:\/\/gremicafe.cat\/wp-content\/uploads\/2021\/01\/Captura-de-pantalla-2021-01-19-a-les-17.36.02.png","datePublished":"2021-01-19T16:38:19+00:00","dateModified":"2021-01-21T10:11:51+00:00","breadcrumb":{"@id":"https:\/\/gremicafe.cat\/2021\/01\/19\/el-gremi-del-cafe-dona-suport-al-gremi-de-la-restauracio\/#breadcrumb"},"inLanguage":"es","potentialAction":[{"@type":"ReadAction","target":["https:\/\/gremicafe.cat\/2021\/01\/19\/el-gremi-del-cafe-dona-suport-al-gremi-de-la-restauracio\/"]}]},{"@type":"ImageObject","inLanguage":"es","@id":"https:\/\/gremicafe.cat\/2021\/01\/19\/el-gremi-del-cafe-dona-suport-al-gremi-de-la-restauracio\/#primaryimage","url":"https:\/\/gremicafe.cat\/wp-content\/uploads\/2021\/01\/Captura-de-pantalla-2021-01-19-a-les-17.36.02.png","contentUrl":"https:\/\/gremicafe.cat\/wp-content\/uploads\/2021\/01\/Captura-de-pantalla-2021-01-19-a-les-17.36.02.png","width":1252,"height":631,"caption":"gremi restauracio barcelona video restauradors sense filtres"},{"@type":"BreadcrumbList","@id":"https:\/\/gremicafe.cat\/2021\/01\/19\/el-gremi-del-cafe-dona-suport-al-gremi-de-la-restauracio\/#breadcrumb","itemListElement":[{"@type":"ListItem","position":1,"name":"Inici","item":"https:\/\/gremicafe.cat\/"},{"@type":"ListItem","position":2,"name":"El Gremi del Caf\u00e8 d\u00f3na suport al Gremi de la Restauraci\u00f3 de Barcelona"}]},{"@type":"WebSite","@id":"https:\/\/gremicafe.cat\/#website","url":"https:\/\/gremicafe.cat\/","name":"Gremio del Caf\u00e9, tostadores de Catalu\u00f1a","description":"Web oficial del gremio de tostadores de caf\u00e9 de Catalunya","publisher":{"@id":"https:\/\/gremicafe.cat\/#organization"},"potentialAction":[{"@type":"SearchAction","target":{"@type":"EntryPoint","urlTemplate":"https:\/\/gremicafe.cat\/?s={search_term_string}"},"query-input":{"@type":"PropertyValueSpecification","valueRequired":true,"valueName":"search_term_string"}}],"inLanguage":"es"},{"@type":"Organization","@id":"https:\/\/gremicafe.cat\/#organization","name":"Gremio del Caf\u00e9, Tostadores de Catalu\u00f1a","url":"https:\/\/gremicafe.cat\/","logo":{"@type":"ImageObject","inLanguage":"es","@id":"https:\/\/gremicafe.cat\/#\/schema\/logo\/image\/","url":"https:\/\/gremicafe.cat\/wp-content\/uploads\/2018\/03\/gremicafe-logo250.png","contentUrl":"https:\/\/gremicafe.cat\/wp-content\/uploads\/2018\/03\/gremicafe-logo250.png","width":250,"height":49,"caption":"Gremi del Caf\u00e8, Torradors de Catalunya"},"image":{"@id":"https:\/\/gremicafe.cat\/#\/schema\/logo\/image\/"},"sameAs":["https:\/\/www.facebook.com\/gremicafecat","https:\/\/x.com\/gremicafecat","https:\/\/www.instagram.com\/gremicafecat\/","https:\/\/www.pinterest.es\/gremicafecat\/","https:\/\/www.youtube.com\/channel\/UCGLo5Y35vLwLvP4FrPZrCrw\/"]},{"@type":"Person","@id":"https:\/\/gremicafe.cat\/#\/schema\/person\/dabfdbb3d0fa36260855a380f94e4733","name":"gremicafe","image":{"@type":"ImageObject","inLanguage":"es","@id":"https:\/\/gremicafe.cat\/#\/schema\/person\/image\/","url":"https:\/\/secure.gravatar.com\/avatar\/e59baa4ca8f6f97576d6375fb6d3c8f0?s=96&d=mm&r=g","contentUrl":"https:\/\/secure.gravatar.com\/avatar\/e59baa4ca8f6f97576d6375fb6d3c8f0?s=96&d=mm&r=g","caption":"gremicafe"}}]}},"_links":{"self":[{"href":"https:\/\/gremicafe.cat\/es\/wp-json\/wp\/v2\/posts\/5654"}],"collection":[{"href":"https:\/\/gremicafe.cat\/es\/wp-json\/wp\/v2\/posts"}],"about":[{"href":"https:\/\/gremicafe.cat\/es\/wp-json\/wp\/v2\/types\/post"}],"author":[{"embeddable":true,"href":"https:\/\/gremicafe.cat\/es\/wp-json\/wp\/v2\/users\/1"}],"replies":[{"embeddable":true,"href":"https:\/\/gremicafe.cat\/es\/wp-json\/wp\/v2\/comments?post=5654"}],"version-history":[{"count":0,"href":"https:\/\/gremicafe.cat\/es\/wp-json\/wp\/v2\/posts\/5654\/revisions"}],"wp:featuredmedia":[{"embeddable":true,"href":"https:\/\/gremicafe.cat\/es\/wp-json\/wp\/v2\/media\/5656"}],"wp:attachment":[{"href":"https:\/\/gremicafe.cat\/es\/wp-json\/wp\/v2\/media?parent=5654"}],"wp:term":[{"taxonomy":"category","embeddable":true,"href":"https:\/\/gremicafe.cat\/es\/wp-json\/wp\/v2\/categories?post=5654"},{"taxonomy":"post_tag","embeddable":true,"href":"https:\/\/gremicafe.cat\/es\/wp-json\/wp\/v2\/tags?post=5654"}],"curies":[{"name":"wp","href":"https:\/\/api.w.org\/{rel}","templated":true}]}}