{"id":5776,"date":"2021-02-25T12:47:40","date_gmt":"2021-02-25T10:47:40","guid":{"rendered":"https:\/\/gremicafe.cat\/?p=5776"},"modified":"2021-02-25T13:01:54","modified_gmt":"2021-02-25T11:01:54","slug":"el-gremi-del-cafe-amb-ganes-de-tornar-a-vendre-cafe","status":"publish","type":"post","link":"https:\/\/gremicafe.cat\/es\/2021\/02\/25\/el-gremi-del-cafe-amb-ganes-de-tornar-a-vendre-cafe\/","title":{"rendered":"Con ganas de volver a vender caf\u00e9"},"content":{"rendered":"<p>&nbsp;<\/p>\n<p><img loading=\"lazy\" decoding=\"async\" class=\"aligncenter size-full wp-image-5777\" src=\"https:\/\/gremicafe.cat\/wp-content\/uploads\/2021\/02\/suport-groc.jpg\" alt=\"gremi cafe catalunya suport restauracio hostaleria\" width=\"1080\" height=\"1080\" srcset=\"https:\/\/gremicafe.cat\/wp-content\/uploads\/2021\/02\/suport-groc.jpg 1080w, https:\/\/gremicafe.cat\/wp-content\/uploads\/2021\/02\/suport-groc-300x300.jpg 300w, https:\/\/gremicafe.cat\/wp-content\/uploads\/2021\/02\/suport-groc-150x150.jpg 150w, https:\/\/gremicafe.cat\/wp-content\/uploads\/2021\/02\/suport-groc-768x768.jpg 768w, https:\/\/gremicafe.cat\/wp-content\/uploads\/2021\/02\/suport-groc-720x720.jpg 720w\" sizes=\"(max-width: 1080px) 100vw, 1080px\" \/><\/p>\n<p>&nbsp;<\/p>\n<p>Las empresas del Gremio del Caf\u00e9, Tostadores de Catalu\u00f1a, somos parte activa e implicada en el <strong>sector de la hosteler\u00eda<\/strong>, en general y en el de la <strong>restauraci\u00f3n<\/strong> en particular. El caf\u00e9 forma parte de nuestra gastronom\u00eda, nuestra cultura y nuestras tradiciones. Ir a tomar caf\u00e9, o tomar un caf\u00e9, es fundamental para muchas personas. Por este motivo nos sumamos a todas las reivindicaciones que se hacen desde los <strong>sectores de la hosteler\u00eda y la restauraci\u00f3n<\/strong>, con el fin de recuperar horarios de apertura de los establecimientos, y de volver a una nueva normalidad, que pueda garantizar la marcha de nuestros negocios, lo antes posible. Est\u00e1 demostrado que, gracias a la motivaci\u00f3n de los profesionales y de acuerdo con las medidas y precauciones recomendadas, <strong>la restauraci\u00f3n es un ESPACIO SEGURO<\/strong>.<\/p>\n<p>Debido a las regulaciones para combatir la lucha de la COVID-19, la temporada ser\u00e1 larga y dif\u00edcil, tanto para nosotros, los tostadores de caf\u00e9 y sus trabajadores, como por los propietarios de cafeter\u00edas, bares y restaurantes. Queremos enviar un aliento cargado de \u00e1nimos y esperanza a todas las personas y empresas que cada d\u00eda luchan por hacer frente a los gastos, conservar los negocios y los puestos de trabajo y estar listos para seguir ofreciendo el mejor servicio. Estamos junto a todos ellos, del Gremio de la Restauraci\u00f3n de Barcelona y de todas las dem\u00e1s <strong>organizaciones y asociaciones de hosteler\u00eda y restauraci\u00f3n<\/strong>\u00a0del pa\u00eds.<\/p>\n<p><strong>Por todos estos motivos, desde el Gremi del Caf\u00e9, reclamamos al Govern, que los bares y restaurantes recuperen el horario continuo, como m\u00ednimo hasta las 21.30 h, a partir del lunes 1 de marzo.<\/strong><\/p>\n<p>Deseamos formar parte de una nueva normalidad en nuestro trabajo, de poder disfrutar, con todas las precauciones necesarias, de un caf\u00e9 de proximidad en los lugares habituales. Tenemos ganas de poder ofrecer nuestro mejor caf\u00e9; tenemos ganas de volver a vender caf\u00e9.<\/p>\n<p>&nbsp;<\/p>\n<p>Barcelona, 25 de febrero de 2021<\/p>","protected":false},"excerpt":{"rendered":"<p>&nbsp; &nbsp; Les empreses del Gremi del Caf\u00e8, Torradors de Catalunya, som part activa i implicada en el sector de l&#8217;hostaleria, en general i en el de la restauraci\u00f3 en particular. El caf\u00e8 forma part de la nostra gastronomia, de la nostra cultura i de les nostres tradicions. Anar a prendre caf\u00e8, o fer un [&hellip;]<\/p>\n","protected":false},"author":1,"featured_media":5777,"comment_status":"closed","ping_status":"open","sticky":false,"template":"","format":"standard","meta":{"_acf_changed":false,"inline_featured_image":false,"footnotes":""},"categories":[1],"tags":[],"class_list":["post-5776","post","type-post","status-publish","format-standard","has-post-thumbnail","hentry","category-noticies"],"acf":[],"yoast_head":"<!-- This site is optimized with the Yoast SEO plugin v25.5 - https:\/\/yoast.com\/wordpress\/plugins\/seo\/ -->\n<title>Amb ganes de tornar a vendre caf\u00e8 - Gremi del Caf\u00e8, torradors de Catalunya<\/title>\n<meta name=\"robots\" content=\"index, follow, max-snippet:-1, max-image-preview:large, max-video-preview:-1\" \/>\n<link rel=\"canonical\" href=\"https:\/\/gremicafe.cat\/es\/2021\/02\/25\/el-gremi-del-cafe-amb-ganes-de-tornar-a-vendre-cafe\/\" \/>\n<meta property=\"og:locale\" content=\"es_ES\" \/>\n<meta property=\"og:type\" content=\"article\" \/>\n<meta property=\"og:title\" content=\"Amb ganes de tornar a vendre caf\u00e8 - Gremi del Caf\u00e8, torradors de Catalunya\" \/>\n<meta property=\"og:description\" content=\"&nbsp; &nbsp; Les empreses del Gremi del Caf\u00e8, Torradors de Catalunya, som part activa i implicada en el sector de l&#8217;hostaleria, en general i en el de la restauraci\u00f3 en particular. El caf\u00e8 forma part de la nostra gastronomia, de la nostra cultura i de les nostres tradicions. Anar a prendre caf\u00e8, o fer un [&hellip;]\" \/>\n<meta property=\"og:url\" content=\"https:\/\/gremicafe.cat\/es\/2021\/02\/25\/el-gremi-del-cafe-amb-ganes-de-tornar-a-vendre-cafe\/\" \/>\n<meta property=\"og:site_name\" content=\"Gremi del Caf\u00e8, torradors de Catalunya\" \/>\n<meta property=\"article:publisher\" content=\"https:\/\/www.facebook.com\/gremicafecat\" \/>\n<meta property=\"article:published_time\" content=\"2021-02-25T10:47:40+00:00\" \/>\n<meta property=\"article:modified_time\" content=\"2021-02-25T11:01:54+00:00\" \/>\n<meta property=\"og:image\" content=\"https:\/\/gremicafe.cat\/wp-content\/uploads\/2021\/02\/suport-groc.jpg\" \/>\n\t<meta property=\"og:image:width\" content=\"1080\" \/>\n\t<meta property=\"og:image:height\" content=\"1080\" \/>\n\t<meta property=\"og:image:type\" content=\"image\/jpeg\" \/>\n<meta name=\"author\" content=\"gremicafe\" \/>\n<meta name=\"twitter:card\" content=\"summary_large_image\" \/>\n<meta name=\"twitter:creator\" content=\"@gremicafecat\" \/>\n<meta name=\"twitter:site\" content=\"@gremicafecat\" \/>\n<meta name=\"twitter:label1\" content=\"Escrito por\" \/>\n\t<meta name=\"twitter:data1\" content=\"gremicafe\" \/>\n\t<meta name=\"twitter:label2\" content=\"Tiempo de lectura\" \/>\n\t<meta name=\"twitter:data2\" content=\"2 minutos\" \/>\n<script type=\"application\/ld+json\" class=\"yoast-schema-graph\">{\"@context\":\"https:\/\/schema.org\",\"@graph\":[{\"@type\":\"Article\",\"@id\":\"https:\/\/gremicafe.cat\/2021\/02\/25\/el-gremi-del-cafe-amb-ganes-de-tornar-a-vendre-cafe\/#article\",\"isPartOf\":{\"@id\":\"https:\/\/gremicafe.cat\/2021\/02\/25\/el-gremi-del-cafe-amb-ganes-de-tornar-a-vendre-cafe\/\"},\"author\":{\"name\":\"gremicafe\",\"@id\":\"https:\/\/gremicafe.cat\/#\/schema\/person\/dabfdbb3d0fa36260855a380f94e4733\"},\"headline\":\"Amb ganes de tornar a vendre caf\u00e8\",\"datePublished\":\"2021-02-25T10:47:40+00:00\",\"dateModified\":\"2021-02-25T11:01:54+00:00\",\"mainEntityOfPage\":{\"@id\":\"https:\/\/gremicafe.cat\/2021\/02\/25\/el-gremi-del-cafe-amb-ganes-de-tornar-a-vendre-cafe\/\"},\"wordCount\":337,\"publisher\":{\"@id\":\"https:\/\/gremicafe.cat\/#organization\"},\"image\":{\"@id\":\"https:\/\/gremicafe.cat\/2021\/02\/25\/el-gremi-del-cafe-amb-ganes-de-tornar-a-vendre-cafe\/#primaryimage\"},\"thumbnailUrl\":\"https:\/\/gremicafe.cat\/wp-content\/uploads\/2021\/02\/suport-groc.jpg\",\"articleSection\":[\"Not\u00edcies\"],\"inLanguage\":\"es\"},{\"@type\":\"WebPage\",\"@id\":\"https:\/\/gremicafe.cat\/2021\/02\/25\/el-gremi-del-cafe-amb-ganes-de-tornar-a-vendre-cafe\/\",\"url\":\"https:\/\/gremicafe.cat\/2021\/02\/25\/el-gremi-del-cafe-amb-ganes-de-tornar-a-vendre-cafe\/\",\"name\":\"Amb ganes de tornar a vendre caf\u00e8 - Gremi del Caf\u00e8, torradors de Catalunya\",\"isPartOf\":{\"@id\":\"https:\/\/gremicafe.cat\/#website\"},\"primaryImageOfPage\":{\"@id\":\"https:\/\/gremicafe.cat\/2021\/02\/25\/el-gremi-del-cafe-amb-ganes-de-tornar-a-vendre-cafe\/#primaryimage\"},\"image\":{\"@id\":\"https:\/\/gremicafe.cat\/2021\/02\/25\/el-gremi-del-cafe-amb-ganes-de-tornar-a-vendre-cafe\/#primaryimage\"},\"thumbnailUrl\":\"https:\/\/gremicafe.cat\/wp-content\/uploads\/2021\/02\/suport-groc.jpg\",\"datePublished\":\"2021-02-25T10:47:40+00:00\",\"dateModified\":\"2021-02-25T11:01:54+00:00\",\"breadcrumb\":{\"@id\":\"https:\/\/gremicafe.cat\/2021\/02\/25\/el-gremi-del-cafe-amb-ganes-de-tornar-a-vendre-cafe\/#breadcrumb\"},\"inLanguage\":\"es\",\"potentialAction\":[{\"@type\":\"ReadAction\",\"target\":[\"https:\/\/gremicafe.cat\/2021\/02\/25\/el-gremi-del-cafe-amb-ganes-de-tornar-a-vendre-cafe\/\"]}]},{\"@type\":\"ImageObject\",\"inLanguage\":\"es\",\"@id\":\"https:\/\/gremicafe.cat\/2021\/02\/25\/el-gremi-del-cafe-amb-ganes-de-tornar-a-vendre-cafe\/#primaryimage\",\"url\":\"https:\/\/gremicafe.cat\/wp-content\/uploads\/2021\/02\/suport-groc.jpg\",\"contentUrl\":\"https:\/\/gremicafe.cat\/wp-content\/uploads\/2021\/02\/suport-groc.jpg\",\"width\":1080,\"height\":1080,\"caption\":\"gremi cafe catalunya suport restauracio hostaleria\"},{\"@type\":\"BreadcrumbList\",\"@id\":\"https:\/\/gremicafe.cat\/2021\/02\/25\/el-gremi-del-cafe-amb-ganes-de-tornar-a-vendre-cafe\/#breadcrumb\",\"itemListElement\":[{\"@type\":\"ListItem\",\"position\":1,\"name\":\"Inici\",\"item\":\"https:\/\/gremicafe.cat\/\"},{\"@type\":\"ListItem\",\"position\":2,\"name\":\"Amb ganes de tornar a vendre caf\u00e8\"}]},{\"@type\":\"WebSite\",\"@id\":\"https:\/\/gremicafe.cat\/#website\",\"url\":\"https:\/\/gremicafe.cat\/\",\"name\":\"Gremi del Caf\u00e8, torradors de Catalunya\",\"description\":\"Web oficial del gremi de torradors de caf\u00e8 de Catalunya\",\"publisher\":{\"@id\":\"https:\/\/gremicafe.cat\/#organization\"},\"potentialAction\":[{\"@type\":\"SearchAction\",\"target\":{\"@type\":\"EntryPoint\",\"urlTemplate\":\"https:\/\/gremicafe.cat\/?s={search_term_string}\"},\"query-input\":{\"@type\":\"PropertyValueSpecification\",\"valueRequired\":true,\"valueName\":\"search_term_string\"}}],\"inLanguage\":\"es\"},{\"@type\":\"Organization\",\"@id\":\"https:\/\/gremicafe.cat\/#organization\",\"name\":\"Gremi del Caf\u00e8, Torradors de Catalunya\",\"url\":\"https:\/\/gremicafe.cat\/\",\"logo\":{\"@type\":\"ImageObject\",\"inLanguage\":\"es\",\"@id\":\"https:\/\/gremicafe.cat\/#\/schema\/logo\/image\/\",\"url\":\"https:\/\/gremicafe.cat\/wp-content\/uploads\/2018\/03\/gremicafe-logo250.png\",\"contentUrl\":\"https:\/\/gremicafe.cat\/wp-content\/uploads\/2018\/03\/gremicafe-logo250.png\",\"width\":250,\"height\":49,\"caption\":\"Gremi del Caf\u00e8, Torradors de Catalunya\"},\"image\":{\"@id\":\"https:\/\/gremicafe.cat\/#\/schema\/logo\/image\/\"},\"sameAs\":[\"https:\/\/www.facebook.com\/gremicafecat\",\"https:\/\/x.com\/gremicafecat\",\"https:\/\/www.instagram.com\/gremicafecat\/\",\"https:\/\/www.pinterest.es\/gremicafecat\/\",\"https:\/\/www.youtube.com\/channel\/UCGLo5Y35vLwLvP4FrPZrCrw\/\"]},{\"@type\":\"Person\",\"@id\":\"https:\/\/gremicafe.cat\/#\/schema\/person\/dabfdbb3d0fa36260855a380f94e4733\",\"name\":\"gremicafe\",\"image\":{\"@type\":\"ImageObject\",\"inLanguage\":\"es\",\"@id\":\"https:\/\/gremicafe.cat\/#\/schema\/person\/image\/\",\"url\":\"https:\/\/secure.gravatar.com\/avatar\/e59baa4ca8f6f97576d6375fb6d3c8f0?s=96&d=mm&r=g\",\"contentUrl\":\"https:\/\/secure.gravatar.com\/avatar\/e59baa4ca8f6f97576d6375fb6d3c8f0?s=96&d=mm&r=g\",\"caption\":\"gremicafe\"}}]}<\/script>\n<!-- \/ Yoast SEO plugin. -->","yoast_head_json":{"title":"Amb ganes de tornar a vendre caf\u00e8 - Gremi del Caf\u00e8, torradors de Catalunya","robots":{"index":"index","follow":"follow","max-snippet":"max-snippet:-1","max-image-preview":"max-image-preview:large","max-video-preview":"max-video-preview:-1"},"canonical":"https:\/\/gremicafe.cat\/es\/2021\/02\/25\/el-gremi-del-cafe-amb-ganes-de-tornar-a-vendre-cafe\/","og_locale":"es_ES","og_type":"article","og_title":"Amb ganes de tornar a vendre caf\u00e8 - Gremi del Caf\u00e8, torradors de Catalunya","og_description":"&nbsp; &nbsp; Les empreses del Gremi del Caf\u00e8, Torradors de Catalunya, som part activa i implicada en el sector de l&#8217;hostaleria, en general i en el de la restauraci\u00f3 en particular. El caf\u00e8 forma part de la nostra gastronomia, de la nostra cultura i de les nostres tradicions. Anar a prendre caf\u00e8, o fer un [&hellip;]","og_url":"https:\/\/gremicafe.cat\/es\/2021\/02\/25\/el-gremi-del-cafe-amb-ganes-de-tornar-a-vendre-cafe\/","og_site_name":"Gremi del Caf\u00e8, torradors de Catalunya","article_publisher":"https:\/\/www.facebook.com\/gremicafecat","article_published_time":"2021-02-25T10:47:40+00:00","article_modified_time":"2021-02-25T11:01:54+00:00","og_image":[{"width":1080,"height":1080,"url":"https:\/\/gremicafe.cat\/wp-content\/uploads\/2021\/02\/suport-groc.jpg","type":"image\/jpeg"}],"author":"gremicafe","twitter_card":"summary_large_image","twitter_creator":"@gremicafecat","twitter_site":"@gremicafecat","twitter_misc":{"Escrito por":"gremicafe","Tiempo de lectura":"2 minutos"},"schema":{"@context":"https:\/\/schema.org","@graph":[{"@type":"Article","@id":"https:\/\/gremicafe.cat\/2021\/02\/25\/el-gremi-del-cafe-amb-ganes-de-tornar-a-vendre-cafe\/#article","isPartOf":{"@id":"https:\/\/gremicafe.cat\/2021\/02\/25\/el-gremi-del-cafe-amb-ganes-de-tornar-a-vendre-cafe\/"},"author":{"name":"gremicafe","@id":"https:\/\/gremicafe.cat\/#\/schema\/person\/dabfdbb3d0fa36260855a380f94e4733"},"headline":"Amb ganes de tornar a vendre caf\u00e8","datePublished":"2021-02-25T10:47:40+00:00","dateModified":"2021-02-25T11:01:54+00:00","mainEntityOfPage":{"@id":"https:\/\/gremicafe.cat\/2021\/02\/25\/el-gremi-del-cafe-amb-ganes-de-tornar-a-vendre-cafe\/"},"wordCount":337,"publisher":{"@id":"https:\/\/gremicafe.cat\/#organization"},"image":{"@id":"https:\/\/gremicafe.cat\/2021\/02\/25\/el-gremi-del-cafe-amb-ganes-de-tornar-a-vendre-cafe\/#primaryimage"},"thumbnailUrl":"https:\/\/gremicafe.cat\/wp-content\/uploads\/2021\/02\/suport-groc.jpg","articleSection":["Not\u00edcies"],"inLanguage":"es"},{"@type":"WebPage","@id":"https:\/\/gremicafe.cat\/2021\/02\/25\/el-gremi-del-cafe-amb-ganes-de-tornar-a-vendre-cafe\/","url":"https:\/\/gremicafe.cat\/2021\/02\/25\/el-gremi-del-cafe-amb-ganes-de-tornar-a-vendre-cafe\/","name":"Amb ganes de tornar a vendre caf\u00e8 - Gremi del Caf\u00e8, torradors de Catalunya","isPartOf":{"@id":"https:\/\/gremicafe.cat\/#website"},"primaryImageOfPage":{"@id":"https:\/\/gremicafe.cat\/2021\/02\/25\/el-gremi-del-cafe-amb-ganes-de-tornar-a-vendre-cafe\/#primaryimage"},"image":{"@id":"https:\/\/gremicafe.cat\/2021\/02\/25\/el-gremi-del-cafe-amb-ganes-de-tornar-a-vendre-cafe\/#primaryimage"},"thumbnailUrl":"https:\/\/gremicafe.cat\/wp-content\/uploads\/2021\/02\/suport-groc.jpg","datePublished":"2021-02-25T10:47:40+00:00","dateModified":"2021-02-25T11:01:54+00:00","breadcrumb":{"@id":"https:\/\/gremicafe.cat\/2021\/02\/25\/el-gremi-del-cafe-amb-ganes-de-tornar-a-vendre-cafe\/#breadcrumb"},"inLanguage":"es","potentialAction":[{"@type":"ReadAction","target":["https:\/\/gremicafe.cat\/2021\/02\/25\/el-gremi-del-cafe-amb-ganes-de-tornar-a-vendre-cafe\/"]}]},{"@type":"ImageObject","inLanguage":"es","@id":"https:\/\/gremicafe.cat\/2021\/02\/25\/el-gremi-del-cafe-amb-ganes-de-tornar-a-vendre-cafe\/#primaryimage","url":"https:\/\/gremicafe.cat\/wp-content\/uploads\/2021\/02\/suport-groc.jpg","contentUrl":"https:\/\/gremicafe.cat\/wp-content\/uploads\/2021\/02\/suport-groc.jpg","width":1080,"height":1080,"caption":"gremi cafe catalunya suport restauracio hostaleria"},{"@type":"BreadcrumbList","@id":"https:\/\/gremicafe.cat\/2021\/02\/25\/el-gremi-del-cafe-amb-ganes-de-tornar-a-vendre-cafe\/#breadcrumb","itemListElement":[{"@type":"ListItem","position":1,"name":"Inici","item":"https:\/\/gremicafe.cat\/"},{"@type":"ListItem","position":2,"name":"Amb ganes de tornar a vendre caf\u00e8"}]},{"@type":"WebSite","@id":"https:\/\/gremicafe.cat\/#website","url":"https:\/\/gremicafe.cat\/","name":"Gremio del Caf\u00e9, tostadores de Catalu\u00f1a","description":"Web oficial del gremio de tostadores de caf\u00e9 de Catalunya","publisher":{"@id":"https:\/\/gremicafe.cat\/#organization"},"potentialAction":[{"@type":"SearchAction","target":{"@type":"EntryPoint","urlTemplate":"https:\/\/gremicafe.cat\/?s={search_term_string}"},"query-input":{"@type":"PropertyValueSpecification","valueRequired":true,"valueName":"search_term_string"}}],"inLanguage":"es"},{"@type":"Organization","@id":"https:\/\/gremicafe.cat\/#organization","name":"Gremio del Caf\u00e9, Tostadores de Catalu\u00f1a","url":"https:\/\/gremicafe.cat\/","logo":{"@type":"ImageObject","inLanguage":"es","@id":"https:\/\/gremicafe.cat\/#\/schema\/logo\/image\/","url":"https:\/\/gremicafe.cat\/wp-content\/uploads\/2018\/03\/gremicafe-logo250.png","contentUrl":"https:\/\/gremicafe.cat\/wp-content\/uploads\/2018\/03\/gremicafe-logo250.png","width":250,"height":49,"caption":"Gremi del Caf\u00e8, Torradors de Catalunya"},"image":{"@id":"https:\/\/gremicafe.cat\/#\/schema\/logo\/image\/"},"sameAs":["https:\/\/www.facebook.com\/gremicafecat","https:\/\/x.com\/gremicafecat","https:\/\/www.instagram.com\/gremicafecat\/","https:\/\/www.pinterest.es\/gremicafecat\/","https:\/\/www.youtube.com\/channel\/UCGLo5Y35vLwLvP4FrPZrCrw\/"]},{"@type":"Person","@id":"https:\/\/gremicafe.cat\/#\/schema\/person\/dabfdbb3d0fa36260855a380f94e4733","name":"gremicafe","image":{"@type":"ImageObject","inLanguage":"es","@id":"https:\/\/gremicafe.cat\/#\/schema\/person\/image\/","url":"https:\/\/secure.gravatar.com\/avatar\/e59baa4ca8f6f97576d6375fb6d3c8f0?s=96&d=mm&r=g","contentUrl":"https:\/\/secure.gravatar.com\/avatar\/e59baa4ca8f6f97576d6375fb6d3c8f0?s=96&d=mm&r=g","caption":"gremicafe"}}]}},"_links":{"self":[{"href":"https:\/\/gremicafe.cat\/es\/wp-json\/wp\/v2\/posts\/5776"}],"collection":[{"href":"https:\/\/gremicafe.cat\/es\/wp-json\/wp\/v2\/posts"}],"about":[{"href":"https:\/\/gremicafe.cat\/es\/wp-json\/wp\/v2\/types\/post"}],"author":[{"embeddable":true,"href":"https:\/\/gremicafe.cat\/es\/wp-json\/wp\/v2\/users\/1"}],"replies":[{"embeddable":true,"href":"https:\/\/gremicafe.cat\/es\/wp-json\/wp\/v2\/comments?post=5776"}],"version-history":[{"count":0,"href":"https:\/\/gremicafe.cat\/es\/wp-json\/wp\/v2\/posts\/5776\/revisions"}],"wp:featuredmedia":[{"embeddable":true,"href":"https:\/\/gremicafe.cat\/es\/wp-json\/wp\/v2\/media\/5777"}],"wp:attachment":[{"href":"https:\/\/gremicafe.cat\/es\/wp-json\/wp\/v2\/media?parent=5776"}],"wp:term":[{"taxonomy":"category","embeddable":true,"href":"https:\/\/gremicafe.cat\/es\/wp-json\/wp\/v2\/categories?post=5776"},{"taxonomy":"post_tag","embeddable":true,"href":"https:\/\/gremicafe.cat\/es\/wp-json\/wp\/v2\/tags?post=5776"}],"curies":[{"name":"wp","href":"https:\/\/api.w.org\/{rel}","templated":true}]}}