{"id":5806,"date":"2021-03-05T11:13:57","date_gmt":"2021-03-05T09:13:57","guid":{"rendered":"https:\/\/gremicafe.cat\/?p=5806"},"modified":"2021-03-05T11:15:03","modified_gmt":"2021-03-05T09:15:03","slug":"collection-52-cafes-pont","status":"publish","type":"post","link":"https:\/\/gremicafe.cat\/es\/2021\/03\/05\/collection-52-cafes-pont\/","title":{"rendered":"Collection 52, un caf\u00e9 que une la experiencia y el buen hacer de Caf\u00e8s Pont"},"content":{"rendered":"<div id=\"ut-row-69f38c5662e31\" data-vc-full-width=\"true\" data-vc-full-width-init=\"false\" class=\"vc_row wpb_row vc_row-fluid vc_column-gap-0 ut-row-69f38c5662e51\" ><div class=\"wpb_column vc_column_container vc_col-sm-12\" ><div id=\"ut_inner_column_69f38c5663c63\" class=\"vc_column-inner\"><div class=\"wpb_wrapper\"><div  class=\"wpb_content_element   clearfix\"><style type=\"text\/css\" scoped>#ut_am_69f38c56648cf { opacity: 1; }<\/style><div id=\"ut_am_wrap_69f38c56648d2\" class=\"ut-image-gallery-image\" style=\"text-align:center;\"><div class=\"ut-animated-image-item ut-image-gallery-item ut-animation-done\"><a target=\" _blank\" href=\"https:\/\/www.cafespont.com\/\" ><img loading=\"lazy\" decoding=\"async\" title=\"COLLECTION 2\" id=\"ut_am_69f38c56648cf\" style=\"\" src=\"https:\/\/gremicafe.cat\/wp-content\/uploads\/2021\/03\/COLLECTION-2.jpeg\" width=\"960\" height=\"1271\" alt=\"\"\/><\/a><\/div><\/div><\/div>\n\t<div class=\"wpb_text_column wpb_content_element\" >\n\t\t<div class=\"wpb_wrapper\">\n\t\t\t<p><strong>En 1952 se funda Caf\u00e8s Pont, una fecha clave que da nombre a este nuevo caf\u00e9 gourmet de la marca y que rinde homenaje a toda su experiencia como maestros tostadores.<\/strong><\/p>\n<p>Collection n\u00ba52 es un nuevo caf\u00e9 en grano de la gama Blends de Caf\u00e9s Puente, Ar\u00e1biga 100%, especialmente creado para su uso en cafeteras superautom\u00e1ticas. Es por este motivo que todo su proceso de selecci\u00f3n, cata y tostado ha sido rigurosamente estudiado, para que pueda disfrutarse del mejor caf\u00e9 en el hogar.<\/p>\n<p>Los expertos cafeteros de Caf\u00e8s Pont han desarrollado este blend equilibrado, a sufrir de una selecci\u00f3n de Ar\u00e1bigos de Centroam\u00e9rica y Sudam\u00e9rica. Se caracteriza sobre todo por su proceso de tostado lento, lo que permite extraer todo su aroma, cuerpo y sabor del mejor caf\u00e9 a la hora de prepararlo en una cafetera superautom\u00e1tica. El resultado es un caf\u00e9 que combina notas de chocolate, con cereales y frutos secos y que culmina en una taza aterciopelada y cremosa.<\/p>\n<p><strong>Caf\u00e9s que apuestan por la sostenibilidad<\/strong><\/p>\n<p>Collection n\u00ba52 se une a la familia de Caf\u00e9s Puente de caf\u00e9s para el hogar, en grano y no en c\u00e1psula, contribuyendo con el medio ambiente y la sostenibilidad, puesto que no genera residuos.<br \/>\nCaf\u00e8s Pont trabaja directamente con los caficultores para gestionar la compra de las mejores variedades de caf\u00e9 verde, que posteriormente torren y envasan localmente en sus delegaciones, para que no pierdan su frescura y aroma.<\/p>\n<p>Con Collection n\u00ba52 nace una nueva l\u00ednea que, aparte de apostar por la sostenibilidad, ofrecer\u00e1 a los consumidores blends y or\u00edgenes de alta calidad, para que puedan disfrutar en casa de aut\u00e9nticos caf\u00e9s gourmet. Collection n\u00ba52 est\u00e1 disponible en un pack especial de 250g en los supermercados y tambi\u00e9n en la tienda online de <a href=\"https:\/\/www.cafespont.com\/\" target=\"_blank\" rel=\"noopener\">Caf\u00e9s Puente<\/a>.<\/p>\n\n\t\t<\/div>\n\t<\/div>\n<\/div><\/div><\/div><\/div><div class=\"vc_row-full-width vc_clearfix\"><\/div>","protected":false},"excerpt":{"rendered":"#ut_am_69f38c5666452 { opacity: 1; } L'any 1952 es funda Caf\u00e8s Pont, una data clau que d\u00f3na nom a aquest nou caf\u00e8 gurmet de la marca i que ret homenatge a tota la seva experi\u00e8ncia com a mestres torradors. Collection n\u00ba52 \u00e9s un nou caf\u00e8 en gra de la gamma Blends de Caf\u00e8s Pont, Ar\u00e0biga 100%, [...]","protected":false},"author":1,"featured_media":5807,"comment_status":"closed","ping_status":"open","sticky":false,"template":"","format":"standard","meta":{"_acf_changed":false,"inline_featured_image":false,"footnotes":""},"categories":[1],"tags":[],"class_list":["post-5806","post","type-post","status-publish","format-standard","has-post-thumbnail","hentry","category-noticies"],"acf":[],"yoast_head":"<!-- This site is optimized with the Yoast SEO plugin v25.5 - https:\/\/yoast.com\/wordpress\/plugins\/seo\/ -->\n<title>Collection 52, un caf\u00e8 que uneix l&#039;experi\u00e8ncia i el bon fer de Caf\u00e8s Pont - Gremi del Caf\u00e8, torradors de Catalunya<\/title>\n<meta name=\"robots\" content=\"index, follow, max-snippet:-1, max-image-preview:large, max-video-preview:-1\" \/>\n<link rel=\"canonical\" href=\"https:\/\/gremicafe.cat\/es\/2021\/03\/05\/collection-52-cafes-pont\/\" \/>\n<meta property=\"og:locale\" content=\"es_ES\" \/>\n<meta property=\"og:type\" content=\"article\" \/>\n<meta property=\"og:title\" content=\"Collection 52, un caf\u00e8 que uneix l&#039;experi\u00e8ncia i el bon fer de Caf\u00e8s Pont - Gremi del Caf\u00e8, torradors de Catalunya\" \/>\n<meta property=\"og:url\" content=\"https:\/\/gremicafe.cat\/es\/2021\/03\/05\/collection-52-cafes-pont\/\" \/>\n<meta property=\"og:site_name\" content=\"Gremi del Caf\u00e8, torradors de Catalunya\" \/>\n<meta property=\"article:publisher\" content=\"https:\/\/www.facebook.com\/gremicafecat\" \/>\n<meta property=\"article:published_time\" content=\"2021-03-05T09:13:57+00:00\" \/>\n<meta property=\"article:modified_time\" content=\"2021-03-05T09:15:03+00:00\" \/>\n<meta property=\"og:image\" content=\"https:\/\/gremicafe.cat\/wp-content\/uploads\/2021\/03\/COLLECTION-2.jpeg\" \/>\n\t<meta property=\"og:image:width\" content=\"960\" \/>\n\t<meta property=\"og:image:height\" content=\"1271\" \/>\n\t<meta property=\"og:image:type\" content=\"image\/jpeg\" \/>\n<meta name=\"author\" content=\"gremicafe\" \/>\n<meta name=\"twitter:card\" content=\"summary_large_image\" \/>\n<meta name=\"twitter:creator\" content=\"@gremicafecat\" \/>\n<meta name=\"twitter:site\" content=\"@gremicafecat\" \/>\n<meta name=\"twitter:label1\" content=\"Escrito por\" \/>\n\t<meta name=\"twitter:data1\" content=\"gremicafe\" \/>\n\t<meta name=\"twitter:label2\" content=\"Tiempo de lectura\" \/>\n\t<meta name=\"twitter:data2\" content=\"2 minutos\" \/>\n<script type=\"application\/ld+json\" class=\"yoast-schema-graph\">{\"@context\":\"https:\/\/schema.org\",\"@graph\":[{\"@type\":\"Article\",\"@id\":\"https:\/\/gremicafe.cat\/2021\/03\/05\/collection-52-cafes-pont\/#article\",\"isPartOf\":{\"@id\":\"https:\/\/gremicafe.cat\/2021\/03\/05\/collection-52-cafes-pont\/\"},\"author\":{\"name\":\"gremicafe\",\"@id\":\"https:\/\/gremicafe.cat\/#\/schema\/person\/dabfdbb3d0fa36260855a380f94e4733\"},\"headline\":\"Collection 52, un caf\u00e8 que uneix l&#8217;experi\u00e8ncia i el bon fer de Caf\u00e8s Pont\",\"datePublished\":\"2021-03-05T09:13:57+00:00\",\"dateModified\":\"2021-03-05T09:15:03+00:00\",\"mainEntityOfPage\":{\"@id\":\"https:\/\/gremicafe.cat\/2021\/03\/05\/collection-52-cafes-pont\/\"},\"wordCount\":364,\"publisher\":{\"@id\":\"https:\/\/gremicafe.cat\/#organization\"},\"image\":{\"@id\":\"https:\/\/gremicafe.cat\/2021\/03\/05\/collection-52-cafes-pont\/#primaryimage\"},\"thumbnailUrl\":\"https:\/\/gremicafe.cat\/wp-content\/uploads\/2021\/03\/COLLECTION-2.jpeg\",\"articleSection\":[\"Not\u00edcies\"],\"inLanguage\":\"es\"},{\"@type\":\"WebPage\",\"@id\":\"https:\/\/gremicafe.cat\/2021\/03\/05\/collection-52-cafes-pont\/\",\"url\":\"https:\/\/gremicafe.cat\/2021\/03\/05\/collection-52-cafes-pont\/\",\"name\":\"Collection 52, un caf\u00e8 que uneix l'experi\u00e8ncia i el bon fer de Caf\u00e8s Pont - Gremi del Caf\u00e8, torradors de Catalunya\",\"isPartOf\":{\"@id\":\"https:\/\/gremicafe.cat\/#website\"},\"primaryImageOfPage\":{\"@id\":\"https:\/\/gremicafe.cat\/2021\/03\/05\/collection-52-cafes-pont\/#primaryimage\"},\"image\":{\"@id\":\"https:\/\/gremicafe.cat\/2021\/03\/05\/collection-52-cafes-pont\/#primaryimage\"},\"thumbnailUrl\":\"https:\/\/gremicafe.cat\/wp-content\/uploads\/2021\/03\/COLLECTION-2.jpeg\",\"datePublished\":\"2021-03-05T09:13:57+00:00\",\"dateModified\":\"2021-03-05T09:15:03+00:00\",\"breadcrumb\":{\"@id\":\"https:\/\/gremicafe.cat\/2021\/03\/05\/collection-52-cafes-pont\/#breadcrumb\"},\"inLanguage\":\"es\",\"potentialAction\":[{\"@type\":\"ReadAction\",\"target\":[\"https:\/\/gremicafe.cat\/2021\/03\/05\/collection-52-cafes-pont\/\"]}]},{\"@type\":\"ImageObject\",\"inLanguage\":\"es\",\"@id\":\"https:\/\/gremicafe.cat\/2021\/03\/05\/collection-52-cafes-pont\/#primaryimage\",\"url\":\"https:\/\/gremicafe.cat\/wp-content\/uploads\/2021\/03\/COLLECTION-2.jpeg\",\"contentUrl\":\"https:\/\/gremicafe.cat\/wp-content\/uploads\/2021\/03\/COLLECTION-2.jpeg\",\"width\":960,\"height\":1271},{\"@type\":\"BreadcrumbList\",\"@id\":\"https:\/\/gremicafe.cat\/2021\/03\/05\/collection-52-cafes-pont\/#breadcrumb\",\"itemListElement\":[{\"@type\":\"ListItem\",\"position\":1,\"name\":\"Inici\",\"item\":\"https:\/\/gremicafe.cat\/\"},{\"@type\":\"ListItem\",\"position\":2,\"name\":\"Collection 52, un caf\u00e8 que uneix l&#8217;experi\u00e8ncia i el bon fer de Caf\u00e8s Pont\"}]},{\"@type\":\"WebSite\",\"@id\":\"https:\/\/gremicafe.cat\/#website\",\"url\":\"https:\/\/gremicafe.cat\/\",\"name\":\"Gremi del Caf\u00e8, torradors de Catalunya\",\"description\":\"Web oficial del gremi de torradors de caf\u00e8 de Catalunya\",\"publisher\":{\"@id\":\"https:\/\/gremicafe.cat\/#organization\"},\"potentialAction\":[{\"@type\":\"SearchAction\",\"target\":{\"@type\":\"EntryPoint\",\"urlTemplate\":\"https:\/\/gremicafe.cat\/?s={search_term_string}\"},\"query-input\":{\"@type\":\"PropertyValueSpecification\",\"valueRequired\":true,\"valueName\":\"search_term_string\"}}],\"inLanguage\":\"es\"},{\"@type\":\"Organization\",\"@id\":\"https:\/\/gremicafe.cat\/#organization\",\"name\":\"Gremi del Caf\u00e8, Torradors de Catalunya\",\"url\":\"https:\/\/gremicafe.cat\/\",\"logo\":{\"@type\":\"ImageObject\",\"inLanguage\":\"es\",\"@id\":\"https:\/\/gremicafe.cat\/#\/schema\/logo\/image\/\",\"url\":\"https:\/\/gremicafe.cat\/wp-content\/uploads\/2018\/03\/gremicafe-logo250.png\",\"contentUrl\":\"https:\/\/gremicafe.cat\/wp-content\/uploads\/2018\/03\/gremicafe-logo250.png\",\"width\":250,\"height\":49,\"caption\":\"Gremi del Caf\u00e8, Torradors de Catalunya\"},\"image\":{\"@id\":\"https:\/\/gremicafe.cat\/#\/schema\/logo\/image\/\"},\"sameAs\":[\"https:\/\/www.facebook.com\/gremicafecat\",\"https:\/\/x.com\/gremicafecat\",\"https:\/\/www.instagram.com\/gremicafecat\/\",\"https:\/\/www.pinterest.es\/gremicafecat\/\",\"https:\/\/www.youtube.com\/channel\/UCGLo5Y35vLwLvP4FrPZrCrw\/\"]},{\"@type\":\"Person\",\"@id\":\"https:\/\/gremicafe.cat\/#\/schema\/person\/dabfdbb3d0fa36260855a380f94e4733\",\"name\":\"gremicafe\",\"image\":{\"@type\":\"ImageObject\",\"inLanguage\":\"es\",\"@id\":\"https:\/\/gremicafe.cat\/#\/schema\/person\/image\/\",\"url\":\"https:\/\/secure.gravatar.com\/avatar\/e59baa4ca8f6f97576d6375fb6d3c8f0?s=96&d=mm&r=g\",\"contentUrl\":\"https:\/\/secure.gravatar.com\/avatar\/e59baa4ca8f6f97576d6375fb6d3c8f0?s=96&d=mm&r=g\",\"caption\":\"gremicafe\"}}]}<\/script>\n<!-- \/ Yoast SEO plugin. -->","yoast_head_json":{"title":"Collection 52, un caf\u00e8 que uneix l'experi\u00e8ncia i el bon fer de Caf\u00e8s Pont - Gremi del Caf\u00e8, torradors de Catalunya","robots":{"index":"index","follow":"follow","max-snippet":"max-snippet:-1","max-image-preview":"max-image-preview:large","max-video-preview":"max-video-preview:-1"},"canonical":"https:\/\/gremicafe.cat\/es\/2021\/03\/05\/collection-52-cafes-pont\/","og_locale":"es_ES","og_type":"article","og_title":"Collection 52, un caf\u00e8 que uneix l'experi\u00e8ncia i el bon fer de Caf\u00e8s Pont - Gremi del Caf\u00e8, torradors de Catalunya","og_url":"https:\/\/gremicafe.cat\/es\/2021\/03\/05\/collection-52-cafes-pont\/","og_site_name":"Gremi del Caf\u00e8, torradors de Catalunya","article_publisher":"https:\/\/www.facebook.com\/gremicafecat","article_published_time":"2021-03-05T09:13:57+00:00","article_modified_time":"2021-03-05T09:15:03+00:00","og_image":[{"width":960,"height":1271,"url":"https:\/\/gremicafe.cat\/wp-content\/uploads\/2021\/03\/COLLECTION-2.jpeg","type":"image\/jpeg"}],"author":"gremicafe","twitter_card":"summary_large_image","twitter_creator":"@gremicafecat","twitter_site":"@gremicafecat","twitter_misc":{"Escrito por":"gremicafe","Tiempo de lectura":"2 minutos"},"schema":{"@context":"https:\/\/schema.org","@graph":[{"@type":"Article","@id":"https:\/\/gremicafe.cat\/2021\/03\/05\/collection-52-cafes-pont\/#article","isPartOf":{"@id":"https:\/\/gremicafe.cat\/2021\/03\/05\/collection-52-cafes-pont\/"},"author":{"name":"gremicafe","@id":"https:\/\/gremicafe.cat\/#\/schema\/person\/dabfdbb3d0fa36260855a380f94e4733"},"headline":"Collection 52, un caf\u00e8 que uneix l&#8217;experi\u00e8ncia i el bon fer de Caf\u00e8s Pont","datePublished":"2021-03-05T09:13:57+00:00","dateModified":"2021-03-05T09:15:03+00:00","mainEntityOfPage":{"@id":"https:\/\/gremicafe.cat\/2021\/03\/05\/collection-52-cafes-pont\/"},"wordCount":364,"publisher":{"@id":"https:\/\/gremicafe.cat\/#organization"},"image":{"@id":"https:\/\/gremicafe.cat\/2021\/03\/05\/collection-52-cafes-pont\/#primaryimage"},"thumbnailUrl":"https:\/\/gremicafe.cat\/wp-content\/uploads\/2021\/03\/COLLECTION-2.jpeg","articleSection":["Not\u00edcies"],"inLanguage":"es"},{"@type":"WebPage","@id":"https:\/\/gremicafe.cat\/2021\/03\/05\/collection-52-cafes-pont\/","url":"https:\/\/gremicafe.cat\/2021\/03\/05\/collection-52-cafes-pont\/","name":"Collection 52, un caf\u00e8 que uneix l'experi\u00e8ncia i el bon fer de Caf\u00e8s Pont - Gremi del Caf\u00e8, torradors de Catalunya","isPartOf":{"@id":"https:\/\/gremicafe.cat\/#website"},"primaryImageOfPage":{"@id":"https:\/\/gremicafe.cat\/2021\/03\/05\/collection-52-cafes-pont\/#primaryimage"},"image":{"@id":"https:\/\/gremicafe.cat\/2021\/03\/05\/collection-52-cafes-pont\/#primaryimage"},"thumbnailUrl":"https:\/\/gremicafe.cat\/wp-content\/uploads\/2021\/03\/COLLECTION-2.jpeg","datePublished":"2021-03-05T09:13:57+00:00","dateModified":"2021-03-05T09:15:03+00:00","breadcrumb":{"@id":"https:\/\/gremicafe.cat\/2021\/03\/05\/collection-52-cafes-pont\/#breadcrumb"},"inLanguage":"es","potentialAction":[{"@type":"ReadAction","target":["https:\/\/gremicafe.cat\/2021\/03\/05\/collection-52-cafes-pont\/"]}]},{"@type":"ImageObject","inLanguage":"es","@id":"https:\/\/gremicafe.cat\/2021\/03\/05\/collection-52-cafes-pont\/#primaryimage","url":"https:\/\/gremicafe.cat\/wp-content\/uploads\/2021\/03\/COLLECTION-2.jpeg","contentUrl":"https:\/\/gremicafe.cat\/wp-content\/uploads\/2021\/03\/COLLECTION-2.jpeg","width":960,"height":1271},{"@type":"BreadcrumbList","@id":"https:\/\/gremicafe.cat\/2021\/03\/05\/collection-52-cafes-pont\/#breadcrumb","itemListElement":[{"@type":"ListItem","position":1,"name":"Inici","item":"https:\/\/gremicafe.cat\/"},{"@type":"ListItem","position":2,"name":"Collection 52, un caf\u00e8 que uneix l&#8217;experi\u00e8ncia i el bon fer de Caf\u00e8s Pont"}]},{"@type":"WebSite","@id":"https:\/\/gremicafe.cat\/#website","url":"https:\/\/gremicafe.cat\/","name":"Gremio del Caf\u00e9, tostadores de Catalu\u00f1a","description":"Web oficial del gremio de tostadores de caf\u00e9 de Catalunya","publisher":{"@id":"https:\/\/gremicafe.cat\/#organization"},"potentialAction":[{"@type":"SearchAction","target":{"@type":"EntryPoint","urlTemplate":"https:\/\/gremicafe.cat\/?s={search_term_string}"},"query-input":{"@type":"PropertyValueSpecification","valueRequired":true,"valueName":"search_term_string"}}],"inLanguage":"es"},{"@type":"Organization","@id":"https:\/\/gremicafe.cat\/#organization","name":"Gremio del Caf\u00e9, Tostadores de Catalu\u00f1a","url":"https:\/\/gremicafe.cat\/","logo":{"@type":"ImageObject","inLanguage":"es","@id":"https:\/\/gremicafe.cat\/#\/schema\/logo\/image\/","url":"https:\/\/gremicafe.cat\/wp-content\/uploads\/2018\/03\/gremicafe-logo250.png","contentUrl":"https:\/\/gremicafe.cat\/wp-content\/uploads\/2018\/03\/gremicafe-logo250.png","width":250,"height":49,"caption":"Gremi del Caf\u00e8, Torradors de Catalunya"},"image":{"@id":"https:\/\/gremicafe.cat\/#\/schema\/logo\/image\/"},"sameAs":["https:\/\/www.facebook.com\/gremicafecat","https:\/\/x.com\/gremicafecat","https:\/\/www.instagram.com\/gremicafecat\/","https:\/\/www.pinterest.es\/gremicafecat\/","https:\/\/www.youtube.com\/channel\/UCGLo5Y35vLwLvP4FrPZrCrw\/"]},{"@type":"Person","@id":"https:\/\/gremicafe.cat\/#\/schema\/person\/dabfdbb3d0fa36260855a380f94e4733","name":"gremicafe","image":{"@type":"ImageObject","inLanguage":"es","@id":"https:\/\/gremicafe.cat\/#\/schema\/person\/image\/","url":"https:\/\/secure.gravatar.com\/avatar\/e59baa4ca8f6f97576d6375fb6d3c8f0?s=96&d=mm&r=g","contentUrl":"https:\/\/secure.gravatar.com\/avatar\/e59baa4ca8f6f97576d6375fb6d3c8f0?s=96&d=mm&r=g","caption":"gremicafe"}}]}},"_links":{"self":[{"href":"https:\/\/gremicafe.cat\/es\/wp-json\/wp\/v2\/posts\/5806"}],"collection":[{"href":"https:\/\/gremicafe.cat\/es\/wp-json\/wp\/v2\/posts"}],"about":[{"href":"https:\/\/gremicafe.cat\/es\/wp-json\/wp\/v2\/types\/post"}],"author":[{"embeddable":true,"href":"https:\/\/gremicafe.cat\/es\/wp-json\/wp\/v2\/users\/1"}],"replies":[{"embeddable":true,"href":"https:\/\/gremicafe.cat\/es\/wp-json\/wp\/v2\/comments?post=5806"}],"version-history":[{"count":0,"href":"https:\/\/gremicafe.cat\/es\/wp-json\/wp\/v2\/posts\/5806\/revisions"}],"wp:featuredmedia":[{"embeddable":true,"href":"https:\/\/gremicafe.cat\/es\/wp-json\/wp\/v2\/media\/5807"}],"wp:attachment":[{"href":"https:\/\/gremicafe.cat\/es\/wp-json\/wp\/v2\/media?parent=5806"}],"wp:term":[{"taxonomy":"category","embeddable":true,"href":"https:\/\/gremicafe.cat\/es\/wp-json\/wp\/v2\/categories?post=5806"},{"taxonomy":"post_tag","embeddable":true,"href":"https:\/\/gremicafe.cat\/es\/wp-json\/wp\/v2\/tags?post=5806"}],"curies":[{"name":"wp","href":"https:\/\/api.w.org\/{rel}","templated":true}]}}