{"id":5812,"date":"2021-03-15T15:47:28","date_gmt":"2021-03-15T13:47:28","guid":{"rendered":"https:\/\/gremicafe.cat\/?p=5812"},"modified":"2021-03-18T16:04:41","modified_gmt":"2021-03-18T14:04:41","slug":"barcelona-la-capital-cafetera-compta-amb-una-terminal-especialitzada-en-cafe-i-cacau","status":"publish","type":"post","link":"https:\/\/gremicafe.cat\/es\/2021\/03\/15\/barcelona-la-capital-cafetera-compta-amb-una-terminal-especialitzada-en-cafe-i-cacau\/","title":{"rendered":"Barcelona, la capital cafetera cuenta con una terminal especializada en caf\u00e9 y cacao"},"content":{"rendered":"<p><img loading=\"lazy\" decoding=\"async\" class=\"aligncenter size-full wp-image-3276\" src=\"https:\/\/gremicafe.cat\/wp-content\/uploads\/2016\/07\/grain-2075001.jpg\" alt=\"Grans de caf\u00e8 sense torrar escampats\" width=\"3888\" height=\"2592\" srcset=\"https:\/\/gremicafe.cat\/wp-content\/uploads\/2016\/07\/grain-2075001.jpg 3888w, https:\/\/gremicafe.cat\/wp-content\/uploads\/2016\/07\/grain-2075001-768x512.jpg 768w, https:\/\/gremicafe.cat\/wp-content\/uploads\/2016\/07\/grain-2075001-1080x720.jpg 1080w\" sizes=\"(max-width: 3888px) 100vw, 3888px\" \/><\/p>\n<p>&nbsp;<\/p>\n<p>Barcelona, gracias a su privilegiado acceso al mar, se ha situado en la vanguardia del comercio. El Puerto de Barcelona fue el primero de Espa\u00f1a que sirvi\u00f3 como punto de tr\u00e1fico internacional, hasta el momento en que ya dispone de una terminal especializada en cacao y caf\u00e9 verde.<\/p>\n<p>El Port de Barcelona est\u00e1 considerado como la puerta de entrada del caf\u00e9 verde en Espa\u00f1a. <strong>Entra m\u00e1s del 80% del caf\u00e9 que se importa en toda Espa\u00f1a<\/strong>.<\/p>\n<p>El caf\u00e9 importado, a\u00fan sin ser tostado, que llega con big bags, se distribuye entre los diferentes compradores tostadores de caf\u00e9 que tostar\u00e1n, cada uno, de su forma \u00f3ptima y comercializar\u00e1n a trav\u00e9s de las tiendas f\u00edsicas y online, as\u00ed como en el sector de la restauraci\u00f3n; restaurantes, bares y cafeter\u00edas del pa\u00eds.<\/p>\n<p>Puede seguir leyendo la noticia publicada en el <strong>Va a gusto<\/strong>, <a href=\"https:\/\/vadegust.cat\/reportatges\/barcelona-la-gran-porta-dentrada-de-cafe-darreu-del-mon-11274\/\" target=\"_blank\" rel=\"noopener\">aqu\u00ed<\/a>.<\/p>","protected":false},"excerpt":{"rendered":"<p>&nbsp; Barcelona, gr\u00e0cies a l&#8217;acc\u00e9s privilegiat que t\u00e9 al mar, s&#8217;ha situat a l&#8217;avantguarda del comer\u00e7. El Port de Barcelona va ser el primer d&#8217;Espanya que va servir com a punt de tr\u00e0fics internacionals, fins al moment en que ja disposa d&#8217;una terminal especialitzada en cacau i caf\u00e8 verd. El Port de Barcelona est\u00e0 considerat [&hellip;]<\/p>\n","protected":false},"author":1,"featured_media":3276,"comment_status":"closed","ping_status":"open","sticky":false,"template":"","format":"standard","meta":{"_acf_changed":false,"inline_featured_image":false,"footnotes":""},"categories":[1],"tags":[47,74,72,71,70,73],"class_list":["post-5812","post","type-post","status-publish","format-standard","has-post-thumbnail","hentry","category-noticies","tag-cafe","tag-cafe-verd","tag-gremi-cafe-catalunya","tag-importacio-cafe","tag-port-barcelona","tag-torradors-de-cafe"],"acf":[],"yoast_head":"<!-- This site is optimized with the Yoast SEO plugin v25.5 - https:\/\/yoast.com\/wordpress\/plugins\/seo\/ -->\n<title>Barcelona, la capital cafetera compta amb una terminal especialitzada en caf\u00e8 i cacau - Gremi del Caf\u00e8, torradors de Catalunya<\/title>\n<meta name=\"robots\" content=\"index, follow, max-snippet:-1, max-image-preview:large, max-video-preview:-1\" \/>\n<link rel=\"canonical\" href=\"https:\/\/gremicafe.cat\/es\/2021\/03\/15\/barcelona-la-capital-cafetera-compta-amb-una-terminal-especialitzada-en-cafe-i-cacau\/\" \/>\n<meta property=\"og:locale\" content=\"es_ES\" \/>\n<meta property=\"og:type\" content=\"article\" \/>\n<meta property=\"og:title\" content=\"Barcelona, la capital cafetera compta amb una terminal especialitzada en caf\u00e8 i cacau - Gremi del Caf\u00e8, torradors de Catalunya\" \/>\n<meta property=\"og:description\" content=\"&nbsp; Barcelona, gr\u00e0cies a l&#8217;acc\u00e9s privilegiat que t\u00e9 al mar, s&#8217;ha situat a l&#8217;avantguarda del comer\u00e7. El Port de Barcelona va ser el primer d&#8217;Espanya que va servir com a punt de tr\u00e0fics internacionals, fins al moment en que ja disposa d&#8217;una terminal especialitzada en cacau i caf\u00e8 verd. El Port de Barcelona est\u00e0 considerat [&hellip;]\" \/>\n<meta property=\"og:url\" content=\"https:\/\/gremicafe.cat\/es\/2021\/03\/15\/barcelona-la-capital-cafetera-compta-amb-una-terminal-especialitzada-en-cafe-i-cacau\/\" \/>\n<meta property=\"og:site_name\" content=\"Gremi del Caf\u00e8, torradors de Catalunya\" \/>\n<meta property=\"article:publisher\" content=\"https:\/\/www.facebook.com\/gremicafecat\" \/>\n<meta property=\"article:published_time\" content=\"2021-03-15T13:47:28+00:00\" \/>\n<meta property=\"article:modified_time\" content=\"2021-03-18T14:04:41+00:00\" \/>\n<meta property=\"og:image\" content=\"https:\/\/gremicafe.cat\/wp-content\/uploads\/2016\/07\/grain-2075001.jpg\" \/>\n\t<meta property=\"og:image:width\" content=\"3888\" \/>\n\t<meta property=\"og:image:height\" content=\"2592\" \/>\n\t<meta property=\"og:image:type\" content=\"image\/jpeg\" \/>\n<meta name=\"author\" content=\"gremicafe\" \/>\n<meta name=\"twitter:card\" content=\"summary_large_image\" \/>\n<meta name=\"twitter:creator\" content=\"@gremicafecat\" \/>\n<meta name=\"twitter:site\" content=\"@gremicafecat\" \/>\n<meta name=\"twitter:label1\" content=\"Escrito por\" \/>\n\t<meta name=\"twitter:data1\" content=\"gremicafe\" \/>\n\t<meta name=\"twitter:label2\" content=\"Tiempo de lectura\" \/>\n\t<meta name=\"twitter:data2\" content=\"1 minuto\" \/>\n<script type=\"application\/ld+json\" class=\"yoast-schema-graph\">{\"@context\":\"https:\/\/schema.org\",\"@graph\":[{\"@type\":\"Article\",\"@id\":\"https:\/\/gremicafe.cat\/2021\/03\/15\/barcelona-la-capital-cafetera-compta-amb-una-terminal-especialitzada-en-cafe-i-cacau\/#article\",\"isPartOf\":{\"@id\":\"https:\/\/gremicafe.cat\/2021\/03\/15\/barcelona-la-capital-cafetera-compta-amb-una-terminal-especialitzada-en-cafe-i-cacau\/\"},\"author\":{\"name\":\"gremicafe\",\"@id\":\"https:\/\/gremicafe.cat\/#\/schema\/person\/dabfdbb3d0fa36260855a380f94e4733\"},\"headline\":\"Barcelona, la capital cafetera compta amb una terminal especialitzada en caf\u00e8 i cacau\",\"datePublished\":\"2021-03-15T13:47:28+00:00\",\"dateModified\":\"2021-03-18T14:04:41+00:00\",\"mainEntityOfPage\":{\"@id\":\"https:\/\/gremicafe.cat\/2021\/03\/15\/barcelona-la-capital-cafetera-compta-amb-una-terminal-especialitzada-en-cafe-i-cacau\/\"},\"wordCount\":158,\"publisher\":{\"@id\":\"https:\/\/gremicafe.cat\/#organization\"},\"image\":{\"@id\":\"https:\/\/gremicafe.cat\/2021\/03\/15\/barcelona-la-capital-cafetera-compta-amb-una-terminal-especialitzada-en-cafe-i-cacau\/#primaryimage\"},\"thumbnailUrl\":\"https:\/\/gremicafe.cat\/wp-content\/uploads\/2016\/07\/grain-2075001.jpg\",\"keywords\":[\"cafe\",\"cafe verd\",\"gremi cafe catalunya\",\"importacio cafe\",\"port barcelona\",\"torradors de cafe\"],\"articleSection\":[\"Not\u00edcies\"],\"inLanguage\":\"es\"},{\"@type\":\"WebPage\",\"@id\":\"https:\/\/gremicafe.cat\/2021\/03\/15\/barcelona-la-capital-cafetera-compta-amb-una-terminal-especialitzada-en-cafe-i-cacau\/\",\"url\":\"https:\/\/gremicafe.cat\/2021\/03\/15\/barcelona-la-capital-cafetera-compta-amb-una-terminal-especialitzada-en-cafe-i-cacau\/\",\"name\":\"Barcelona, la capital cafetera compta amb una terminal especialitzada en caf\u00e8 i cacau - Gremi del Caf\u00e8, torradors de Catalunya\",\"isPartOf\":{\"@id\":\"https:\/\/gremicafe.cat\/#website\"},\"primaryImageOfPage\":{\"@id\":\"https:\/\/gremicafe.cat\/2021\/03\/15\/barcelona-la-capital-cafetera-compta-amb-una-terminal-especialitzada-en-cafe-i-cacau\/#primaryimage\"},\"image\":{\"@id\":\"https:\/\/gremicafe.cat\/2021\/03\/15\/barcelona-la-capital-cafetera-compta-amb-una-terminal-especialitzada-en-cafe-i-cacau\/#primaryimage\"},\"thumbnailUrl\":\"https:\/\/gremicafe.cat\/wp-content\/uploads\/2016\/07\/grain-2075001.jpg\",\"datePublished\":\"2021-03-15T13:47:28+00:00\",\"dateModified\":\"2021-03-18T14:04:41+00:00\",\"breadcrumb\":{\"@id\":\"https:\/\/gremicafe.cat\/2021\/03\/15\/barcelona-la-capital-cafetera-compta-amb-una-terminal-especialitzada-en-cafe-i-cacau\/#breadcrumb\"},\"inLanguage\":\"es\",\"potentialAction\":[{\"@type\":\"ReadAction\",\"target\":[\"https:\/\/gremicafe.cat\/2021\/03\/15\/barcelona-la-capital-cafetera-compta-amb-una-terminal-especialitzada-en-cafe-i-cacau\/\"]}]},{\"@type\":\"ImageObject\",\"inLanguage\":\"es\",\"@id\":\"https:\/\/gremicafe.cat\/2021\/03\/15\/barcelona-la-capital-cafetera-compta-amb-una-terminal-especialitzada-en-cafe-i-cacau\/#primaryimage\",\"url\":\"https:\/\/gremicafe.cat\/wp-content\/uploads\/2016\/07\/grain-2075001.jpg\",\"contentUrl\":\"https:\/\/gremicafe.cat\/wp-content\/uploads\/2016\/07\/grain-2075001.jpg\",\"width\":3888,\"height\":2592,\"caption\":\"Grans de caf\u00e8 sense torrar escampats\"},{\"@type\":\"BreadcrumbList\",\"@id\":\"https:\/\/gremicafe.cat\/2021\/03\/15\/barcelona-la-capital-cafetera-compta-amb-una-terminal-especialitzada-en-cafe-i-cacau\/#breadcrumb\",\"itemListElement\":[{\"@type\":\"ListItem\",\"position\":1,\"name\":\"Inici\",\"item\":\"https:\/\/gremicafe.cat\/\"},{\"@type\":\"ListItem\",\"position\":2,\"name\":\"Barcelona, la capital cafetera compta amb una terminal especialitzada en caf\u00e8 i cacau\"}]},{\"@type\":\"WebSite\",\"@id\":\"https:\/\/gremicafe.cat\/#website\",\"url\":\"https:\/\/gremicafe.cat\/\",\"name\":\"Gremi del Caf\u00e8, torradors de Catalunya\",\"description\":\"Web oficial del gremi de torradors de caf\u00e8 de Catalunya\",\"publisher\":{\"@id\":\"https:\/\/gremicafe.cat\/#organization\"},\"potentialAction\":[{\"@type\":\"SearchAction\",\"target\":{\"@type\":\"EntryPoint\",\"urlTemplate\":\"https:\/\/gremicafe.cat\/?s={search_term_string}\"},\"query-input\":{\"@type\":\"PropertyValueSpecification\",\"valueRequired\":true,\"valueName\":\"search_term_string\"}}],\"inLanguage\":\"es\"},{\"@type\":\"Organization\",\"@id\":\"https:\/\/gremicafe.cat\/#organization\",\"name\":\"Gremi del Caf\u00e8, Torradors de Catalunya\",\"url\":\"https:\/\/gremicafe.cat\/\",\"logo\":{\"@type\":\"ImageObject\",\"inLanguage\":\"es\",\"@id\":\"https:\/\/gremicafe.cat\/#\/schema\/logo\/image\/\",\"url\":\"https:\/\/gremicafe.cat\/wp-content\/uploads\/2018\/03\/gremicafe-logo250.png\",\"contentUrl\":\"https:\/\/gremicafe.cat\/wp-content\/uploads\/2018\/03\/gremicafe-logo250.png\",\"width\":250,\"height\":49,\"caption\":\"Gremi del Caf\u00e8, Torradors de Catalunya\"},\"image\":{\"@id\":\"https:\/\/gremicafe.cat\/#\/schema\/logo\/image\/\"},\"sameAs\":[\"https:\/\/www.facebook.com\/gremicafecat\",\"https:\/\/x.com\/gremicafecat\",\"https:\/\/www.instagram.com\/gremicafecat\/\",\"https:\/\/www.pinterest.es\/gremicafecat\/\",\"https:\/\/www.youtube.com\/channel\/UCGLo5Y35vLwLvP4FrPZrCrw\/\"]},{\"@type\":\"Person\",\"@id\":\"https:\/\/gremicafe.cat\/#\/schema\/person\/dabfdbb3d0fa36260855a380f94e4733\",\"name\":\"gremicafe\",\"image\":{\"@type\":\"ImageObject\",\"inLanguage\":\"es\",\"@id\":\"https:\/\/gremicafe.cat\/#\/schema\/person\/image\/\",\"url\":\"https:\/\/secure.gravatar.com\/avatar\/e59baa4ca8f6f97576d6375fb6d3c8f0?s=96&d=mm&r=g\",\"contentUrl\":\"https:\/\/secure.gravatar.com\/avatar\/e59baa4ca8f6f97576d6375fb6d3c8f0?s=96&d=mm&r=g\",\"caption\":\"gremicafe\"}}]}<\/script>\n<!-- \/ Yoast SEO plugin. -->","yoast_head_json":{"title":"Barcelona, la capital cafetera compta amb una terminal especialitzada en caf\u00e8 i cacau - Gremi del Caf\u00e8, torradors de Catalunya","robots":{"index":"index","follow":"follow","max-snippet":"max-snippet:-1","max-image-preview":"max-image-preview:large","max-video-preview":"max-video-preview:-1"},"canonical":"https:\/\/gremicafe.cat\/es\/2021\/03\/15\/barcelona-la-capital-cafetera-compta-amb-una-terminal-especialitzada-en-cafe-i-cacau\/","og_locale":"es_ES","og_type":"article","og_title":"Barcelona, la capital cafetera compta amb una terminal especialitzada en caf\u00e8 i cacau - Gremi del Caf\u00e8, torradors de Catalunya","og_description":"&nbsp; Barcelona, gr\u00e0cies a l&#8217;acc\u00e9s privilegiat que t\u00e9 al mar, s&#8217;ha situat a l&#8217;avantguarda del comer\u00e7. El Port de Barcelona va ser el primer d&#8217;Espanya que va servir com a punt de tr\u00e0fics internacionals, fins al moment en que ja disposa d&#8217;una terminal especialitzada en cacau i caf\u00e8 verd. El Port de Barcelona est\u00e0 considerat [&hellip;]","og_url":"https:\/\/gremicafe.cat\/es\/2021\/03\/15\/barcelona-la-capital-cafetera-compta-amb-una-terminal-especialitzada-en-cafe-i-cacau\/","og_site_name":"Gremi del Caf\u00e8, torradors de Catalunya","article_publisher":"https:\/\/www.facebook.com\/gremicafecat","article_published_time":"2021-03-15T13:47:28+00:00","article_modified_time":"2021-03-18T14:04:41+00:00","og_image":[{"width":3888,"height":2592,"url":"https:\/\/gremicafe.cat\/wp-content\/uploads\/2016\/07\/grain-2075001.jpg","type":"image\/jpeg"}],"author":"gremicafe","twitter_card":"summary_large_image","twitter_creator":"@gremicafecat","twitter_site":"@gremicafecat","twitter_misc":{"Escrito por":"gremicafe","Tiempo de lectura":"1 minuto"},"schema":{"@context":"https:\/\/schema.org","@graph":[{"@type":"Article","@id":"https:\/\/gremicafe.cat\/2021\/03\/15\/barcelona-la-capital-cafetera-compta-amb-una-terminal-especialitzada-en-cafe-i-cacau\/#article","isPartOf":{"@id":"https:\/\/gremicafe.cat\/2021\/03\/15\/barcelona-la-capital-cafetera-compta-amb-una-terminal-especialitzada-en-cafe-i-cacau\/"},"author":{"name":"gremicafe","@id":"https:\/\/gremicafe.cat\/#\/schema\/person\/dabfdbb3d0fa36260855a380f94e4733"},"headline":"Barcelona, la capital cafetera compta amb una terminal especialitzada en caf\u00e8 i cacau","datePublished":"2021-03-15T13:47:28+00:00","dateModified":"2021-03-18T14:04:41+00:00","mainEntityOfPage":{"@id":"https:\/\/gremicafe.cat\/2021\/03\/15\/barcelona-la-capital-cafetera-compta-amb-una-terminal-especialitzada-en-cafe-i-cacau\/"},"wordCount":158,"publisher":{"@id":"https:\/\/gremicafe.cat\/#organization"},"image":{"@id":"https:\/\/gremicafe.cat\/2021\/03\/15\/barcelona-la-capital-cafetera-compta-amb-una-terminal-especialitzada-en-cafe-i-cacau\/#primaryimage"},"thumbnailUrl":"https:\/\/gremicafe.cat\/wp-content\/uploads\/2016\/07\/grain-2075001.jpg","keywords":["cafe","cafe verd","gremi cafe catalunya","importacio cafe","port barcelona","torradors de cafe"],"articleSection":["Not\u00edcies"],"inLanguage":"es"},{"@type":"WebPage","@id":"https:\/\/gremicafe.cat\/2021\/03\/15\/barcelona-la-capital-cafetera-compta-amb-una-terminal-especialitzada-en-cafe-i-cacau\/","url":"https:\/\/gremicafe.cat\/2021\/03\/15\/barcelona-la-capital-cafetera-compta-amb-una-terminal-especialitzada-en-cafe-i-cacau\/","name":"Barcelona, la capital cafetera compta amb una terminal especialitzada en caf\u00e8 i cacau - Gremi del Caf\u00e8, torradors de Catalunya","isPartOf":{"@id":"https:\/\/gremicafe.cat\/#website"},"primaryImageOfPage":{"@id":"https:\/\/gremicafe.cat\/2021\/03\/15\/barcelona-la-capital-cafetera-compta-amb-una-terminal-especialitzada-en-cafe-i-cacau\/#primaryimage"},"image":{"@id":"https:\/\/gremicafe.cat\/2021\/03\/15\/barcelona-la-capital-cafetera-compta-amb-una-terminal-especialitzada-en-cafe-i-cacau\/#primaryimage"},"thumbnailUrl":"https:\/\/gremicafe.cat\/wp-content\/uploads\/2016\/07\/grain-2075001.jpg","datePublished":"2021-03-15T13:47:28+00:00","dateModified":"2021-03-18T14:04:41+00:00","breadcrumb":{"@id":"https:\/\/gremicafe.cat\/2021\/03\/15\/barcelona-la-capital-cafetera-compta-amb-una-terminal-especialitzada-en-cafe-i-cacau\/#breadcrumb"},"inLanguage":"es","potentialAction":[{"@type":"ReadAction","target":["https:\/\/gremicafe.cat\/2021\/03\/15\/barcelona-la-capital-cafetera-compta-amb-una-terminal-especialitzada-en-cafe-i-cacau\/"]}]},{"@type":"ImageObject","inLanguage":"es","@id":"https:\/\/gremicafe.cat\/2021\/03\/15\/barcelona-la-capital-cafetera-compta-amb-una-terminal-especialitzada-en-cafe-i-cacau\/#primaryimage","url":"https:\/\/gremicafe.cat\/wp-content\/uploads\/2016\/07\/grain-2075001.jpg","contentUrl":"https:\/\/gremicafe.cat\/wp-content\/uploads\/2016\/07\/grain-2075001.jpg","width":3888,"height":2592,"caption":"Grans de caf\u00e8 sense torrar escampats"},{"@type":"BreadcrumbList","@id":"https:\/\/gremicafe.cat\/2021\/03\/15\/barcelona-la-capital-cafetera-compta-amb-una-terminal-especialitzada-en-cafe-i-cacau\/#breadcrumb","itemListElement":[{"@type":"ListItem","position":1,"name":"Inici","item":"https:\/\/gremicafe.cat\/"},{"@type":"ListItem","position":2,"name":"Barcelona, la capital cafetera compta amb una terminal especialitzada en caf\u00e8 i cacau"}]},{"@type":"WebSite","@id":"https:\/\/gremicafe.cat\/#website","url":"https:\/\/gremicafe.cat\/","name":"Gremio del Caf\u00e9, tostadores de Catalu\u00f1a","description":"Web oficial del gremio de tostadores de caf\u00e9 de Catalunya","publisher":{"@id":"https:\/\/gremicafe.cat\/#organization"},"potentialAction":[{"@type":"SearchAction","target":{"@type":"EntryPoint","urlTemplate":"https:\/\/gremicafe.cat\/?s={search_term_string}"},"query-input":{"@type":"PropertyValueSpecification","valueRequired":true,"valueName":"search_term_string"}}],"inLanguage":"es"},{"@type":"Organization","@id":"https:\/\/gremicafe.cat\/#organization","name":"Gremio del Caf\u00e9, Tostadores de Catalu\u00f1a","url":"https:\/\/gremicafe.cat\/","logo":{"@type":"ImageObject","inLanguage":"es","@id":"https:\/\/gremicafe.cat\/#\/schema\/logo\/image\/","url":"https:\/\/gremicafe.cat\/wp-content\/uploads\/2018\/03\/gremicafe-logo250.png","contentUrl":"https:\/\/gremicafe.cat\/wp-content\/uploads\/2018\/03\/gremicafe-logo250.png","width":250,"height":49,"caption":"Gremi del Caf\u00e8, Torradors de Catalunya"},"image":{"@id":"https:\/\/gremicafe.cat\/#\/schema\/logo\/image\/"},"sameAs":["https:\/\/www.facebook.com\/gremicafecat","https:\/\/x.com\/gremicafecat","https:\/\/www.instagram.com\/gremicafecat\/","https:\/\/www.pinterest.es\/gremicafecat\/","https:\/\/www.youtube.com\/channel\/UCGLo5Y35vLwLvP4FrPZrCrw\/"]},{"@type":"Person","@id":"https:\/\/gremicafe.cat\/#\/schema\/person\/dabfdbb3d0fa36260855a380f94e4733","name":"gremicafe","image":{"@type":"ImageObject","inLanguage":"es","@id":"https:\/\/gremicafe.cat\/#\/schema\/person\/image\/","url":"https:\/\/secure.gravatar.com\/avatar\/e59baa4ca8f6f97576d6375fb6d3c8f0?s=96&d=mm&r=g","contentUrl":"https:\/\/secure.gravatar.com\/avatar\/e59baa4ca8f6f97576d6375fb6d3c8f0?s=96&d=mm&r=g","caption":"gremicafe"}}]}},"_links":{"self":[{"href":"https:\/\/gremicafe.cat\/es\/wp-json\/wp\/v2\/posts\/5812"}],"collection":[{"href":"https:\/\/gremicafe.cat\/es\/wp-json\/wp\/v2\/posts"}],"about":[{"href":"https:\/\/gremicafe.cat\/es\/wp-json\/wp\/v2\/types\/post"}],"author":[{"embeddable":true,"href":"https:\/\/gremicafe.cat\/es\/wp-json\/wp\/v2\/users\/1"}],"replies":[{"embeddable":true,"href":"https:\/\/gremicafe.cat\/es\/wp-json\/wp\/v2\/comments?post=5812"}],"version-history":[{"count":0,"href":"https:\/\/gremicafe.cat\/es\/wp-json\/wp\/v2\/posts\/5812\/revisions"}],"wp:featuredmedia":[{"embeddable":true,"href":"https:\/\/gremicafe.cat\/es\/wp-json\/wp\/v2\/media\/3276"}],"wp:attachment":[{"href":"https:\/\/gremicafe.cat\/es\/wp-json\/wp\/v2\/media?parent=5812"}],"wp:term":[{"taxonomy":"category","embeddable":true,"href":"https:\/\/gremicafe.cat\/es\/wp-json\/wp\/v2\/categories?post=5812"},{"taxonomy":"post_tag","embeddable":true,"href":"https:\/\/gremicafe.cat\/es\/wp-json\/wp\/v2\/tags?post=5812"}],"curies":[{"name":"wp","href":"https:\/\/api.w.org\/{rel}","templated":true}]}}