{"id":5814,"date":"2021-03-08T14:34:36","date_gmt":"2021-03-08T12:34:36","guid":{"rendered":"https:\/\/gremicafe.cat\/?p=5814"},"modified":"2021-03-22T14:06:28","modified_gmt":"2021-03-22T12:06:28","slug":"bracafe-rep-la-visita-de-les-persones-del-curs-soc-programa-singulars-de-garantia-juvenil-de-lajuntament-cornella-de-llobregat","status":"publish","type":"post","link":"https:\/\/gremicafe.cat\/es\/2021\/03\/08\/bracafe-rep-la-visita-de-les-persones-del-curs-soc-programa-singulars-de-garantia-juvenil-de-lajuntament-cornella-de-llobregat\/","title":{"rendered":"Bracaf\u00e8 recibe la visita de las personas participantes del Curso SOC Programa Singulares de Garant\u00eda Juvenil del Ayuntamiento de Cornell\u00e0 de Llobregat"},"content":{"rendered":"<p><img loading=\"lazy\" decoding=\"async\" class=\"aligncenter size-full wp-image-5815\" src=\"https:\/\/gremicafe.cat\/wp-content\/uploads\/2021\/03\/Ajuntament-Cornella-Llobregat-SOC-Programa-Singulars-2020-Garantia-Juvenil-20210308.jpg\" alt=\"\" width=\"1024\" height=\"768\" srcset=\"https:\/\/gremicafe.cat\/wp-content\/uploads\/2021\/03\/Ajuntament-Cornella-Llobregat-SOC-Programa-Singulars-2020-Garantia-Juvenil-20210308.jpg 1024w, https:\/\/gremicafe.cat\/wp-content\/uploads\/2021\/03\/Ajuntament-Cornella-Llobregat-SOC-Programa-Singulars-2020-Garantia-Juvenil-20210308-768x576.jpg 768w, https:\/\/gremicafe.cat\/wp-content\/uploads\/2021\/03\/Ajuntament-Cornella-Llobregat-SOC-Programa-Singulars-2020-Garantia-Juvenil-20210308-960x720.jpg 960w\" sizes=\"(max-width: 1024px) 100vw, 1024px\" \/><\/p>\n<p>&nbsp;<\/p>\n<p>Este lunes 8 de marzo de 2021, se ha llevado a cabo la visita a <strong>Bracaf\u00e9<\/strong> en la calle Comte d&#039;Urgell,35 de Barcelona de las personas del <strong>Curso SOC Programa Singulares 2020 Garant\u00eda Juvenil<\/strong> del Ayuntamiento Cornell\u00e1 de Llobregat.<\/p>\n<p>El objetivo de los<strong> Proyectos Singulares<\/strong> es reforzar las competencias profesionales de las personas j\u00f3venes desempleadas y no integradas en el sistema de educaci\u00f3n o formaci\u00f3n, mediante: medidas de apoyo a la activaci\u00f3n; medidas de mejora de la empleabilidad; medidas de fomento del emprendimiento; medidas de soporte a la contrataci\u00f3n.<\/p>\n<p>La visita se ha completado explicando todas las vertientes de la empresa de Bracaf\u00e8, incidiendo en todos aquellos factores que m\u00e1s pueden interesar a las personas integrantes de este programa, puesto que est\u00e1n especializadas en cafeter\u00eda, pasteler\u00eda y horno.<\/p>\n<p><strong>Bracaf\u00e9<\/strong> ha dedicado un espacio importante para valorar el trabajo de estas personas que est\u00e1n en el sector, as\u00ed como para lo que se est\u00e1n preparando.<\/p>\n<p>La visita ha finalizado despu\u00e9s de dos horas muy intensas en las que los alumnos han podido profundizar en los temas que m\u00e1s les interesaban.<\/p>\n<p>&nbsp;<\/p>\n<p>&nbsp;<\/p>\n<div>\n<div>\n<div class=\"row\">\n<div class=\"col-xs-12\">\n<div class=\"pd-15m\">\n<div class=\"pos_relative tamany-pestaslider padding-xs\">\n<div class=\"\">\n<div class=\"pestanyes-slider-component shadowBox-sm\"><\/div>\n<\/div>\n<\/div>\n<\/div>\n<\/div>\n<\/div>\n<\/div>\n<\/div>","protected":false},"excerpt":{"rendered":"<p>&nbsp; Aquest dilluns 8 de mar\u00e7 de 2021, s&#8217;ha dut a terme la visita a Bracaf\u00e8 al carrer Comte d&#8217;Urgell,35 de Barcelona de les persones del Curs SOC Programa Singulars 2020 Garantia Juvenil de l&#8217;Ajuntament Cornell\u00e0 de Llobregat. L\u2019objectiu dels Projectes Singulars \u00e9s refor\u00e7ar les compet\u00e8ncies professionals de les persones joves desocupades i no integrades [&hellip;]<\/p>\n","protected":false},"author":1,"featured_media":5815,"comment_status":"closed","ping_status":"open","sticky":false,"template":"","format":"standard","meta":{"_acf_changed":false,"inline_featured_image":false,"footnotes":""},"categories":[1],"tags":[],"class_list":["post-5814","post","type-post","status-publish","format-standard","has-post-thumbnail","hentry","category-noticies"],"acf":[],"yoast_head":"<!-- This site is optimized with the Yoast SEO plugin v25.5 - https:\/\/yoast.com\/wordpress\/plugins\/seo\/ -->\n<title>Bracaf\u00e8 rep la visita de les persones participants del Curs SOC Programa Singulars de Garantia Juvenil de l&#039;Ajuntament de Cornell\u00e0 de Llobregat - Gremi del Caf\u00e8, torradors de Catalunya<\/title>\n<meta name=\"robots\" content=\"index, follow, max-snippet:-1, max-image-preview:large, max-video-preview:-1\" \/>\n<link rel=\"canonical\" href=\"https:\/\/gremicafe.cat\/es\/2021\/03\/08\/bracafe-rep-la-visita-de-les-persones-del-curs-soc-programa-singulars-de-garantia-juvenil-de-lajuntament-cornella-de-llobregat\/\" \/>\n<meta property=\"og:locale\" content=\"es_ES\" \/>\n<meta property=\"og:type\" content=\"article\" \/>\n<meta property=\"og:title\" content=\"Bracaf\u00e8 rep la visita de les persones participants del Curs SOC Programa Singulars de Garantia Juvenil de l&#039;Ajuntament de Cornell\u00e0 de Llobregat - Gremi del Caf\u00e8, torradors de Catalunya\" \/>\n<meta property=\"og:description\" content=\"&nbsp; Aquest dilluns 8 de mar\u00e7 de 2021, s&#8217;ha dut a terme la visita a Bracaf\u00e8 al carrer Comte d&#8217;Urgell,35 de Barcelona de les persones del Curs SOC Programa Singulars 2020 Garantia Juvenil de l&#8217;Ajuntament Cornell\u00e0 de Llobregat. L\u2019objectiu dels Projectes Singulars \u00e9s refor\u00e7ar les compet\u00e8ncies professionals de les persones joves desocupades i no integrades [&hellip;]\" \/>\n<meta property=\"og:url\" content=\"https:\/\/gremicafe.cat\/es\/2021\/03\/08\/bracafe-rep-la-visita-de-les-persones-del-curs-soc-programa-singulars-de-garantia-juvenil-de-lajuntament-cornella-de-llobregat\/\" \/>\n<meta property=\"og:site_name\" content=\"Gremi del Caf\u00e8, torradors de Catalunya\" \/>\n<meta property=\"article:publisher\" content=\"https:\/\/www.facebook.com\/gremicafecat\" \/>\n<meta property=\"article:published_time\" content=\"2021-03-08T12:34:36+00:00\" \/>\n<meta property=\"article:modified_time\" content=\"2021-03-22T12:06:28+00:00\" \/>\n<meta property=\"og:image\" content=\"https:\/\/gremicafe.cat\/wp-content\/uploads\/2021\/03\/Ajuntament-Cornella-Llobregat-SOC-Programa-Singulars-2020-Garantia-Juvenil-20210308.jpg\" \/>\n\t<meta property=\"og:image:width\" content=\"1024\" \/>\n\t<meta property=\"og:image:height\" content=\"768\" \/>\n\t<meta property=\"og:image:type\" content=\"image\/jpeg\" \/>\n<meta name=\"author\" content=\"gremicafe\" \/>\n<meta name=\"twitter:card\" content=\"summary_large_image\" \/>\n<meta name=\"twitter:creator\" content=\"@gremicafecat\" \/>\n<meta name=\"twitter:site\" content=\"@gremicafecat\" \/>\n<meta name=\"twitter:label1\" content=\"Escrito por\" \/>\n\t<meta name=\"twitter:data1\" content=\"gremicafe\" \/>\n\t<meta name=\"twitter:label2\" content=\"Tiempo de lectura\" \/>\n\t<meta name=\"twitter:data2\" content=\"1 minuto\" \/>\n<script type=\"application\/ld+json\" class=\"yoast-schema-graph\">{\"@context\":\"https:\/\/schema.org\",\"@graph\":[{\"@type\":\"Article\",\"@id\":\"https:\/\/gremicafe.cat\/2021\/03\/08\/bracafe-rep-la-visita-de-les-persones-del-curs-soc-programa-singulars-de-garantia-juvenil-de-lajuntament-cornella-de-llobregat\/#article\",\"isPartOf\":{\"@id\":\"https:\/\/gremicafe.cat\/2021\/03\/08\/bracafe-rep-la-visita-de-les-persones-del-curs-soc-programa-singulars-de-garantia-juvenil-de-lajuntament-cornella-de-llobregat\/\"},\"author\":{\"name\":\"gremicafe\",\"@id\":\"https:\/\/gremicafe.cat\/#\/schema\/person\/dabfdbb3d0fa36260855a380f94e4733\"},\"headline\":\"Bracaf\u00e8 rep la visita de les persones participants del Curs SOC Programa Singulars de Garantia Juvenil de l&#8217;Ajuntament de Cornell\u00e0 de Llobregat\",\"datePublished\":\"2021-03-08T12:34:36+00:00\",\"dateModified\":\"2021-03-22T12:06:28+00:00\",\"mainEntityOfPage\":{\"@id\":\"https:\/\/gremicafe.cat\/2021\/03\/08\/bracafe-rep-la-visita-de-les-persones-del-curs-soc-programa-singulars-de-garantia-juvenil-de-lajuntament-cornella-de-llobregat\/\"},\"wordCount\":198,\"publisher\":{\"@id\":\"https:\/\/gremicafe.cat\/#organization\"},\"image\":{\"@id\":\"https:\/\/gremicafe.cat\/2021\/03\/08\/bracafe-rep-la-visita-de-les-persones-del-curs-soc-programa-singulars-de-garantia-juvenil-de-lajuntament-cornella-de-llobregat\/#primaryimage\"},\"thumbnailUrl\":\"https:\/\/gremicafe.cat\/wp-content\/uploads\/2021\/03\/Ajuntament-Cornella-Llobregat-SOC-Programa-Singulars-2020-Garantia-Juvenil-20210308.jpg\",\"articleSection\":[\"Not\u00edcies\"],\"inLanguage\":\"es\"},{\"@type\":\"WebPage\",\"@id\":\"https:\/\/gremicafe.cat\/2021\/03\/08\/bracafe-rep-la-visita-de-les-persones-del-curs-soc-programa-singulars-de-garantia-juvenil-de-lajuntament-cornella-de-llobregat\/\",\"url\":\"https:\/\/gremicafe.cat\/2021\/03\/08\/bracafe-rep-la-visita-de-les-persones-del-curs-soc-programa-singulars-de-garantia-juvenil-de-lajuntament-cornella-de-llobregat\/\",\"name\":\"Bracaf\u00e8 rep la visita de les persones participants del Curs SOC Programa Singulars de Garantia Juvenil de l'Ajuntament de Cornell\u00e0 de Llobregat - Gremi del Caf\u00e8, torradors de Catalunya\",\"isPartOf\":{\"@id\":\"https:\/\/gremicafe.cat\/#website\"},\"primaryImageOfPage\":{\"@id\":\"https:\/\/gremicafe.cat\/2021\/03\/08\/bracafe-rep-la-visita-de-les-persones-del-curs-soc-programa-singulars-de-garantia-juvenil-de-lajuntament-cornella-de-llobregat\/#primaryimage\"},\"image\":{\"@id\":\"https:\/\/gremicafe.cat\/2021\/03\/08\/bracafe-rep-la-visita-de-les-persones-del-curs-soc-programa-singulars-de-garantia-juvenil-de-lajuntament-cornella-de-llobregat\/#primaryimage\"},\"thumbnailUrl\":\"https:\/\/gremicafe.cat\/wp-content\/uploads\/2021\/03\/Ajuntament-Cornella-Llobregat-SOC-Programa-Singulars-2020-Garantia-Juvenil-20210308.jpg\",\"datePublished\":\"2021-03-08T12:34:36+00:00\",\"dateModified\":\"2021-03-22T12:06:28+00:00\",\"breadcrumb\":{\"@id\":\"https:\/\/gremicafe.cat\/2021\/03\/08\/bracafe-rep-la-visita-de-les-persones-del-curs-soc-programa-singulars-de-garantia-juvenil-de-lajuntament-cornella-de-llobregat\/#breadcrumb\"},\"inLanguage\":\"es\",\"potentialAction\":[{\"@type\":\"ReadAction\",\"target\":[\"https:\/\/gremicafe.cat\/2021\/03\/08\/bracafe-rep-la-visita-de-les-persones-del-curs-soc-programa-singulars-de-garantia-juvenil-de-lajuntament-cornella-de-llobregat\/\"]}]},{\"@type\":\"ImageObject\",\"inLanguage\":\"es\",\"@id\":\"https:\/\/gremicafe.cat\/2021\/03\/08\/bracafe-rep-la-visita-de-les-persones-del-curs-soc-programa-singulars-de-garantia-juvenil-de-lajuntament-cornella-de-llobregat\/#primaryimage\",\"url\":\"https:\/\/gremicafe.cat\/wp-content\/uploads\/2021\/03\/Ajuntament-Cornella-Llobregat-SOC-Programa-Singulars-2020-Garantia-Juvenil-20210308.jpg\",\"contentUrl\":\"https:\/\/gremicafe.cat\/wp-content\/uploads\/2021\/03\/Ajuntament-Cornella-Llobregat-SOC-Programa-Singulars-2020-Garantia-Juvenil-20210308.jpg\",\"width\":1024,\"height\":768},{\"@type\":\"BreadcrumbList\",\"@id\":\"https:\/\/gremicafe.cat\/2021\/03\/08\/bracafe-rep-la-visita-de-les-persones-del-curs-soc-programa-singulars-de-garantia-juvenil-de-lajuntament-cornella-de-llobregat\/#breadcrumb\",\"itemListElement\":[{\"@type\":\"ListItem\",\"position\":1,\"name\":\"Inici\",\"item\":\"https:\/\/gremicafe.cat\/\"},{\"@type\":\"ListItem\",\"position\":2,\"name\":\"Bracaf\u00e8 rep la visita de les persones participants del Curs SOC Programa Singulars de Garantia Juvenil de l&#8217;Ajuntament de Cornell\u00e0 de Llobregat\"}]},{\"@type\":\"WebSite\",\"@id\":\"https:\/\/gremicafe.cat\/#website\",\"url\":\"https:\/\/gremicafe.cat\/\",\"name\":\"Gremi del Caf\u00e8, torradors de Catalunya\",\"description\":\"Web oficial del gremi de torradors de caf\u00e8 de Catalunya\",\"publisher\":{\"@id\":\"https:\/\/gremicafe.cat\/#organization\"},\"potentialAction\":[{\"@type\":\"SearchAction\",\"target\":{\"@type\":\"EntryPoint\",\"urlTemplate\":\"https:\/\/gremicafe.cat\/?s={search_term_string}\"},\"query-input\":{\"@type\":\"PropertyValueSpecification\",\"valueRequired\":true,\"valueName\":\"search_term_string\"}}],\"inLanguage\":\"es\"},{\"@type\":\"Organization\",\"@id\":\"https:\/\/gremicafe.cat\/#organization\",\"name\":\"Gremi del Caf\u00e8, Torradors de Catalunya\",\"url\":\"https:\/\/gremicafe.cat\/\",\"logo\":{\"@type\":\"ImageObject\",\"inLanguage\":\"es\",\"@id\":\"https:\/\/gremicafe.cat\/#\/schema\/logo\/image\/\",\"url\":\"https:\/\/gremicafe.cat\/wp-content\/uploads\/2018\/03\/gremicafe-logo250.png\",\"contentUrl\":\"https:\/\/gremicafe.cat\/wp-content\/uploads\/2018\/03\/gremicafe-logo250.png\",\"width\":250,\"height\":49,\"caption\":\"Gremi del Caf\u00e8, Torradors de Catalunya\"},\"image\":{\"@id\":\"https:\/\/gremicafe.cat\/#\/schema\/logo\/image\/\"},\"sameAs\":[\"https:\/\/www.facebook.com\/gremicafecat\",\"https:\/\/x.com\/gremicafecat\",\"https:\/\/www.instagram.com\/gremicafecat\/\",\"https:\/\/www.pinterest.es\/gremicafecat\/\",\"https:\/\/www.youtube.com\/channel\/UCGLo5Y35vLwLvP4FrPZrCrw\/\"]},{\"@type\":\"Person\",\"@id\":\"https:\/\/gremicafe.cat\/#\/schema\/person\/dabfdbb3d0fa36260855a380f94e4733\",\"name\":\"gremicafe\",\"image\":{\"@type\":\"ImageObject\",\"inLanguage\":\"es\",\"@id\":\"https:\/\/gremicafe.cat\/#\/schema\/person\/image\/\",\"url\":\"https:\/\/secure.gravatar.com\/avatar\/e59baa4ca8f6f97576d6375fb6d3c8f0?s=96&d=mm&r=g\",\"contentUrl\":\"https:\/\/secure.gravatar.com\/avatar\/e59baa4ca8f6f97576d6375fb6d3c8f0?s=96&d=mm&r=g\",\"caption\":\"gremicafe\"}}]}<\/script>\n<!-- \/ Yoast SEO plugin. -->","yoast_head_json":{"title":"Bracaf\u00e8 rep la visita de les persones participants del Curs SOC Programa Singulars de Garantia Juvenil de l'Ajuntament de Cornell\u00e0 de Llobregat - Gremi del Caf\u00e8, torradors de Catalunya","robots":{"index":"index","follow":"follow","max-snippet":"max-snippet:-1","max-image-preview":"max-image-preview:large","max-video-preview":"max-video-preview:-1"},"canonical":"https:\/\/gremicafe.cat\/es\/2021\/03\/08\/bracafe-rep-la-visita-de-les-persones-del-curs-soc-programa-singulars-de-garantia-juvenil-de-lajuntament-cornella-de-llobregat\/","og_locale":"es_ES","og_type":"article","og_title":"Bracaf\u00e8 rep la visita de les persones participants del Curs SOC Programa Singulars de Garantia Juvenil de l'Ajuntament de Cornell\u00e0 de Llobregat - Gremi del Caf\u00e8, torradors de Catalunya","og_description":"&nbsp; Aquest dilluns 8 de mar\u00e7 de 2021, s&#8217;ha dut a terme la visita a Bracaf\u00e8 al carrer Comte d&#8217;Urgell,35 de Barcelona de les persones del Curs SOC Programa Singulars 2020 Garantia Juvenil de l&#8217;Ajuntament Cornell\u00e0 de Llobregat. L\u2019objectiu dels Projectes Singulars \u00e9s refor\u00e7ar les compet\u00e8ncies professionals de les persones joves desocupades i no integrades [&hellip;]","og_url":"https:\/\/gremicafe.cat\/es\/2021\/03\/08\/bracafe-rep-la-visita-de-les-persones-del-curs-soc-programa-singulars-de-garantia-juvenil-de-lajuntament-cornella-de-llobregat\/","og_site_name":"Gremi del Caf\u00e8, torradors de Catalunya","article_publisher":"https:\/\/www.facebook.com\/gremicafecat","article_published_time":"2021-03-08T12:34:36+00:00","article_modified_time":"2021-03-22T12:06:28+00:00","og_image":[{"width":1024,"height":768,"url":"https:\/\/gremicafe.cat\/wp-content\/uploads\/2021\/03\/Ajuntament-Cornella-Llobregat-SOC-Programa-Singulars-2020-Garantia-Juvenil-20210308.jpg","type":"image\/jpeg"}],"author":"gremicafe","twitter_card":"summary_large_image","twitter_creator":"@gremicafecat","twitter_site":"@gremicafecat","twitter_misc":{"Escrito por":"gremicafe","Tiempo de lectura":"1 minuto"},"schema":{"@context":"https:\/\/schema.org","@graph":[{"@type":"Article","@id":"https:\/\/gremicafe.cat\/2021\/03\/08\/bracafe-rep-la-visita-de-les-persones-del-curs-soc-programa-singulars-de-garantia-juvenil-de-lajuntament-cornella-de-llobregat\/#article","isPartOf":{"@id":"https:\/\/gremicafe.cat\/2021\/03\/08\/bracafe-rep-la-visita-de-les-persones-del-curs-soc-programa-singulars-de-garantia-juvenil-de-lajuntament-cornella-de-llobregat\/"},"author":{"name":"gremicafe","@id":"https:\/\/gremicafe.cat\/#\/schema\/person\/dabfdbb3d0fa36260855a380f94e4733"},"headline":"Bracaf\u00e8 rep la visita de les persones participants del Curs SOC Programa Singulars de Garantia Juvenil de l&#8217;Ajuntament de Cornell\u00e0 de Llobregat","datePublished":"2021-03-08T12:34:36+00:00","dateModified":"2021-03-22T12:06:28+00:00","mainEntityOfPage":{"@id":"https:\/\/gremicafe.cat\/2021\/03\/08\/bracafe-rep-la-visita-de-les-persones-del-curs-soc-programa-singulars-de-garantia-juvenil-de-lajuntament-cornella-de-llobregat\/"},"wordCount":198,"publisher":{"@id":"https:\/\/gremicafe.cat\/#organization"},"image":{"@id":"https:\/\/gremicafe.cat\/2021\/03\/08\/bracafe-rep-la-visita-de-les-persones-del-curs-soc-programa-singulars-de-garantia-juvenil-de-lajuntament-cornella-de-llobregat\/#primaryimage"},"thumbnailUrl":"https:\/\/gremicafe.cat\/wp-content\/uploads\/2021\/03\/Ajuntament-Cornella-Llobregat-SOC-Programa-Singulars-2020-Garantia-Juvenil-20210308.jpg","articleSection":["Not\u00edcies"],"inLanguage":"es"},{"@type":"WebPage","@id":"https:\/\/gremicafe.cat\/2021\/03\/08\/bracafe-rep-la-visita-de-les-persones-del-curs-soc-programa-singulars-de-garantia-juvenil-de-lajuntament-cornella-de-llobregat\/","url":"https:\/\/gremicafe.cat\/2021\/03\/08\/bracafe-rep-la-visita-de-les-persones-del-curs-soc-programa-singulars-de-garantia-juvenil-de-lajuntament-cornella-de-llobregat\/","name":"Bracaf\u00e8 rep la visita de les persones participants del Curs SOC Programa Singulars de Garantia Juvenil de l'Ajuntament de Cornell\u00e0 de Llobregat - Gremi del Caf\u00e8, torradors de Catalunya","isPartOf":{"@id":"https:\/\/gremicafe.cat\/#website"},"primaryImageOfPage":{"@id":"https:\/\/gremicafe.cat\/2021\/03\/08\/bracafe-rep-la-visita-de-les-persones-del-curs-soc-programa-singulars-de-garantia-juvenil-de-lajuntament-cornella-de-llobregat\/#primaryimage"},"image":{"@id":"https:\/\/gremicafe.cat\/2021\/03\/08\/bracafe-rep-la-visita-de-les-persones-del-curs-soc-programa-singulars-de-garantia-juvenil-de-lajuntament-cornella-de-llobregat\/#primaryimage"},"thumbnailUrl":"https:\/\/gremicafe.cat\/wp-content\/uploads\/2021\/03\/Ajuntament-Cornella-Llobregat-SOC-Programa-Singulars-2020-Garantia-Juvenil-20210308.jpg","datePublished":"2021-03-08T12:34:36+00:00","dateModified":"2021-03-22T12:06:28+00:00","breadcrumb":{"@id":"https:\/\/gremicafe.cat\/2021\/03\/08\/bracafe-rep-la-visita-de-les-persones-del-curs-soc-programa-singulars-de-garantia-juvenil-de-lajuntament-cornella-de-llobregat\/#breadcrumb"},"inLanguage":"es","potentialAction":[{"@type":"ReadAction","target":["https:\/\/gremicafe.cat\/2021\/03\/08\/bracafe-rep-la-visita-de-les-persones-del-curs-soc-programa-singulars-de-garantia-juvenil-de-lajuntament-cornella-de-llobregat\/"]}]},{"@type":"ImageObject","inLanguage":"es","@id":"https:\/\/gremicafe.cat\/2021\/03\/08\/bracafe-rep-la-visita-de-les-persones-del-curs-soc-programa-singulars-de-garantia-juvenil-de-lajuntament-cornella-de-llobregat\/#primaryimage","url":"https:\/\/gremicafe.cat\/wp-content\/uploads\/2021\/03\/Ajuntament-Cornella-Llobregat-SOC-Programa-Singulars-2020-Garantia-Juvenil-20210308.jpg","contentUrl":"https:\/\/gremicafe.cat\/wp-content\/uploads\/2021\/03\/Ajuntament-Cornella-Llobregat-SOC-Programa-Singulars-2020-Garantia-Juvenil-20210308.jpg","width":1024,"height":768},{"@type":"BreadcrumbList","@id":"https:\/\/gremicafe.cat\/2021\/03\/08\/bracafe-rep-la-visita-de-les-persones-del-curs-soc-programa-singulars-de-garantia-juvenil-de-lajuntament-cornella-de-llobregat\/#breadcrumb","itemListElement":[{"@type":"ListItem","position":1,"name":"Inici","item":"https:\/\/gremicafe.cat\/"},{"@type":"ListItem","position":2,"name":"Bracaf\u00e8 rep la visita de les persones participants del Curs SOC Programa Singulars de Garantia Juvenil de l&#8217;Ajuntament de Cornell\u00e0 de Llobregat"}]},{"@type":"WebSite","@id":"https:\/\/gremicafe.cat\/#website","url":"https:\/\/gremicafe.cat\/","name":"Gremio del Caf\u00e9, tostadores de Catalu\u00f1a","description":"Web oficial del gremio de tostadores de caf\u00e9 de Catalunya","publisher":{"@id":"https:\/\/gremicafe.cat\/#organization"},"potentialAction":[{"@type":"SearchAction","target":{"@type":"EntryPoint","urlTemplate":"https:\/\/gremicafe.cat\/?s={search_term_string}"},"query-input":{"@type":"PropertyValueSpecification","valueRequired":true,"valueName":"search_term_string"}}],"inLanguage":"es"},{"@type":"Organization","@id":"https:\/\/gremicafe.cat\/#organization","name":"Gremio del Caf\u00e9, Tostadores de Catalu\u00f1a","url":"https:\/\/gremicafe.cat\/","logo":{"@type":"ImageObject","inLanguage":"es","@id":"https:\/\/gremicafe.cat\/#\/schema\/logo\/image\/","url":"https:\/\/gremicafe.cat\/wp-content\/uploads\/2018\/03\/gremicafe-logo250.png","contentUrl":"https:\/\/gremicafe.cat\/wp-content\/uploads\/2018\/03\/gremicafe-logo250.png","width":250,"height":49,"caption":"Gremi del Caf\u00e8, Torradors de Catalunya"},"image":{"@id":"https:\/\/gremicafe.cat\/#\/schema\/logo\/image\/"},"sameAs":["https:\/\/www.facebook.com\/gremicafecat","https:\/\/x.com\/gremicafecat","https:\/\/www.instagram.com\/gremicafecat\/","https:\/\/www.pinterest.es\/gremicafecat\/","https:\/\/www.youtube.com\/channel\/UCGLo5Y35vLwLvP4FrPZrCrw\/"]},{"@type":"Person","@id":"https:\/\/gremicafe.cat\/#\/schema\/person\/dabfdbb3d0fa36260855a380f94e4733","name":"gremicafe","image":{"@type":"ImageObject","inLanguage":"es","@id":"https:\/\/gremicafe.cat\/#\/schema\/person\/image\/","url":"https:\/\/secure.gravatar.com\/avatar\/e59baa4ca8f6f97576d6375fb6d3c8f0?s=96&d=mm&r=g","contentUrl":"https:\/\/secure.gravatar.com\/avatar\/e59baa4ca8f6f97576d6375fb6d3c8f0?s=96&d=mm&r=g","caption":"gremicafe"}}]}},"_links":{"self":[{"href":"https:\/\/gremicafe.cat\/es\/wp-json\/wp\/v2\/posts\/5814"}],"collection":[{"href":"https:\/\/gremicafe.cat\/es\/wp-json\/wp\/v2\/posts"}],"about":[{"href":"https:\/\/gremicafe.cat\/es\/wp-json\/wp\/v2\/types\/post"}],"author":[{"embeddable":true,"href":"https:\/\/gremicafe.cat\/es\/wp-json\/wp\/v2\/users\/1"}],"replies":[{"embeddable":true,"href":"https:\/\/gremicafe.cat\/es\/wp-json\/wp\/v2\/comments?post=5814"}],"version-history":[{"count":0,"href":"https:\/\/gremicafe.cat\/es\/wp-json\/wp\/v2\/posts\/5814\/revisions"}],"wp:featuredmedia":[{"embeddable":true,"href":"https:\/\/gremicafe.cat\/es\/wp-json\/wp\/v2\/media\/5815"}],"wp:attachment":[{"href":"https:\/\/gremicafe.cat\/es\/wp-json\/wp\/v2\/media?parent=5814"}],"wp:term":[{"taxonomy":"category","embeddable":true,"href":"https:\/\/gremicafe.cat\/es\/wp-json\/wp\/v2\/categories?post=5814"},{"taxonomy":"post_tag","embeddable":true,"href":"https:\/\/gremicafe.cat\/es\/wp-json\/wp\/v2\/tags?post=5814"}],"curies":[{"name":"wp","href":"https:\/\/api.w.org\/{rel}","templated":true}]}}