{"id":5888,"date":"2021-03-24T11:24:33","date_gmt":"2021-03-24T09:24:33","guid":{"rendered":"https:\/\/gremicafe.cat\/?p=5888"},"modified":"2021-03-24T11:24:33","modified_gmt":"2021-03-24T09:24:33","slug":"yosoy-avena-barista-la-nova-beguda-vegetal-per-combinar-amb-el-cafe","status":"publish","type":"post","link":"https:\/\/gremicafe.cat\/es\/2021\/03\/24\/yosoy-avena-barista-la-nova-beguda-vegetal-per-combinar-amb-el-cafe\/","title":{"rendered":"YOSOY Avena Barista, la nueva bebida vegetal para combinar con el caf\u00e9"},"content":{"rendered":"<p><strong><img loading=\"lazy\" decoding=\"async\" class=\"aligncenter wp-image-5890 size-full\" src=\"https:\/\/gremicafe.cat\/wp-content\/uploads\/2021\/03\/YOSOY-Avena-Barista-cafe.jpg\" alt=\"yosoy avena barista cafe gremi cafe\" width=\"660\" height=\"434\" \/><\/strong><\/p>\n<p>&nbsp;<\/p>\n<p><strong>YOSOY<\/strong>, la empresa catalana situada en <strong>Parque Natural del Montseny<\/strong> y que se dedica a la producci\u00f3n de bebidas vegetales sin az\u00facares a\u00f1adidos ni aditivos, ha sacado un nuevo producto exclusivo para combinar con el caf\u00e9; <a href=\"https:\/\/yosoyvegetal.com\/ca\/productes\/avena-barista\/\" target=\"_blank\" rel=\"noopener\">YOSOY Avena Barista<\/a>.<\/p>\n<div class=\"descripcion\">\n<div class=\"descripcion__container\">\n<p>La nueva bebida vegetal de avena contiene un 12% de avena, aceite de nabo, carbonato c\u00e1lcico, fosfato tric\u00e1lcico y sal marina.<\/p>\n<p>Es bajo en grasas saturadas, bajo en sal y es una fuente de prote\u00ednas para tu cuerpo.<\/p>\n<p>Desde YOSOY, aseguran que es el producto que hace un t\u00e1ndem ideal para tu caf\u00e9 con un producto vegetal, ya diferencia del resto, es m\u00e1s cremosa y proporciona una extra de cuerpo y espuma para que disfrutes de tu mejor caf\u00e9.<\/p>\n<\/div>\n<\/div>\n<div class=\"bloque\">\n<div class=\"texto\">\n<p class=\"mce\">YOSOY es la marca pionera y l\u00edder en bebidas vegetales en Espa\u00f1a, de la empresa Liquats Vegetals. La firma se fund\u00f3 en 1991 y actualmente exporta sus productos a m\u00e1s de 25 pa\u00edses. Est\u00e1n situados en el municipio de <strong>Viladrau<\/strong> desde 1991 para realizar las bebidas vegetales con agua del Montseny.<\/p>\n<\/div>\n<p>&nbsp;<\/p>\n<p class=\"mce\">Fuente foto: <a href=\"https:\/\/foodlovers.foodretail.es\/producto\/YOSOY-Avena-Barista-vegetal-combinar_0_1479152106.html\" target=\"_blank\" rel=\"noopener\">Foodlovers<\/a>.<\/p>\n<\/div>","protected":false},"excerpt":{"rendered":"<p>&nbsp; YOSOY, l&#8217;empresa catalana situada al Parc Natural del Montseny i que es dedica la producci\u00f3 de begudes vegetals sense sucres afegits ni additius,\u00a0 ha tret un nou producte exclusiu per a combinar amb el caf\u00e8; YOSOY Avena Barista. La nova beguda vegetal de civada cont\u00e9 un 12% de civada, oli de nap, carbonat c\u00e0lcic, [&hellip;]<\/p>\n","protected":false},"author":1,"featured_media":5890,"comment_status":"closed","ping_status":"open","sticky":false,"template":"","format":"standard","meta":{"_acf_changed":false,"inline_featured_image":false,"footnotes":""},"categories":[1],"tags":[],"class_list":["post-5888","post","type-post","status-publish","format-standard","has-post-thumbnail","hentry","category-noticies"],"acf":[],"yoast_head":"<!-- This site is optimized with the Yoast SEO plugin v25.5 - https:\/\/yoast.com\/wordpress\/plugins\/seo\/ -->\n<title>YOSOY Avena Barista, la nova beguda vegetal per combinar amb el caf\u00e8 - Gremi del Caf\u00e8, torradors de Catalunya<\/title>\n<meta name=\"robots\" content=\"index, follow, max-snippet:-1, max-image-preview:large, max-video-preview:-1\" \/>\n<link rel=\"canonical\" href=\"https:\/\/gremicafe.cat\/es\/2021\/03\/24\/yosoy-avena-barista-la-nova-beguda-vegetal-per-combinar-amb-el-cafe\/\" \/>\n<meta property=\"og:locale\" content=\"es_ES\" \/>\n<meta property=\"og:type\" content=\"article\" \/>\n<meta property=\"og:title\" content=\"YOSOY Avena Barista, la nova beguda vegetal per combinar amb el caf\u00e8 - Gremi del Caf\u00e8, torradors de Catalunya\" \/>\n<meta property=\"og:description\" content=\"&nbsp; YOSOY, l&#8217;empresa catalana situada al Parc Natural del Montseny i que es dedica la producci\u00f3 de begudes vegetals sense sucres afegits ni additius,\u00a0 ha tret un nou producte exclusiu per a combinar amb el caf\u00e8; YOSOY Avena Barista. La nova beguda vegetal de civada cont\u00e9 un 12% de civada, oli de nap, carbonat c\u00e0lcic, [&hellip;]\" \/>\n<meta property=\"og:url\" content=\"https:\/\/gremicafe.cat\/es\/2021\/03\/24\/yosoy-avena-barista-la-nova-beguda-vegetal-per-combinar-amb-el-cafe\/\" \/>\n<meta property=\"og:site_name\" content=\"Gremi del Caf\u00e8, torradors de Catalunya\" \/>\n<meta property=\"article:publisher\" content=\"https:\/\/www.facebook.com\/gremicafecat\" \/>\n<meta property=\"article:published_time\" content=\"2021-03-24T09:24:33+00:00\" \/>\n<meta property=\"og:image\" content=\"https:\/\/gremicafe.cat\/wp-content\/uploads\/2021\/03\/YOSOY-Avena-Barista-cafe.jpg\" \/>\n\t<meta property=\"og:image:width\" content=\"660\" \/>\n\t<meta property=\"og:image:height\" content=\"434\" \/>\n\t<meta property=\"og:image:type\" content=\"image\/jpeg\" \/>\n<meta name=\"author\" content=\"gremicafe\" \/>\n<meta name=\"twitter:card\" content=\"summary_large_image\" \/>\n<meta name=\"twitter:creator\" content=\"@gremicafecat\" \/>\n<meta name=\"twitter:site\" content=\"@gremicafecat\" \/>\n<meta name=\"twitter:label1\" content=\"Escrito por\" \/>\n\t<meta name=\"twitter:data1\" content=\"gremicafe\" \/>\n\t<meta name=\"twitter:label2\" content=\"Tiempo de lectura\" \/>\n\t<meta name=\"twitter:data2\" content=\"1 minuto\" \/>\n<script type=\"application\/ld+json\" class=\"yoast-schema-graph\">{\"@context\":\"https:\/\/schema.org\",\"@graph\":[{\"@type\":\"Article\",\"@id\":\"https:\/\/gremicafe.cat\/2021\/03\/24\/yosoy-avena-barista-la-nova-beguda-vegetal-per-combinar-amb-el-cafe\/#article\",\"isPartOf\":{\"@id\":\"https:\/\/gremicafe.cat\/2021\/03\/24\/yosoy-avena-barista-la-nova-beguda-vegetal-per-combinar-amb-el-cafe\/\"},\"author\":{\"name\":\"gremicafe\",\"@id\":\"https:\/\/gremicafe.cat\/#\/schema\/person\/dabfdbb3d0fa36260855a380f94e4733\"},\"headline\":\"YOSOY Avena Barista, la nova beguda vegetal per combinar amb el caf\u00e8\",\"datePublished\":\"2021-03-24T09:24:33+00:00\",\"mainEntityOfPage\":{\"@id\":\"https:\/\/gremicafe.cat\/2021\/03\/24\/yosoy-avena-barista-la-nova-beguda-vegetal-per-combinar-amb-el-cafe\/\"},\"wordCount\":195,\"publisher\":{\"@id\":\"https:\/\/gremicafe.cat\/#organization\"},\"image\":{\"@id\":\"https:\/\/gremicafe.cat\/2021\/03\/24\/yosoy-avena-barista-la-nova-beguda-vegetal-per-combinar-amb-el-cafe\/#primaryimage\"},\"thumbnailUrl\":\"https:\/\/gremicafe.cat\/wp-content\/uploads\/2021\/03\/YOSOY-Avena-Barista-cafe.jpg\",\"articleSection\":[\"Not\u00edcies\"],\"inLanguage\":\"es\"},{\"@type\":\"WebPage\",\"@id\":\"https:\/\/gremicafe.cat\/2021\/03\/24\/yosoy-avena-barista-la-nova-beguda-vegetal-per-combinar-amb-el-cafe\/\",\"url\":\"https:\/\/gremicafe.cat\/2021\/03\/24\/yosoy-avena-barista-la-nova-beguda-vegetal-per-combinar-amb-el-cafe\/\",\"name\":\"YOSOY Avena Barista, la nova beguda vegetal per combinar amb el caf\u00e8 - Gremi del Caf\u00e8, torradors de Catalunya\",\"isPartOf\":{\"@id\":\"https:\/\/gremicafe.cat\/#website\"},\"primaryImageOfPage\":{\"@id\":\"https:\/\/gremicafe.cat\/2021\/03\/24\/yosoy-avena-barista-la-nova-beguda-vegetal-per-combinar-amb-el-cafe\/#primaryimage\"},\"image\":{\"@id\":\"https:\/\/gremicafe.cat\/2021\/03\/24\/yosoy-avena-barista-la-nova-beguda-vegetal-per-combinar-amb-el-cafe\/#primaryimage\"},\"thumbnailUrl\":\"https:\/\/gremicafe.cat\/wp-content\/uploads\/2021\/03\/YOSOY-Avena-Barista-cafe.jpg\",\"datePublished\":\"2021-03-24T09:24:33+00:00\",\"breadcrumb\":{\"@id\":\"https:\/\/gremicafe.cat\/2021\/03\/24\/yosoy-avena-barista-la-nova-beguda-vegetal-per-combinar-amb-el-cafe\/#breadcrumb\"},\"inLanguage\":\"es\",\"potentialAction\":[{\"@type\":\"ReadAction\",\"target\":[\"https:\/\/gremicafe.cat\/2021\/03\/24\/yosoy-avena-barista-la-nova-beguda-vegetal-per-combinar-amb-el-cafe\/\"]}]},{\"@type\":\"ImageObject\",\"inLanguage\":\"es\",\"@id\":\"https:\/\/gremicafe.cat\/2021\/03\/24\/yosoy-avena-barista-la-nova-beguda-vegetal-per-combinar-amb-el-cafe\/#primaryimage\",\"url\":\"https:\/\/gremicafe.cat\/wp-content\/uploads\/2021\/03\/YOSOY-Avena-Barista-cafe.jpg\",\"contentUrl\":\"https:\/\/gremicafe.cat\/wp-content\/uploads\/2021\/03\/YOSOY-Avena-Barista-cafe.jpg\",\"width\":660,\"height\":434,\"caption\":\"yosoy avena barista cafe gremi cafe\"},{\"@type\":\"BreadcrumbList\",\"@id\":\"https:\/\/gremicafe.cat\/2021\/03\/24\/yosoy-avena-barista-la-nova-beguda-vegetal-per-combinar-amb-el-cafe\/#breadcrumb\",\"itemListElement\":[{\"@type\":\"ListItem\",\"position\":1,\"name\":\"Inici\",\"item\":\"https:\/\/gremicafe.cat\/\"},{\"@type\":\"ListItem\",\"position\":2,\"name\":\"YOSOY Avena Barista, la nova beguda vegetal per combinar amb el caf\u00e8\"}]},{\"@type\":\"WebSite\",\"@id\":\"https:\/\/gremicafe.cat\/#website\",\"url\":\"https:\/\/gremicafe.cat\/\",\"name\":\"Gremi del Caf\u00e8, torradors de Catalunya\",\"description\":\"Web oficial del gremi de torradors de caf\u00e8 de Catalunya\",\"publisher\":{\"@id\":\"https:\/\/gremicafe.cat\/#organization\"},\"potentialAction\":[{\"@type\":\"SearchAction\",\"target\":{\"@type\":\"EntryPoint\",\"urlTemplate\":\"https:\/\/gremicafe.cat\/?s={search_term_string}\"},\"query-input\":{\"@type\":\"PropertyValueSpecification\",\"valueRequired\":true,\"valueName\":\"search_term_string\"}}],\"inLanguage\":\"es\"},{\"@type\":\"Organization\",\"@id\":\"https:\/\/gremicafe.cat\/#organization\",\"name\":\"Gremi del Caf\u00e8, Torradors de Catalunya\",\"url\":\"https:\/\/gremicafe.cat\/\",\"logo\":{\"@type\":\"ImageObject\",\"inLanguage\":\"es\",\"@id\":\"https:\/\/gremicafe.cat\/#\/schema\/logo\/image\/\",\"url\":\"https:\/\/gremicafe.cat\/wp-content\/uploads\/2018\/03\/gremicafe-logo250.png\",\"contentUrl\":\"https:\/\/gremicafe.cat\/wp-content\/uploads\/2018\/03\/gremicafe-logo250.png\",\"width\":250,\"height\":49,\"caption\":\"Gremi del Caf\u00e8, Torradors de Catalunya\"},\"image\":{\"@id\":\"https:\/\/gremicafe.cat\/#\/schema\/logo\/image\/\"},\"sameAs\":[\"https:\/\/www.facebook.com\/gremicafecat\",\"https:\/\/x.com\/gremicafecat\",\"https:\/\/www.instagram.com\/gremicafecat\/\",\"https:\/\/www.pinterest.es\/gremicafecat\/\",\"https:\/\/www.youtube.com\/channel\/UCGLo5Y35vLwLvP4FrPZrCrw\/\"]},{\"@type\":\"Person\",\"@id\":\"https:\/\/gremicafe.cat\/#\/schema\/person\/dabfdbb3d0fa36260855a380f94e4733\",\"name\":\"gremicafe\",\"image\":{\"@type\":\"ImageObject\",\"inLanguage\":\"es\",\"@id\":\"https:\/\/gremicafe.cat\/#\/schema\/person\/image\/\",\"url\":\"https:\/\/secure.gravatar.com\/avatar\/e59baa4ca8f6f97576d6375fb6d3c8f0?s=96&d=mm&r=g\",\"contentUrl\":\"https:\/\/secure.gravatar.com\/avatar\/e59baa4ca8f6f97576d6375fb6d3c8f0?s=96&d=mm&r=g\",\"caption\":\"gremicafe\"}}]}<\/script>\n<!-- \/ Yoast SEO plugin. -->","yoast_head_json":{"title":"YOSOY Avena Barista, la nova beguda vegetal per combinar amb el caf\u00e8 - Gremi del Caf\u00e8, torradors de Catalunya","robots":{"index":"index","follow":"follow","max-snippet":"max-snippet:-1","max-image-preview":"max-image-preview:large","max-video-preview":"max-video-preview:-1"},"canonical":"https:\/\/gremicafe.cat\/es\/2021\/03\/24\/yosoy-avena-barista-la-nova-beguda-vegetal-per-combinar-amb-el-cafe\/","og_locale":"es_ES","og_type":"article","og_title":"YOSOY Avena Barista, la nova beguda vegetal per combinar amb el caf\u00e8 - Gremi del Caf\u00e8, torradors de Catalunya","og_description":"&nbsp; YOSOY, l&#8217;empresa catalana situada al Parc Natural del Montseny i que es dedica la producci\u00f3 de begudes vegetals sense sucres afegits ni additius,\u00a0 ha tret un nou producte exclusiu per a combinar amb el caf\u00e8; YOSOY Avena Barista. La nova beguda vegetal de civada cont\u00e9 un 12% de civada, oli de nap, carbonat c\u00e0lcic, [&hellip;]","og_url":"https:\/\/gremicafe.cat\/es\/2021\/03\/24\/yosoy-avena-barista-la-nova-beguda-vegetal-per-combinar-amb-el-cafe\/","og_site_name":"Gremi del Caf\u00e8, torradors de Catalunya","article_publisher":"https:\/\/www.facebook.com\/gremicafecat","article_published_time":"2021-03-24T09:24:33+00:00","og_image":[{"width":660,"height":434,"url":"https:\/\/gremicafe.cat\/wp-content\/uploads\/2021\/03\/YOSOY-Avena-Barista-cafe.jpg","type":"image\/jpeg"}],"author":"gremicafe","twitter_card":"summary_large_image","twitter_creator":"@gremicafecat","twitter_site":"@gremicafecat","twitter_misc":{"Escrito por":"gremicafe","Tiempo de lectura":"1 minuto"},"schema":{"@context":"https:\/\/schema.org","@graph":[{"@type":"Article","@id":"https:\/\/gremicafe.cat\/2021\/03\/24\/yosoy-avena-barista-la-nova-beguda-vegetal-per-combinar-amb-el-cafe\/#article","isPartOf":{"@id":"https:\/\/gremicafe.cat\/2021\/03\/24\/yosoy-avena-barista-la-nova-beguda-vegetal-per-combinar-amb-el-cafe\/"},"author":{"name":"gremicafe","@id":"https:\/\/gremicafe.cat\/#\/schema\/person\/dabfdbb3d0fa36260855a380f94e4733"},"headline":"YOSOY Avena Barista, la nova beguda vegetal per combinar amb el caf\u00e8","datePublished":"2021-03-24T09:24:33+00:00","mainEntityOfPage":{"@id":"https:\/\/gremicafe.cat\/2021\/03\/24\/yosoy-avena-barista-la-nova-beguda-vegetal-per-combinar-amb-el-cafe\/"},"wordCount":195,"publisher":{"@id":"https:\/\/gremicafe.cat\/#organization"},"image":{"@id":"https:\/\/gremicafe.cat\/2021\/03\/24\/yosoy-avena-barista-la-nova-beguda-vegetal-per-combinar-amb-el-cafe\/#primaryimage"},"thumbnailUrl":"https:\/\/gremicafe.cat\/wp-content\/uploads\/2021\/03\/YOSOY-Avena-Barista-cafe.jpg","articleSection":["Not\u00edcies"],"inLanguage":"es"},{"@type":"WebPage","@id":"https:\/\/gremicafe.cat\/2021\/03\/24\/yosoy-avena-barista-la-nova-beguda-vegetal-per-combinar-amb-el-cafe\/","url":"https:\/\/gremicafe.cat\/2021\/03\/24\/yosoy-avena-barista-la-nova-beguda-vegetal-per-combinar-amb-el-cafe\/","name":"YOSOY Avena Barista, la nova beguda vegetal per combinar amb el caf\u00e8 - Gremi del Caf\u00e8, torradors de Catalunya","isPartOf":{"@id":"https:\/\/gremicafe.cat\/#website"},"primaryImageOfPage":{"@id":"https:\/\/gremicafe.cat\/2021\/03\/24\/yosoy-avena-barista-la-nova-beguda-vegetal-per-combinar-amb-el-cafe\/#primaryimage"},"image":{"@id":"https:\/\/gremicafe.cat\/2021\/03\/24\/yosoy-avena-barista-la-nova-beguda-vegetal-per-combinar-amb-el-cafe\/#primaryimage"},"thumbnailUrl":"https:\/\/gremicafe.cat\/wp-content\/uploads\/2021\/03\/YOSOY-Avena-Barista-cafe.jpg","datePublished":"2021-03-24T09:24:33+00:00","breadcrumb":{"@id":"https:\/\/gremicafe.cat\/2021\/03\/24\/yosoy-avena-barista-la-nova-beguda-vegetal-per-combinar-amb-el-cafe\/#breadcrumb"},"inLanguage":"es","potentialAction":[{"@type":"ReadAction","target":["https:\/\/gremicafe.cat\/2021\/03\/24\/yosoy-avena-barista-la-nova-beguda-vegetal-per-combinar-amb-el-cafe\/"]}]},{"@type":"ImageObject","inLanguage":"es","@id":"https:\/\/gremicafe.cat\/2021\/03\/24\/yosoy-avena-barista-la-nova-beguda-vegetal-per-combinar-amb-el-cafe\/#primaryimage","url":"https:\/\/gremicafe.cat\/wp-content\/uploads\/2021\/03\/YOSOY-Avena-Barista-cafe.jpg","contentUrl":"https:\/\/gremicafe.cat\/wp-content\/uploads\/2021\/03\/YOSOY-Avena-Barista-cafe.jpg","width":660,"height":434,"caption":"yosoy avena barista cafe gremi cafe"},{"@type":"BreadcrumbList","@id":"https:\/\/gremicafe.cat\/2021\/03\/24\/yosoy-avena-barista-la-nova-beguda-vegetal-per-combinar-amb-el-cafe\/#breadcrumb","itemListElement":[{"@type":"ListItem","position":1,"name":"Inici","item":"https:\/\/gremicafe.cat\/"},{"@type":"ListItem","position":2,"name":"YOSOY Avena Barista, la nova beguda vegetal per combinar amb el caf\u00e8"}]},{"@type":"WebSite","@id":"https:\/\/gremicafe.cat\/#website","url":"https:\/\/gremicafe.cat\/","name":"Gremio del Caf\u00e9, tostadores de Catalu\u00f1a","description":"Web oficial del gremio de tostadores de caf\u00e9 de Catalunya","publisher":{"@id":"https:\/\/gremicafe.cat\/#organization"},"potentialAction":[{"@type":"SearchAction","target":{"@type":"EntryPoint","urlTemplate":"https:\/\/gremicafe.cat\/?s={search_term_string}"},"query-input":{"@type":"PropertyValueSpecification","valueRequired":true,"valueName":"search_term_string"}}],"inLanguage":"es"},{"@type":"Organization","@id":"https:\/\/gremicafe.cat\/#organization","name":"Gremio del Caf\u00e9, Tostadores de Catalu\u00f1a","url":"https:\/\/gremicafe.cat\/","logo":{"@type":"ImageObject","inLanguage":"es","@id":"https:\/\/gremicafe.cat\/#\/schema\/logo\/image\/","url":"https:\/\/gremicafe.cat\/wp-content\/uploads\/2018\/03\/gremicafe-logo250.png","contentUrl":"https:\/\/gremicafe.cat\/wp-content\/uploads\/2018\/03\/gremicafe-logo250.png","width":250,"height":49,"caption":"Gremi del Caf\u00e8, Torradors de Catalunya"},"image":{"@id":"https:\/\/gremicafe.cat\/#\/schema\/logo\/image\/"},"sameAs":["https:\/\/www.facebook.com\/gremicafecat","https:\/\/x.com\/gremicafecat","https:\/\/www.instagram.com\/gremicafecat\/","https:\/\/www.pinterest.es\/gremicafecat\/","https:\/\/www.youtube.com\/channel\/UCGLo5Y35vLwLvP4FrPZrCrw\/"]},{"@type":"Person","@id":"https:\/\/gremicafe.cat\/#\/schema\/person\/dabfdbb3d0fa36260855a380f94e4733","name":"gremicafe","image":{"@type":"ImageObject","inLanguage":"es","@id":"https:\/\/gremicafe.cat\/#\/schema\/person\/image\/","url":"https:\/\/secure.gravatar.com\/avatar\/e59baa4ca8f6f97576d6375fb6d3c8f0?s=96&d=mm&r=g","contentUrl":"https:\/\/secure.gravatar.com\/avatar\/e59baa4ca8f6f97576d6375fb6d3c8f0?s=96&d=mm&r=g","caption":"gremicafe"}}]}},"_links":{"self":[{"href":"https:\/\/gremicafe.cat\/es\/wp-json\/wp\/v2\/posts\/5888"}],"collection":[{"href":"https:\/\/gremicafe.cat\/es\/wp-json\/wp\/v2\/posts"}],"about":[{"href":"https:\/\/gremicafe.cat\/es\/wp-json\/wp\/v2\/types\/post"}],"author":[{"embeddable":true,"href":"https:\/\/gremicafe.cat\/es\/wp-json\/wp\/v2\/users\/1"}],"replies":[{"embeddable":true,"href":"https:\/\/gremicafe.cat\/es\/wp-json\/wp\/v2\/comments?post=5888"}],"version-history":[{"count":0,"href":"https:\/\/gremicafe.cat\/es\/wp-json\/wp\/v2\/posts\/5888\/revisions"}],"wp:featuredmedia":[{"embeddable":true,"href":"https:\/\/gremicafe.cat\/es\/wp-json\/wp\/v2\/media\/5890"}],"wp:attachment":[{"href":"https:\/\/gremicafe.cat\/es\/wp-json\/wp\/v2\/media?parent=5888"}],"wp:term":[{"taxonomy":"category","embeddable":true,"href":"https:\/\/gremicafe.cat\/es\/wp-json\/wp\/v2\/categories?post=5888"},{"taxonomy":"post_tag","embeddable":true,"href":"https:\/\/gremicafe.cat\/es\/wp-json\/wp\/v2\/tags?post=5888"}],"curies":[{"name":"wp","href":"https:\/\/api.w.org\/{rel}","templated":true}]}}