{"id":5892,"date":"2021-03-13T15:59:06","date_gmt":"2021-03-13T13:59:06","guid":{"rendered":"https:\/\/gremicafe.cat\/?p=5892"},"modified":"2021-03-24T16:18:26","modified_gmt":"2021-03-24T14:18:26","slug":"la-scuola-italiana-sommelier-aposta-pel-cafe-saula","status":"publish","type":"post","link":"https:\/\/gremicafe.cat\/es\/2021\/03\/13\/la-scuola-italiana-sommelier-aposta-pel-cafe-saula\/","title":{"rendered":"La Scuola Italiana Sommelier apuesta por Caf\u00e9 Saula"},"content":{"rendered":"<p><img loading=\"lazy\" decoding=\"async\" class=\"wp-image-5893 size-full\" src=\"https:\/\/gremicafe.cat\/wp-content\/uploads\/2021\/03\/taza-sommelier-cafe-saula.jpeg\" alt=\"tassa sommelier cafe saula\" width=\"711\" height=\"431\" \/><\/p>\n<p>La <strong><a href=\"https:\/\/www.facebook.com\/scuolasommelier\/\">Scuola Italiana Sommelier<\/a><\/strong> y <strong><a href=\"https:\/\/www.cafesaula.com\/store\/es\/\">Caf\u00e9 Saula<\/a> <\/strong>han llegado a un acuerdo para distribuir entre sus alumnos un kit en exclusiva llamado\u00a0<em>Tazzina del Caf\u00e9 <\/em>de Caf\u00e9 Saula.<\/p>\n<p>Este kit incorpora una <strong><a href=\"https:\/\/www.cafesaula.com\/store\/es\/tazas-y-regalos\/129-kit-sommelier-de-cata-para-cafe-espresso-saula\">Taza Sommelier<\/a><\/strong>, un dise\u00f1o exclusivo de Llu\u00eds Saula, que ser\u00e1 entregada a todos los alumnos del curso de sumiller de caf\u00e9. Como han anunciado en su canal de Facebook, se trata de \u201cun kit indispensable para los profesionales, entusiastas y conocedores del<em>oro negro<\/em>\u201d.<\/p>\n<p>La Taza Sommelier ya es conocida en Italia, ya que la marca de cafeteras <a href=\"https:\/\/www.cafesaula.com\/blog\/la-tassa-sommelier-present-en-el-london-coffee-festival\/\"><strong>Rancilio<\/strong><\/a> , hace tiempo que utiliza este modelo de taza para hacer demostraciones de caf\u00e9 espresso.<\/p>\n<p>Llu\u00eds Saula, director de Caf\u00e9 Saula, dise\u00f1\u00f3 la <strong><a href=\"https:\/\/www.cafesaula.com\/es\/taza-sommelier\">Taza Sommelier\u00a0<\/a><\/strong>con c\u00e1mara de aroma, y est\u00e1 pensada para disfrutar de forma m\u00e1s intensa de un caf\u00e9 espresso. Su dise\u00f1o ergon\u00f3mico, sin asa, permite remover suavemente el caf\u00e9 para que se desprendan los aromas menos vol\u00e1tiles. Y su c\u00e1mara de aroma concentra y potencia todos los aromas para que puedan apreciarse m\u00e1s profundamente.<\/p>\n<p>&nbsp;<\/p>\n<p>Fuente de la foto y noticia: <a href=\"https:\/\/www.cafesaula.com\/blog\/la-scuola-italiana-sommelier-apuesta-por-cafe-saula\/\" target=\"_blank\" rel=\"noopener\">Caf\u00e9 Saula<\/a>.<\/p>","protected":false},"excerpt":{"rendered":"<p>La Scuola Italiana Sommelier i Caf\u00e9 Saula han arribat a un acord per a distribuir entre els seus alumnes un kit en exclusiva anomenat\u00a0Tazzina del Caf\u00e8 de Caf\u00e9 Saula. Aquest kit incorpora una Tassa\u00a0Sommelier, un disseny exclusiu de Llu\u00eds Saula, que ser\u00e0 lliurada a tots els alumnes del curs de sommelier de caf\u00e8. Com han [&hellip;]<\/p>\n","protected":false},"author":1,"featured_media":5893,"comment_status":"closed","ping_status":"open","sticky":false,"template":"","format":"standard","meta":{"_acf_changed":false,"inline_featured_image":false,"footnotes":""},"categories":[1],"tags":[],"class_list":["post-5892","post","type-post","status-publish","format-standard","has-post-thumbnail","hentry","category-noticies"],"acf":[],"yoast_head":"<!-- This site is optimized with the Yoast SEO plugin v25.5 - https:\/\/yoast.com\/wordpress\/plugins\/seo\/ -->\n<title>La Scuola Italiana Sommelier aposta per Caf\u00e8 Saula - Gremi del Caf\u00e8, torradors de Catalunya<\/title>\n<meta name=\"robots\" content=\"index, follow, max-snippet:-1, max-image-preview:large, max-video-preview:-1\" \/>\n<link rel=\"canonical\" href=\"https:\/\/gremicafe.cat\/es\/2021\/03\/13\/la-scuola-italiana-sommelier-aposta-pel-cafe-saula\/\" \/>\n<meta property=\"og:locale\" content=\"es_ES\" \/>\n<meta property=\"og:type\" content=\"article\" \/>\n<meta property=\"og:title\" content=\"La Scuola Italiana Sommelier aposta per Caf\u00e8 Saula - Gremi del Caf\u00e8, torradors de Catalunya\" \/>\n<meta property=\"og:description\" content=\"La Scuola Italiana Sommelier i Caf\u00e9 Saula han arribat a un acord per a distribuir entre els seus alumnes un kit en exclusiva anomenat\u00a0Tazzina del Caf\u00e8 de Caf\u00e9 Saula. Aquest kit incorpora una Tassa\u00a0Sommelier, un disseny exclusiu de Llu\u00eds Saula, que ser\u00e0 lliurada a tots els alumnes del curs de sommelier de caf\u00e8. Com han [&hellip;]\" \/>\n<meta property=\"og:url\" content=\"https:\/\/gremicafe.cat\/es\/2021\/03\/13\/la-scuola-italiana-sommelier-aposta-pel-cafe-saula\/\" \/>\n<meta property=\"og:site_name\" content=\"Gremi del Caf\u00e8, torradors de Catalunya\" \/>\n<meta property=\"article:publisher\" content=\"https:\/\/www.facebook.com\/gremicafecat\" \/>\n<meta property=\"article:published_time\" content=\"2021-03-13T13:59:06+00:00\" \/>\n<meta property=\"article:modified_time\" content=\"2021-03-24T14:18:26+00:00\" \/>\n<meta property=\"og:image\" content=\"https:\/\/gremicafe.cat\/wp-content\/uploads\/2021\/03\/taza-sommelier-cafe-saula.jpeg\" \/>\n\t<meta property=\"og:image:width\" content=\"711\" \/>\n\t<meta property=\"og:image:height\" content=\"431\" \/>\n\t<meta property=\"og:image:type\" content=\"image\/jpeg\" \/>\n<meta name=\"author\" content=\"gremicafe\" \/>\n<meta name=\"twitter:card\" content=\"summary_large_image\" \/>\n<meta name=\"twitter:creator\" content=\"@gremicafecat\" \/>\n<meta name=\"twitter:site\" content=\"@gremicafecat\" \/>\n<meta name=\"twitter:label1\" content=\"Escrito por\" \/>\n\t<meta name=\"twitter:data1\" content=\"gremicafe\" \/>\n\t<meta name=\"twitter:label2\" content=\"Tiempo de lectura\" \/>\n\t<meta name=\"twitter:data2\" content=\"2 minutos\" \/>\n<script type=\"application\/ld+json\" class=\"yoast-schema-graph\">{\"@context\":\"https:\/\/schema.org\",\"@graph\":[{\"@type\":\"Article\",\"@id\":\"https:\/\/gremicafe.cat\/2021\/03\/13\/la-scuola-italiana-sommelier-aposta-pel-cafe-saula\/#article\",\"isPartOf\":{\"@id\":\"https:\/\/gremicafe.cat\/2021\/03\/13\/la-scuola-italiana-sommelier-aposta-pel-cafe-saula\/\"},\"author\":{\"name\":\"gremicafe\",\"@id\":\"https:\/\/gremicafe.cat\/#\/schema\/person\/dabfdbb3d0fa36260855a380f94e4733\"},\"headline\":\"La Scuola Italiana Sommelier aposta per Caf\u00e8 Saula\",\"datePublished\":\"2021-03-13T13:59:06+00:00\",\"dateModified\":\"2021-03-24T14:18:26+00:00\",\"mainEntityOfPage\":{\"@id\":\"https:\/\/gremicafe.cat\/2021\/03\/13\/la-scuola-italiana-sommelier-aposta-pel-cafe-saula\/\"},\"wordCount\":200,\"publisher\":{\"@id\":\"https:\/\/gremicafe.cat\/#organization\"},\"image\":{\"@id\":\"https:\/\/gremicafe.cat\/2021\/03\/13\/la-scuola-italiana-sommelier-aposta-pel-cafe-saula\/#primaryimage\"},\"thumbnailUrl\":\"https:\/\/gremicafe.cat\/wp-content\/uploads\/2021\/03\/taza-sommelier-cafe-saula.jpeg\",\"articleSection\":[\"Not\u00edcies\"],\"inLanguage\":\"es\"},{\"@type\":\"WebPage\",\"@id\":\"https:\/\/gremicafe.cat\/2021\/03\/13\/la-scuola-italiana-sommelier-aposta-pel-cafe-saula\/\",\"url\":\"https:\/\/gremicafe.cat\/2021\/03\/13\/la-scuola-italiana-sommelier-aposta-pel-cafe-saula\/\",\"name\":\"La Scuola Italiana Sommelier aposta per Caf\u00e8 Saula - Gremi del Caf\u00e8, torradors de Catalunya\",\"isPartOf\":{\"@id\":\"https:\/\/gremicafe.cat\/#website\"},\"primaryImageOfPage\":{\"@id\":\"https:\/\/gremicafe.cat\/2021\/03\/13\/la-scuola-italiana-sommelier-aposta-pel-cafe-saula\/#primaryimage\"},\"image\":{\"@id\":\"https:\/\/gremicafe.cat\/2021\/03\/13\/la-scuola-italiana-sommelier-aposta-pel-cafe-saula\/#primaryimage\"},\"thumbnailUrl\":\"https:\/\/gremicafe.cat\/wp-content\/uploads\/2021\/03\/taza-sommelier-cafe-saula.jpeg\",\"datePublished\":\"2021-03-13T13:59:06+00:00\",\"dateModified\":\"2021-03-24T14:18:26+00:00\",\"breadcrumb\":{\"@id\":\"https:\/\/gremicafe.cat\/2021\/03\/13\/la-scuola-italiana-sommelier-aposta-pel-cafe-saula\/#breadcrumb\"},\"inLanguage\":\"es\",\"potentialAction\":[{\"@type\":\"ReadAction\",\"target\":[\"https:\/\/gremicafe.cat\/2021\/03\/13\/la-scuola-italiana-sommelier-aposta-pel-cafe-saula\/\"]}]},{\"@type\":\"ImageObject\",\"inLanguage\":\"es\",\"@id\":\"https:\/\/gremicafe.cat\/2021\/03\/13\/la-scuola-italiana-sommelier-aposta-pel-cafe-saula\/#primaryimage\",\"url\":\"https:\/\/gremicafe.cat\/wp-content\/uploads\/2021\/03\/taza-sommelier-cafe-saula.jpeg\",\"contentUrl\":\"https:\/\/gremicafe.cat\/wp-content\/uploads\/2021\/03\/taza-sommelier-cafe-saula.jpeg\",\"width\":711,\"height\":431,\"caption\":\"AlxTaule 044\"},{\"@type\":\"BreadcrumbList\",\"@id\":\"https:\/\/gremicafe.cat\/2021\/03\/13\/la-scuola-italiana-sommelier-aposta-pel-cafe-saula\/#breadcrumb\",\"itemListElement\":[{\"@type\":\"ListItem\",\"position\":1,\"name\":\"Inici\",\"item\":\"https:\/\/gremicafe.cat\/\"},{\"@type\":\"ListItem\",\"position\":2,\"name\":\"La Scuola Italiana Sommelier aposta per Caf\u00e8 Saula\"}]},{\"@type\":\"WebSite\",\"@id\":\"https:\/\/gremicafe.cat\/#website\",\"url\":\"https:\/\/gremicafe.cat\/\",\"name\":\"Gremi del Caf\u00e8, torradors de Catalunya\",\"description\":\"Web oficial del gremi de torradors de caf\u00e8 de Catalunya\",\"publisher\":{\"@id\":\"https:\/\/gremicafe.cat\/#organization\"},\"potentialAction\":[{\"@type\":\"SearchAction\",\"target\":{\"@type\":\"EntryPoint\",\"urlTemplate\":\"https:\/\/gremicafe.cat\/?s={search_term_string}\"},\"query-input\":{\"@type\":\"PropertyValueSpecification\",\"valueRequired\":true,\"valueName\":\"search_term_string\"}}],\"inLanguage\":\"es\"},{\"@type\":\"Organization\",\"@id\":\"https:\/\/gremicafe.cat\/#organization\",\"name\":\"Gremi del Caf\u00e8, Torradors de Catalunya\",\"url\":\"https:\/\/gremicafe.cat\/\",\"logo\":{\"@type\":\"ImageObject\",\"inLanguage\":\"es\",\"@id\":\"https:\/\/gremicafe.cat\/#\/schema\/logo\/image\/\",\"url\":\"https:\/\/gremicafe.cat\/wp-content\/uploads\/2018\/03\/gremicafe-logo250.png\",\"contentUrl\":\"https:\/\/gremicafe.cat\/wp-content\/uploads\/2018\/03\/gremicafe-logo250.png\",\"width\":250,\"height\":49,\"caption\":\"Gremi del Caf\u00e8, Torradors de Catalunya\"},\"image\":{\"@id\":\"https:\/\/gremicafe.cat\/#\/schema\/logo\/image\/\"},\"sameAs\":[\"https:\/\/www.facebook.com\/gremicafecat\",\"https:\/\/x.com\/gremicafecat\",\"https:\/\/www.instagram.com\/gremicafecat\/\",\"https:\/\/www.pinterest.es\/gremicafecat\/\",\"https:\/\/www.youtube.com\/channel\/UCGLo5Y35vLwLvP4FrPZrCrw\/\"]},{\"@type\":\"Person\",\"@id\":\"https:\/\/gremicafe.cat\/#\/schema\/person\/dabfdbb3d0fa36260855a380f94e4733\",\"name\":\"gremicafe\",\"image\":{\"@type\":\"ImageObject\",\"inLanguage\":\"es\",\"@id\":\"https:\/\/gremicafe.cat\/#\/schema\/person\/image\/\",\"url\":\"https:\/\/secure.gravatar.com\/avatar\/e59baa4ca8f6f97576d6375fb6d3c8f0?s=96&d=mm&r=g\",\"contentUrl\":\"https:\/\/secure.gravatar.com\/avatar\/e59baa4ca8f6f97576d6375fb6d3c8f0?s=96&d=mm&r=g\",\"caption\":\"gremicafe\"}}]}<\/script>\n<!-- \/ Yoast SEO plugin. -->","yoast_head_json":{"title":"La Scuola Italiana Sommelier aposta per Caf\u00e8 Saula - Gremi del Caf\u00e8, torradors de Catalunya","robots":{"index":"index","follow":"follow","max-snippet":"max-snippet:-1","max-image-preview":"max-image-preview:large","max-video-preview":"max-video-preview:-1"},"canonical":"https:\/\/gremicafe.cat\/es\/2021\/03\/13\/la-scuola-italiana-sommelier-aposta-pel-cafe-saula\/","og_locale":"es_ES","og_type":"article","og_title":"La Scuola Italiana Sommelier aposta per Caf\u00e8 Saula - Gremi del Caf\u00e8, torradors de Catalunya","og_description":"La Scuola Italiana Sommelier i Caf\u00e9 Saula han arribat a un acord per a distribuir entre els seus alumnes un kit en exclusiva anomenat\u00a0Tazzina del Caf\u00e8 de Caf\u00e9 Saula. Aquest kit incorpora una Tassa\u00a0Sommelier, un disseny exclusiu de Llu\u00eds Saula, que ser\u00e0 lliurada a tots els alumnes del curs de sommelier de caf\u00e8. Com han [&hellip;]","og_url":"https:\/\/gremicafe.cat\/es\/2021\/03\/13\/la-scuola-italiana-sommelier-aposta-pel-cafe-saula\/","og_site_name":"Gremi del Caf\u00e8, torradors de Catalunya","article_publisher":"https:\/\/www.facebook.com\/gremicafecat","article_published_time":"2021-03-13T13:59:06+00:00","article_modified_time":"2021-03-24T14:18:26+00:00","og_image":[{"width":711,"height":431,"url":"https:\/\/gremicafe.cat\/wp-content\/uploads\/2021\/03\/taza-sommelier-cafe-saula.jpeg","type":"image\/jpeg"}],"author":"gremicafe","twitter_card":"summary_large_image","twitter_creator":"@gremicafecat","twitter_site":"@gremicafecat","twitter_misc":{"Escrito por":"gremicafe","Tiempo de lectura":"2 minutos"},"schema":{"@context":"https:\/\/schema.org","@graph":[{"@type":"Article","@id":"https:\/\/gremicafe.cat\/2021\/03\/13\/la-scuola-italiana-sommelier-aposta-pel-cafe-saula\/#article","isPartOf":{"@id":"https:\/\/gremicafe.cat\/2021\/03\/13\/la-scuola-italiana-sommelier-aposta-pel-cafe-saula\/"},"author":{"name":"gremicafe","@id":"https:\/\/gremicafe.cat\/#\/schema\/person\/dabfdbb3d0fa36260855a380f94e4733"},"headline":"La Scuola Italiana Sommelier aposta per Caf\u00e8 Saula","datePublished":"2021-03-13T13:59:06+00:00","dateModified":"2021-03-24T14:18:26+00:00","mainEntityOfPage":{"@id":"https:\/\/gremicafe.cat\/2021\/03\/13\/la-scuola-italiana-sommelier-aposta-pel-cafe-saula\/"},"wordCount":200,"publisher":{"@id":"https:\/\/gremicafe.cat\/#organization"},"image":{"@id":"https:\/\/gremicafe.cat\/2021\/03\/13\/la-scuola-italiana-sommelier-aposta-pel-cafe-saula\/#primaryimage"},"thumbnailUrl":"https:\/\/gremicafe.cat\/wp-content\/uploads\/2021\/03\/taza-sommelier-cafe-saula.jpeg","articleSection":["Not\u00edcies"],"inLanguage":"es"},{"@type":"WebPage","@id":"https:\/\/gremicafe.cat\/2021\/03\/13\/la-scuola-italiana-sommelier-aposta-pel-cafe-saula\/","url":"https:\/\/gremicafe.cat\/2021\/03\/13\/la-scuola-italiana-sommelier-aposta-pel-cafe-saula\/","name":"La Scuola Italiana Sommelier aposta per Caf\u00e8 Saula - Gremi del Caf\u00e8, torradors de Catalunya","isPartOf":{"@id":"https:\/\/gremicafe.cat\/#website"},"primaryImageOfPage":{"@id":"https:\/\/gremicafe.cat\/2021\/03\/13\/la-scuola-italiana-sommelier-aposta-pel-cafe-saula\/#primaryimage"},"image":{"@id":"https:\/\/gremicafe.cat\/2021\/03\/13\/la-scuola-italiana-sommelier-aposta-pel-cafe-saula\/#primaryimage"},"thumbnailUrl":"https:\/\/gremicafe.cat\/wp-content\/uploads\/2021\/03\/taza-sommelier-cafe-saula.jpeg","datePublished":"2021-03-13T13:59:06+00:00","dateModified":"2021-03-24T14:18:26+00:00","breadcrumb":{"@id":"https:\/\/gremicafe.cat\/2021\/03\/13\/la-scuola-italiana-sommelier-aposta-pel-cafe-saula\/#breadcrumb"},"inLanguage":"es","potentialAction":[{"@type":"ReadAction","target":["https:\/\/gremicafe.cat\/2021\/03\/13\/la-scuola-italiana-sommelier-aposta-pel-cafe-saula\/"]}]},{"@type":"ImageObject","inLanguage":"es","@id":"https:\/\/gremicafe.cat\/2021\/03\/13\/la-scuola-italiana-sommelier-aposta-pel-cafe-saula\/#primaryimage","url":"https:\/\/gremicafe.cat\/wp-content\/uploads\/2021\/03\/taza-sommelier-cafe-saula.jpeg","contentUrl":"https:\/\/gremicafe.cat\/wp-content\/uploads\/2021\/03\/taza-sommelier-cafe-saula.jpeg","width":711,"height":431,"caption":"AlxTaule 044"},{"@type":"BreadcrumbList","@id":"https:\/\/gremicafe.cat\/2021\/03\/13\/la-scuola-italiana-sommelier-aposta-pel-cafe-saula\/#breadcrumb","itemListElement":[{"@type":"ListItem","position":1,"name":"Inici","item":"https:\/\/gremicafe.cat\/"},{"@type":"ListItem","position":2,"name":"La Scuola Italiana Sommelier aposta per Caf\u00e8 Saula"}]},{"@type":"WebSite","@id":"https:\/\/gremicafe.cat\/#website","url":"https:\/\/gremicafe.cat\/","name":"Gremio del Caf\u00e9, tostadores de Catalu\u00f1a","description":"Web oficial del gremio de tostadores de caf\u00e9 de Catalunya","publisher":{"@id":"https:\/\/gremicafe.cat\/#organization"},"potentialAction":[{"@type":"SearchAction","target":{"@type":"EntryPoint","urlTemplate":"https:\/\/gremicafe.cat\/?s={search_term_string}"},"query-input":{"@type":"PropertyValueSpecification","valueRequired":true,"valueName":"search_term_string"}}],"inLanguage":"es"},{"@type":"Organization","@id":"https:\/\/gremicafe.cat\/#organization","name":"Gremio del Caf\u00e9, Tostadores de Catalu\u00f1a","url":"https:\/\/gremicafe.cat\/","logo":{"@type":"ImageObject","inLanguage":"es","@id":"https:\/\/gremicafe.cat\/#\/schema\/logo\/image\/","url":"https:\/\/gremicafe.cat\/wp-content\/uploads\/2018\/03\/gremicafe-logo250.png","contentUrl":"https:\/\/gremicafe.cat\/wp-content\/uploads\/2018\/03\/gremicafe-logo250.png","width":250,"height":49,"caption":"Gremi del Caf\u00e8, Torradors de Catalunya"},"image":{"@id":"https:\/\/gremicafe.cat\/#\/schema\/logo\/image\/"},"sameAs":["https:\/\/www.facebook.com\/gremicafecat","https:\/\/x.com\/gremicafecat","https:\/\/www.instagram.com\/gremicafecat\/","https:\/\/www.pinterest.es\/gremicafecat\/","https:\/\/www.youtube.com\/channel\/UCGLo5Y35vLwLvP4FrPZrCrw\/"]},{"@type":"Person","@id":"https:\/\/gremicafe.cat\/#\/schema\/person\/dabfdbb3d0fa36260855a380f94e4733","name":"gremicafe","image":{"@type":"ImageObject","inLanguage":"es","@id":"https:\/\/gremicafe.cat\/#\/schema\/person\/image\/","url":"https:\/\/secure.gravatar.com\/avatar\/e59baa4ca8f6f97576d6375fb6d3c8f0?s=96&d=mm&r=g","contentUrl":"https:\/\/secure.gravatar.com\/avatar\/e59baa4ca8f6f97576d6375fb6d3c8f0?s=96&d=mm&r=g","caption":"gremicafe"}}]}},"_links":{"self":[{"href":"https:\/\/gremicafe.cat\/es\/wp-json\/wp\/v2\/posts\/5892"}],"collection":[{"href":"https:\/\/gremicafe.cat\/es\/wp-json\/wp\/v2\/posts"}],"about":[{"href":"https:\/\/gremicafe.cat\/es\/wp-json\/wp\/v2\/types\/post"}],"author":[{"embeddable":true,"href":"https:\/\/gremicafe.cat\/es\/wp-json\/wp\/v2\/users\/1"}],"replies":[{"embeddable":true,"href":"https:\/\/gremicafe.cat\/es\/wp-json\/wp\/v2\/comments?post=5892"}],"version-history":[{"count":0,"href":"https:\/\/gremicafe.cat\/es\/wp-json\/wp\/v2\/posts\/5892\/revisions"}],"wp:featuredmedia":[{"embeddable":true,"href":"https:\/\/gremicafe.cat\/es\/wp-json\/wp\/v2\/media\/5893"}],"wp:attachment":[{"href":"https:\/\/gremicafe.cat\/es\/wp-json\/wp\/v2\/media?parent=5892"}],"wp:term":[{"taxonomy":"category","embeddable":true,"href":"https:\/\/gremicafe.cat\/es\/wp-json\/wp\/v2\/categories?post=5892"},{"taxonomy":"post_tag","embeddable":true,"href":"https:\/\/gremicafe.cat\/es\/wp-json\/wp\/v2\/tags?post=5892"}],"curies":[{"name":"wp","href":"https:\/\/api.w.org\/{rel}","templated":true}]}}