{"id":5903,"date":"2021-04-08T14:01:39","date_gmt":"2021-04-08T12:01:39","guid":{"rendered":"https:\/\/gremicafe.cat\/?p=5903"},"modified":"2021-04-08T14:32:02","modified_gmt":"2021-04-08T12:32:02","slug":"els-efectes-del-canvi-climatic-a-la-produccio-de-cafe","status":"publish","type":"post","link":"https:\/\/gremicafe.cat\/es\/2021\/04\/08\/els-efectes-del-canvi-climatic-a-la-produccio-de-cafe\/","title":{"rendered":"Los efectos del cambio clim\u00e1tico en la producci\u00f3n de caf\u00e9"},"content":{"rendered":"<p><img loading=\"lazy\" decoding=\"async\" class=\"aligncenter size-full wp-image-5911\" src=\"https:\/\/gremicafe.cat\/wp-content\/uploads\/2021\/04\/planta-cafe.jpg\" alt=\"\" width=\"1500\" height=\"1001\" srcset=\"https:\/\/gremicafe.cat\/wp-content\/uploads\/2021\/04\/planta-cafe.jpg 1500w, https:\/\/gremicafe.cat\/wp-content\/uploads\/2021\/04\/planta-cafe-768x513.jpg 768w, https:\/\/gremicafe.cat\/wp-content\/uploads\/2021\/04\/planta-cafe-1079x720.jpg 1079w\" sizes=\"(max-width: 1500px) 100vw, 1500px\" \/><\/p>\n<p>&nbsp;<\/p>\n<p><strong>Colombia es uno de los grandes productores de caf\u00e9<\/strong>, y en concreto es el tercer mayor productor del mundo en la producci\u00f3n de la especialidad <strong>Ar\u00e1biga<\/strong>.<\/p>\n<p>Los efectos del cambio clim\u00e1tico plantean <strong>nuevos desaf\u00edos para la producci\u00f3n de caf\u00e9<\/strong>, pero un nuevo estudio de la <strong>Universidad de Illinois<\/strong> muestra que estos efectos var\u00edan ampliamente seg\u00fan el lugar en el que crecen los granos de caf\u00e9.<\/p>\n<p>\u201cColombia es un pa\u00eds grande con una geograf\u00eda muy distinta. La Cordillera de los Andes atraviesa el pa\u00eds desde su esquina suroeste a noreste. El caf\u00e9 colombiano est\u00e1 creciendo actualmente en \u00e1reas con distintos niveles de altitud, y los impactos clim\u00e1ticos probablemente ser\u00e1n muy diferentes para las regiones de baja y alta altitud\u201d, dice Sandy Dall&#039;Erba, profesora del Departamento de Econom\u00eda Agr\u00edcola y del Consumidor (ACE) y directora del Laboratorio Regional de Aplicaciones Econ\u00f3micas (REAL) de la Universidad de Illinois, Dall&#039;Erba es coautor del estudio, publicado en Agricultural Systems.<\/p>\n<p>El estudio se ha realizado desglosando el pa\u00eds en 521 municipios. Esto ha permitido valorar el efecto en global pero tambi\u00e9n en su detalle e identificar variaciones regionales significativas:<\/p>\n<p>\u201c<strong>Colombia no experimentar\u00e1 una reducci\u00f3n de la productividad en general<\/strong>. Pero al analizar el impacto en los municipios, vemos muchas diferencias que se pierden en la media nacional. Esto tiene implicaciones importantes para los caficultores que viven en un municipio frente a otro\u201d, dice Ceballos-Sierra.<\/p>\n<p>\u201cLos municipios de baja altitud se ver\u00e1n afectados negativamente por el cambio clim\u00e1tico, y miles de agricultores y sus familias en estas \u00e1reas ver\u00e1n comprometidos sus medios de vida porque es probable que la productividad caiga por debajo de su punto de equilibrio a mediados de siglo\u201d, afirma.<\/p>\n<p>Los investigadores analizaron los datos clim\u00e1ticos de 2007 a 2013 en los 521 municipios y evaluaron c\u00f3mo afectaba la temperatura y la precipitaci\u00f3n a la producci\u00f3n y rendimiento del caf\u00e9. Posteriormente, lo trasladaron en fechas futuras, de 2042 a 2061 por cada \u00e1rea municipal.<\/p>\n<p>El estudio tambi\u00e9n concluye que las temperaturas beneficiar\u00e1n a las \u00e1reas que ahora son marginales, y las \u00e1reas privilegiadas para el cultivo de caf\u00e9 ser\u00e1n demasiado c\u00e1lidas y secas. Estos efectos se podr\u00e1n combatir con un buen proceso de riego.<\/p>\n<p>Las conclusiones extra\u00eddas del estudio tienen importantes implicaciones para los productores de caf\u00e9 y tambi\u00e9n para los pol\u00edticos, que tendr\u00e1n que reformular estrategias de acceso, construcci\u00f3n de infraestructuras como carreteras y sistemas de agua y electricidad en zonas menos accesibles.<\/p>\n<p>\u201cExaminar estas estimaciones regionales nos permite realizar predicciones y brindar sugerencias de pol\u00edticas. Las estrategias espec\u00edficas adaptadas al sitio deben orientar la forma en que la producci\u00f3n de caf\u00e9 se adapta a las condiciones clim\u00e1ticas futuras en Colombia\u201d, concluye Dall&#039;Erba.<\/p>\n<p>Los investigadores dicen que sus hallazgos tambi\u00e9n pueden aplicarse a otros sitios de cultivo de caf\u00e9, incluidos Haw\u00e1i, California y Puerto Rico en Estados Unidos.<\/p>\n<p>&nbsp;<\/p>\n<p>Fuente: <a href=\"https:\/\/www.comunicaffe.com\/here-is-how-climate-change-affects-colombias-coffee-production-shows-new-study\/\" target=\"_blank\" rel=\"noopener\">Comunicaffe<\/a><\/p>","protected":false},"excerpt":{"rendered":"<p>&nbsp; Col\u00f2mbia \u00e9s un dels grans productors de caf\u00e8, i en concret \u00e9s el tercer productor m\u00e9s gran del m\u00f3n en la producci\u00f3 de l&#8217;especialitat Ar\u00e0biga. Els efectes del canvi clim\u00e0tic plantegen nous desafiaments per a la producci\u00f3 de caf\u00e8, per\u00f2 un nou estudi de la Universitat d&#8217;Illinois mostra que aquests efectes varien \u00e0mpliament segons [&hellip;]<\/p>\n","protected":false},"author":1,"featured_media":5911,"comment_status":"closed","ping_status":"open","sticky":false,"template":"","format":"standard","meta":{"_acf_changed":false,"inline_featured_image":false,"footnotes":""},"categories":[1],"tags":[],"class_list":["post-5903","post","type-post","status-publish","format-standard","has-post-thumbnail","hentry","category-noticies"],"acf":[],"yoast_head":"<!-- This site is optimized with the Yoast SEO plugin v25.5 - https:\/\/yoast.com\/wordpress\/plugins\/seo\/ -->\n<title>Els efectes del canvi clim\u00e0tic a la producci\u00f3 de caf\u00e8 - Gremi del Caf\u00e8, torradors de Catalunya<\/title>\n<meta name=\"robots\" content=\"index, follow, max-snippet:-1, max-image-preview:large, max-video-preview:-1\" \/>\n<link rel=\"canonical\" href=\"https:\/\/gremicafe.cat\/es\/2021\/04\/08\/els-efectes-del-canvi-climatic-a-la-produccio-de-cafe\/\" \/>\n<meta property=\"og:locale\" content=\"es_ES\" \/>\n<meta property=\"og:type\" content=\"article\" \/>\n<meta property=\"og:title\" content=\"Els efectes del canvi clim\u00e0tic a la producci\u00f3 de caf\u00e8 - Gremi del Caf\u00e8, torradors de Catalunya\" \/>\n<meta property=\"og:description\" content=\"&nbsp; Col\u00f2mbia \u00e9s un dels grans productors de caf\u00e8, i en concret \u00e9s el tercer productor m\u00e9s gran del m\u00f3n en la producci\u00f3 de l&#8217;especialitat Ar\u00e0biga. Els efectes del canvi clim\u00e0tic plantegen nous desafiaments per a la producci\u00f3 de caf\u00e8, per\u00f2 un nou estudi de la Universitat d&#8217;Illinois mostra que aquests efectes varien \u00e0mpliament segons [&hellip;]\" \/>\n<meta property=\"og:url\" content=\"https:\/\/gremicafe.cat\/es\/2021\/04\/08\/els-efectes-del-canvi-climatic-a-la-produccio-de-cafe\/\" \/>\n<meta property=\"og:site_name\" content=\"Gremi del Caf\u00e8, torradors de Catalunya\" \/>\n<meta property=\"article:publisher\" content=\"https:\/\/www.facebook.com\/gremicafecat\" \/>\n<meta property=\"article:published_time\" content=\"2021-04-08T12:01:39+00:00\" \/>\n<meta property=\"article:modified_time\" content=\"2021-04-08T12:32:02+00:00\" \/>\n<meta property=\"og:image\" content=\"https:\/\/gremicafe.cat\/wp-content\/uploads\/2021\/04\/planta-cafe.jpg\" \/>\n\t<meta property=\"og:image:width\" content=\"1500\" \/>\n\t<meta property=\"og:image:height\" content=\"1001\" \/>\n\t<meta property=\"og:image:type\" content=\"image\/jpeg\" \/>\n<meta name=\"author\" content=\"gremicafe\" \/>\n<meta name=\"twitter:card\" content=\"summary_large_image\" \/>\n<meta name=\"twitter:creator\" content=\"@gremicafecat\" \/>\n<meta name=\"twitter:site\" content=\"@gremicafecat\" \/>\n<meta name=\"twitter:label1\" content=\"Escrito por\" \/>\n\t<meta name=\"twitter:data1\" content=\"gremicafe\" \/>\n\t<meta name=\"twitter:label2\" content=\"Tiempo de lectura\" \/>\n\t<meta name=\"twitter:data2\" content=\"3 minutos\" \/>\n<script type=\"application\/ld+json\" class=\"yoast-schema-graph\">{\"@context\":\"https:\/\/schema.org\",\"@graph\":[{\"@type\":\"Article\",\"@id\":\"https:\/\/gremicafe.cat\/2021\/04\/08\/els-efectes-del-canvi-climatic-a-la-produccio-de-cafe\/#article\",\"isPartOf\":{\"@id\":\"https:\/\/gremicafe.cat\/2021\/04\/08\/els-efectes-del-canvi-climatic-a-la-produccio-de-cafe\/\"},\"author\":{\"name\":\"gremicafe\",\"@id\":\"https:\/\/gremicafe.cat\/#\/schema\/person\/dabfdbb3d0fa36260855a380f94e4733\"},\"headline\":\"Els efectes del canvi clim\u00e0tic a la producci\u00f3 de caf\u00e8\",\"datePublished\":\"2021-04-08T12:01:39+00:00\",\"dateModified\":\"2021-04-08T12:32:02+00:00\",\"mainEntityOfPage\":{\"@id\":\"https:\/\/gremicafe.cat\/2021\/04\/08\/els-efectes-del-canvi-climatic-a-la-produccio-de-cafe\/\"},\"wordCount\":491,\"publisher\":{\"@id\":\"https:\/\/gremicafe.cat\/#organization\"},\"image\":{\"@id\":\"https:\/\/gremicafe.cat\/2021\/04\/08\/els-efectes-del-canvi-climatic-a-la-produccio-de-cafe\/#primaryimage\"},\"thumbnailUrl\":\"https:\/\/gremicafe.cat\/wp-content\/uploads\/2021\/04\/planta-cafe.jpg\",\"articleSection\":[\"Not\u00edcies\"],\"inLanguage\":\"es\"},{\"@type\":\"WebPage\",\"@id\":\"https:\/\/gremicafe.cat\/2021\/04\/08\/els-efectes-del-canvi-climatic-a-la-produccio-de-cafe\/\",\"url\":\"https:\/\/gremicafe.cat\/2021\/04\/08\/els-efectes-del-canvi-climatic-a-la-produccio-de-cafe\/\",\"name\":\"Els efectes del canvi clim\u00e0tic a la producci\u00f3 de caf\u00e8 - Gremi del Caf\u00e8, torradors de Catalunya\",\"isPartOf\":{\"@id\":\"https:\/\/gremicafe.cat\/#website\"},\"primaryImageOfPage\":{\"@id\":\"https:\/\/gremicafe.cat\/2021\/04\/08\/els-efectes-del-canvi-climatic-a-la-produccio-de-cafe\/#primaryimage\"},\"image\":{\"@id\":\"https:\/\/gremicafe.cat\/2021\/04\/08\/els-efectes-del-canvi-climatic-a-la-produccio-de-cafe\/#primaryimage\"},\"thumbnailUrl\":\"https:\/\/gremicafe.cat\/wp-content\/uploads\/2021\/04\/planta-cafe.jpg\",\"datePublished\":\"2021-04-08T12:01:39+00:00\",\"dateModified\":\"2021-04-08T12:32:02+00:00\",\"breadcrumb\":{\"@id\":\"https:\/\/gremicafe.cat\/2021\/04\/08\/els-efectes-del-canvi-climatic-a-la-produccio-de-cafe\/#breadcrumb\"},\"inLanguage\":\"es\",\"potentialAction\":[{\"@type\":\"ReadAction\",\"target\":[\"https:\/\/gremicafe.cat\/2021\/04\/08\/els-efectes-del-canvi-climatic-a-la-produccio-de-cafe\/\"]}]},{\"@type\":\"ImageObject\",\"inLanguage\":\"es\",\"@id\":\"https:\/\/gremicafe.cat\/2021\/04\/08\/els-efectes-del-canvi-climatic-a-la-produccio-de-cafe\/#primaryimage\",\"url\":\"https:\/\/gremicafe.cat\/wp-content\/uploads\/2021\/04\/planta-cafe.jpg\",\"contentUrl\":\"https:\/\/gremicafe.cat\/wp-content\/uploads\/2021\/04\/planta-cafe.jpg\",\"width\":1500,\"height\":1001,\"caption\":\"planta cafe\"},{\"@type\":\"BreadcrumbList\",\"@id\":\"https:\/\/gremicafe.cat\/2021\/04\/08\/els-efectes-del-canvi-climatic-a-la-produccio-de-cafe\/#breadcrumb\",\"itemListElement\":[{\"@type\":\"ListItem\",\"position\":1,\"name\":\"Inici\",\"item\":\"https:\/\/gremicafe.cat\/\"},{\"@type\":\"ListItem\",\"position\":2,\"name\":\"Els efectes del canvi clim\u00e0tic a la producci\u00f3 de caf\u00e8\"}]},{\"@type\":\"WebSite\",\"@id\":\"https:\/\/gremicafe.cat\/#website\",\"url\":\"https:\/\/gremicafe.cat\/\",\"name\":\"Gremi del Caf\u00e8, torradors de Catalunya\",\"description\":\"Web oficial del gremi de torradors de caf\u00e8 de Catalunya\",\"publisher\":{\"@id\":\"https:\/\/gremicafe.cat\/#organization\"},\"potentialAction\":[{\"@type\":\"SearchAction\",\"target\":{\"@type\":\"EntryPoint\",\"urlTemplate\":\"https:\/\/gremicafe.cat\/?s={search_term_string}\"},\"query-input\":{\"@type\":\"PropertyValueSpecification\",\"valueRequired\":true,\"valueName\":\"search_term_string\"}}],\"inLanguage\":\"es\"},{\"@type\":\"Organization\",\"@id\":\"https:\/\/gremicafe.cat\/#organization\",\"name\":\"Gremi del Caf\u00e8, Torradors de Catalunya\",\"url\":\"https:\/\/gremicafe.cat\/\",\"logo\":{\"@type\":\"ImageObject\",\"inLanguage\":\"es\",\"@id\":\"https:\/\/gremicafe.cat\/#\/schema\/logo\/image\/\",\"url\":\"https:\/\/gremicafe.cat\/wp-content\/uploads\/2018\/03\/gremicafe-logo250.png\",\"contentUrl\":\"https:\/\/gremicafe.cat\/wp-content\/uploads\/2018\/03\/gremicafe-logo250.png\",\"width\":250,\"height\":49,\"caption\":\"Gremi del Caf\u00e8, Torradors de Catalunya\"},\"image\":{\"@id\":\"https:\/\/gremicafe.cat\/#\/schema\/logo\/image\/\"},\"sameAs\":[\"https:\/\/www.facebook.com\/gremicafecat\",\"https:\/\/x.com\/gremicafecat\",\"https:\/\/www.instagram.com\/gremicafecat\/\",\"https:\/\/www.pinterest.es\/gremicafecat\/\",\"https:\/\/www.youtube.com\/channel\/UCGLo5Y35vLwLvP4FrPZrCrw\/\"]},{\"@type\":\"Person\",\"@id\":\"https:\/\/gremicafe.cat\/#\/schema\/person\/dabfdbb3d0fa36260855a380f94e4733\",\"name\":\"gremicafe\",\"image\":{\"@type\":\"ImageObject\",\"inLanguage\":\"es\",\"@id\":\"https:\/\/gremicafe.cat\/#\/schema\/person\/image\/\",\"url\":\"https:\/\/secure.gravatar.com\/avatar\/e59baa4ca8f6f97576d6375fb6d3c8f0?s=96&d=mm&r=g\",\"contentUrl\":\"https:\/\/secure.gravatar.com\/avatar\/e59baa4ca8f6f97576d6375fb6d3c8f0?s=96&d=mm&r=g\",\"caption\":\"gremicafe\"}}]}<\/script>\n<!-- \/ Yoast SEO plugin. -->","yoast_head_json":{"title":"Els efectes del canvi clim\u00e0tic a la producci\u00f3 de caf\u00e8 - Gremi del Caf\u00e8, torradors de Catalunya","robots":{"index":"index","follow":"follow","max-snippet":"max-snippet:-1","max-image-preview":"max-image-preview:large","max-video-preview":"max-video-preview:-1"},"canonical":"https:\/\/gremicafe.cat\/es\/2021\/04\/08\/els-efectes-del-canvi-climatic-a-la-produccio-de-cafe\/","og_locale":"es_ES","og_type":"article","og_title":"Els efectes del canvi clim\u00e0tic a la producci\u00f3 de caf\u00e8 - Gremi del Caf\u00e8, torradors de Catalunya","og_description":"&nbsp; Col\u00f2mbia \u00e9s un dels grans productors de caf\u00e8, i en concret \u00e9s el tercer productor m\u00e9s gran del m\u00f3n en la producci\u00f3 de l&#8217;especialitat Ar\u00e0biga. Els efectes del canvi clim\u00e0tic plantegen nous desafiaments per a la producci\u00f3 de caf\u00e8, per\u00f2 un nou estudi de la Universitat d&#8217;Illinois mostra que aquests efectes varien \u00e0mpliament segons [&hellip;]","og_url":"https:\/\/gremicafe.cat\/es\/2021\/04\/08\/els-efectes-del-canvi-climatic-a-la-produccio-de-cafe\/","og_site_name":"Gremi del Caf\u00e8, torradors de Catalunya","article_publisher":"https:\/\/www.facebook.com\/gremicafecat","article_published_time":"2021-04-08T12:01:39+00:00","article_modified_time":"2021-04-08T12:32:02+00:00","og_image":[{"width":1500,"height":1001,"url":"https:\/\/gremicafe.cat\/wp-content\/uploads\/2021\/04\/planta-cafe.jpg","type":"image\/jpeg"}],"author":"gremicafe","twitter_card":"summary_large_image","twitter_creator":"@gremicafecat","twitter_site":"@gremicafecat","twitter_misc":{"Escrito por":"gremicafe","Tiempo de lectura":"3 minutos"},"schema":{"@context":"https:\/\/schema.org","@graph":[{"@type":"Article","@id":"https:\/\/gremicafe.cat\/2021\/04\/08\/els-efectes-del-canvi-climatic-a-la-produccio-de-cafe\/#article","isPartOf":{"@id":"https:\/\/gremicafe.cat\/2021\/04\/08\/els-efectes-del-canvi-climatic-a-la-produccio-de-cafe\/"},"author":{"name":"gremicafe","@id":"https:\/\/gremicafe.cat\/#\/schema\/person\/dabfdbb3d0fa36260855a380f94e4733"},"headline":"Els efectes del canvi clim\u00e0tic a la producci\u00f3 de caf\u00e8","datePublished":"2021-04-08T12:01:39+00:00","dateModified":"2021-04-08T12:32:02+00:00","mainEntityOfPage":{"@id":"https:\/\/gremicafe.cat\/2021\/04\/08\/els-efectes-del-canvi-climatic-a-la-produccio-de-cafe\/"},"wordCount":491,"publisher":{"@id":"https:\/\/gremicafe.cat\/#organization"},"image":{"@id":"https:\/\/gremicafe.cat\/2021\/04\/08\/els-efectes-del-canvi-climatic-a-la-produccio-de-cafe\/#primaryimage"},"thumbnailUrl":"https:\/\/gremicafe.cat\/wp-content\/uploads\/2021\/04\/planta-cafe.jpg","articleSection":["Not\u00edcies"],"inLanguage":"es"},{"@type":"WebPage","@id":"https:\/\/gremicafe.cat\/2021\/04\/08\/els-efectes-del-canvi-climatic-a-la-produccio-de-cafe\/","url":"https:\/\/gremicafe.cat\/2021\/04\/08\/els-efectes-del-canvi-climatic-a-la-produccio-de-cafe\/","name":"Els efectes del canvi clim\u00e0tic a la producci\u00f3 de caf\u00e8 - Gremi del Caf\u00e8, torradors de Catalunya","isPartOf":{"@id":"https:\/\/gremicafe.cat\/#website"},"primaryImageOfPage":{"@id":"https:\/\/gremicafe.cat\/2021\/04\/08\/els-efectes-del-canvi-climatic-a-la-produccio-de-cafe\/#primaryimage"},"image":{"@id":"https:\/\/gremicafe.cat\/2021\/04\/08\/els-efectes-del-canvi-climatic-a-la-produccio-de-cafe\/#primaryimage"},"thumbnailUrl":"https:\/\/gremicafe.cat\/wp-content\/uploads\/2021\/04\/planta-cafe.jpg","datePublished":"2021-04-08T12:01:39+00:00","dateModified":"2021-04-08T12:32:02+00:00","breadcrumb":{"@id":"https:\/\/gremicafe.cat\/2021\/04\/08\/els-efectes-del-canvi-climatic-a-la-produccio-de-cafe\/#breadcrumb"},"inLanguage":"es","potentialAction":[{"@type":"ReadAction","target":["https:\/\/gremicafe.cat\/2021\/04\/08\/els-efectes-del-canvi-climatic-a-la-produccio-de-cafe\/"]}]},{"@type":"ImageObject","inLanguage":"es","@id":"https:\/\/gremicafe.cat\/2021\/04\/08\/els-efectes-del-canvi-climatic-a-la-produccio-de-cafe\/#primaryimage","url":"https:\/\/gremicafe.cat\/wp-content\/uploads\/2021\/04\/planta-cafe.jpg","contentUrl":"https:\/\/gremicafe.cat\/wp-content\/uploads\/2021\/04\/planta-cafe.jpg","width":1500,"height":1001,"caption":"planta cafe"},{"@type":"BreadcrumbList","@id":"https:\/\/gremicafe.cat\/2021\/04\/08\/els-efectes-del-canvi-climatic-a-la-produccio-de-cafe\/#breadcrumb","itemListElement":[{"@type":"ListItem","position":1,"name":"Inici","item":"https:\/\/gremicafe.cat\/"},{"@type":"ListItem","position":2,"name":"Els efectes del canvi clim\u00e0tic a la producci\u00f3 de caf\u00e8"}]},{"@type":"WebSite","@id":"https:\/\/gremicafe.cat\/#website","url":"https:\/\/gremicafe.cat\/","name":"Gremio del Caf\u00e9, tostadores de Catalu\u00f1a","description":"Web oficial del gremio de tostadores de caf\u00e9 de Catalunya","publisher":{"@id":"https:\/\/gremicafe.cat\/#organization"},"potentialAction":[{"@type":"SearchAction","target":{"@type":"EntryPoint","urlTemplate":"https:\/\/gremicafe.cat\/?s={search_term_string}"},"query-input":{"@type":"PropertyValueSpecification","valueRequired":true,"valueName":"search_term_string"}}],"inLanguage":"es"},{"@type":"Organization","@id":"https:\/\/gremicafe.cat\/#organization","name":"Gremio del Caf\u00e9, Tostadores de Catalu\u00f1a","url":"https:\/\/gremicafe.cat\/","logo":{"@type":"ImageObject","inLanguage":"es","@id":"https:\/\/gremicafe.cat\/#\/schema\/logo\/image\/","url":"https:\/\/gremicafe.cat\/wp-content\/uploads\/2018\/03\/gremicafe-logo250.png","contentUrl":"https:\/\/gremicafe.cat\/wp-content\/uploads\/2018\/03\/gremicafe-logo250.png","width":250,"height":49,"caption":"Gremi del Caf\u00e8, Torradors de Catalunya"},"image":{"@id":"https:\/\/gremicafe.cat\/#\/schema\/logo\/image\/"},"sameAs":["https:\/\/www.facebook.com\/gremicafecat","https:\/\/x.com\/gremicafecat","https:\/\/www.instagram.com\/gremicafecat\/","https:\/\/www.pinterest.es\/gremicafecat\/","https:\/\/www.youtube.com\/channel\/UCGLo5Y35vLwLvP4FrPZrCrw\/"]},{"@type":"Person","@id":"https:\/\/gremicafe.cat\/#\/schema\/person\/dabfdbb3d0fa36260855a380f94e4733","name":"gremicafe","image":{"@type":"ImageObject","inLanguage":"es","@id":"https:\/\/gremicafe.cat\/#\/schema\/person\/image\/","url":"https:\/\/secure.gravatar.com\/avatar\/e59baa4ca8f6f97576d6375fb6d3c8f0?s=96&d=mm&r=g","contentUrl":"https:\/\/secure.gravatar.com\/avatar\/e59baa4ca8f6f97576d6375fb6d3c8f0?s=96&d=mm&r=g","caption":"gremicafe"}}]}},"_links":{"self":[{"href":"https:\/\/gremicafe.cat\/es\/wp-json\/wp\/v2\/posts\/5903"}],"collection":[{"href":"https:\/\/gremicafe.cat\/es\/wp-json\/wp\/v2\/posts"}],"about":[{"href":"https:\/\/gremicafe.cat\/es\/wp-json\/wp\/v2\/types\/post"}],"author":[{"embeddable":true,"href":"https:\/\/gremicafe.cat\/es\/wp-json\/wp\/v2\/users\/1"}],"replies":[{"embeddable":true,"href":"https:\/\/gremicafe.cat\/es\/wp-json\/wp\/v2\/comments?post=5903"}],"version-history":[{"count":0,"href":"https:\/\/gremicafe.cat\/es\/wp-json\/wp\/v2\/posts\/5903\/revisions"}],"wp:featuredmedia":[{"embeddable":true,"href":"https:\/\/gremicafe.cat\/es\/wp-json\/wp\/v2\/media\/5911"}],"wp:attachment":[{"href":"https:\/\/gremicafe.cat\/es\/wp-json\/wp\/v2\/media?parent=5903"}],"wp:term":[{"taxonomy":"category","embeddable":true,"href":"https:\/\/gremicafe.cat\/es\/wp-json\/wp\/v2\/categories?post=5903"},{"taxonomy":"post_tag","embeddable":true,"href":"https:\/\/gremicafe.cat\/es\/wp-json\/wp\/v2\/tags?post=5903"}],"curies":[{"name":"wp","href":"https:\/\/api.w.org\/{rel}","templated":true}]}}